{"id":419,"date":"2005-04-02T02:16:52","date_gmt":"2005-04-02T02:16:52","guid":{"rendered":"http:\/\/www.po-l.com\/wordpress\/?p=419"},"modified":"2012-03-04T14:48:08","modified_gmt":"2012-03-04T12:48:08","slug":"reposes-saies-aux-galantes-grecques","status":"publish","type":"post","link":"https:\/\/www.wallendorff.com\/belogue\/2005\/04\/02\/reposes-saies-aux-galantes-grecques\/","title":{"rendered":"Reposes-saies aux galantes grecques&sup1;."},"content":{"rendered":"<div id=\"photo\">\n<p><img decoding=\"async\" src=\"http:\/\/www.po-L.com\/belogue\/photo\/2005\/04\/20050402.jpg\"><br \/>\n&Eacute;glise St-Sulpice, Paris, 23 mars.<\/p>\n<\/div>\n<p>\/Edit: &ccedil;a manquait de musique d&eacute;primante, en fait.<\/p>\n<p>_____<\/p>\n<div id=\"bas_note\">\n<p><sup>1<\/sup> &#8211; Capillo-traction rules yeah baby yeah&nbsp;!!!!<\/p>\n<\/div>\n<div id=\"bandeson\">\n<p><img decoding=\"async\" src=\"https:\/\/www.wallendorff.com\/belogue\/photo\/pochettes\/h\/hooverphonic-sit_down_and_listen_to.jpg\" align=\"left\" \/>&nbsp;<a href=\"http:\/\/www.hooverphonic.com\/\">Hooverphonic<\/a> &mdash; <em>Eden<\/em> (live acoustic)<\/p>\n<\/p><\/div>\n","protected":false},"excerpt":{"rendered":"<p>&Eacute;glise St-Sulpice, Paris, 23 mars. \/Edit: &ccedil;a manquait de musique d&eacute;primante, en fait. _____ 1 &#8211; Capillo-traction rules yeah baby yeah&nbsp;!!!! &nbsp;Hooverphonic &mdash; Eden (live acoustic)<\/p>\n","protected":false},"author":1,"featured_media":24359,"comment_status":"open","ping_status":"open","sticky":false,"template":"","format":"standard","meta":{"_acf_changed":false,"ngg_post_thumbnail":0,"jetpack_post_was_ever_published":false,"_jetpack_newsletter_access":"","_jetpack_dont_email_post_to_subs":false,"_jetpack_newsletter_tier_id":0,"_jetpack_memberships_contains_paywalled_content":false,"_jetpack_memberships_contains_paid_content":false,"footnotes":"","jetpack_publicize_message":"","jetpack_publicize_feature_enabled":true,"jetpack_social_post_already_shared":false,"jetpack_social_options":{"image_generator_settings":{"template":"highway","default_image_id":0,"font":"","enabled":false},"version":2}},"categories":[3],"tags":[10250,155,132,420,10238,929,10120,419,10121,10098],"class_list":["post-419","post","type-post","status-publish","format-standard","has-post-thumbnail","hentry","category-dpc","tag-10250","tag-ef-s-18-55-mm-f35-56-ii","tag-eos-20d","tag-eden","tag-eglise","tag-eglise-saint-sulpice","tag-france","tag-hooverphonic","tag-ile-de-france","tag-paris"],"acf":[],"geo":{"latitude":48.8509064,"longitude":2.3341279,"description":null},"jetpack_publicize_connections":[],"jetpack_featured_media_url":"https:\/\/www.wallendorff.com\/belogue\/wp-content\/uploads\/2015\/04\/200504021.jpg","jetpack_shortlink":"https:\/\/wp.me\/p3b35P-6L","jetpack_sharing_enabled":true,"jetpack-related-posts":[{"id":9678,"url":"https:\/\/www.wallendorff.com\/belogue\/2010\/10\/17\/due-nef-avec-du-vieux\/","url_meta":{"origin":419,"position":0},"title":"Due nef (avec du vieux).","author":"dpc","date":"17 octobre 2010","format":false,"excerpt":"\u00c9glise Saint-Sulpice, Paris, 21 ao\u00fbt. \u00a0The Flaming Lips \u2013 Thank You Jack White (for the Fiber-Optic Jesus That You Gave Me)","rel":"","context":"Dans &quot;DPC&quot;","block_context":{"text":"DPC","link":"https:\/\/www.wallendorff.com\/belogue\/category\/dpc\/"},"img":{"alt_text":"","src":"https:\/\/i0.wp.com\/www.wallendorff.com\/belogue\/wp-content\/uploads\/2015\/04\/201010171.jpg?resize=350%2C200&ssl=1","width":350,"height":200,"srcset":"https:\/\/i0.wp.com\/www.wallendorff.com\/belogue\/wp-content\/uploads\/2015\/04\/201010171.jpg?resize=350%2C200&ssl=1 1x, https:\/\/i0.wp.com\/www.wallendorff.com\/belogue\/wp-content\/uploads\/2015\/04\/201010171.jpg?resize=525%2C300&ssl=1 1.5x"},"classes":[]},{"id":9637,"url":"https:\/\/www.wallendorff.com\/belogue\/2010\/10\/11\/peu-noie-chaises\/","url_meta":{"origin":419,"position":1},"title":"Peu noie chaises.","author":"dpc","date":"11 octobre 2010","format":false,"excerpt":"\u00c9glise Saint-Sulpice, Paris, 21 ao\u00fbt. Ah et sans vouloir pol\u00e9miquer, Je tiens \u00e0 dire qu'il est quand m\u00eame curieux d'interdire l'expo de Larry Clark aux mineurs chiliens alors qu'on sait tr\u00e8s bien que le jour o\u00f9 ils sortiront, les mineurs chiliens, ils pr\u00e9f\u00e8reront aller boire des bi\u00e8res au bar de\u2026","rel":"","context":"Dans &quot;DPC&quot;","block_context":{"text":"DPC","link":"https:\/\/www.wallendorff.com\/belogue\/category\/dpc\/"},"img":{"alt_text":"","src":"https:\/\/i0.wp.com\/www.wallendorff.com\/belogue\/wp-content\/uploads\/2015\/04\/201010111.jpg?resize=350%2C200&ssl=1","width":350,"height":200},"classes":[]},{"id":417,"url":"https:\/\/www.wallendorff.com\/belogue\/2005\/04\/03\/le-buis-et-l-hauteur\/","url_meta":{"origin":419,"position":2},"title":"Le buis et l&rsquo;hauteur&sup1;.","author":"dpc","date":"3 avril 2005","format":false,"excerpt":"\u00c9glise St-Sulpice, Paris, 23 mars. \u201cI'll be the one that show you the way You'll be the one that always complain\u201d [je m'en lasse pas, de ces mp3 \u00e0 ins\u00e9rer.] \/Edit: Le nouveau single des White Stripes, Blue Orchid, sortirait le 19 avril. \u00c0 confirmer. Source: ici via l\u00e0. ______\u2026","rel":"","context":"Dans &quot;DPC&quot;","block_context":{"text":"DPC","link":"https:\/\/www.wallendorff.com\/belogue\/category\/dpc\/"},"img":{"alt_text":"","src":"https:\/\/i0.wp.com\/www.wallendorff.com\/belogue\/wp-content\/uploads\/2015\/04\/200504031.jpg?resize=350%2C200&ssl=1","width":350,"height":200},"classes":[]},{"id":676,"url":"https:\/\/www.wallendorff.com\/belogue\/2004\/09\/04\/paves-pas-pre\/","url_meta":{"origin":419,"position":3},"title":"Pav\u00e9s, pas pr\u00e9.","author":"dpc","date":"4 septembre 2004","format":false,"excerpt":"Cath\u00e9drale Saint-\u00c9tienne, Metz, 1er septembre 2004. \u00a0Hooverphonic \u2014 Eden","rel":"","context":"Dans &quot;DPC&quot;","block_context":{"text":"DPC","link":"https:\/\/www.wallendorff.com\/belogue\/category\/dpc\/"},"img":{"alt_text":"","src":"https:\/\/i0.wp.com\/www.wallendorff.com\/belogue\/wp-content\/uploads\/2015\/04\/037.jpg?resize=350%2C200&ssl=1","width":350,"height":200},"classes":[]},{"id":30589,"url":"https:\/\/www.wallendorff.com\/belogue\/2016\/03\/23\/shooting-people-115\/","url_meta":{"origin":419,"position":4},"title":"Shooting people #115.","author":"dpc","date":"23 mars 2016","format":false,"excerpt":"Station Cit\u00e9, Paris, 7 janvier. 2 Wicky Hooverphonic","rel":"","context":"Dans &quot;Portraits&quot;","block_context":{"text":"Portraits","link":"https:\/\/www.wallendorff.com\/belogue\/category\/portraits\/"},"img":{"alt_text":"","src":"https:\/\/i0.wp.com\/www.wallendorff.com\/belogue\/wp-content\/uploads\/2016\/03\/20160323.jpg?resize=350%2C200&ssl=1","width":350,"height":200,"srcset":"https:\/\/i0.wp.com\/www.wallendorff.com\/belogue\/wp-content\/uploads\/2016\/03\/20160323.jpg?resize=350%2C200&ssl=1 1x, https:\/\/i0.wp.com\/www.wallendorff.com\/belogue\/wp-content\/uploads\/2016\/03\/20160323.jpg?resize=525%2C300&ssl=1 1.5x, https:\/\/i0.wp.com\/www.wallendorff.com\/belogue\/wp-content\/uploads\/2016\/03\/20160323.jpg?resize=700%2C400&ssl=1 2x"},"classes":[]},{"id":448,"url":"https:\/\/www.wallendorff.com\/belogue\/2005\/03\/06\/grand-pere-haut-rit-d-eau\/","url_meta":{"origin":419,"position":5},"title":"Grand-p&egrave;re haut rit d&rsquo;eau.","author":"dpc","date":"6 mars 2005","format":false,"excerpt":"\u00c9glise St-S\u00e9verin, Paris, 24 f\u00e9vrier. \"It's another sunny afternoon Yeah I've been walking to the sound of my favorite tune Tomorrow never knows what it doesn't know too soon\" \u00a0Oasis \u2013 Morning Glory","rel":"","context":"Dans &quot;DPC&quot;","block_context":{"text":"DPC","link":"https:\/\/www.wallendorff.com\/belogue\/category\/dpc\/"},"img":{"alt_text":"","src":"https:\/\/i0.wp.com\/www.wallendorff.com\/belogue\/wp-content\/uploads\/2015\/04\/20050306-011.jpg?resize=350%2C200&ssl=1","width":350,"height":200},"classes":[]}],"_links":{"self":[{"href":"https:\/\/www.wallendorff.com\/belogue\/wp-json\/wp\/v2\/posts\/419","targetHints":{"allow":["GET"]}}],"collection":[{"href":"https:\/\/www.wallendorff.com\/belogue\/wp-json\/wp\/v2\/posts"}],"about":[{"href":"https:\/\/www.wallendorff.com\/belogue\/wp-json\/wp\/v2\/types\/post"}],"author":[{"embeddable":true,"href":"https:\/\/www.wallendorff.com\/belogue\/wp-json\/wp\/v2\/users\/1"}],"replies":[{"embeddable":true,"href":"https:\/\/www.wallendorff.com\/belogue\/wp-json\/wp\/v2\/comments?post=419"}],"version-history":[{"count":1,"href":"https:\/\/www.wallendorff.com\/belogue\/wp-json\/wp\/v2\/posts\/419\/revisions"}],"predecessor-version":[{"id":16204,"href":"https:\/\/www.wallendorff.com\/belogue\/wp-json\/wp\/v2\/posts\/419\/revisions\/16204"}],"wp:featuredmedia":[{"embeddable":true,"href":"https:\/\/www.wallendorff.com\/belogue\/wp-json\/wp\/v2\/media\/24359"}],"wp:attachment":[{"href":"https:\/\/www.wallendorff.com\/belogue\/wp-json\/wp\/v2\/media?parent=419"}],"wp:term":[{"taxonomy":"category","embeddable":true,"href":"https:\/\/www.wallendorff.com\/belogue\/wp-json\/wp\/v2\/categories?post=419"},{"taxonomy":"post_tag","embeddable":true,"href":"https:\/\/www.wallendorff.com\/belogue\/wp-json\/wp\/v2\/tags?post=419"}],"curies":[{"name":"wp","href":"https:\/\/api.w.org\/{rel}","templated":true}]}}