{"id":41891,"date":"2019-05-24T15:49:47","date_gmt":"2019-05-24T13:49:47","guid":{"rendered":"http:\/\/www.wallendorff.com\/belogue\/?p=41891"},"modified":"2019-05-24T15:49:47","modified_gmt":"2019-05-24T13:49:47","slug":"brad-dunstad-1-2","status":"publish","type":"post","link":"https:\/\/www.wallendorff.com\/belogue\/2019\/05\/24\/brad-dunstad-1-2\/","title":{"rendered":"Brad d&rsquo;Unstad [1\/2]."},"content":{"rendered":"\n<div id=\"photo\">\n<p><img decoding=\"async\" src=\"https:\/\/www.wallendorff.com\/belogue\/photo\/2019\/05\/20190524.jpg\" \/><br \/>\n        Unstad, 4 mars 2019.<\/p>\n<\/p><\/div>\n<div id=\"bandeson\">\n<p><img decoding=\"async\" src=\"https:\/\/www.wallendorff.com\/belogue\/photo\/pochettes\/h\/holmes_david-the_holy_pictures.jpg\" align=\"left\" \/>&nbsp;<em>The Ballad of Sarah and Jack<\/em><br \/><a href=\"http:\/\/www.davidholmesofficial.com\/\">David Holmes<\/a> &ndash; <\/p>\n<\/p><\/div>\n","protected":false},"excerpt":{"rendered":"<p>Unstad, 4 mars 2019. &nbsp;The Ballad of Sarah and JackDavid Holmes &ndash;<\/p>\n","protected":false},"author":1,"featured_media":41892,"comment_status":"open","ping_status":"open","sticky":false,"template":"","format":"standard","meta":{"_acf_changed":false,"ngg_post_thumbnail":0,"jetpack_post_was_ever_published":false,"_jetpack_newsletter_access":"","_jetpack_dont_email_post_to_subs":false,"_jetpack_newsletter_tier_id":0,"_jetpack_memberships_contains_paywalled_content":false,"_jetpack_memberships_contains_paid_content":false,"footnotes":"","jetpack_publicize_message":"","jetpack_publicize_feature_enabled":true,"jetpack_social_post_already_shared":true,"jetpack_social_options":{"image_generator_settings":{"template":"highway","default_image_id":0,"font":"","enabled":false},"version":2}},"categories":[3],"tags":[737,15496,222,14271,15309,15495,10211,2357,10714,15567,4574,4575,15588,4631],"class_list":["post-41891","post","type-post","status-publish","format-standard","has-post-thumbnail","hentry","category-dpc","tag-bleu","tag-comte-de-nordland","tag-david-holmes","tag-fujifilm-x-t2","tag-fujinon-xf-16-55-mm-f-2-8-r-lm-wr","tag-lofoten","tag-neige","tag-norvege","tag-plage","tag-plage-dunstad","tag-surf","tag-surfeur","tag-tangstad","tag-the-ballad-of-sarah-and-jack"],"acf":[],"geo":{"latitude":68.2686996,"longitude":13.582449,"description":null},"jetpack_publicize_connections":[],"jetpack_featured_media_url":"https:\/\/www.wallendorff.com\/belogue\/wp-content\/uploads\/2019\/05\/20190524.jpg","jetpack_shortlink":"https:\/\/wp.me\/p3b35P-aTF","jetpack_sharing_enabled":true,"jetpack-related-posts":[{"id":12103,"url":"https:\/\/www.wallendorff.com\/belogue\/2011\/01\/28\/the-girl-on-the-bridge\/","url_meta":{"origin":41891,"position":0},"title":"The girl [on the bridge].","author":"dpc","date":"28 janvier 2011","format":false,"excerpt":"Pont des Arts, Paris, 22 d\u00e9cembre 2010. Yes, it is posed. It is not La fille sur le pont. There is no blond girl from who-knows-where taking pictures of the Seine with her phone. No Starbucks bag, no sneaking, no mystery, but the story of a Saturday night walk in\u2026","rel":"","context":"Dans &quot;Portraits&quot;","block_context":{"text":"Portraits","link":"https:\/\/www.wallendorff.com\/belogue\/category\/portraits\/"},"img":{"alt_text":"","src":"https:\/\/i0.wp.com\/www.wallendorff.com\/belogue\/wp-content\/uploads\/2015\/04\/201101281.jpg?resize=350%2C200&ssl=1","width":350,"height":200,"srcset":"https:\/\/i0.wp.com\/www.wallendorff.com\/belogue\/wp-content\/uploads\/2015\/04\/201101281.jpg?resize=350%2C200&ssl=1 1x, https:\/\/i0.wp.com\/www.wallendorff.com\/belogue\/wp-content\/uploads\/2015\/04\/201101281.jpg?resize=525%2C300&ssl=1 1.5x, https:\/\/i0.wp.com\/www.wallendorff.com\/belogue\/wp-content\/uploads\/2015\/04\/201101281.jpg?resize=700%2C400&ssl=1 2x"},"classes":[]},{"id":42168,"url":"https:\/\/www.wallendorff.com\/belogue\/2019\/06\/20\/la-roche-posee\/","url_meta":{"origin":41891,"position":1},"title":"La roche pos\u00e9e.","author":"dpc","date":"20 juin 2019","format":false,"excerpt":"Plage de Storsandnes, 6 mars 2019. HumiliationThe National","rel":"","context":"Dans &quot;DPC&quot;","block_context":{"text":"DPC","link":"https:\/\/www.wallendorff.com\/belogue\/category\/dpc\/"},"img":{"alt_text":"Plage de Storsandnes, 6 mars 2019","src":"https:\/\/i0.wp.com\/www.wallendorff.com\/belogue\/wp-content\/uploads\/2019\/06\/20190620.jpg?resize=350%2C200&ssl=1","width":350,"height":200,"srcset":"https:\/\/i0.wp.com\/www.wallendorff.com\/belogue\/wp-content\/uploads\/2019\/06\/20190620.jpg?resize=350%2C200&ssl=1 1x, https:\/\/i0.wp.com\/www.wallendorff.com\/belogue\/wp-content\/uploads\/2019\/06\/20190620.jpg?resize=525%2C300&ssl=1 1.5x, https:\/\/i0.wp.com\/www.wallendorff.com\/belogue\/wp-content\/uploads\/2019\/06\/20190620.jpg?resize=700%2C400&ssl=1 2x, https:\/\/i0.wp.com\/www.wallendorff.com\/belogue\/wp-content\/uploads\/2019\/06\/20190620.jpg?resize=1050%2C600&ssl=1 3x"},"classes":[]},{"id":20242,"url":"https:\/\/www.wallendorff.com\/belogue\/2006\/01\/30\/20242\/","url_meta":{"origin":41891,"position":2},"title":"Isobel Campbell &amp; Mark Lanegan &ndash; Ballad of the Broken Seas","author":"dpc","date":"30 janvier 2006","format":false,"excerpt":"V2_42\u201939\"_30\/01 Enregistr\u00e9 entre Glasgow et Los Angeles avec un minimum d\u2019instruments, ce Ballad of the Broken Seas tient plus de l\u2019oc\u00e9an de douceur que de la mer ag\u00eet\u00e9e. Si la patte de Lanegan est omnipr\u00e9sente \u2014\u00a0acoustique folk \u00e0 gogo et voix rauque comme on aime\u00a0\u2014 la main d\u2019Isobel Campbell apporte\u2026","rel":"","context":"Dans &quot;Chroniques&quot;","block_context":{"text":"Chroniques","link":"https:\/\/www.wallendorff.com\/belogue\/category\/chroniques\/"},"img":{"alt_text":"","src":"","width":0,"height":0},"classes":[]},{"id":8143,"url":"https:\/\/www.wallendorff.com\/belogue\/2010\/08\/19\/harlem-la-plage-du-glazart-paris\/","url_meta":{"origin":41891,"position":3},"title":"Harlem @ la Plage du Glaz&rsquo;Art, Paris.","author":"dpc","date":"19 ao\u00fbt 2010","format":false,"excerpt":"En attendant la vraie reprise. Bon groupe, bon cadre, bonne soir\u00e9e au final. \u00a0Harlem \u2013 Stripper Sunset","rel":"","context":"Dans &quot;Alive&quot;","block_context":{"text":"Alive","link":"https:\/\/www.wallendorff.com\/belogue\/category\/alive\/"},"img":{"alt_text":"","src":"https:\/\/i0.wp.com\/www.wallendorff.com\/belogue\/wp-content\/uploads\/2015\/04\/201008191.jpg?resize=350%2C200&ssl=1","width":350,"height":200,"srcset":"https:\/\/i0.wp.com\/www.wallendorff.com\/belogue\/wp-content\/uploads\/2015\/04\/201008191.jpg?resize=350%2C200&ssl=1 1x, https:\/\/i0.wp.com\/www.wallendorff.com\/belogue\/wp-content\/uploads\/2015\/04\/201008191.jpg?resize=525%2C300&ssl=1 1.5x, https:\/\/i0.wp.com\/www.wallendorff.com\/belogue\/wp-content\/uploads\/2015\/04\/201008191.jpg?resize=700%2C400&ssl=1 2x"},"classes":[]},{"id":27102,"url":"https:\/\/www.wallendorff.com\/belogue\/2015\/04\/17\/cinq-drones-de-la-plage-blanche\/","url_meta":{"origin":41891,"position":4},"title":"Cinq drones de la plage blanche.","author":"dpc","date":"17 avril 2015","format":false,"excerpt":"Coney Island, 8 mars. Ils sont pas cinq, mais deux + Ce ne sont pas des drones, mais des gens + la neige avait d\u00e9j\u00e0 fondu\u00a0= Titre le moins pertinent de l'ann\u00e9e. Never Let You Down (feat. Lykke Li) Woodkid","rel":"","context":"Dans &quot;DPC&quot;","block_context":{"text":"DPC","link":"https:\/\/www.wallendorff.com\/belogue\/category\/dpc\/"},"img":{"alt_text":"","src":"https:\/\/i0.wp.com\/www.wallendorff.com\/belogue\/wp-content\/uploads\/2015\/04\/20150417.jpg?resize=350%2C200&ssl=1","width":350,"height":200,"srcset":"https:\/\/i0.wp.com\/www.wallendorff.com\/belogue\/wp-content\/uploads\/2015\/04\/20150417.jpg?resize=350%2C200&ssl=1 1x, https:\/\/i0.wp.com\/www.wallendorff.com\/belogue\/wp-content\/uploads\/2015\/04\/20150417.jpg?resize=525%2C300&ssl=1 1.5x, https:\/\/i0.wp.com\/www.wallendorff.com\/belogue\/wp-content\/uploads\/2015\/04\/20150417.jpg?resize=700%2C400&ssl=1 2x"},"classes":[]},{"id":42152,"url":"https:\/\/www.wallendorff.com\/belogue\/2019\/06\/19\/au-gres-des-flous\/","url_meta":{"origin":41891,"position":5},"title":"Au gr\u00e8s des flous.","author":"dpc","date":"19 juin 2019","format":false,"excerpt":"Plage de Storsandnes, 6 mars 2019. \u00c7a, c'est ce que tu obtiens quand tu tr\u00e9buches sur ton tr\u00e9pied en plein pose longue. On appelle \u00e7a un heureux accident. [Mais je vous mets aussi la version stable, hein. \u00c0 vous de choisir votre pr\u00e9f\u00e9r\u00e9e.]","rel":"","context":"Dans &quot;DPC&quot;","block_context":{"text":"DPC","link":"https:\/\/www.wallendorff.com\/belogue\/category\/dpc\/"},"img":{"alt_text":"Plage de Storsandnes, 6 mars 2019","src":"https:\/\/i0.wp.com\/www.wallendorff.com\/belogue\/wp-content\/uploads\/2019\/06\/20190619-01.jpg?resize=350%2C200&ssl=1","width":350,"height":200,"srcset":"https:\/\/i0.wp.com\/www.wallendorff.com\/belogue\/wp-content\/uploads\/2019\/06\/20190619-01.jpg?resize=350%2C200&ssl=1 1x, https:\/\/i0.wp.com\/www.wallendorff.com\/belogue\/wp-content\/uploads\/2019\/06\/20190619-01.jpg?resize=525%2C300&ssl=1 1.5x, https:\/\/i0.wp.com\/www.wallendorff.com\/belogue\/wp-content\/uploads\/2019\/06\/20190619-01.jpg?resize=700%2C400&ssl=1 2x, https:\/\/i0.wp.com\/www.wallendorff.com\/belogue\/wp-content\/uploads\/2019\/06\/20190619-01.jpg?resize=1050%2C600&ssl=1 3x"},"classes":[]}],"_links":{"self":[{"href":"https:\/\/www.wallendorff.com\/belogue\/wp-json\/wp\/v2\/posts\/41891","targetHints":{"allow":["GET"]}}],"collection":[{"href":"https:\/\/www.wallendorff.com\/belogue\/wp-json\/wp\/v2\/posts"}],"about":[{"href":"https:\/\/www.wallendorff.com\/belogue\/wp-json\/wp\/v2\/types\/post"}],"author":[{"embeddable":true,"href":"https:\/\/www.wallendorff.com\/belogue\/wp-json\/wp\/v2\/users\/1"}],"replies":[{"embeddable":true,"href":"https:\/\/www.wallendorff.com\/belogue\/wp-json\/wp\/v2\/comments?post=41891"}],"version-history":[{"count":2,"href":"https:\/\/www.wallendorff.com\/belogue\/wp-json\/wp\/v2\/posts\/41891\/revisions"}],"predecessor-version":[{"id":41894,"href":"https:\/\/www.wallendorff.com\/belogue\/wp-json\/wp\/v2\/posts\/41891\/revisions\/41894"}],"wp:featuredmedia":[{"embeddable":true,"href":"https:\/\/www.wallendorff.com\/belogue\/wp-json\/wp\/v2\/media\/41892"}],"wp:attachment":[{"href":"https:\/\/www.wallendorff.com\/belogue\/wp-json\/wp\/v2\/media?parent=41891"}],"wp:term":[{"taxonomy":"category","embeddable":true,"href":"https:\/\/www.wallendorff.com\/belogue\/wp-json\/wp\/v2\/categories?post=41891"},{"taxonomy":"post_tag","embeddable":true,"href":"https:\/\/www.wallendorff.com\/belogue\/wp-json\/wp\/v2\/tags?post=41891"}],"curies":[{"name":"wp","href":"https:\/\/api.w.org\/{rel}","templated":true}]}}