{"id":41876,"date":"2019-05-20T15:23:10","date_gmt":"2019-05-20T13:23:10","guid":{"rendered":"http:\/\/www.wallendorff.com\/belogue\/?p=41876"},"modified":"2019-05-23T12:40:29","modified_gmt":"2019-05-23T10:40:29","slug":"et-toi-la-mate-la","status":"publish","type":"post","link":"https:\/\/www.wallendorff.com\/belogue\/2019\/05\/20\/et-toi-la-mate-la\/","title":{"rendered":"Et toi [la mate l\u00e0]."},"content":{"rendered":"<div id=\"photo\">\n<p><img decoding=\"async\" src=\"https:\/\/www.wallendorff.com\/belogue\/wp-content\/uploads\/2019\/05\/20190520.jpg\"><br \/>\nFlakstad, 3 mars 2019.<\/p>\n<\/div>\n<div id=\"bandeson\">\n<p><img decoding=\"async\" src=\"https:\/\/www.wallendorff.com\/belogue\/photo\/pochettes\/v\/van_etten_sharon-remind_me_tomorrow.jpg\" align=\"left\"><a id=\"lienmp3\" style=\"font-weight: normal;\" href=\"http:\/\/www.youtube.com\/watch?v=j7sTHoeH0eA\"><em>Jupiter 4<\/em><\/a><br \/>\n<a href=\"https:\/\/www.sharonvanetten.com\/\">Sharon Van Etten<\/a><\/p>\n<\/div>\n","protected":false},"excerpt":{"rendered":"<p>Flakstad, 3 mars 2019. Jupiter 4 Sharon Van Etten<\/p>\n","protected":false},"author":1,"featured_media":41878,"comment_status":"open","ping_status":"open","sticky":false,"template":"","format":"standard","meta":{"_acf_changed":false,"ngg_post_thumbnail":0,"jetpack_post_was_ever_published":false,"_jetpack_newsletter_access":"","_jetpack_dont_email_post_to_subs":false,"_jetpack_newsletter_tier_id":0,"_jetpack_memberships_contains_paywalled_content":false,"_jetpack_memberships_contains_paid_content":false,"footnotes":"","jetpack_publicize_message":"","jetpack_publicize_feature_enabled":true,"jetpack_social_post_already_shared":true,"jetpack_social_options":{"image_generator_settings":{"template":"highway","default_image_id":0,"font":"","enabled":false},"version":2}},"categories":[3],"tags":[2571,8351,10144,15496,10314,15497,15413,15495,2357,10147,15498,10592,10988],"class_list":["post-41876","post","type-post","status-publish","format-standard","has-post-thumbnail","hentry","category-dpc","tag-ef-16-35-mm-f28l-ii-usm","tag-eos-6d","tag-ciel","tag-comte-de-nordland","tag-etoile","tag-flakstad","tag-jupiter-4","tag-lofoten","tag-norvege","tag-nuit","tag-plage-de-skagsanden","tag-pose-longue","tag-sharon-van-etten"],"acf":[],"geo":{"latitude":68.1038361,"longitude":13.2857962,"description":"Ramberg, Nordland, 8388, NO"},"jetpack_publicize_connections":[],"jetpack_featured_media_url":"https:\/\/www.wallendorff.com\/belogue\/wp-content\/uploads\/2019\/05\/20190520.jpg","jetpack_shortlink":"https:\/\/wp.me\/p3b35P-aTq","jetpack_sharing_enabled":true,"jetpack-related-posts":[{"id":42684,"url":"https:\/\/www.wallendorff.com\/belogue\/2019\/07\/18\/la-petite-boutique-des-aurores-7\/","url_meta":{"origin":41876,"position":0},"title":"La petite boutique des aurores #7.","author":"dpc","date":"18 juillet 2019","format":false,"excerpt":"Fredvang, 7 mars 2019. Stay Sharon Van Etten","rel":"","context":"Dans &quot;DPC&quot;","block_context":{"text":"DPC","link":"https:\/\/www.wallendorff.com\/belogue\/category\/dpc\/"},"img":{"alt_text":"Fredvang, 7 mars 2019.","src":"https:\/\/i0.wp.com\/www.wallendorff.com\/belogue\/wp-content\/uploads\/2019\/07\/20190718.jpg?resize=350%2C200&ssl=1","width":350,"height":200,"srcset":"https:\/\/i0.wp.com\/www.wallendorff.com\/belogue\/wp-content\/uploads\/2019\/07\/20190718.jpg?resize=350%2C200&ssl=1 1x, https:\/\/i0.wp.com\/www.wallendorff.com\/belogue\/wp-content\/uploads\/2019\/07\/20190718.jpg?resize=525%2C300&ssl=1 1.5x, https:\/\/i0.wp.com\/www.wallendorff.com\/belogue\/wp-content\/uploads\/2019\/07\/20190718.jpg?resize=700%2C400&ssl=1 2x, https:\/\/i0.wp.com\/www.wallendorff.com\/belogue\/wp-content\/uploads\/2019\/07\/20190718.jpg?resize=1050%2C600&ssl=1 3x"},"classes":[]},{"id":41265,"url":"https:\/\/www.wallendorff.com\/belogue\/2019\/02\/20\/lamas-te-mue-tel-lazur\/","url_meta":{"origin":41876,"position":1},"title":"L&rsquo;amas te mue, tel l&rsquo;azur.","author":"dpc","date":"20 f\u00e9vrier 2019","format":false,"excerpt":"\u00c9glise Saint-Pierre de Munich, 15 d\u00e9cembre 2018. Jupiter 4 Sharon Van Etten","rel":"","context":"Dans &quot;DPC&quot;","block_context":{"text":"DPC","link":"https:\/\/www.wallendorff.com\/belogue\/category\/dpc\/"},"img":{"alt_text":"","src":"https:\/\/i0.wp.com\/www.wallendorff.com\/belogue\/wp-content\/uploads\/2019\/02\/20190220.jpg?resize=350%2C200&ssl=1","width":350,"height":200,"srcset":"https:\/\/i0.wp.com\/www.wallendorff.com\/belogue\/wp-content\/uploads\/2019\/02\/20190220.jpg?resize=350%2C200&ssl=1 1x, https:\/\/i0.wp.com\/www.wallendorff.com\/belogue\/wp-content\/uploads\/2019\/02\/20190220.jpg?resize=525%2C300&ssl=1 1.5x, https:\/\/i0.wp.com\/www.wallendorff.com\/belogue\/wp-content\/uploads\/2019\/02\/20190220.jpg?resize=700%2C400&ssl=1 2x, https:\/\/i0.wp.com\/www.wallendorff.com\/belogue\/wp-content\/uploads\/2019\/02\/20190220.jpg?resize=1050%2C600&ssl=1 3x"},"classes":[]},{"id":23617,"url":"https:\/\/www.wallendorff.com\/belogue\/2014\/12\/02\/sharon-van-etten-la-maroquinerie-paris\/","url_meta":{"origin":41876,"position":2},"title":"Sharon Van Etten @ la Maroquinerie, Paris.","author":"dpc","date":"2 d\u00e9cembre 2014","format":false,"excerpt":"Tarifa Sharon Van Etten \u00a0","rel":"","context":"Dans &quot;Alive&quot;","block_context":{"text":"Alive","link":"https:\/\/www.wallendorff.com\/belogue\/category\/alive\/"},"img":{"alt_text":"","src":"https:\/\/i0.wp.com\/www.wallendorff.com\/belogue\/wp-content\/uploads\/2015\/04\/201412021.jpg?resize=350%2C200&ssl=1","width":350,"height":200,"srcset":"https:\/\/i0.wp.com\/www.wallendorff.com\/belogue\/wp-content\/uploads\/2015\/04\/201412021.jpg?resize=350%2C200&ssl=1 1x, https:\/\/i0.wp.com\/www.wallendorff.com\/belogue\/wp-content\/uploads\/2015\/04\/201412021.jpg?resize=525%2C300&ssl=1 1.5x, https:\/\/i0.wp.com\/www.wallendorff.com\/belogue\/wp-content\/uploads\/2015\/04\/201412021.jpg?resize=700%2C400&ssl=1 2x"},"classes":[]},{"id":19156,"url":"https:\/\/www.wallendorff.com\/belogue\/2012\/10\/02\/sharon-van-etten-le-cafe-de-la-danse-paris\/","url_meta":{"origin":41876,"position":3},"title":"Sharon Van Etten @ le Caf\u00e9 de la Danse, Paris.","author":"dpc","date":"2 octobre 2012","format":false,"excerpt":"Sharon Van Etten \u2013 Serpents \u00a0","rel":"","context":"Dans &quot;Alive&quot;","block_context":{"text":"Alive","link":"https:\/\/www.wallendorff.com\/belogue\/category\/alive\/"},"img":{"alt_text":"","src":"https:\/\/i0.wp.com\/www.wallendorff.com\/belogue\/wp-content\/uploads\/2015\/04\/201210021.jpg?resize=350%2C200&ssl=1","width":350,"height":200,"srcset":"https:\/\/i0.wp.com\/www.wallendorff.com\/belogue\/wp-content\/uploads\/2015\/04\/201210021.jpg?resize=350%2C200&ssl=1 1x, https:\/\/i0.wp.com\/www.wallendorff.com\/belogue\/wp-content\/uploads\/2015\/04\/201210021.jpg?resize=525%2C300&ssl=1 1.5x, https:\/\/i0.wp.com\/www.wallendorff.com\/belogue\/wp-content\/uploads\/2015\/04\/201210021.jpg?resize=700%2C400&ssl=1 2x"},"classes":[]},{"id":15872,"url":"https:\/\/www.wallendorff.com\/belogue\/2012\/02\/14\/allons-boire-sil-arrose\/","url_meta":{"origin":41876,"position":4},"title":"Allons boire s&rsquo;il arrose.","author":"dpc","date":"14 f\u00e9vrier 2012","format":false,"excerpt":"Metz, 27 d\u00e9cembre 2011. Les photos comme \u00e7a me rappellent toujours l'\u00e9cran de Thames Television. \u00c0 chaque fois que j'en vois une, j'entends des trompettes et je m'attends \u00e0 ce qu'un \u00e9pisode de Benny Hill commence juste apr\u00e8s. Oh et n'oubliez pas qu'aujourd'hui on f\u00eate les 20 ans de Wayne's\u2026","rel":"","context":"Dans &quot;DPC&quot;","block_context":{"text":"DPC","link":"https:\/\/www.wallendorff.com\/belogue\/category\/dpc\/"},"img":{"alt_text":"","src":"https:\/\/i0.wp.com\/www.wallendorff.com\/belogue\/wp-content\/uploads\/2015\/04\/201202141.jpg?resize=350%2C200&ssl=1","width":350,"height":200,"srcset":"https:\/\/i0.wp.com\/www.wallendorff.com\/belogue\/wp-content\/uploads\/2015\/04\/201202141.jpg?resize=350%2C200&ssl=1 1x, https:\/\/i0.wp.com\/www.wallendorff.com\/belogue\/wp-content\/uploads\/2015\/04\/201202141.jpg?resize=525%2C300&ssl=1 1.5x, https:\/\/i0.wp.com\/www.wallendorff.com\/belogue\/wp-content\/uploads\/2015\/04\/201202141.jpg?resize=700%2C400&ssl=1 2x"},"classes":[]},{"id":41288,"url":"https:\/\/www.wallendorff.com\/belogue\/2019\/03\/11\/la-petite-boutique-des-aurores-0\/","url_meta":{"origin":41876,"position":5},"title":"La petite boutique des aurores #0.","author":"dpc","date":"11 mars 2019","format":false,"excerpt":"Flakstad, 2 mars 2019. Pardon pour le long silence, j'\u00e9tais loin. On reprend demain. To the North Matthew and the Atlas","rel":"","context":"Dans &quot;DPC&quot;","block_context":{"text":"DPC","link":"https:\/\/www.wallendorff.com\/belogue\/category\/dpc\/"},"img":{"alt_text":"Flasktad, 02\/03\/2019","src":"https:\/\/i0.wp.com\/www.wallendorff.com\/belogue\/wp-content\/uploads\/2019\/03\/20190311.jpg?resize=350%2C200&ssl=1","width":350,"height":200,"srcset":"https:\/\/i0.wp.com\/www.wallendorff.com\/belogue\/wp-content\/uploads\/2019\/03\/20190311.jpg?resize=350%2C200&ssl=1 1x, https:\/\/i0.wp.com\/www.wallendorff.com\/belogue\/wp-content\/uploads\/2019\/03\/20190311.jpg?resize=525%2C300&ssl=1 1.5x, https:\/\/i0.wp.com\/www.wallendorff.com\/belogue\/wp-content\/uploads\/2019\/03\/20190311.jpg?resize=700%2C400&ssl=1 2x, https:\/\/i0.wp.com\/www.wallendorff.com\/belogue\/wp-content\/uploads\/2019\/03\/20190311.jpg?resize=1050%2C600&ssl=1 3x"},"classes":[]}],"_links":{"self":[{"href":"https:\/\/www.wallendorff.com\/belogue\/wp-json\/wp\/v2\/posts\/41876","targetHints":{"allow":["GET"]}}],"collection":[{"href":"https:\/\/www.wallendorff.com\/belogue\/wp-json\/wp\/v2\/posts"}],"about":[{"href":"https:\/\/www.wallendorff.com\/belogue\/wp-json\/wp\/v2\/types\/post"}],"author":[{"embeddable":true,"href":"https:\/\/www.wallendorff.com\/belogue\/wp-json\/wp\/v2\/users\/1"}],"replies":[{"embeddable":true,"href":"https:\/\/www.wallendorff.com\/belogue\/wp-json\/wp\/v2\/comments?post=41876"}],"version-history":[{"count":2,"href":"https:\/\/www.wallendorff.com\/belogue\/wp-json\/wp\/v2\/posts\/41876\/revisions"}],"predecessor-version":[{"id":41879,"href":"https:\/\/www.wallendorff.com\/belogue\/wp-json\/wp\/v2\/posts\/41876\/revisions\/41879"}],"wp:featuredmedia":[{"embeddable":true,"href":"https:\/\/www.wallendorff.com\/belogue\/wp-json\/wp\/v2\/media\/41878"}],"wp:attachment":[{"href":"https:\/\/www.wallendorff.com\/belogue\/wp-json\/wp\/v2\/media?parent=41876"}],"wp:term":[{"taxonomy":"category","embeddable":true,"href":"https:\/\/www.wallendorff.com\/belogue\/wp-json\/wp\/v2\/categories?post=41876"},{"taxonomy":"post_tag","embeddable":true,"href":"https:\/\/www.wallendorff.com\/belogue\/wp-json\/wp\/v2\/tags?post=41876"}],"curies":[{"name":"wp","href":"https:\/\/api.w.org\/{rel}","templated":true}]}}