{"id":41873,"date":"2019-05-17T12:40:53","date_gmt":"2019-05-17T10:40:53","guid":{"rendered":"http:\/\/www.wallendorff.com\/belogue\/?p=41873"},"modified":"2019-05-23T12:43:09","modified_gmt":"2019-05-23T10:43:09","slug":"into-the-wide-173","status":"publish","type":"post","link":"https:\/\/www.wallendorff.com\/belogue\/2019\/05\/17\/into-the-wide-173\/","title":{"rendered":"Into the wide #173."},"content":{"rendered":"<div id=\"photo\">\n<p><img decoding=\"async\" src=\"https:\/\/www.wallendorff.com\/belogue\/wp-content\/uploads\/2019\/05\/20190517.jpg\"><br \/>\nReine, 3 mars 2019.<\/p>\n<\/div>\n<div id=\"bandeson\">\n<p><img decoding=\"async\" src=\"https:\/\/www.wallendorff.com\/belogue\/photo\/pochettes\/s\/stevenson_laura-the_big_freeze.jpg\" align=\"left\"><a id=\"lienmp3\" style=\"font-weight: normal;\" href=\"http:\/\/www.youtube.com\/watch?v=Bcm7gDyOHaM\"><em>Perfect<\/em><\/a><br \/>\n<a href=\"https:\/\/www.laurastevenson.net\/\">Laura Stevenson<\/a><\/p>\n<\/div>\n","protected":false},"excerpt":{"rendered":"<p>Reine, 3 mars 2019. Perfect Laura Stevenson<\/p>\n","protected":false},"author":1,"featured_media":41874,"comment_status":"open","ping_status":"open","sticky":false,"template":"","format":"standard","meta":{"_acf_changed":false,"ngg_post_thumbnail":0,"jetpack_post_was_ever_published":false,"_jetpack_newsletter_access":"","_jetpack_dont_email_post_to_subs":false,"_jetpack_newsletter_tier_id":0,"_jetpack_memberships_contains_paywalled_content":false,"_jetpack_memberships_contains_paid_content":false,"footnotes":"","jetpack_publicize_message":"","jetpack_publicize_feature_enabled":true,"jetpack_social_post_already_shared":true,"jetpack_social_options":{"image_generator_settings":{"template":"highway","default_image_id":0,"font":"","enabled":false},"version":2}},"categories":[7356],"tags":[737,15496,10326,14271,15309,15611,15495,15555,2357,11323,15647,10592,15571,15574],"class_list":["post-41873","post","type-post","status-publish","format-standard","has-post-thumbnail","hentry","category-into-the-wide","tag-bleu","tag-comte-de-nordland","tag-crepuscule","tag-fujifilm-x-t2","tag-fujinon-xf-16-55-mm-f-2-8-r-lm-wr","tag-laura-stevenson","tag-lofoten","tag-moskenes","tag-norvege","tag-panoramique","tag-perfect","tag-pose-longue","tag-reine","tag-rorbu"],"acf":[],"geo":{"latitude":67.9360199,"longitude":13.0757904,"description":"Reine, Nordland, 8398, NO"},"jetpack_publicize_connections":[],"jetpack_featured_media_url":"https:\/\/www.wallendorff.com\/belogue\/wp-content\/uploads\/2019\/05\/20190517.jpg","jetpack_shortlink":"https:\/\/wp.me\/p3b35P-aTn","jetpack_sharing_enabled":true,"jetpack-related-posts":[{"id":41859,"url":"https:\/\/www.wallendorff.com\/belogue\/2019\/05\/15\/into-the-wide-172\/","url_meta":{"origin":41873,"position":0},"title":"Into the wide #172.","author":"dpc","date":"15 mai 2019","format":false,"excerpt":"Reine, 3 mars 2019. Space Is a Place (feat. Chris Calderwood) Farai","rel":"","context":"Dans &quot;Into the wide&quot;","block_context":{"text":"Into the wide","link":"https:\/\/www.wallendorff.com\/belogue\/category\/into-the-wide\/"},"img":{"alt_text":"Reine, 3 mars 2019.","src":"https:\/\/i0.wp.com\/www.wallendorff.com\/belogue\/wp-content\/uploads\/2019\/05\/20190515.jpg?resize=350%2C200&ssl=1","width":350,"height":200,"srcset":"https:\/\/i0.wp.com\/www.wallendorff.com\/belogue\/wp-content\/uploads\/2019\/05\/20190515.jpg?resize=350%2C200&ssl=1 1x, https:\/\/i0.wp.com\/www.wallendorff.com\/belogue\/wp-content\/uploads\/2019\/05\/20190515.jpg?resize=525%2C300&ssl=1 1.5x, https:\/\/i0.wp.com\/www.wallendorff.com\/belogue\/wp-content\/uploads\/2019\/05\/20190515.jpg?resize=700%2C400&ssl=1 2x, https:\/\/i0.wp.com\/www.wallendorff.com\/belogue\/wp-content\/uploads\/2019\/05\/20190515.jpg?resize=1050%2C600&ssl=1 3x"},"classes":[]},{"id":41734,"url":"https:\/\/www.wallendorff.com\/belogue\/2019\/05\/02\/cetang-de-reflexion\/","url_meta":{"origin":41873,"position":1},"title":"C&rsquo;\u00e9tang de r\u00e9flexion.","author":"dpc","date":"2 mai 2019","format":false,"excerpt":"B\u00f8, 2 mars 2019. Living Room, NY Laura Stevenson","rel":"","context":"Dans &quot;DPC&quot;","block_context":{"text":"DPC","link":"https:\/\/www.wallendorff.com\/belogue\/category\/dpc\/"},"img":{"alt_text":"B\u00f8, 2 mars 2019.","src":"https:\/\/i0.wp.com\/www.wallendorff.com\/belogue\/wp-content\/uploads\/2019\/05\/20190502.jpg?resize=350%2C200&ssl=1","width":350,"height":200,"srcset":"https:\/\/i0.wp.com\/www.wallendorff.com\/belogue\/wp-content\/uploads\/2019\/05\/20190502.jpg?resize=350%2C200&ssl=1 1x, https:\/\/i0.wp.com\/www.wallendorff.com\/belogue\/wp-content\/uploads\/2019\/05\/20190502.jpg?resize=525%2C300&ssl=1 1.5x, https:\/\/i0.wp.com\/www.wallendorff.com\/belogue\/wp-content\/uploads\/2019\/05\/20190502.jpg?resize=700%2C400&ssl=1 2x, https:\/\/i0.wp.com\/www.wallendorff.com\/belogue\/wp-content\/uploads\/2019\/05\/20190502.jpg?resize=1050%2C600&ssl=1 3x"},"classes":[]},{"id":43437,"url":"https:\/\/www.wallendorff.com\/belogue\/2019\/08\/09\/dor-et-des-gars\/","url_meta":{"origin":41873,"position":2},"title":"D&rsquo;or (et des gars).","author":"dpc","date":"9 ao\u00fbt 2019","format":false,"excerpt":"Canal du Danube, Vienne, 24 mars 2019. Low Slow Laura Stevenson","rel":"","context":"Dans &quot;DPC&quot;","block_context":{"text":"DPC","link":"https:\/\/www.wallendorff.com\/belogue\/category\/dpc\/"},"img":{"alt_text":"Canal du Danube, Vienne, 24 mars 2019.","src":"https:\/\/i0.wp.com\/www.wallendorff.com\/belogue\/wp-content\/uploads\/2019\/08\/20190809.jpg?resize=350%2C200&ssl=1","width":350,"height":200,"srcset":"https:\/\/i0.wp.com\/www.wallendorff.com\/belogue\/wp-content\/uploads\/2019\/08\/20190809.jpg?resize=350%2C200&ssl=1 1x, https:\/\/i0.wp.com\/www.wallendorff.com\/belogue\/wp-content\/uploads\/2019\/08\/20190809.jpg?resize=525%2C300&ssl=1 1.5x, https:\/\/i0.wp.com\/www.wallendorff.com\/belogue\/wp-content\/uploads\/2019\/08\/20190809.jpg?resize=700%2C400&ssl=1 2x"},"classes":[]},{"id":42679,"url":"https:\/\/www.wallendorff.com\/belogue\/2019\/07\/17\/la-petite-boutique-des-aurores-6\/","url_meta":{"origin":41873,"position":3},"title":"La petite boutique des aurores #6.","author":"dpc","date":"17 juillet 2019","format":false,"excerpt":"Fredvang, 7 mars 2019. Avec la participation du dos vigoureux et glabre de Seb Houis. Hum Laura Stevenson","rel":"","context":"Dans &quot;DPC&quot;","block_context":{"text":"DPC","link":"https:\/\/www.wallendorff.com\/belogue\/category\/dpc\/"},"img":{"alt_text":"","src":"https:\/\/i0.wp.com\/www.wallendorff.com\/belogue\/wp-content\/uploads\/2019\/07\/20190717.jpg?resize=350%2C200&ssl=1","width":350,"height":200,"srcset":"https:\/\/i0.wp.com\/www.wallendorff.com\/belogue\/wp-content\/uploads\/2019\/07\/20190717.jpg?resize=350%2C200&ssl=1 1x, https:\/\/i0.wp.com\/www.wallendorff.com\/belogue\/wp-content\/uploads\/2019\/07\/20190717.jpg?resize=525%2C300&ssl=1 1.5x, https:\/\/i0.wp.com\/www.wallendorff.com\/belogue\/wp-content\/uploads\/2019\/07\/20190717.jpg?resize=700%2C400&ssl=1 2x"},"classes":[]},{"id":53045,"url":"https:\/\/www.wallendorff.com\/belogue\/2022\/08\/30\/into-the-wide-259\/","url_meta":{"origin":41873,"position":4},"title":"Into the wide #259.","author":"dpc","date":"30 ao\u00fbt 2022","format":false,"excerpt":"","rel":"","context":"Dans &quot;Into the wide&quot;","block_context":{"text":"Into the wide","link":"https:\/\/www.wallendorff.com\/belogue\/category\/into-the-wide\/"},"img":{"alt_text":"","src":"https:\/\/i0.wp.com\/www.wallendorff.com\/belogue\/wp-content\/uploads\/2022\/08\/20220830.jpg?resize=350%2C200&ssl=1","width":350,"height":200,"srcset":"https:\/\/i0.wp.com\/www.wallendorff.com\/belogue\/wp-content\/uploads\/2022\/08\/20220830.jpg?resize=350%2C200&ssl=1 1x, https:\/\/i0.wp.com\/www.wallendorff.com\/belogue\/wp-content\/uploads\/2022\/08\/20220830.jpg?resize=525%2C300&ssl=1 1.5x, https:\/\/i0.wp.com\/www.wallendorff.com\/belogue\/wp-content\/uploads\/2022\/08\/20220830.jpg?resize=700%2C400&ssl=1 2x"},"classes":[]},{"id":42174,"url":"https:\/\/www.wallendorff.com\/belogue\/2019\/06\/25\/into-the-wide-177\/","url_meta":{"origin":41873,"position":5},"title":"Into the wide #177.","author":"dpc","date":"25 juin 2019","format":false,"excerpt":"Sakris\u00f8y, 6 mars 2019. \u00a0Pale Blue Eyes (The Velvet Underground cover) The Kills","rel":"","context":"Dans &quot;Into the wide&quot;","block_context":{"text":"Into the wide","link":"https:\/\/www.wallendorff.com\/belogue\/category\/into-the-wide\/"},"img":{"alt_text":"Sakris\u00f8y, 6 mars 2019.","src":"https:\/\/i0.wp.com\/www.wallendorff.com\/belogue\/wp-content\/uploads\/2019\/06\/20190625.jpg?resize=350%2C200&ssl=1","width":350,"height":200,"srcset":"https:\/\/i0.wp.com\/www.wallendorff.com\/belogue\/wp-content\/uploads\/2019\/06\/20190625.jpg?resize=350%2C200&ssl=1 1x, https:\/\/i0.wp.com\/www.wallendorff.com\/belogue\/wp-content\/uploads\/2019\/06\/20190625.jpg?resize=525%2C300&ssl=1 1.5x, https:\/\/i0.wp.com\/www.wallendorff.com\/belogue\/wp-content\/uploads\/2019\/06\/20190625.jpg?resize=700%2C400&ssl=1 2x, https:\/\/i0.wp.com\/www.wallendorff.com\/belogue\/wp-content\/uploads\/2019\/06\/20190625.jpg?resize=1050%2C600&ssl=1 3x"},"classes":[]}],"_links":{"self":[{"href":"https:\/\/www.wallendorff.com\/belogue\/wp-json\/wp\/v2\/posts\/41873","targetHints":{"allow":["GET"]}}],"collection":[{"href":"https:\/\/www.wallendorff.com\/belogue\/wp-json\/wp\/v2\/posts"}],"about":[{"href":"https:\/\/www.wallendorff.com\/belogue\/wp-json\/wp\/v2\/types\/post"}],"author":[{"embeddable":true,"href":"https:\/\/www.wallendorff.com\/belogue\/wp-json\/wp\/v2\/users\/1"}],"replies":[{"embeddable":true,"href":"https:\/\/www.wallendorff.com\/belogue\/wp-json\/wp\/v2\/comments?post=41873"}],"version-history":[{"count":1,"href":"https:\/\/www.wallendorff.com\/belogue\/wp-json\/wp\/v2\/posts\/41873\/revisions"}],"predecessor-version":[{"id":41875,"href":"https:\/\/www.wallendorff.com\/belogue\/wp-json\/wp\/v2\/posts\/41873\/revisions\/41875"}],"wp:featuredmedia":[{"embeddable":true,"href":"https:\/\/www.wallendorff.com\/belogue\/wp-json\/wp\/v2\/media\/41874"}],"wp:attachment":[{"href":"https:\/\/www.wallendorff.com\/belogue\/wp-json\/wp\/v2\/media?parent=41873"}],"wp:term":[{"taxonomy":"category","embeddable":true,"href":"https:\/\/www.wallendorff.com\/belogue\/wp-json\/wp\/v2\/categories?post=41873"},{"taxonomy":"post_tag","embeddable":true,"href":"https:\/\/www.wallendorff.com\/belogue\/wp-json\/wp\/v2\/tags?post=41873"}],"curies":[{"name":"wp","href":"https:\/\/api.w.org\/{rel}","templated":true}]}}