{"id":41859,"date":"2019-05-15T14:36:49","date_gmt":"2019-05-15T12:36:49","guid":{"rendered":"http:\/\/www.wallendorff.com\/belogue\/?p=41859"},"modified":"2019-05-23T12:43:47","modified_gmt":"2019-05-23T10:43:47","slug":"into-the-wide-172","status":"publish","type":"post","link":"https:\/\/www.wallendorff.com\/belogue\/2019\/05\/15\/into-the-wide-172\/","title":{"rendered":"Into the wide #172."},"content":{"rendered":"<div id=\"photo\">\n<p><img decoding=\"async\" src=\"https:\/\/www.wallendorff.com\/belogue\/wp-content\/uploads\/2019\/05\/20190515.jpg\"><br \/>\nReine, 3 mars 2019.<\/p>\n<\/div>\n<div id=\"bandeson\">\n<p><img decoding=\"async\" src=\"https:\/\/www.wallendorff.com\/belogue\/photo\/pochettes\/f\/farai-rebirth.jpg\" align=\"left\" \/><a style=\"font-weight:normal\" id=\"lienmp3\" href=\"http:\/\/www.youtube.com\/watch?v=KkFAT5lJlHA\"><em>Space Is a Place<\/em> (feat. Chris Calderwood)<\/a><br \/>\n<a href=\"https:\/\/soundcloud.com\/faraimusic\">Farai<\/a><\/p>\n<\/div>\n","protected":false},"excerpt":{"rendered":"<p>Reine, 3 mars 2019. Space Is a Place (feat. Chris Calderwood) Farai<\/p>\n","protected":false},"author":1,"featured_media":41860,"comment_status":"open","ping_status":"open","sticky":false,"template":"","format":"standard","meta":{"_acf_changed":false,"ngg_post_thumbnail":0,"jetpack_post_was_ever_published":false,"_jetpack_newsletter_access":"","_jetpack_dont_email_post_to_subs":false,"_jetpack_newsletter_tier_id":0,"_jetpack_memberships_contains_paywalled_content":false,"_jetpack_memberships_contains_paid_content":false,"footnotes":"","jetpack_publicize_message":"","jetpack_publicize_feature_enabled":true,"jetpack_social_post_already_shared":true,"jetpack_social_options":{"image_generator_settings":{"template":"highway","default_image_id":0,"font":"","enabled":false},"version":2}},"categories":[7356],"tags":[737,15496,10326,10311,15645,14271,15309,15495,10426,15555,2357,11323,10592,15571,15646],"class_list":["post-41859","post","type-post","status-publish","format-standard","has-post-thumbnail","hentry","category-into-the-wide","tag-bleu","tag-comte-de-nordland","tag-crepuscule","tag-dos","tag-farai","tag-fujifilm-x-t2","tag-fujinon-xf-16-55-mm-f-2-8-r-lm-wr","tag-lofoten","tag-montagne","tag-moskenes","tag-norvege","tag-panoramique","tag-pose-longue","tag-reine","tag-space-is-a-place"],"acf":[],"geo":{"latitude":67.9357452,"longitude":13.0754042,"description":"Reine, Nordland, 8398, NO"},"jetpack_publicize_connections":[],"jetpack_featured_media_url":"https:\/\/www.wallendorff.com\/belogue\/wp-content\/uploads\/2019\/05\/20190515.jpg","jetpack_shortlink":"https:\/\/wp.me\/p3b35P-aT9","jetpack_sharing_enabled":true,"jetpack-related-posts":[{"id":41873,"url":"https:\/\/www.wallendorff.com\/belogue\/2019\/05\/17\/into-the-wide-173\/","url_meta":{"origin":41859,"position":0},"title":"Into the wide #173.","author":"dpc","date":"17 mai 2019","format":false,"excerpt":"Reine, 3 mars 2019. Perfect Laura Stevenson","rel":"","context":"Dans &quot;Into the wide&quot;","block_context":{"text":"Into the wide","link":"https:\/\/www.wallendorff.com\/belogue\/category\/into-the-wide\/"},"img":{"alt_text":"Reine, 3 mars 2019.","src":"https:\/\/i0.wp.com\/www.wallendorff.com\/belogue\/wp-content\/uploads\/2019\/05\/20190517.jpg?resize=350%2C200&ssl=1","width":350,"height":200,"srcset":"https:\/\/i0.wp.com\/www.wallendorff.com\/belogue\/wp-content\/uploads\/2019\/05\/20190517.jpg?resize=350%2C200&ssl=1 1x, https:\/\/i0.wp.com\/www.wallendorff.com\/belogue\/wp-content\/uploads\/2019\/05\/20190517.jpg?resize=525%2C300&ssl=1 1.5x, https:\/\/i0.wp.com\/www.wallendorff.com\/belogue\/wp-content\/uploads\/2019\/05\/20190517.jpg?resize=700%2C400&ssl=1 2x, https:\/\/i0.wp.com\/www.wallendorff.com\/belogue\/wp-content\/uploads\/2019\/05\/20190517.jpg?resize=1050%2C600&ssl=1 3x"},"classes":[]},{"id":53045,"url":"https:\/\/www.wallendorff.com\/belogue\/2022\/08\/30\/into-the-wide-259\/","url_meta":{"origin":41859,"position":1},"title":"Into the wide #259.","author":"dpc","date":"30 ao\u00fbt 2022","format":false,"excerpt":"","rel":"","context":"Dans &quot;Into the wide&quot;","block_context":{"text":"Into the wide","link":"https:\/\/www.wallendorff.com\/belogue\/category\/into-the-wide\/"},"img":{"alt_text":"","src":"https:\/\/i0.wp.com\/www.wallendorff.com\/belogue\/wp-content\/uploads\/2022\/08\/20220830.jpg?resize=350%2C200&ssl=1","width":350,"height":200,"srcset":"https:\/\/i0.wp.com\/www.wallendorff.com\/belogue\/wp-content\/uploads\/2022\/08\/20220830.jpg?resize=350%2C200&ssl=1 1x, https:\/\/i0.wp.com\/www.wallendorff.com\/belogue\/wp-content\/uploads\/2022\/08\/20220830.jpg?resize=525%2C300&ssl=1 1.5x, https:\/\/i0.wp.com\/www.wallendorff.com\/belogue\/wp-content\/uploads\/2022\/08\/20220830.jpg?resize=700%2C400&ssl=1 2x"},"classes":[]},{"id":42174,"url":"https:\/\/www.wallendorff.com\/belogue\/2019\/06\/25\/into-the-wide-177\/","url_meta":{"origin":41859,"position":2},"title":"Into the wide #177.","author":"dpc","date":"25 juin 2019","format":false,"excerpt":"Sakris\u00f8y, 6 mars 2019. \u00a0Pale Blue Eyes (The Velvet Underground cover) The Kills","rel":"","context":"Dans &quot;Into the wide&quot;","block_context":{"text":"Into the wide","link":"https:\/\/www.wallendorff.com\/belogue\/category\/into-the-wide\/"},"img":{"alt_text":"Sakris\u00f8y, 6 mars 2019.","src":"https:\/\/i0.wp.com\/www.wallendorff.com\/belogue\/wp-content\/uploads\/2019\/06\/20190625.jpg?resize=350%2C200&ssl=1","width":350,"height":200,"srcset":"https:\/\/i0.wp.com\/www.wallendorff.com\/belogue\/wp-content\/uploads\/2019\/06\/20190625.jpg?resize=350%2C200&ssl=1 1x, https:\/\/i0.wp.com\/www.wallendorff.com\/belogue\/wp-content\/uploads\/2019\/06\/20190625.jpg?resize=525%2C300&ssl=1 1.5x, https:\/\/i0.wp.com\/www.wallendorff.com\/belogue\/wp-content\/uploads\/2019\/06\/20190625.jpg?resize=700%2C400&ssl=1 2x, https:\/\/i0.wp.com\/www.wallendorff.com\/belogue\/wp-content\/uploads\/2019\/06\/20190625.jpg?resize=1050%2C600&ssl=1 3x"},"classes":[]},{"id":132151,"url":"https:\/\/www.wallendorff.com\/belogue\/2025\/04\/17\/la-soute-est-reine\/","url_meta":{"origin":41859,"position":3},"title":"La soute est reine.","author":"dpc","date":"17 avril 2025","format":false,"excerpt":"Port Debilly, Paris, 13 f\u00e9vrier 2025.","rel":"","context":"Dans &quot;DPC&quot;","block_context":{"text":"DPC","link":"https:\/\/www.wallendorff.com\/belogue\/category\/dpc\/"},"img":{"alt_text":"","src":"https:\/\/i0.wp.com\/www.wallendorff.com\/belogue\/wp-content\/uploads\/2025\/04\/20250417-02.jpg?resize=350%2C200&ssl=1","width":350,"height":200,"srcset":"https:\/\/i0.wp.com\/www.wallendorff.com\/belogue\/wp-content\/uploads\/2025\/04\/20250417-02.jpg?resize=350%2C200&ssl=1 1x, https:\/\/i0.wp.com\/www.wallendorff.com\/belogue\/wp-content\/uploads\/2025\/04\/20250417-02.jpg?resize=525%2C300&ssl=1 1.5x, https:\/\/i0.wp.com\/www.wallendorff.com\/belogue\/wp-content\/uploads\/2025\/04\/20250417-02.jpg?resize=700%2C400&ssl=1 2x, https:\/\/i0.wp.com\/www.wallendorff.com\/belogue\/wp-content\/uploads\/2025\/04\/20250417-02.jpg?resize=1050%2C600&ssl=1 3x"},"classes":[]},{"id":41844,"url":"https:\/\/www.wallendorff.com\/belogue\/2019\/05\/14\/ivres-rochers\/","url_meta":{"origin":41859,"position":4},"title":"Ivres rochers.","author":"dpc","date":"14 mai 2019","format":false,"excerpt":"Hamn\u00f8y, 3 mars 2019. Bien s\u00fbr qu'il est nul ce jeu de mots, mais figurez-vous que je ne l'avais jamais os\u00e9 en bient\u00f4t 15 ans de journal \u00e9lectrophotographique. Maintenant, c'est bon. \u00c0 part \u00e7a j'esp\u00e8re que vous aimez les photos de Lofoten sous la neige parce que, au rythme o\u00f9\u2026","rel":"","context":"Dans &quot;DPC&quot;","block_context":{"text":"DPC","link":"https:\/\/www.wallendorff.com\/belogue\/category\/dpc\/"},"img":{"alt_text":"Hamn&oslash;y, 3 mars 2019.","src":"https:\/\/i0.wp.com\/www.wallendorff.com\/belogue\/wp-content\/uploads\/2019\/05\/20190514.jpg?resize=350%2C200&ssl=1","width":350,"height":200,"srcset":"https:\/\/i0.wp.com\/www.wallendorff.com\/belogue\/wp-content\/uploads\/2019\/05\/20190514.jpg?resize=350%2C200&ssl=1 1x, https:\/\/i0.wp.com\/www.wallendorff.com\/belogue\/wp-content\/uploads\/2019\/05\/20190514.jpg?resize=525%2C300&ssl=1 1.5x, https:\/\/i0.wp.com\/www.wallendorff.com\/belogue\/wp-content\/uploads\/2019\/05\/20190514.jpg?resize=700%2C400&ssl=1 2x"},"classes":[]},{"id":599,"url":"https:\/\/www.wallendorff.com\/belogue\/2004\/10\/28\/metz-qui-ne-rit\/","url_meta":{"origin":41859,"position":5},"title":"Metz qui ne rit.","author":"dpc","date":"28 octobre 2004","format":false,"excerpt":"Parce que j'ai \u00e9puis\u00e9 mon stock de photos r\u00e9centes et qu'il y a pas eu de pub pour La Maison sur ce bl\u00f6g depuis longtemps, hop, une photo de La Maison. Temple Neuf, Metz, 1er septembre 2004. \/Edit\u00a0: J'ai bien une s\u00e9rie torride avec le raton-laveur, mais si je les\u2026","rel":"","context":"Dans &quot;DPC&quot;","block_context":{"text":"DPC","link":"https:\/\/www.wallendorff.com\/belogue\/category\/dpc\/"},"img":{"alt_text":"","src":"https:\/\/i0.wp.com\/www.wallendorff.com\/belogue\/wp-content\/uploads\/2015\/04\/406.jpg?resize=350%2C200&ssl=1","width":350,"height":200},"classes":[]}],"_links":{"self":[{"href":"https:\/\/www.wallendorff.com\/belogue\/wp-json\/wp\/v2\/posts\/41859","targetHints":{"allow":["GET"]}}],"collection":[{"href":"https:\/\/www.wallendorff.com\/belogue\/wp-json\/wp\/v2\/posts"}],"about":[{"href":"https:\/\/www.wallendorff.com\/belogue\/wp-json\/wp\/v2\/types\/post"}],"author":[{"embeddable":true,"href":"https:\/\/www.wallendorff.com\/belogue\/wp-json\/wp\/v2\/users\/1"}],"replies":[{"embeddable":true,"href":"https:\/\/www.wallendorff.com\/belogue\/wp-json\/wp\/v2\/comments?post=41859"}],"version-history":[{"count":2,"href":"https:\/\/www.wallendorff.com\/belogue\/wp-json\/wp\/v2\/posts\/41859\/revisions"}],"predecessor-version":[{"id":41862,"href":"https:\/\/www.wallendorff.com\/belogue\/wp-json\/wp\/v2\/posts\/41859\/revisions\/41862"}],"wp:featuredmedia":[{"embeddable":true,"href":"https:\/\/www.wallendorff.com\/belogue\/wp-json\/wp\/v2\/media\/41860"}],"wp:attachment":[{"href":"https:\/\/www.wallendorff.com\/belogue\/wp-json\/wp\/v2\/media?parent=41859"}],"wp:term":[{"taxonomy":"category","embeddable":true,"href":"https:\/\/www.wallendorff.com\/belogue\/wp-json\/wp\/v2\/categories?post=41859"},{"taxonomy":"post_tag","embeddable":true,"href":"https:\/\/www.wallendorff.com\/belogue\/wp-json\/wp\/v2\/tags?post=41859"}],"curies":[{"name":"wp","href":"https:\/\/api.w.org\/{rel}","templated":true}]}}