{"id":4180,"date":"2009-05-06T22:38:22","date_gmt":"2009-05-06T21:38:22","guid":{"rendered":"http:\/\/www.po-l.com\/belogue\/?p=4180"},"modified":"2012-03-22T12:01:29","modified_gmt":"2012-03-22T10:01:29","slug":"ca-ras-2","status":"publish","type":"post","link":"https:\/\/www.wallendorff.com\/belogue\/2009\/05\/06\/ca-ras-2\/","title":{"rendered":"\u00c7a R\u00c0S #2."},"content":{"rendered":"<div id=\"photo\">\n<p><img decoding=\"async\" src=\"https:\/\/www.wallendorff.com\/belogue\/photo\/2009\/05\/20090506.jpg\" \/><\/p>\n<\/div>\n<div id=\"bandeson\">\n<p><img decoding=\"async\" src=\"https:\/\/www.wallendorff.com\/belogue\/photo\/pochettes\/r\/raconteurs_the-broken_boys_soldiers_single.jpg\" align=\"left\" \/>&nbsp;<a href=\"http:\/\/www.theraconteurs.com\/\">The Raconteurs<\/a> &ndash; <em>Headin&rsquo; for the Texas Border<\/em> (The Flamin&rsquo; Grovies cover) (live)<\/p>\n<\/div>\n<p style=\"text-align:right\">Vais p&rsquo;t&ecirc;t rester l&agrave; et me trouver un poste de traducteur fran&ccedil;ais-anglais sur place, finalement, &ccedil;a a l&rsquo;air p&eacute;pouze comme boulot.<\/p>\n","protected":false},"excerpt":{"rendered":"<p>&nbsp;The Raconteurs &ndash; Headin&rsquo; for the Texas Border (The Flamin&rsquo; Grovies cover) (live) Vais p&rsquo;t&ecirc;t rester l&agrave; et me trouver un poste de traducteur fran&ccedil;ais-anglais sur place, finalement, &ccedil;a a l&rsquo;air p&eacute;pouze comme boulot.<\/p>\n","protected":false},"author":1,"featured_media":25429,"comment_status":"open","ping_status":"open","sticky":false,"template":"","format":"standard","meta":{"_acf_changed":false,"ngg_post_thumbnail":0,"jetpack_post_was_ever_published":false,"_jetpack_newsletter_access":"","_jetpack_dont_email_post_to_subs":false,"_jetpack_newsletter_tier_id":0,"_jetpack_memberships_contains_paywalled_content":false,"_jetpack_memberships_contains_paid_content":false,"footnotes":"","jetpack_publicize_message":"","jetpack_publicize_feature_enabled":true,"jetpack_social_post_already_shared":false,"jetpack_social_options":{"image_generator_settings":{"template":"highway","default_image_id":0,"font":"","enabled":false},"version":2}},"categories":[3],"tags":[1438,2615,162,55,10249,2798,163,3172,1493],"class_list":["post-4180","post","type-post","status-publish","format-standard","has-post-thumbnail","hentry","category-dpc","tag-ef-50-mm-f14-usm","tag-eos-5d-mark-ii","tag-chicago","tag-etats-unis","tag-francais","tag-headin-for-the-texas-border","tag-illinois","tag-the-flamin-groovies","tag-the-raconteurs"],"acf":[],"geo":{"latitude":41.8876877,"longitude":-87.6242676,"description":null},"jetpack_publicize_connections":[],"jetpack_featured_media_url":"https:\/\/www.wallendorff.com\/belogue\/wp-content\/uploads\/2015\/04\/200905061.jpg","jetpack_shortlink":"https:\/\/wp.me\/p3b35P-15q","jetpack_sharing_enabled":true,"jetpack-related-posts":[{"id":4930,"url":"https:\/\/www.wallendorff.com\/belogue\/2009\/10\/28\/previously-unreleased-851\/","url_meta":{"origin":4180,"position":0},"title":"Previously unreleased #851.","author":"dpc","date":"28 octobre 2009","format":false,"excerpt":"The Raconteurs, Rock en Seine, 29 ao\u00fbt 2008. Parce qu'entre la note d'hier et la note de demain, on ne peut d\u00e9cemment poster qu'une photo pas-vue-jusque-l\u00e02 des Raconteurs, accompagn\u00e9e de leur meilleur prestation-en-date-depuis-que-Five-on-the-Five-n'est-plus-\u00e9coutable. Si vous me cherchez ce soir vous savez o\u00f9 me trouver, hein. \u00a0The Raconteurs \u2013 Headin' for\u2026","rel":"","context":"Dans &quot;Previously unreleased&quot;","block_context":{"text":"Previously unreleased","link":"https:\/\/www.wallendorff.com\/belogue\/category\/previously-unreleased\/"},"img":{"alt_text":"","src":"https:\/\/i0.wp.com\/www.wallendorff.com\/belogue\/wp-content\/uploads\/2015\/04\/200910281.jpg?resize=350%2C200&ssl=1","width":350,"height":200},"classes":[]},{"id":5416,"url":"https:\/\/www.wallendorff.com\/belogue\/2009\/12\/24\/those-were-the-00s-12\/","url_meta":{"origin":4180,"position":1},"title":"Those were the 00s [1\/2].","author":"dpc","date":"24 d\u00e9cembre 2009","format":false,"excerpt":"C'est qu'il serait peut-\u00eatre temps de clore les ann\u00e9es 2000, dis-moi. Apr\u00e8s m\u00fbres r\u00e9flexion, je suis tomb\u00e9 bien d'accord avec moi-m\u00eame pour dire que faire un classement des meilleurs titres de la d\u00e9cennie, c'est impossible de mani\u00e8re g\u00e9n\u00e9rale. Un top des ann\u00e9es nonante aurait eu du mal \u00e0 d\u00e9partager un\u2026","rel":"","context":"Dans &quot;DPC&quot;","block_context":{"text":"DPC","link":"https:\/\/www.wallendorff.com\/belogue\/category\/dpc\/"},"img":{"alt_text":"","src":"","width":0,"height":0},"classes":[]},{"id":832,"url":"https:\/\/www.wallendorff.com\/belogue\/2006\/11\/19\/guit-art-4\/","url_meta":{"origin":4180,"position":2},"title":"Guit&rsquo;Art #4.","author":"dpc","date":"19 novembre 2006","format":false,"excerpt":"Virgin Montmartre, Paris, 18 novembre. \u00c7a va finir en s\u00e9rie, je vous dis. \u00a0The Raconteurs \u2013 5 on the 5 (live Brixton Academy, October 20th)","rel":"","context":"Dans &quot;Guit'Art&quot;","block_context":{"text":"Guit'Art","link":"https:\/\/www.wallendorff.com\/belogue\/category\/guit-art\/"},"img":{"alt_text":"","src":"https:\/\/i0.wp.com\/www.wallendorff.com\/belogue\/wp-content\/uploads\/2015\/04\/200611191.jpg?resize=350%2C200&ssl=1","width":350,"height":200},"classes":[]},{"id":948,"url":"https:\/\/www.wallendorff.com\/belogue\/2007\/05\/10\/195queens-of-the-stone-age-l-elysee-montmartre-paris\/","url_meta":{"origin":4180,"position":3},"title":"[195] Queens of the Stone Age @ l&rsquo;\u00c9lys\u00e9e-Montmartre, Paris.","author":"dpc","date":"10 mai 2007","format":false,"excerpt":"H\u00e9h\u00e9h\u00e9, \u00e0 5\u00a0cm pr\u00e8s, je coupais aussi la main gauche du Josh Homme et apr\u00e8s \u00e7a et \u00e7a, on \u00e9tait parti pour une nouvelle s\u00e9rie de sinistrachirophobie, dis donc. \u00a0The Raconteurs \u2013 Level (live)","rel":"","context":"Dans &quot;Alive&quot;","block_context":{"text":"Alive","link":"https:\/\/www.wallendorff.com\/belogue\/category\/alive\/"},"img":{"alt_text":"","src":"https:\/\/i0.wp.com\/www.wallendorff.com\/belogue\/wp-content\/uploads\/2015\/04\/200705101.jpg?resize=350%2C200&ssl=1","width":350,"height":200},"classes":[]},{"id":3375,"url":"https:\/\/www.wallendorff.com\/belogue\/2008\/09\/04\/the-raconteurs-rock-en-seine-domaine-national-de-saint-cloud-29-aout\/","url_meta":{"origin":4180,"position":4},"title":"The Raconteurs @ Rock en Seine, Domaine National de Saint-Cloud, 29 ao\u00fbt.","author":"dpc","date":"4 septembre 2008","format":false,"excerpt":"Jack White est beau. Kate Nash \u2013 I'm Not Gonna Teach Your Boyfriend How To Dance With You (Black Kids cover)","rel":"","context":"Dans &quot;Alive&quot;","block_context":{"text":"Alive","link":"https:\/\/www.wallendorff.com\/belogue\/category\/alive\/"},"img":{"alt_text":"","src":"https:\/\/i0.wp.com\/www.wallendorff.com\/belogue\/wp-content\/uploads\/2015\/04\/200809041.jpg?resize=350%2C200&ssl=1","width":350,"height":200,"srcset":"https:\/\/i0.wp.com\/www.wallendorff.com\/belogue\/wp-content\/uploads\/2015\/04\/200809041.jpg?resize=350%2C200&ssl=1 1x, https:\/\/i0.wp.com\/www.wallendorff.com\/belogue\/wp-content\/uploads\/2015\/04\/200809041.jpg?resize=525%2C300&ssl=1 1.5x, https:\/\/i0.wp.com\/www.wallendorff.com\/belogue\/wp-content\/uploads\/2015\/04\/200809041.jpg?resize=700%2C400&ssl=1 2x"},"classes":[]},{"id":19,"url":"https:\/\/www.wallendorff.com\/belogue\/2006\/10\/16\/shooting-people-5\/","url_meta":{"origin":4180,"position":5},"title":"Shooting people #5.","author":"dpc","date":"16 octobre 2006","format":false,"excerpt":"[\u201cIs this greeting the type that's meant for me\u00a0?\u201d] \u00a0The Raconteurs \u2013 Intimate Secretary","rel":"","context":"Dans &quot;Portraits&quot;","block_context":{"text":"Portraits","link":"https:\/\/www.wallendorff.com\/belogue\/category\/portraits\/"},"img":{"alt_text":"","src":"https:\/\/i0.wp.com\/www.wallendorff.com\/belogue\/wp-content\/uploads\/2015\/04\/200610161.jpg?resize=350%2C200&ssl=1","width":350,"height":200},"classes":[]}],"_links":{"self":[{"href":"https:\/\/www.wallendorff.com\/belogue\/wp-json\/wp\/v2\/posts\/4180","targetHints":{"allow":["GET"]}}],"collection":[{"href":"https:\/\/www.wallendorff.com\/belogue\/wp-json\/wp\/v2\/posts"}],"about":[{"href":"https:\/\/www.wallendorff.com\/belogue\/wp-json\/wp\/v2\/types\/post"}],"author":[{"embeddable":true,"href":"https:\/\/www.wallendorff.com\/belogue\/wp-json\/wp\/v2\/users\/1"}],"replies":[{"embeddable":true,"href":"https:\/\/www.wallendorff.com\/belogue\/wp-json\/wp\/v2\/comments?post=4180"}],"version-history":[{"count":1,"href":"https:\/\/www.wallendorff.com\/belogue\/wp-json\/wp\/v2\/posts\/4180\/revisions"}],"predecessor-version":[{"id":16483,"href":"https:\/\/www.wallendorff.com\/belogue\/wp-json\/wp\/v2\/posts\/4180\/revisions\/16483"}],"wp:featuredmedia":[{"embeddable":true,"href":"https:\/\/www.wallendorff.com\/belogue\/wp-json\/wp\/v2\/media\/25429"}],"wp:attachment":[{"href":"https:\/\/www.wallendorff.com\/belogue\/wp-json\/wp\/v2\/media?parent=4180"}],"wp:term":[{"taxonomy":"category","embeddable":true,"href":"https:\/\/www.wallendorff.com\/belogue\/wp-json\/wp\/v2\/categories?post=4180"},{"taxonomy":"post_tag","embeddable":true,"href":"https:\/\/www.wallendorff.com\/belogue\/wp-json\/wp\/v2\/tags?post=4180"}],"curies":[{"name":"wp","href":"https:\/\/api.w.org\/{rel}","templated":true}]}}