{"id":4177,"date":"2009-05-02T17:25:29","date_gmt":"2009-05-02T16:25:29","guid":{"rendered":"http:\/\/www.po-l.com\/belogue\/?p=4177"},"modified":"2012-03-21T11:59:28","modified_gmt":"2012-03-21T09:59:28","slug":"revisited","status":"publish","type":"post","link":"https:\/\/www.wallendorff.com\/belogue\/2009\/05\/02\/revisited\/","title":{"rendered":"<strike>Re<\/strike>visited."},"content":{"rendered":"<div id=\"photo\">\n<p><img decoding=\"async\" src=\"https:\/\/www.wallendorff.com\/belogue\/photo\/2009\/05\/20090502.jpg\" \/><br \/>\nRoute 61, 27 avril.<\/p>\n<\/div>\n<div id=\"bandeson\">\n<p><img decoding=\"async\" src=\"https:\/\/www.wallendorff.com\/belogue\/photo\/pochettes\/h\/harver_pj_john_parish-a_woman_a_man_walked_by.jpg\" align=\"left\" \/>&nbsp;<a href=\"http:\/\/www.pjharvey.net\/\">PJ Harvey &amp; John Parish<\/a> &ndash; <em>Sixteen, Fifteen, Fourteen<\/em><\/p>\n<\/div>\n<p style=\"text-align:right\">Juste pour dire que &ccedil;a <em>va<\/em>.<\/p>\n","protected":false},"excerpt":{"rendered":"<p>Route 61, 27 avril. &nbsp;PJ Harvey &amp; John Parish &ndash; Sixteen, Fifteen, Fourteen Juste pour dire que &ccedil;a va.<\/p>\n","protected":false},"author":1,"featured_media":25427,"comment_status":"open","ping_status":"open","sticky":false,"template":"","format":"standard","meta":{"_acf_changed":false,"ngg_post_thumbnail":0,"jetpack_post_was_ever_published":false,"_jetpack_newsletter_access":"","_jetpack_dont_email_post_to_subs":false,"_jetpack_newsletter_tier_id":0,"_jetpack_memberships_contains_paywalled_content":false,"_jetpack_memberships_contains_paid_content":false,"footnotes":"","jetpack_publicize_message":"","jetpack_publicize_feature_enabled":true,"jetpack_social_post_already_shared":false,"jetpack_social_options":{"image_generator_settings":{"template":"highway","default_image_id":0,"font":"","enabled":false},"version":2}},"categories":[3],"tags":[10203,2571,2615,55,2796,143,10180,10103,2797,2795],"class_list":["post-4177","post","type-post","status-publish","format-standard","has-post-thumbnail","hentry","category-dpc","tag-bus","tag-ef-16-35-mm-f28l-ii-usm","tag-eos-5d-mark-ii","tag-etats-unis","tag-john-parish","tag-noir-et-blanc","tag-pj-harvey","tag-route","tag-sixteen-fifteen-fourteen","tag-wisconsin"],"acf":[],"geo":{"latitude":43.730587,"longitude":-91.0918732,"description":"U.S. 61, Coon Valley, WI 54623, USA"},"jetpack_publicize_connections":[],"jetpack_featured_media_url":"https:\/\/www.wallendorff.com\/belogue\/wp-content\/uploads\/2015\/04\/200905021.jpg","jetpack_shortlink":"https:\/\/wp.me\/p3b35P-15n","jetpack_sharing_enabled":true,"jetpack-related-posts":[{"id":4112,"url":"https:\/\/www.wallendorff.com\/belogue\/2009\/04\/03\/blog-note-%e2%80%95-mars-2009\/","url_meta":{"origin":4177,"position":0},"title":"Blog-note \u2015 mars 2009.","author":"dpc","date":"3 avril 2009","format":false,"excerpt":"Albums I Am Kloot \u2013 BBC Radio 1 John Peel Sessions Ipod PJ Harvey & John Parish \u2013 A Woman a Man Walked By Ghinzu \u2013 Mirror Mirror Oasis \u2013 The Dreams We Have as Children The Veils \u2013 Sun Gangs 5 titres The Dead Weather \u2013 Are Friends Electric?\u2026","rel":"","context":"Dans &quot;Blog-note&quot;","block_context":{"text":"Blog-note","link":"https:\/\/www.wallendorff.com\/belogue\/category\/blog-note\/"},"img":{"alt_text":"","src":"","width":0,"height":0},"classes":[]},{"id":4207,"url":"https:\/\/www.wallendorff.com\/belogue\/2009\/05\/19\/pj-harvey-john-parish-le-bataclan-paris\/","url_meta":{"origin":4177,"position":1},"title":"PJ Harvey &#038; John Parish @ le Bataclan, Paris.","author":"dpc","date":"19 mai 2009","format":false,"excerpt":"Ah tiens il y a pile trois ans il faisait chaud aussi. Dans la vie il y a de chouettes soir\u00e9es o\u00f9 un management sympa et une s\u00e9curit\u00e9 super-coule t'entra\u00eenent dans des jeux de piste en fosse photo ach'te marrants. Dans la vie il y a aussi des soir\u00e9es qu'on\u2026","rel":"","context":"Dans &quot;Alive&quot;","block_context":{"text":"Alive","link":"https:\/\/www.wallendorff.com\/belogue\/category\/alive\/"},"img":{"alt_text":"","src":"https:\/\/i0.wp.com\/www.wallendorff.com\/belogue\/wp-content\/uploads\/2015\/04\/200905191.jpg?resize=350%2C200&ssl=1","width":350,"height":200,"srcset":"https:\/\/i0.wp.com\/www.wallendorff.com\/belogue\/wp-content\/uploads\/2015\/04\/200905191.jpg?resize=350%2C200&ssl=1 1x, https:\/\/i0.wp.com\/www.wallendorff.com\/belogue\/wp-content\/uploads\/2015\/04\/200905191.jpg?resize=525%2C300&ssl=1 1.5x, https:\/\/i0.wp.com\/www.wallendorff.com\/belogue\/wp-content\/uploads\/2015\/04\/200905191.jpg?resize=700%2C400&ssl=1 2x"},"classes":[]},{"id":17596,"url":"https:\/\/www.wallendorff.com\/belogue\/2012\/06\/05\/walcourt\/","url_meta":{"origin":4177,"position":2},"title":"Walcourt.","author":"dpc","date":"5 juin 2012","format":false,"excerpt":"Chapelle de Walcourt, Givet, 20 avril. B\u00e2tie au XVIIe, reb\u00e2tie au XVIIIe, orthodoxe quand les Russes s'installent pour trois ans apr\u00e8s Waterloo, cimeti\u00e8re militaire et temple protestant sous l'occupation allemande (celle dont on ne parle jamais, celle de 14-18), puis abandonn\u00e9e et restaur\u00e9e en 2007-2008. Ses ruines m'impressionnaient beaucoup quand\u2026","rel":"","context":"Dans &quot;DPC&quot;","block_context":{"text":"DPC","link":"https:\/\/www.wallendorff.com\/belogue\/category\/dpc\/"},"img":{"alt_text":"","src":"https:\/\/i0.wp.com\/www.wallendorff.com\/belogue\/wp-content\/uploads\/2015\/04\/201206051.jpg?resize=350%2C200&ssl=1","width":350,"height":200,"srcset":"https:\/\/i0.wp.com\/www.wallendorff.com\/belogue\/wp-content\/uploads\/2015\/04\/201206051.jpg?resize=350%2C200&ssl=1 1x, https:\/\/i0.wp.com\/www.wallendorff.com\/belogue\/wp-content\/uploads\/2015\/04\/201206051.jpg?resize=525%2C300&ssl=1 1.5x, https:\/\/i0.wp.com\/www.wallendorff.com\/belogue\/wp-content\/uploads\/2015\/04\/201206051.jpg?resize=700%2C400&ssl=1 2x"},"classes":[]},{"id":21481,"url":"https:\/\/www.wallendorff.com\/belogue\/2013\/08\/22\/unbekannt\/","url_meta":{"origin":4177,"position":3},"title":"Unbekannt.","author":"dpc","date":"22 ao\u00fbt 2013","format":false,"excerpt":"Amanvillers, 23 juin. On Battleship HillPJ Harvey \u00a0","rel":"","context":"Dans &quot;DPC&quot;","block_context":{"text":"DPC","link":"https:\/\/www.wallendorff.com\/belogue\/category\/dpc\/"},"img":{"alt_text":"","src":"https:\/\/i0.wp.com\/www.wallendorff.com\/belogue\/wp-content\/uploads\/2015\/04\/201308221.jpg?resize=350%2C200&ssl=1","width":350,"height":200,"srcset":"https:\/\/i0.wp.com\/www.wallendorff.com\/belogue\/wp-content\/uploads\/2015\/04\/201308221.jpg?resize=350%2C200&ssl=1 1x, https:\/\/i0.wp.com\/www.wallendorff.com\/belogue\/wp-content\/uploads\/2015\/04\/201308221.jpg?resize=525%2C300&ssl=1 1.5x, https:\/\/i0.wp.com\/www.wallendorff.com\/belogue\/wp-content\/uploads\/2015\/04\/201308221.jpg?resize=700%2C400&ssl=1 2x"},"classes":[]},{"id":30322,"url":"https:\/\/www.wallendorff.com\/belogue\/2016\/03\/01\/into-the-wide-62\/","url_meta":{"origin":4177,"position":4},"title":"Into the wide #62.","author":"dpc","date":"1 mars 2016","format":false,"excerpt":"Porte des Allemands, Metz, 27 d\u00e9cembre 2015. The Wheel PJ Harvey","rel":"","context":"Dans &quot;Into the wide&quot;","block_context":{"text":"Into the wide","link":"https:\/\/www.wallendorff.com\/belogue\/category\/into-the-wide\/"},"img":{"alt_text":"","src":"https:\/\/i0.wp.com\/www.wallendorff.com\/belogue\/wp-content\/uploads\/2016\/03\/20160301.jpg?resize=350%2C200&ssl=1","width":350,"height":200,"srcset":"https:\/\/i0.wp.com\/www.wallendorff.com\/belogue\/wp-content\/uploads\/2016\/03\/20160301.jpg?resize=350%2C200&ssl=1 1x, https:\/\/i0.wp.com\/www.wallendorff.com\/belogue\/wp-content\/uploads\/2016\/03\/20160301.jpg?resize=525%2C300&ssl=1 1.5x, https:\/\/i0.wp.com\/www.wallendorff.com\/belogue\/wp-content\/uploads\/2016\/03\/20160301.jpg?resize=700%2C400&ssl=1 2x"},"classes":[]},{"id":4435,"url":"https:\/\/www.wallendorff.com\/belogue\/2009\/08\/03\/imperfect-day-eglise\/","url_meta":{"origin":4177,"position":5},"title":"Imperfect day, \u00c9glise.","author":"dpc","date":"3 ao\u00fbt 2009","format":false,"excerpt":"Kirk in the Hills, Bloomfield Hills, 4 mai. PJ Harvey \u2013 Broken Harp","rel":"","context":"Dans &quot;DPC&quot;","block_context":{"text":"DPC","link":"https:\/\/www.wallendorff.com\/belogue\/category\/dpc\/"},"img":{"alt_text":"","src":"https:\/\/i0.wp.com\/www.wallendorff.com\/belogue\/wp-content\/uploads\/2015\/04\/200908031.jpg?resize=350%2C200&ssl=1","width":350,"height":200},"classes":[]}],"_links":{"self":[{"href":"https:\/\/www.wallendorff.com\/belogue\/wp-json\/wp\/v2\/posts\/4177","targetHints":{"allow":["GET"]}}],"collection":[{"href":"https:\/\/www.wallendorff.com\/belogue\/wp-json\/wp\/v2\/posts"}],"about":[{"href":"https:\/\/www.wallendorff.com\/belogue\/wp-json\/wp\/v2\/types\/post"}],"author":[{"embeddable":true,"href":"https:\/\/www.wallendorff.com\/belogue\/wp-json\/wp\/v2\/users\/1"}],"replies":[{"embeddable":true,"href":"https:\/\/www.wallendorff.com\/belogue\/wp-json\/wp\/v2\/comments?post=4177"}],"version-history":[{"count":2,"href":"https:\/\/www.wallendorff.com\/belogue\/wp-json\/wp\/v2\/posts\/4177\/revisions"}],"predecessor-version":[{"id":16471,"href":"https:\/\/www.wallendorff.com\/belogue\/wp-json\/wp\/v2\/posts\/4177\/revisions\/16471"}],"wp:featuredmedia":[{"embeddable":true,"href":"https:\/\/www.wallendorff.com\/belogue\/wp-json\/wp\/v2\/media\/25427"}],"wp:attachment":[{"href":"https:\/\/www.wallendorff.com\/belogue\/wp-json\/wp\/v2\/media?parent=4177"}],"wp:term":[{"taxonomy":"category","embeddable":true,"href":"https:\/\/www.wallendorff.com\/belogue\/wp-json\/wp\/v2\/categories?post=4177"},{"taxonomy":"post_tag","embeddable":true,"href":"https:\/\/www.wallendorff.com\/belogue\/wp-json\/wp\/v2\/tags?post=4177"}],"curies":[{"name":"wp","href":"https:\/\/api.w.org\/{rel}","templated":true}]}}