{"id":41741,"date":"2019-05-06T10:55:33","date_gmt":"2019-05-06T08:55:33","guid":{"rendered":"http:\/\/www.wallendorff.com\/belogue\/?p=41741"},"modified":"2019-05-23T12:45:24","modified_gmt":"2019-05-23T10:45:24","slug":"le-petite-boutique-des-aurores-2","status":"publish","type":"post","link":"https:\/\/www.wallendorff.com\/belogue\/2019\/05\/06\/le-petite-boutique-des-aurores-2\/","title":{"rendered":"Le petite boutique des aurores #2."},"content":{"rendered":"\n<div id=\"photo\">\n<p><img decoding=\"async\" src=\"https:\/\/www.wallendorff.com\/belogue\/photo\/2019\/05\/20190506.jpg\"><br \/>\n<em>Into the wide #171.<\/em><br \/>Ramberg, 2 mars 2019.<\/p>\n<\/p><\/div>\n<p style=\"text-align:right\">&nbsp;<\/p>\n<div id=\"bandeson\">\n<p><img decoding=\"async\" src=\"https:\/\/www.wallendorff.com\/belogue\/photo\/pochettes\/s\/secret_machines-sad_and_lonely.jpg\" align=\"left\" \/><a id=\"lienmp3\" style=\"font-weight:normal\" href=\"http:\/\/www.youtube.com\/watch?v=tu4WPeccElM\"><em>Girl from the North Country<\/em> (Bob Dylan cover)<\/a><br \/>\n        <a href=\"http:\/\/www.thesecretmachines.com\/\">Secret Machines<\/a><\/p>\n<\/p><\/div>\n","protected":false},"excerpt":{"rendered":"<p>Into the wide #171.Ramberg, 2 mars 2019. &nbsp; Girl from the North Country (Bob Dylan cover) Secret Machines<\/p>\n","protected":false},"author":1,"featured_media":41744,"comment_status":"open","ping_status":"open","sticky":false,"template":"","format":"standard","meta":{"_acf_changed":false,"ngg_post_thumbnail":0,"jetpack_post_was_ever_published":false,"_jetpack_newsletter_access":"","_jetpack_dont_email_post_to_subs":false,"_jetpack_newsletter_tier_id":0,"_jetpack_memberships_contains_paywalled_content":false,"_jetpack_memberships_contains_paid_content":false,"footnotes":"","jetpack_publicize_message":"","jetpack_publicize_feature_enabled":true,"jetpack_social_post_already_shared":true,"jetpack_social_options":{"image_generator_settings":{"template":"highway","default_image_id":0,"font":"","enabled":false},"version":2}},"categories":[7356],"tags":[15499,1251,10144,15496,15497,14271,15309,1778,15495,10426,2357,10147,11323,10714,15498,10592,587],"class_list":["post-41741","post","type-post","status-publish","format-standard","has-post-thumbnail","hentry","category-into-the-wide","tag-aurore-boreale","tag-bob-dylan","tag-ciel","tag-comte-de-nordland","tag-flakstad","tag-fujifilm-x-t2","tag-fujinon-xf-16-55-mm-f-2-8-r-lm-wr","tag-girl-from-the-north-country","tag-lofoten","tag-montagne","tag-norvege","tag-nuit","tag-panoramique","tag-plage","tag-plage-de-skagsanden","tag-pose-longue","tag-secret-machines"],"acf":[],"geo":{"latitude":68.1038361,"longitude":13.2857962,"description":"Ramberg, Nordland, 8388, NO"},"jetpack_publicize_connections":[],"jetpack_featured_media_url":"https:\/\/www.wallendorff.com\/belogue\/wp-content\/uploads\/2019\/05\/20190506.jpg","jetpack_shortlink":"https:\/\/wp.me\/p3b35P-aRf","jetpack_sharing_enabled":true,"jetpack-related-posts":[{"id":22661,"url":"https:\/\/www.wallendorff.com\/belogue\/2014\/04\/01\/quai-des-prunes\/","url_meta":{"origin":41741,"position":0},"title":"Quai [des] prunes.","author":"dpc","date":"1 avril 2014","format":false,"excerpt":"Station Gambetta, Paris, 2 mars. Je sais, j'ai profit\u00e9 de la date pour passer un jeu de mot lamentable. J'ai honte. \u00a0 Girl from the North Country (Bob Dylan cover) Secret Machines","rel":"","context":"Dans &quot;DPC&quot;","block_context":{"text":"DPC","link":"https:\/\/www.wallendorff.com\/belogue\/category\/dpc\/"},"img":{"alt_text":"","src":"https:\/\/i0.wp.com\/www.wallendorff.com\/belogue\/wp-content\/uploads\/2015\/04\/201404011.jpg?resize=350%2C200&ssl=1","width":350,"height":200,"srcset":"https:\/\/i0.wp.com\/www.wallendorff.com\/belogue\/wp-content\/uploads\/2015\/04\/201404011.jpg?resize=350%2C200&ssl=1 1x, https:\/\/i0.wp.com\/www.wallendorff.com\/belogue\/wp-content\/uploads\/2015\/04\/201404011.jpg?resize=525%2C300&ssl=1 1.5x"},"classes":[]},{"id":800,"url":"https:\/\/www.wallendorff.com\/belogue\/2006\/10\/06\/shooting-people-4\/","url_meta":{"origin":41741,"position":1},"title":"Shooting people #4.","author":"dpc","date":"6 octobre 2006","format":false,"excerpt":"H\u00f4tel Renaissance, Paris, 3 octobre. \u00a0Secret Machines \u2013 Girl from the North Country (Bob Dylan cover)","rel":"","context":"Dans &quot;Portraits&quot;","block_context":{"text":"Portraits","link":"https:\/\/www.wallendorff.com\/belogue\/category\/portraits\/"},"img":{"alt_text":"","src":"https:\/\/i0.wp.com\/www.wallendorff.com\/belogue\/wp-content\/uploads\/2015\/04\/200610061.jpg?resize=350%2C200&ssl=1","width":350,"height":200,"srcset":"https:\/\/i0.wp.com\/www.wallendorff.com\/belogue\/wp-content\/uploads\/2015\/04\/200610061.jpg?resize=350%2C200&ssl=1 1x, https:\/\/i0.wp.com\/www.wallendorff.com\/belogue\/wp-content\/uploads\/2015\/04\/200610061.jpg?resize=525%2C300&ssl=1 1.5x"},"classes":[]},{"id":13091,"url":"https:\/\/www.wallendorff.com\/belogue\/2011\/08\/11\/man-on-the-mourn-ii\/","url_meta":{"origin":41741,"position":2},"title":"Man on the mourn [II].","author":"dpc","date":"11 ao\u00fbt 2011","format":false,"excerpt":"Rue Oberkampf, Paris, 6 juillet. \u00a0Eddie Vedder \u2013 Girl from the North Country (Bob Dylan cover) (live)","rel":"","context":"Dans &quot;DPC&quot;","block_context":{"text":"DPC","link":"https:\/\/www.wallendorff.com\/belogue\/category\/dpc\/"},"img":{"alt_text":"","src":"https:\/\/i0.wp.com\/www.wallendorff.com\/belogue\/wp-content\/uploads\/2015\/04\/201108111.jpg?resize=350%2C200&ssl=1","width":350,"height":200,"srcset":"https:\/\/i0.wp.com\/www.wallendorff.com\/belogue\/wp-content\/uploads\/2015\/04\/201108111.jpg?resize=350%2C200&ssl=1 1x, https:\/\/i0.wp.com\/www.wallendorff.com\/belogue\/wp-content\/uploads\/2015\/04\/201108111.jpg?resize=525%2C300&ssl=1 1.5x, https:\/\/i0.wp.com\/www.wallendorff.com\/belogue\/wp-content\/uploads\/2015\/04\/201108111.jpg?resize=700%2C400&ssl=1 2x"},"classes":[]},{"id":22509,"url":"https:\/\/www.wallendorff.com\/belogue\/2014\/01\/31\/janvier-2014\/","url_meta":{"origin":41741,"position":3},"title":"Janvier 2014.","author":"dpc","date":"31 janvier 2014","format":false,"excerpt":"Repartir pour un tour, faire la tourn\u00e9e des bars, des mus\u00e9es, des appartements et des popotes. Ajouter des v\u0153ux, des toilettes, des ours en peluches, des tigres oranges, de nouvelles id\u00e9es et encore des kilom\u00e8tres aval\u00e9s. Janvier 2014. 5 titres Jabberwocky \u2013 Photomaton (feat. \u00c9lodie Wildstars) Pontiak \u2013 Wildfires Lorde\u2026","rel":"","context":"Dans &quot;Blog-note&quot;","block_context":{"text":"Blog-note","link":"https:\/\/www.wallendorff.com\/belogue\/category\/blog-note\/"},"img":{"alt_text":"","src":"https:\/\/i0.wp.com\/www.wallendorff.com\/belogue\/wp-content\/uploads\/2015\/04\/20140210-501.jpg?resize=350%2C200&ssl=1","width":350,"height":200,"srcset":"https:\/\/i0.wp.com\/www.wallendorff.com\/belogue\/wp-content\/uploads\/2015\/04\/20140210-501.jpg?resize=350%2C200&ssl=1 1x, https:\/\/i0.wp.com\/www.wallendorff.com\/belogue\/wp-content\/uploads\/2015\/04\/20140210-501.jpg?resize=525%2C300&ssl=1 1.5x, https:\/\/i0.wp.com\/www.wallendorff.com\/belogue\/wp-content\/uploads\/2015\/04\/20140210-501.jpg?resize=700%2C400&ssl=1 2x"},"classes":[]},{"id":27738,"url":"https:\/\/www.wallendorff.com\/belogue\/2015\/06\/23\/into-the-wide-48\/","url_meta":{"origin":41741,"position":4},"title":"Into the wide #48.","author":"dpc","date":"23 juin 2015","format":false,"excerpt":"Plage du M\u00f4le, Saint-Malo, 11 avril. 10,000 Emerald Pools B\u00d8RNS","rel":"","context":"Dans &quot;Into the wide&quot;","block_context":{"text":"Into the wide","link":"https:\/\/www.wallendorff.com\/belogue\/category\/into-the-wide\/"},"img":{"alt_text":"","src":"https:\/\/i0.wp.com\/www.wallendorff.com\/belogue\/wp-content\/uploads\/2015\/06\/20150623.jpg?resize=350%2C200&ssl=1","width":350,"height":200,"srcset":"https:\/\/i0.wp.com\/www.wallendorff.com\/belogue\/wp-content\/uploads\/2015\/06\/20150623.jpg?resize=350%2C200&ssl=1 1x, https:\/\/i0.wp.com\/www.wallendorff.com\/belogue\/wp-content\/uploads\/2015\/06\/20150623.jpg?resize=525%2C300&ssl=1 1.5x, https:\/\/i0.wp.com\/www.wallendorff.com\/belogue\/wp-content\/uploads\/2015\/06\/20150623.jpg?resize=700%2C400&ssl=1 2x, https:\/\/i0.wp.com\/www.wallendorff.com\/belogue\/wp-content\/uploads\/2015\/06\/20150623.jpg?resize=1050%2C600&ssl=1 3x"},"classes":[]},{"id":323,"url":"https:\/\/www.wallendorff.com\/belogue\/2005\/07\/07\/les-eurockeennes-belfort-day-0\/","url_meta":{"origin":41741,"position":5},"title":"Les Eurock&eacute;ennes, Belfort, day #0.","author":"dpc","date":"7 juillet 2005","format":false,"excerpt":"Chaque ann\u00e9e, \u00e0 l'approche des vacances, lors de l'ultime v\u00e9rification de l'appareil, des milliers de photos-test sont prises et vou\u00e9es, d\u00e8s la naissance, \u00e0 l'abandon et l'ignorance du grand public. Des portraits du chien, des natures mortes de la plante verte de l'entr\u00e9e et des paysages de l'arri\u00e8re-cuisine de tata\u2026","rel":"","context":"Dans &quot;DPC&quot;","block_context":{"text":"DPC","link":"https:\/\/www.wallendorff.com\/belogue\/category\/dpc\/"},"img":{"alt_text":"","src":"https:\/\/i0.wp.com\/www.wallendorff.com\/belogue\/wp-content\/uploads\/2015\/04\/20050708-21.jpg?resize=350%2C200&ssl=1","width":350,"height":200},"classes":[]}],"_links":{"self":[{"href":"https:\/\/www.wallendorff.com\/belogue\/wp-json\/wp\/v2\/posts\/41741","targetHints":{"allow":["GET"]}}],"collection":[{"href":"https:\/\/www.wallendorff.com\/belogue\/wp-json\/wp\/v2\/posts"}],"about":[{"href":"https:\/\/www.wallendorff.com\/belogue\/wp-json\/wp\/v2\/types\/post"}],"author":[{"embeddable":true,"href":"https:\/\/www.wallendorff.com\/belogue\/wp-json\/wp\/v2\/users\/1"}],"replies":[{"embeddable":true,"href":"https:\/\/www.wallendorff.com\/belogue\/wp-json\/wp\/v2\/comments?post=41741"}],"version-history":[{"count":2,"href":"https:\/\/www.wallendorff.com\/belogue\/wp-json\/wp\/v2\/posts\/41741\/revisions"}],"predecessor-version":[{"id":41743,"href":"https:\/\/www.wallendorff.com\/belogue\/wp-json\/wp\/v2\/posts\/41741\/revisions\/41743"}],"wp:featuredmedia":[{"embeddable":true,"href":"https:\/\/www.wallendorff.com\/belogue\/wp-json\/wp\/v2\/media\/41744"}],"wp:attachment":[{"href":"https:\/\/www.wallendorff.com\/belogue\/wp-json\/wp\/v2\/media?parent=41741"}],"wp:term":[{"taxonomy":"category","embeddable":true,"href":"https:\/\/www.wallendorff.com\/belogue\/wp-json\/wp\/v2\/categories?post=41741"},{"taxonomy":"post_tag","embeddable":true,"href":"https:\/\/www.wallendorff.com\/belogue\/wp-json\/wp\/v2\/tags?post=41741"}],"curies":[{"name":"wp","href":"https:\/\/api.w.org\/{rel}","templated":true}]}}