{"id":41737,"date":"2019-05-03T11:22:29","date_gmt":"2019-05-03T09:22:29","guid":{"rendered":"http:\/\/www.wallendorff.com\/belogue\/?p=41737"},"modified":"2019-05-23T12:45:57","modified_gmt":"2019-05-23T10:45:57","slug":"la-petite-boutique-des-aurores-1","status":"publish","type":"post","link":"https:\/\/www.wallendorff.com\/belogue\/2019\/05\/03\/la-petite-boutique-des-aurores-1\/","title":{"rendered":"La petite boutique des aurores #1."},"content":{"rendered":"<div id=\"photo\">\n<p><img decoding=\"async\" src=\"https:\/\/www.wallendorff.com\/belogue\/wp-content\/uploads\/2019\/05\/20190503.jpg\"><br \/>\nFlakstad, 2 mars 2019.<\/p>\n<\/div>\n<div id=\"bandeson\">\n<p><img decoding=\"async\" src=\"https:\/\/www.wallendorff.com\/belogue\/photo\/pochettes\/c\/crows-silver_tongues.jpg\" align=\"left\" \/><a href=\"#\" a style=\"font-weight:normal\" id=\"lienmp3\"><em>Empyrean<\/em><\/a><br \/>\n<a href=\"https:\/\/www.facebook.com\/crowsband\/\">Crows<\/a><\/p>\n<\/div>\n","protected":false},"excerpt":{"rendered":"<p>Flakstad, 2 mars 2019. Empyrean Crows<\/p>\n","protected":false},"author":1,"featured_media":41738,"comment_status":"open","ping_status":"open","sticky":false,"template":"","format":"standard","meta":{"_acf_changed":false,"ngg_post_thumbnail":0,"jetpack_post_was_ever_published":false,"_jetpack_newsletter_access":"","_jetpack_dont_email_post_to_subs":false,"_jetpack_newsletter_tier_id":0,"_jetpack_memberships_contains_paywalled_content":false,"_jetpack_memberships_contains_paid_content":false,"footnotes":"","jetpack_publicize_message":"","jetpack_publicize_feature_enabled":true,"jetpack_social_post_already_shared":true,"jetpack_social_options":{"image_generator_settings":{"template":"highway","default_image_id":0,"font":"","enabled":false},"version":2}},"categories":[3],"tags":[15499,10144,15496,15511,15613,10314,15497,15495,2357,10147,11323,10714,15498,10592,4166],"class_list":["post-41737","post","type-post","status-publish","format-standard","has-post-thumbnail","hentry","category-dpc","tag-aurore-boreale","tag-ciel","tag-comte-de-nordland","tag-crows","tag-empyrean","tag-etoile","tag-flakstad","tag-lofoten","tag-norvege","tag-nuit","tag-panoramique","tag-plage","tag-plage-de-skagsanden","tag-pose-longue","tag-rocher"],"acf":[],"geo":{"latitude":68.1038361,"longitude":13.2857962,"description":"Ramberg, Nordland, 8388, NO"},"jetpack_publicize_connections":[],"jetpack_featured_media_url":"https:\/\/www.wallendorff.com\/belogue\/wp-content\/uploads\/2019\/05\/20190503.jpg","jetpack_shortlink":"https:\/\/wp.me\/p3b35P-aRb","jetpack_sharing_enabled":true,"jetpack-related-posts":[{"id":42152,"url":"https:\/\/www.wallendorff.com\/belogue\/2019\/06\/19\/au-gres-des-flous\/","url_meta":{"origin":41737,"position":0},"title":"Au gr\u00e8s des flous.","author":"dpc","date":"19 juin 2019","format":false,"excerpt":"Plage de Storsandnes, 6 mars 2019. \u00c7a, c'est ce que tu obtiens quand tu tr\u00e9buches sur ton tr\u00e9pied en plein pose longue. On appelle \u00e7a un heureux accident. [Mais je vous mets aussi la version stable, hein. \u00c0 vous de choisir votre pr\u00e9f\u00e9r\u00e9e.]","rel":"","context":"Dans &quot;DPC&quot;","block_context":{"text":"DPC","link":"https:\/\/www.wallendorff.com\/belogue\/category\/dpc\/"},"img":{"alt_text":"Plage de Storsandnes, 6 mars 2019","src":"https:\/\/i0.wp.com\/www.wallendorff.com\/belogue\/wp-content\/uploads\/2019\/06\/20190619-01.jpg?resize=350%2C200&ssl=1","width":350,"height":200,"srcset":"https:\/\/i0.wp.com\/www.wallendorff.com\/belogue\/wp-content\/uploads\/2019\/06\/20190619-01.jpg?resize=350%2C200&ssl=1 1x, https:\/\/i0.wp.com\/www.wallendorff.com\/belogue\/wp-content\/uploads\/2019\/06\/20190619-01.jpg?resize=525%2C300&ssl=1 1.5x, https:\/\/i0.wp.com\/www.wallendorff.com\/belogue\/wp-content\/uploads\/2019\/06\/20190619-01.jpg?resize=700%2C400&ssl=1 2x, https:\/\/i0.wp.com\/www.wallendorff.com\/belogue\/wp-content\/uploads\/2019\/06\/20190619-01.jpg?resize=1050%2C600&ssl=1 3x"},"classes":[]},{"id":41876,"url":"https:\/\/www.wallendorff.com\/belogue\/2019\/05\/20\/et-toi-la-mate-la\/","url_meta":{"origin":41737,"position":1},"title":"Et toi [la mate l\u00e0].","author":"dpc","date":"20 mai 2019","format":false,"excerpt":"Flakstad, 3 mars 2019. Jupiter 4 Sharon Van Etten","rel":"","context":"Dans &quot;DPC&quot;","block_context":{"text":"DPC","link":"https:\/\/www.wallendorff.com\/belogue\/category\/dpc\/"},"img":{"alt_text":"Flakstad, 03\/03\/2019","src":"https:\/\/i0.wp.com\/www.wallendorff.com\/belogue\/wp-content\/uploads\/2019\/05\/20190520.jpg?resize=350%2C200&ssl=1","width":350,"height":200,"srcset":"https:\/\/i0.wp.com\/www.wallendorff.com\/belogue\/wp-content\/uploads\/2019\/05\/20190520.jpg?resize=350%2C200&ssl=1 1x, https:\/\/i0.wp.com\/www.wallendorff.com\/belogue\/wp-content\/uploads\/2019\/05\/20190520.jpg?resize=525%2C300&ssl=1 1.5x, https:\/\/i0.wp.com\/www.wallendorff.com\/belogue\/wp-content\/uploads\/2019\/05\/20190520.jpg?resize=700%2C400&ssl=1 2x, https:\/\/i0.wp.com\/www.wallendorff.com\/belogue\/wp-content\/uploads\/2019\/05\/20190520.jpg?resize=1050%2C600&ssl=1 3x"},"classes":[]},{"id":41440,"url":"https:\/\/www.wallendorff.com\/belogue\/2019\/03\/31\/mars-2019\/","url_meta":{"origin":41737,"position":2},"title":"Mars 2019.","author":"dpc","date":"31 mars 2019","format":false,"excerpt":"Un avion, un gros tancarville, un sauna, un coucher de soleil, un avion, un lever de soleil, un dessin, un avion, une voiture, un arbre, un chalet, une \u00e9glise, un d\u00e9jeuner, un village, une bo\u00eete \u00e0 lettres, un lac, un port, un rorbu, un v\u00e9lo, une mouette, un coucher de\u2026","rel":"","context":"Dans &quot;Blog-note&quot;","block_context":{"text":"Blog-note","link":"https:\/\/www.wallendorff.com\/belogue\/category\/blog-note\/"},"img":{"alt_text":"","src":"https:\/\/i0.wp.com\/www.wallendorff.com\/belogue\/wp-content\/uploads\/2019\/04\/20190409-54.jpg?resize=350%2C200&ssl=1","width":350,"height":200,"srcset":"https:\/\/i0.wp.com\/www.wallendorff.com\/belogue\/wp-content\/uploads\/2019\/04\/20190409-54.jpg?resize=350%2C200&ssl=1 1x, https:\/\/i0.wp.com\/www.wallendorff.com\/belogue\/wp-content\/uploads\/2019\/04\/20190409-54.jpg?resize=525%2C300&ssl=1 1.5x, https:\/\/i0.wp.com\/www.wallendorff.com\/belogue\/wp-content\/uploads\/2019\/04\/20190409-54.jpg?resize=700%2C400&ssl=1 2x, https:\/\/i0.wp.com\/www.wallendorff.com\/belogue\/wp-content\/uploads\/2019\/04\/20190409-54.jpg?resize=1050%2C600&ssl=1 3x"},"classes":[]},{"id":41886,"url":"https:\/\/www.wallendorff.com\/belogue\/2019\/05\/23\/niveen\/","url_meta":{"origin":41737,"position":3},"title":"Niv\u00e9en.","author":"dpc","date":"23 mai 2019","format":false,"excerpt":"Flakstad, 4 mars 2019. Queen Drum (Henning F\u00fcrst remix) Young Galaxy","rel":"","context":"Dans &quot;DPC&quot;","block_context":{"text":"DPC","link":"https:\/\/www.wallendorff.com\/belogue\/category\/dpc\/"},"img":{"alt_text":"","src":"https:\/\/i0.wp.com\/www.wallendorff.com\/belogue\/wp-content\/uploads\/2019\/05\/20190523.jpg?resize=350%2C200&ssl=1","width":350,"height":200,"srcset":"https:\/\/i0.wp.com\/www.wallendorff.com\/belogue\/wp-content\/uploads\/2019\/05\/20190523.jpg?resize=350%2C200&ssl=1 1x, https:\/\/i0.wp.com\/www.wallendorff.com\/belogue\/wp-content\/uploads\/2019\/05\/20190523.jpg?resize=525%2C300&ssl=1 1.5x, https:\/\/i0.wp.com\/www.wallendorff.com\/belogue\/wp-content\/uploads\/2019\/05\/20190523.jpg?resize=700%2C400&ssl=1 2x, https:\/\/i0.wp.com\/www.wallendorff.com\/belogue\/wp-content\/uploads\/2019\/05\/20190523.jpg?resize=1050%2C600&ssl=1 3x"},"classes":[]},{"id":41288,"url":"https:\/\/www.wallendorff.com\/belogue\/2019\/03\/11\/la-petite-boutique-des-aurores-0\/","url_meta":{"origin":41737,"position":4},"title":"La petite boutique des aurores #0.","author":"dpc","date":"11 mars 2019","format":false,"excerpt":"Flakstad, 2 mars 2019. Pardon pour le long silence, j'\u00e9tais loin. On reprend demain. To the North Matthew and the Atlas","rel":"","context":"Dans &quot;DPC&quot;","block_context":{"text":"DPC","link":"https:\/\/www.wallendorff.com\/belogue\/category\/dpc\/"},"img":{"alt_text":"Flasktad, 02\/03\/2019","src":"https:\/\/i0.wp.com\/www.wallendorff.com\/belogue\/wp-content\/uploads\/2019\/03\/20190311.jpg?resize=350%2C200&ssl=1","width":350,"height":200,"srcset":"https:\/\/i0.wp.com\/www.wallendorff.com\/belogue\/wp-content\/uploads\/2019\/03\/20190311.jpg?resize=350%2C200&ssl=1 1x, https:\/\/i0.wp.com\/www.wallendorff.com\/belogue\/wp-content\/uploads\/2019\/03\/20190311.jpg?resize=525%2C300&ssl=1 1.5x, https:\/\/i0.wp.com\/www.wallendorff.com\/belogue\/wp-content\/uploads\/2019\/03\/20190311.jpg?resize=700%2C400&ssl=1 2x, https:\/\/i0.wp.com\/www.wallendorff.com\/belogue\/wp-content\/uploads\/2019\/03\/20190311.jpg?resize=1050%2C600&ssl=1 3x"},"classes":[]},{"id":42168,"url":"https:\/\/www.wallendorff.com\/belogue\/2019\/06\/20\/la-roche-posee\/","url_meta":{"origin":41737,"position":5},"title":"La roche pos\u00e9e.","author":"dpc","date":"20 juin 2019","format":false,"excerpt":"Plage de Storsandnes, 6 mars 2019. HumiliationThe National","rel":"","context":"Dans &quot;DPC&quot;","block_context":{"text":"DPC","link":"https:\/\/www.wallendorff.com\/belogue\/category\/dpc\/"},"img":{"alt_text":"Plage de Storsandnes, 6 mars 2019","src":"https:\/\/i0.wp.com\/www.wallendorff.com\/belogue\/wp-content\/uploads\/2019\/06\/20190620.jpg?resize=350%2C200&ssl=1","width":350,"height":200,"srcset":"https:\/\/i0.wp.com\/www.wallendorff.com\/belogue\/wp-content\/uploads\/2019\/06\/20190620.jpg?resize=350%2C200&ssl=1 1x, https:\/\/i0.wp.com\/www.wallendorff.com\/belogue\/wp-content\/uploads\/2019\/06\/20190620.jpg?resize=525%2C300&ssl=1 1.5x, https:\/\/i0.wp.com\/www.wallendorff.com\/belogue\/wp-content\/uploads\/2019\/06\/20190620.jpg?resize=700%2C400&ssl=1 2x, https:\/\/i0.wp.com\/www.wallendorff.com\/belogue\/wp-content\/uploads\/2019\/06\/20190620.jpg?resize=1050%2C600&ssl=1 3x"},"classes":[]}],"_links":{"self":[{"href":"https:\/\/www.wallendorff.com\/belogue\/wp-json\/wp\/v2\/posts\/41737","targetHints":{"allow":["GET"]}}],"collection":[{"href":"https:\/\/www.wallendorff.com\/belogue\/wp-json\/wp\/v2\/posts"}],"about":[{"href":"https:\/\/www.wallendorff.com\/belogue\/wp-json\/wp\/v2\/types\/post"}],"author":[{"embeddable":true,"href":"https:\/\/www.wallendorff.com\/belogue\/wp-json\/wp\/v2\/users\/1"}],"replies":[{"embeddable":true,"href":"https:\/\/www.wallendorff.com\/belogue\/wp-json\/wp\/v2\/comments?post=41737"}],"version-history":[{"count":1,"href":"https:\/\/www.wallendorff.com\/belogue\/wp-json\/wp\/v2\/posts\/41737\/revisions"}],"predecessor-version":[{"id":41739,"href":"https:\/\/www.wallendorff.com\/belogue\/wp-json\/wp\/v2\/posts\/41737\/revisions\/41739"}],"wp:featuredmedia":[{"embeddable":true,"href":"https:\/\/www.wallendorff.com\/belogue\/wp-json\/wp\/v2\/media\/41738"}],"wp:attachment":[{"href":"https:\/\/www.wallendorff.com\/belogue\/wp-json\/wp\/v2\/media?parent=41737"}],"wp:term":[{"taxonomy":"category","embeddable":true,"href":"https:\/\/www.wallendorff.com\/belogue\/wp-json\/wp\/v2\/categories?post=41737"},{"taxonomy":"post_tag","embeddable":true,"href":"https:\/\/www.wallendorff.com\/belogue\/wp-json\/wp\/v2\/tags?post=41737"}],"curies":[{"name":"wp","href":"https:\/\/api.w.org\/{rel}","templated":true}]}}