{"id":41734,"date":"2019-05-02T12:34:37","date_gmt":"2019-05-02T10:34:37","guid":{"rendered":"http:\/\/www.wallendorff.com\/belogue\/?p=41734"},"modified":"2019-05-02T12:34:37","modified_gmt":"2019-05-02T10:34:37","slug":"cetang-de-reflexion","status":"publish","type":"post","link":"https:\/\/www.wallendorff.com\/belogue\/2019\/05\/02\/cetang-de-reflexion\/","title":{"rendered":"C&rsquo;\u00e9tang de r\u00e9flexion."},"content":{"rendered":"<div id=\"photo\">\n<p><img decoding=\"async\" src=\"https:\/\/www.wallendorff.com\/belogue\/wp-content\/uploads\/2019\/05\/20190502.jpg\"><br \/>\nB&oslash;, 2<sup><\/sup> mars 2019.<\/p>\n<\/div>\n<div id=\"bandeson\">\n<p><img decoding=\"async\" src=\"https:\/\/www.wallendorff.com\/belogue\/photo\/pochettes\/s\/stevenson_laura-the_big_freeze.jpg\" align=\"left\"><a id=\"lienmp3\" style=\"font-weight: normal;\" href=\"http:\/\/www.youtube.com\/watch?v=Z0zcVEaAua0\"><em>Living Room, NY<\/em><\/a><br \/>\n<a href=\"https:\/\/www.laurastevenson.net\/\">Laura Stevenson<\/a><\/p>\n<\/div>\n","protected":false},"excerpt":{"rendered":"<p>B&oslash;, 2 mars 2019. Living Room, NY Laura Stevenson<\/p>\n","protected":false},"author":1,"featured_media":41735,"comment_status":"open","ping_status":"open","sticky":false,"template":"","format":"standard","meta":{"_acf_changed":false,"ngg_post_thumbnail":0,"jetpack_post_was_ever_published":false,"_jetpack_newsletter_access":"","_jetpack_dont_email_post_to_subs":false,"_jetpack_newsletter_tier_id":0,"_jetpack_memberships_contains_paywalled_content":false,"_jetpack_memberships_contains_paid_content":false,"footnotes":"","jetpack_publicize_message":"","jetpack_publicize_feature_enabled":true,"jetpack_social_post_already_shared":true,"jetpack_social_options":{"image_generator_settings":{"template":"highway","default_image_id":0,"font":"","enabled":false},"version":2}},"categories":[3],"tags":[15609,2571,8351,15496,10326,15497,15610,15611,15612,15495,10426,2357,10592,15570,10262],"class_list":["post-41734","post","type-post","status-publish","format-standard","has-post-thumbnail","hentry","category-dpc","tag-bo","tag-ef-16-35-mm-f28l-ii-usm","tag-eos-6d","tag-comte-de-nordland","tag-crepuscule","tag-flakstad","tag-flakstadpollen","tag-laura-stevenson","tag-living-room-ny","tag-lofoten","tag-montagne","tag-norvege","tag-pose-longue","tag-ramberg","tag-reflet"],"acf":[],"geo":{"latitude":68.0887909,"longitude":13.3092499,"description":"Ramberg, Nordland, 8388, NO"},"jetpack_publicize_connections":[],"jetpack_featured_media_url":"https:\/\/www.wallendorff.com\/belogue\/wp-content\/uploads\/2019\/05\/20190502.jpg","jetpack_shortlink":"https:\/\/wp.me\/p3b35P-aR8","jetpack_sharing_enabled":true,"jetpack-related-posts":[{"id":42679,"url":"https:\/\/www.wallendorff.com\/belogue\/2019\/07\/17\/la-petite-boutique-des-aurores-6\/","url_meta":{"origin":41734,"position":0},"title":"La petite boutique des aurores #6.","author":"dpc","date":"17 juillet 2019","format":false,"excerpt":"Fredvang, 7 mars 2019. Avec la participation du dos vigoureux et glabre de Seb Houis. Hum Laura Stevenson","rel":"","context":"Dans &quot;DPC&quot;","block_context":{"text":"DPC","link":"https:\/\/www.wallendorff.com\/belogue\/category\/dpc\/"},"img":{"alt_text":"","src":"https:\/\/i0.wp.com\/www.wallendorff.com\/belogue\/wp-content\/uploads\/2019\/07\/20190717.jpg?resize=350%2C200&ssl=1","width":350,"height":200,"srcset":"https:\/\/i0.wp.com\/www.wallendorff.com\/belogue\/wp-content\/uploads\/2019\/07\/20190717.jpg?resize=350%2C200&ssl=1 1x, https:\/\/i0.wp.com\/www.wallendorff.com\/belogue\/wp-content\/uploads\/2019\/07\/20190717.jpg?resize=525%2C300&ssl=1 1.5x, https:\/\/i0.wp.com\/www.wallendorff.com\/belogue\/wp-content\/uploads\/2019\/07\/20190717.jpg?resize=700%2C400&ssl=1 2x"},"classes":[]},{"id":41873,"url":"https:\/\/www.wallendorff.com\/belogue\/2019\/05\/17\/into-the-wide-173\/","url_meta":{"origin":41734,"position":1},"title":"Into the wide #173.","author":"dpc","date":"17 mai 2019","format":false,"excerpt":"Reine, 3 mars 2019. Perfect Laura Stevenson","rel":"","context":"Dans &quot;Into the wide&quot;","block_context":{"text":"Into the wide","link":"https:\/\/www.wallendorff.com\/belogue\/category\/into-the-wide\/"},"img":{"alt_text":"Reine, 3 mars 2019.","src":"https:\/\/i0.wp.com\/www.wallendorff.com\/belogue\/wp-content\/uploads\/2019\/05\/20190517.jpg?resize=350%2C200&ssl=1","width":350,"height":200,"srcset":"https:\/\/i0.wp.com\/www.wallendorff.com\/belogue\/wp-content\/uploads\/2019\/05\/20190517.jpg?resize=350%2C200&ssl=1 1x, https:\/\/i0.wp.com\/www.wallendorff.com\/belogue\/wp-content\/uploads\/2019\/05\/20190517.jpg?resize=525%2C300&ssl=1 1.5x, https:\/\/i0.wp.com\/www.wallendorff.com\/belogue\/wp-content\/uploads\/2019\/05\/20190517.jpg?resize=700%2C400&ssl=1 2x, https:\/\/i0.wp.com\/www.wallendorff.com\/belogue\/wp-content\/uploads\/2019\/05\/20190517.jpg?resize=1050%2C600&ssl=1 3x"},"classes":[]},{"id":43437,"url":"https:\/\/www.wallendorff.com\/belogue\/2019\/08\/09\/dor-et-des-gars\/","url_meta":{"origin":41734,"position":2},"title":"D&rsquo;or (et des gars).","author":"dpc","date":"9 ao\u00fbt 2019","format":false,"excerpt":"Canal du Danube, Vienne, 24 mars 2019. Low Slow Laura Stevenson","rel":"","context":"Dans &quot;DPC&quot;","block_context":{"text":"DPC","link":"https:\/\/www.wallendorff.com\/belogue\/category\/dpc\/"},"img":{"alt_text":"Canal du Danube, Vienne, 24 mars 2019.","src":"https:\/\/i0.wp.com\/www.wallendorff.com\/belogue\/wp-content\/uploads\/2019\/08\/20190809.jpg?resize=350%2C200&ssl=1","width":350,"height":200,"srcset":"https:\/\/i0.wp.com\/www.wallendorff.com\/belogue\/wp-content\/uploads\/2019\/08\/20190809.jpg?resize=350%2C200&ssl=1 1x, https:\/\/i0.wp.com\/www.wallendorff.com\/belogue\/wp-content\/uploads\/2019\/08\/20190809.jpg?resize=525%2C300&ssl=1 1.5x, https:\/\/i0.wp.com\/www.wallendorff.com\/belogue\/wp-content\/uploads\/2019\/08\/20190809.jpg?resize=700%2C400&ssl=1 2x"},"classes":[]},{"id":41440,"url":"https:\/\/www.wallendorff.com\/belogue\/2019\/03\/31\/mars-2019\/","url_meta":{"origin":41734,"position":3},"title":"Mars 2019.","author":"dpc","date":"31 mars 2019","format":false,"excerpt":"Un avion, un gros tancarville, un sauna, un coucher de soleil, un avion, un lever de soleil, un dessin, un avion, une voiture, un arbre, un chalet, une \u00e9glise, un d\u00e9jeuner, un village, une bo\u00eete \u00e0 lettres, un lac, un port, un rorbu, un v\u00e9lo, une mouette, un coucher de\u2026","rel":"","context":"Dans &quot;Blog-note&quot;","block_context":{"text":"Blog-note","link":"https:\/\/www.wallendorff.com\/belogue\/category\/blog-note\/"},"img":{"alt_text":"","src":"https:\/\/i0.wp.com\/www.wallendorff.com\/belogue\/wp-content\/uploads\/2019\/04\/20190409-54.jpg?resize=350%2C200&ssl=1","width":350,"height":200,"srcset":"https:\/\/i0.wp.com\/www.wallendorff.com\/belogue\/wp-content\/uploads\/2019\/04\/20190409-54.jpg?resize=350%2C200&ssl=1 1x, https:\/\/i0.wp.com\/www.wallendorff.com\/belogue\/wp-content\/uploads\/2019\/04\/20190409-54.jpg?resize=525%2C300&ssl=1 1.5x, https:\/\/i0.wp.com\/www.wallendorff.com\/belogue\/wp-content\/uploads\/2019\/04\/20190409-54.jpg?resize=700%2C400&ssl=1 2x, https:\/\/i0.wp.com\/www.wallendorff.com\/belogue\/wp-content\/uploads\/2019\/04\/20190409-54.jpg?resize=1050%2C600&ssl=1 3x"},"classes":[]},{"id":19644,"url":"https:\/\/www.wallendorff.com\/belogue\/2012\/11\/26\/bat-for-lashes-le-trianon-paris\/","url_meta":{"origin":41734,"position":4},"title":"Bat for Lashes @ le Trianon, Paris.","author":"dpc","date":"26 novembre 2012","format":false,"excerpt":"\u00a0Bat for Lashes \u2013 Laura","rel":"","context":"Dans &quot;Alive&quot;","block_context":{"text":"Alive","link":"https:\/\/www.wallendorff.com\/belogue\/category\/alive\/"},"img":{"alt_text":"","src":"https:\/\/i0.wp.com\/www.wallendorff.com\/belogue\/wp-content\/uploads\/2015\/04\/201211261.jpg?resize=350%2C200&ssl=1","width":350,"height":200,"srcset":"https:\/\/i0.wp.com\/www.wallendorff.com\/belogue\/wp-content\/uploads\/2015\/04\/201211261.jpg?resize=350%2C200&ssl=1 1x, https:\/\/i0.wp.com\/www.wallendorff.com\/belogue\/wp-content\/uploads\/2015\/04\/201211261.jpg?resize=525%2C300&ssl=1 1.5x, https:\/\/i0.wp.com\/www.wallendorff.com\/belogue\/wp-content\/uploads\/2015\/04\/201211261.jpg?resize=700%2C400&ssl=1 2x"},"classes":[]},{"id":29457,"url":"https:\/\/www.wallendorff.com\/belogue\/2015\/10\/17\/mama-event-paris-15-octobre\/","url_meta":{"origin":41734,"position":5},"title":"MaMA Event, Paris, 15 octobre.","author":"dpc","date":"17 octobre 2015","format":false,"excerpt":"","rel":"","context":"Dans &quot;Alive&quot;","block_context":{"text":"Alive","link":"https:\/\/www.wallendorff.com\/belogue\/category\/alive\/"},"img":{"alt_text":"","src":"https:\/\/i0.wp.com\/www.wallendorff.com\/belogue\/wp-content\/uploads\/2015\/10\/20151016-121.jpg?resize=350%2C200&ssl=1","width":350,"height":200,"srcset":"https:\/\/i0.wp.com\/www.wallendorff.com\/belogue\/wp-content\/uploads\/2015\/10\/20151016-121.jpg?resize=350%2C200&ssl=1 1x, https:\/\/i0.wp.com\/www.wallendorff.com\/belogue\/wp-content\/uploads\/2015\/10\/20151016-121.jpg?resize=525%2C300&ssl=1 1.5x, https:\/\/i0.wp.com\/www.wallendorff.com\/belogue\/wp-content\/uploads\/2015\/10\/20151016-121.jpg?resize=700%2C400&ssl=1 2x"},"classes":[]}],"_links":{"self":[{"href":"https:\/\/www.wallendorff.com\/belogue\/wp-json\/wp\/v2\/posts\/41734","targetHints":{"allow":["GET"]}}],"collection":[{"href":"https:\/\/www.wallendorff.com\/belogue\/wp-json\/wp\/v2\/posts"}],"about":[{"href":"https:\/\/www.wallendorff.com\/belogue\/wp-json\/wp\/v2\/types\/post"}],"author":[{"embeddable":true,"href":"https:\/\/www.wallendorff.com\/belogue\/wp-json\/wp\/v2\/users\/1"}],"replies":[{"embeddable":true,"href":"https:\/\/www.wallendorff.com\/belogue\/wp-json\/wp\/v2\/comments?post=41734"}],"version-history":[{"count":1,"href":"https:\/\/www.wallendorff.com\/belogue\/wp-json\/wp\/v2\/posts\/41734\/revisions"}],"predecessor-version":[{"id":41736,"href":"https:\/\/www.wallendorff.com\/belogue\/wp-json\/wp\/v2\/posts\/41734\/revisions\/41736"}],"wp:featuredmedia":[{"embeddable":true,"href":"https:\/\/www.wallendorff.com\/belogue\/wp-json\/wp\/v2\/media\/41735"}],"wp:attachment":[{"href":"https:\/\/www.wallendorff.com\/belogue\/wp-json\/wp\/v2\/media?parent=41734"}],"wp:term":[{"taxonomy":"category","embeddable":true,"href":"https:\/\/www.wallendorff.com\/belogue\/wp-json\/wp\/v2\/categories?post=41734"},{"taxonomy":"post_tag","embeddable":true,"href":"https:\/\/www.wallendorff.com\/belogue\/wp-json\/wp\/v2\/tags?post=41734"}],"curies":[{"name":"wp","href":"https:\/\/api.w.org\/{rel}","templated":true}]}}