{"id":41728,"date":"2019-04-29T11:23:23","date_gmt":"2019-04-29T09:23:23","guid":{"rendered":"http:\/\/www.wallendorff.com\/belogue\/?p=41728"},"modified":"2019-04-29T11:23:23","modified_gmt":"2019-04-29T09:23:23","slug":"du-phare-au-matin","status":"publish","type":"post","link":"https:\/\/www.wallendorff.com\/belogue\/2019\/04\/29\/du-phare-au-matin\/","title":{"rendered":"Du phare (au matin)."},"content":{"rendered":"<div id=\"photo\">\n<p><img decoding=\"async\" src=\"https:\/\/www.wallendorff.com\/belogue\/wp-content\/uploads\/2019\/04\/20190429.jpg\"><br \/>\nBod&oslash;, 2<sup><\/sup> mars 2019.<\/p>\n<\/div>\n<div id=\"bandeson\">\n<p><img decoding=\"async\" src=\"https:\/\/www.wallendorff.com\/belogue\/photo\/pochettes\/c\/crows-silver_tongues.jpg\" align=\"left\" \/><a href=\"http:\/\/www.youtube.com\/watch?v=-AEPRXP6j1c\" a style=\"font-weight:normal\" id=\"lienmp3\"><em>Hang Me High<\/em><\/a><br \/>\n<a href=\"https:\/\/www.facebook.com\/crowsband\/\">Crows<\/a><\/p>\n<\/div>\n","protected":false},"excerpt":{"rendered":"<p>Bod&oslash;, 2 mars 2019. Hang Me High Crows<\/p>\n","protected":false},"author":1,"featured_media":41729,"comment_status":"open","ping_status":"open","sticky":false,"template":"","format":"standard","meta":{"_acf_changed":false,"ngg_post_thumbnail":0,"jetpack_post_was_ever_published":false,"_jetpack_newsletter_access":"","_jetpack_dont_email_post_to_subs":false,"_jetpack_newsletter_tier_id":0,"_jetpack_memberships_contains_paywalled_content":false,"_jetpack_memberships_contains_paid_content":false,"footnotes":"","jetpack_publicize_message":"","jetpack_publicize_feature_enabled":true,"jetpack_social_post_already_shared":true,"jetpack_social_options":{"image_generator_settings":{"template":"highway","default_image_id":0,"font":"","enabled":false},"version":2}},"categories":[3],"tags":[10176,15524,15496,15511,14271,15309,15607,10483,2357,10817],"class_list":["post-41728","post","type-post","status-publish","format-standard","has-post-thumbnail","hentry","category-dpc","tag-avion","tag-bodo","tag-comte-de-nordland","tag-crows","tag-fujifilm-x-t2","tag-fujinon-xf-16-55-mm-f-2-8-r-lm-wr","tag-hang-me-high","tag-mer","tag-norvege","tag-phare"],"acf":[],"geo":{"latitude":67.2518005,"longitude":14.2190552,"description":null},"jetpack_publicize_connections":[],"jetpack_featured_media_url":"https:\/\/www.wallendorff.com\/belogue\/wp-content\/uploads\/2019\/04\/20190429.jpg","jetpack_shortlink":"https:\/\/wp.me\/p3b35P-aR2","jetpack_sharing_enabled":true,"jetpack-related-posts":[{"id":13304,"url":"https:\/\/www.wallendorff.com\/belogue\/2011\/09\/22\/phare-ouest\/","url_meta":{"origin":41728,"position":0},"title":"Phare-ouest.","author":"dpc","date":"22 septembre 2011","format":false,"excerpt":"K\u00e9rity, 6 ao\u00fbt. Cults \u2013 Abducted [youtube]http:\/\/www.youtube.com\/watch?v=I6VfmjfiEtg[\/youtube]","rel":"","context":"Dans &quot;DPC&quot;","block_context":{"text":"DPC","link":"https:\/\/www.wallendorff.com\/belogue\/category\/dpc\/"},"img":{"alt_text":"","src":"https:\/\/i0.wp.com\/www.wallendorff.com\/belogue\/wp-content\/uploads\/2015\/04\/201109221.jpg?resize=350%2C200&ssl=1","width":350,"height":200,"srcset":"https:\/\/i0.wp.com\/www.wallendorff.com\/belogue\/wp-content\/uploads\/2015\/04\/201109221.jpg?resize=350%2C200&ssl=1 1x, https:\/\/i0.wp.com\/www.wallendorff.com\/belogue\/wp-content\/uploads\/2015\/04\/201109221.jpg?resize=525%2C300&ssl=1 1.5x, https:\/\/i0.wp.com\/www.wallendorff.com\/belogue\/wp-content\/uploads\/2015\/04\/201109221.jpg?resize=700%2C400&ssl=1 2x"},"classes":[]},{"id":22756,"url":"https:\/\/www.wallendorff.com\/belogue\/2014\/04\/30\/phare-et-huit-lames\/","url_meta":{"origin":41728,"position":1},"title":"Phare et huit lames.","author":"dpc","date":"30 avril 2014","format":false,"excerpt":"Howth Head, 11 avril. Still Life The Horrors","rel":"","context":"Dans &quot;DPC&quot;","block_context":{"text":"DPC","link":"https:\/\/www.wallendorff.com\/belogue\/category\/dpc\/"},"img":{"alt_text":"","src":"https:\/\/i0.wp.com\/www.wallendorff.com\/belogue\/wp-content\/uploads\/2015\/04\/201404301.jpg?resize=350%2C200&ssl=1","width":350,"height":200,"srcset":"https:\/\/i0.wp.com\/www.wallendorff.com\/belogue\/wp-content\/uploads\/2015\/04\/201404301.jpg?resize=350%2C200&ssl=1 1x, https:\/\/i0.wp.com\/www.wallendorff.com\/belogue\/wp-content\/uploads\/2015\/04\/201404301.jpg?resize=525%2C300&ssl=1 1.5x, https:\/\/i0.wp.com\/www.wallendorff.com\/belogue\/wp-content\/uploads\/2015\/04\/201404301.jpg?resize=700%2C400&ssl=1 2x"},"classes":[]},{"id":20816,"url":"https:\/\/www.wallendorff.com\/belogue\/2013\/04\/29\/phare-ouest-2\/","url_meta":{"origin":41728,"position":2},"title":"Phare ouest.","author":"dpc","date":"29 avril 2013","format":false,"excerpt":"Saint-Malo, 23 f\u00e9vrier. Wedding SongYeah Yeah Yeahs","rel":"","context":"Dans &quot;DPC&quot;","block_context":{"text":"DPC","link":"https:\/\/www.wallendorff.com\/belogue\/category\/dpc\/"},"img":{"alt_text":"","src":"https:\/\/i0.wp.com\/www.wallendorff.com\/belogue\/wp-content\/uploads\/2015\/04\/20130429.jpg?resize=350%2C200&ssl=1","width":350,"height":200,"srcset":"https:\/\/i0.wp.com\/www.wallendorff.com\/belogue\/wp-content\/uploads\/2015\/04\/20130429.jpg?resize=350%2C200&ssl=1 1x, https:\/\/i0.wp.com\/www.wallendorff.com\/belogue\/wp-content\/uploads\/2015\/04\/20130429.jpg?resize=525%2C300&ssl=1 1.5x, https:\/\/i0.wp.com\/www.wallendorff.com\/belogue\/wp-content\/uploads\/2015\/04\/20130429.jpg?resize=700%2C400&ssl=1 2x"},"classes":[]},{"id":20047,"url":"https:\/\/www.wallendorff.com\/belogue\/2013\/01\/08\/phare-away\/","url_meta":{"origin":41728,"position":3},"title":"Phare, away.","author":"dpc","date":"8 janvier 2013","format":false,"excerpt":"Jet\u00e9e des P\u00e2quis, Gen\u00e8ve, 11 novembre 2012. Someone Told Me Jake Bugg","rel":"","context":"Dans &quot;DPC&quot;","block_context":{"text":"DPC","link":"https:\/\/www.wallendorff.com\/belogue\/category\/dpc\/"},"img":{"alt_text":"","src":"https:\/\/i0.wp.com\/www.wallendorff.com\/belogue\/wp-content\/uploads\/2015\/04\/201301081.jpg?resize=350%2C200&ssl=1","width":350,"height":200,"srcset":"https:\/\/i0.wp.com\/www.wallendorff.com\/belogue\/wp-content\/uploads\/2015\/04\/201301081.jpg?resize=350%2C200&ssl=1 1x, https:\/\/i0.wp.com\/www.wallendorff.com\/belogue\/wp-content\/uploads\/2015\/04\/201301081.jpg?resize=525%2C300&ssl=1 1.5x, https:\/\/i0.wp.com\/www.wallendorff.com\/belogue\/wp-content\/uploads\/2015\/04\/201301081.jpg?resize=700%2C400&ssl=1 2x"},"classes":[]},{"id":45714,"url":"https:\/\/www.wallendorff.com\/belogue\/2020\/05\/15\/phare-a-houer-soc-lose\/","url_meta":{"origin":41728,"position":4},"title":"Phare \u00e0 houer (soc l&rsquo;ose).","author":"dpc","date":"15 mai 2020","format":false,"excerpt":"Paris, 21 f\u00e9vrier 2020. \u00a0PJ Harvey \u2013 We Float","rel":"","context":"Dans &quot;DPC&quot;","block_context":{"text":"DPC","link":"https:\/\/www.wallendorff.com\/belogue\/category\/dpc\/"},"img":{"alt_text":"","src":"https:\/\/i0.wp.com\/www.wallendorff.com\/belogue\/wp-content\/uploads\/2020\/05\/20200515.gif?resize=350%2C200&ssl=1","width":350,"height":200,"srcset":"https:\/\/i0.wp.com\/www.wallendorff.com\/belogue\/wp-content\/uploads\/2020\/05\/20200515.gif?resize=350%2C200&ssl=1 1x, https:\/\/i0.wp.com\/www.wallendorff.com\/belogue\/wp-content\/uploads\/2020\/05\/20200515.gif?resize=525%2C300&ssl=1 1.5x, https:\/\/i0.wp.com\/www.wallendorff.com\/belogue\/wp-content\/uploads\/2020\/05\/20200515.gif?resize=700%2C400&ssl=1 2x"},"classes":[]},{"id":13290,"url":"https:\/\/www.wallendorff.com\/belogue\/2011\/09\/20\/phare-y-tasse1\/","url_meta":{"origin":41728,"position":5},"title":"Phare, y tasse1.","author":"dpc","date":"20 septembre 2011","format":false,"excerpt":"Penfret, 6 ao\u00fbt. ... Ou Guiriden, 6 ao\u00fbt, peut-\u00eatre, parce que s'il s'agit bien d'une photo de Penfret, elle a \u00e9t\u00e9 prise de Guiriden. Ce qui nous plonge dans le m\u00eame d\u00e9bat cosmique que l'ann\u00e9e derni\u00e8re avec la pointe du Van et la pointe du Raz [mais avec pas le\u2026","rel":"","context":"Dans &quot;DPC&quot;","block_context":{"text":"DPC","link":"https:\/\/www.wallendorff.com\/belogue\/category\/dpc\/"},"img":{"alt_text":"","src":"https:\/\/i0.wp.com\/www.wallendorff.com\/belogue\/wp-content\/uploads\/2015\/04\/201109201.jpg?resize=350%2C200&ssl=1","width":350,"height":200},"classes":[]}],"_links":{"self":[{"href":"https:\/\/www.wallendorff.com\/belogue\/wp-json\/wp\/v2\/posts\/41728","targetHints":{"allow":["GET"]}}],"collection":[{"href":"https:\/\/www.wallendorff.com\/belogue\/wp-json\/wp\/v2\/posts"}],"about":[{"href":"https:\/\/www.wallendorff.com\/belogue\/wp-json\/wp\/v2\/types\/post"}],"author":[{"embeddable":true,"href":"https:\/\/www.wallendorff.com\/belogue\/wp-json\/wp\/v2\/users\/1"}],"replies":[{"embeddable":true,"href":"https:\/\/www.wallendorff.com\/belogue\/wp-json\/wp\/v2\/comments?post=41728"}],"version-history":[{"count":1,"href":"https:\/\/www.wallendorff.com\/belogue\/wp-json\/wp\/v2\/posts\/41728\/revisions"}],"predecessor-version":[{"id":41730,"href":"https:\/\/www.wallendorff.com\/belogue\/wp-json\/wp\/v2\/posts\/41728\/revisions\/41730"}],"wp:featuredmedia":[{"embeddable":true,"href":"https:\/\/www.wallendorff.com\/belogue\/wp-json\/wp\/v2\/media\/41729"}],"wp:attachment":[{"href":"https:\/\/www.wallendorff.com\/belogue\/wp-json\/wp\/v2\/media?parent=41728"}],"wp:term":[{"taxonomy":"category","embeddable":true,"href":"https:\/\/www.wallendorff.com\/belogue\/wp-json\/wp\/v2\/categories?post=41728"},{"taxonomy":"post_tag","embeddable":true,"href":"https:\/\/www.wallendorff.com\/belogue\/wp-json\/wp\/v2\/tags?post=41728"}],"curies":[{"name":"wp","href":"https:\/\/api.w.org\/{rel}","templated":true}]}}