{"id":41664,"date":"2019-04-24T13:56:07","date_gmt":"2019-04-24T11:56:07","guid":{"rendered":"http:\/\/www.wallendorff.com\/belogue\/?p=41664"},"modified":"2019-04-25T13:25:14","modified_gmt":"2019-04-25T11:25:14","slug":"into-the-wide-170","status":"publish","type":"post","link":"https:\/\/www.wallendorff.com\/belogue\/2019\/04\/24\/into-the-wide-170\/","title":{"rendered":"Into the wide #170."},"content":{"rendered":"<div id=\"photo\">\n<p><img decoding=\"async\" src=\"https:\/\/www.wallendorff.com\/belogue\/wp-content\/uploads\/2019\/04\/20190424.jpg\"><br \/>\nOp&eacute;ra d&rsquo;Oslo, 1<sup>er<\/sup> mars 2019.<\/p>\n<\/div>\n<div id=\"bandeson\">\n<p><img decoding=\"async\" src=\"https:\/\/www.wallendorff.com\/belogue\/photo\/pochettes\/f\/foals-everything_not_saved_will_be_lost_part_1.jpg\" align=\"left\" \/><a href=\"http:\/\/www.youtube.com\/watch?v=4CAXa8SvjjE\" a style=\"font-weight:normal\" id=\"lienmp3\"><em>Caf\u00e9 d&rsquo;Ath\u00e8nes<\/em><\/a><br \/>\n<a href=\"http:\/\/foals.co.uk\/\">Foals<\/a><\/p>\n<\/div>\n","protected":false},"excerpt":{"rendered":"<p>Op&eacute;ra d&rsquo;Oslo, 1er mars 2019. Caf\u00e9 d&rsquo;Ath\u00e8nes Foals<\/p>\n","protected":false},"author":1,"featured_media":41666,"comment_status":"open","ping_status":"open","sticky":false,"template":"","format":"standard","meta":{"_acf_changed":false,"ngg_post_thumbnail":0,"jetpack_post_was_ever_published":false,"_jetpack_newsletter_access":"","_jetpack_dont_email_post_to_subs":false,"_jetpack_newsletter_tier_id":0,"_jetpack_memberships_contains_paywalled_content":false,"_jetpack_memberships_contains_paid_content":false,"footnotes":"","jetpack_publicize_message":"","jetpack_publicize_feature_enabled":true,"jetpack_social_post_already_shared":true,"jetpack_social_options":{"image_generator_settings":{"template":"highway","default_image_id":0,"font":"","enabled":false},"version":2}},"categories":[7356],"tags":[15604,13823,10326,10222,14271,15309,13860,2357,3951,13877,2398,11323,10592],"class_list":["post-41664","post","type-post","status-publish","format-standard","has-post-thumbnail","hentry","category-into-the-wide","tag-cafe-dathenes","tag-comte-dakershus","tag-crepuscule","tag-foals","tag-fujifilm-x-t2","tag-fujinon-xf-16-55-mm-f-2-8-r-lm-wr","tag-kirsten-flagstads-plass","tag-norvege","tag-opera","tag-opera-doslo","tag-oslo","tag-panoramique","tag-pose-longue"],"acf":[],"geo":{"latitude":59.9078369,"longitude":10.7517958,"description":"Oslo, Oslo, 0908, NO"},"jetpack_publicize_connections":[],"jetpack_featured_media_url":"https:\/\/www.wallendorff.com\/belogue\/wp-content\/uploads\/2019\/04\/20190424.jpg","jetpack_shortlink":"https:\/\/wp.me\/p3b35P-aQ0","jetpack_sharing_enabled":true,"jetpack-related-posts":[{"id":41578,"url":"https:\/\/www.wallendorff.com\/belogue\/2019\/04\/11\/des-centres-aux-envers\/","url_meta":{"origin":41664,"position":0},"title":"Des centres [aux envers].","author":"dpc","date":"11 avril 2019","format":false,"excerpt":"Op\u00e9ra d'Oslo, 1er mars 2019. [Photo pr\u00e9par\u00e9e en \u00e9coutant cet \u00e9pisode-ci de ce podcast-l\u00e0.] Seventeen Sharon Van Etten","rel":"","context":"Dans &quot;DPC&quot;","block_context":{"text":"DPC","link":"https:\/\/www.wallendorff.com\/belogue\/category\/dpc\/"},"img":{"alt_text":"Op&eacute;ra d'Oslo, 1er mars 2019.","src":"https:\/\/i0.wp.com\/www.wallendorff.com\/belogue\/wp-content\/uploads\/2019\/04\/20190411.jpg?resize=350%2C200&ssl=1","width":350,"height":200,"srcset":"https:\/\/i0.wp.com\/www.wallendorff.com\/belogue\/wp-content\/uploads\/2019\/04\/20190411.jpg?resize=350%2C200&ssl=1 1x, https:\/\/i0.wp.com\/www.wallendorff.com\/belogue\/wp-content\/uploads\/2019\/04\/20190411.jpg?resize=525%2C300&ssl=1 1.5x, https:\/\/i0.wp.com\/www.wallendorff.com\/belogue\/wp-content\/uploads\/2019\/04\/20190411.jpg?resize=700%2C400&ssl=1 2x, https:\/\/i0.wp.com\/www.wallendorff.com\/belogue\/wp-content\/uploads\/2019\/04\/20190411.jpg?resize=1050%2C600&ssl=1 3x"},"classes":[]},{"id":34315,"url":"https:\/\/www.wallendorff.com\/belogue\/2017\/06\/16\/les-yeux-dans-le-bleu\/","url_meta":{"origin":41664,"position":1},"title":"Les yeux dans le bleu.","author":"dpc","date":"16 juin 2017","format":false,"excerpt":"Op\u00e9ra d'Oslo, 6 mai. Oh Woman, Oh ManLondon Grammar","rel":"","context":"Dans &quot;DPC&quot;","block_context":{"text":"DPC","link":"https:\/\/www.wallendorff.com\/belogue\/category\/dpc\/"},"img":{"alt_text":"","src":"https:\/\/i0.wp.com\/www.wallendorff.com\/belogue\/wp-content\/uploads\/2017\/06\/20170616.jpg?resize=350%2C200&ssl=1","width":350,"height":200,"srcset":"https:\/\/i0.wp.com\/www.wallendorff.com\/belogue\/wp-content\/uploads\/2017\/06\/20170616.jpg?resize=350%2C200&ssl=1 1x, https:\/\/i0.wp.com\/www.wallendorff.com\/belogue\/wp-content\/uploads\/2017\/06\/20170616.jpg?resize=525%2C300&ssl=1 1.5x"},"classes":[]},{"id":41440,"url":"https:\/\/www.wallendorff.com\/belogue\/2019\/03\/31\/mars-2019\/","url_meta":{"origin":41664,"position":2},"title":"Mars 2019.","author":"dpc","date":"31 mars 2019","format":false,"excerpt":"Un avion, un gros tancarville, un sauna, un coucher de soleil, un avion, un lever de soleil, un dessin, un avion, une voiture, un arbre, un chalet, une \u00e9glise, un d\u00e9jeuner, un village, une bo\u00eete \u00e0 lettres, un lac, un port, un rorbu, un v\u00e9lo, une mouette, un coucher de\u2026","rel":"","context":"Dans &quot;Blog-note&quot;","block_context":{"text":"Blog-note","link":"https:\/\/www.wallendorff.com\/belogue\/category\/blog-note\/"},"img":{"alt_text":"","src":"https:\/\/i0.wp.com\/www.wallendorff.com\/belogue\/wp-content\/uploads\/2019\/04\/20190409-54.jpg?resize=350%2C200&ssl=1","width":350,"height":200,"srcset":"https:\/\/i0.wp.com\/www.wallendorff.com\/belogue\/wp-content\/uploads\/2019\/04\/20190409-54.jpg?resize=350%2C200&ssl=1 1x, https:\/\/i0.wp.com\/www.wallendorff.com\/belogue\/wp-content\/uploads\/2019\/04\/20190409-54.jpg?resize=525%2C300&ssl=1 1.5x, https:\/\/i0.wp.com\/www.wallendorff.com\/belogue\/wp-content\/uploads\/2019\/04\/20190409-54.jpg?resize=700%2C400&ssl=1 2x, https:\/\/i0.wp.com\/www.wallendorff.com\/belogue\/wp-content\/uploads\/2019\/04\/20190409-54.jpg?resize=1050%2C600&ssl=1 3x"},"classes":[]},{"id":34322,"url":"https:\/\/www.wallendorff.com\/belogue\/2017\/06\/19\/into-the-wide-98-99\/","url_meta":{"origin":41664,"position":3},"title":"Into the wide #98, 99.","author":"dpc","date":"19 juin 2017","format":false,"excerpt":"Slottsparken, Oslo, 6 mai. Sleep Royal Blood","rel":"","context":"Dans &quot;Into the wide&quot;","block_context":{"text":"Into the wide","link":"https:\/\/www.wallendorff.com\/belogue\/category\/into-the-wide\/"},"img":{"alt_text":"","src":"https:\/\/i0.wp.com\/www.wallendorff.com\/belogue\/wp-content\/uploads\/2017\/06\/20170619-01.jpg?resize=350%2C200&ssl=1","width":350,"height":200,"srcset":"https:\/\/i0.wp.com\/www.wallendorff.com\/belogue\/wp-content\/uploads\/2017\/06\/20170619-01.jpg?resize=350%2C200&ssl=1 1x, https:\/\/i0.wp.com\/www.wallendorff.com\/belogue\/wp-content\/uploads\/2017\/06\/20170619-01.jpg?resize=525%2C300&ssl=1 1.5x, https:\/\/i0.wp.com\/www.wallendorff.com\/belogue\/wp-content\/uploads\/2017\/06\/20170619-01.jpg?resize=700%2C400&ssl=1 2x"},"classes":[]},{"id":34420,"url":"https:\/\/www.wallendorff.com\/belogue\/2017\/07\/12\/salle-des-pains-perdus\/","url_meta":{"origin":41664,"position":4},"title":"Salle des pains perdus.","author":"dpc","date":"12 juillet 2017","format":false,"excerpt":"H\u00f4tel de ville d'Oslo, 8 mai. Junk FoodFindlay","rel":"","context":"Dans &quot;DPC&quot;","block_context":{"text":"DPC","link":"https:\/\/www.wallendorff.com\/belogue\/category\/dpc\/"},"img":{"alt_text":"","src":"https:\/\/i0.wp.com\/www.wallendorff.com\/belogue\/wp-content\/uploads\/2017\/07\/20170712.jpg?resize=350%2C200&ssl=1","width":350,"height":200,"srcset":"https:\/\/i0.wp.com\/www.wallendorff.com\/belogue\/wp-content\/uploads\/2017\/07\/20170712.jpg?resize=350%2C200&ssl=1 1x, https:\/\/i0.wp.com\/www.wallendorff.com\/belogue\/wp-content\/uploads\/2017\/07\/20170712.jpg?resize=525%2C300&ssl=1 1.5x"},"classes":[]},{"id":3689,"url":"https:\/\/www.wallendorff.com\/belogue\/2008\/12\/18\/lapereau-sur-les-aulx1\/","url_meta":{"origin":41664,"position":5},"title":"Lapereau sur les aulx1.","author":"dpc","date":"18 d\u00e9cembre 2008","format":false,"excerpt":"Operaen, Bj\u00f8rvika, Oslo, 18 novembre. The Kills \u2013 Goodnight Bad Morning _____ 1 Parce que les amateurs de cuisine \u00e0 l'ail ont eux aussi droit \u00e0 leurs mots-cl\u00e9s personnalis\u00e9s.","rel":"","context":"Dans &quot;DPC&quot;","block_context":{"text":"DPC","link":"https:\/\/www.wallendorff.com\/belogue\/category\/dpc\/"},"img":{"alt_text":"","src":"https:\/\/i0.wp.com\/www.wallendorff.com\/belogue\/wp-content\/uploads\/2015\/04\/200812181.jpg?resize=350%2C200&ssl=1","width":350,"height":200},"classes":[]}],"_links":{"self":[{"href":"https:\/\/www.wallendorff.com\/belogue\/wp-json\/wp\/v2\/posts\/41664","targetHints":{"allow":["GET"]}}],"collection":[{"href":"https:\/\/www.wallendorff.com\/belogue\/wp-json\/wp\/v2\/posts"}],"about":[{"href":"https:\/\/www.wallendorff.com\/belogue\/wp-json\/wp\/v2\/types\/post"}],"author":[{"embeddable":true,"href":"https:\/\/www.wallendorff.com\/belogue\/wp-json\/wp\/v2\/users\/1"}],"replies":[{"embeddable":true,"href":"https:\/\/www.wallendorff.com\/belogue\/wp-json\/wp\/v2\/comments?post=41664"}],"version-history":[{"count":2,"href":"https:\/\/www.wallendorff.com\/belogue\/wp-json\/wp\/v2\/posts\/41664\/revisions"}],"predecessor-version":[{"id":41667,"href":"https:\/\/www.wallendorff.com\/belogue\/wp-json\/wp\/v2\/posts\/41664\/revisions\/41667"}],"wp:featuredmedia":[{"embeddable":true,"href":"https:\/\/www.wallendorff.com\/belogue\/wp-json\/wp\/v2\/media\/41666"}],"wp:attachment":[{"href":"https:\/\/www.wallendorff.com\/belogue\/wp-json\/wp\/v2\/media?parent=41664"}],"wp:term":[{"taxonomy":"category","embeddable":true,"href":"https:\/\/www.wallendorff.com\/belogue\/wp-json\/wp\/v2\/categories?post=41664"},{"taxonomy":"post_tag","embeddable":true,"href":"https:\/\/www.wallendorff.com\/belogue\/wp-json\/wp\/v2\/tags?post=41664"}],"curies":[{"name":"wp","href":"https:\/\/api.w.org\/{rel}","templated":true}]}}