{"id":41622,"date":"2019-04-17T14:57:16","date_gmt":"2019-04-17T12:57:16","guid":{"rendered":"http:\/\/www.wallendorff.com\/belogue\/?p=41622"},"modified":"2019-04-25T13:24:32","modified_gmt":"2019-04-25T11:24:32","slug":"portrait-147","status":"publish","type":"post","link":"https:\/\/www.wallendorff.com\/belogue\/2019\/04\/17\/portrait-147\/","title":{"rendered":"Portrait #147."},"content":{"rendered":"<div id=\"photo\">\n<p><img decoding=\"async\" src=\"https:\/\/www.wallendorff.com\/belogue\/wp-content\/uploads\/2019\/04\/20190417-01.jpg\"><br \/>\nReset Bar, Paris, 20 mars 2019.<\/p>\n<\/div>\n<p style=\"text-align:right\">Merci au <a href=\"http:\/\/www.reset.bar\/\">Reset Bar<\/a> pour leur accueil.<\/p>\n<div id=\"photo2\">\n<p><img decoding=\"async\" src=\"https:\/\/www.wallendorff.com\/belogue\/wp-content\/uploads\/2019\/04\/20190417-02.jpg\"><\/p>\n<\/div>\n<div id=\"photo2\">\n<p><img decoding=\"async\" src=\"https:\/\/www.wallendorff.com\/belogue\/wp-content\/uploads\/2019\/04\/20190417-04.jpg\"><\/p>\n<\/div>\n<div id=\"photo2\">\n<p><img decoding=\"async\" src=\"https:\/\/www.wallendorff.com\/belogue\/wp-content\/uploads\/2019\/04\/20190417-03.jpg\"><\/p>\n<\/div>\n<div id=\"photo2\">\n<p><img decoding=\"async\" src=\"https:\/\/www.wallendorff.com\/belogue\/wp-content\/uploads\/2019\/04\/20190417-05.jpg\"><\/p>\n<\/div>\n","protected":false},"excerpt":{"rendered":"<p>Reset Bar, Paris, 20 mars 2019. Merci au Reset Bar pour leur accueil.<\/p>\n","protected":false},"author":1,"featured_media":41623,"comment_status":"open","ping_status":"open","sticky":false,"template":"","format":"standard","meta":{"_acf_changed":false,"ngg_post_thumbnail":0,"jetpack_post_was_ever_published":false,"_jetpack_newsletter_access":"","_jetpack_dont_email_post_to_subs":false,"_jetpack_newsletter_tier_id":0,"_jetpack_memberships_contains_paywalled_content":false,"_jetpack_memberships_contains_paid_content":false,"footnotes":"","jetpack_publicize_message":"","jetpack_publicize_feature_enabled":true,"jetpack_social_post_already_shared":true,"jetpack_social_options":{"image_generator_settings":{"template":"highway","default_image_id":0,"font":"","enabled":false},"version":2}},"categories":[8],"tags":[10182,10115,2571,1438,8351,10120,10121,10098,10272,15598,10376,15572,436],"class_list":["post-41622","post","type-post","status-publish","format-standard","has-post-thumbnail","hentry","category-portraits","tag-10182","tag-bar","tag-ef-16-35-mm-f28l-ii-usm","tag-ef-50-mm-f14-usm","tag-eos-6d","tag-france","tag-ile-de-france","tag-paris","tag-portrait","tag-powerdisc","tag-promo","tag-reset-bar","tag-rue-du-cygne"],"acf":[],"geo":{"latitude":48.8633614,"longitude":2.3482525,"description":null},"jetpack_publicize_connections":[],"jetpack_featured_media_url":"https:\/\/www.wallendorff.com\/belogue\/wp-content\/uploads\/2019\/04\/20190417-01.jpg","jetpack_shortlink":"https:\/\/wp.me\/p3b35P-aPk","jetpack_sharing_enabled":true,"jetpack-related-posts":[{"id":3838,"url":"https:\/\/www.wallendorff.com\/belogue\/2009\/01\/24\/shooting-people-45\/","url_meta":{"origin":41622,"position":0},"title":"Shooting people #45.","author":"dpc","date":"24 janvier 2009","format":false,"excerpt":"Plan\u00e8te Mars, Paris, 23 janvier. There's no place like les toilettes de bar. Infadels \u2013 Circus of the Mad","rel":"","context":"Dans &quot;Portraits&quot;","block_context":{"text":"Portraits","link":"https:\/\/www.wallendorff.com\/belogue\/category\/portraits\/"},"img":{"alt_text":"","src":"https:\/\/i0.wp.com\/www.wallendorff.com\/belogue\/wp-content\/uploads\/2015\/04\/20090124-011.jpg?resize=350%2C200&ssl=1","width":350,"height":200},"classes":[]},{"id":4425,"url":"https:\/\/www.wallendorff.com\/belogue\/2009\/07\/31\/shooting-people-53\/","url_meta":{"origin":41622,"position":1},"title":"Shooting people #53.","author":"dpc","date":"31 juillet 2009","format":false,"excerpt":"Garden Bowl, D\u00e9troit, 3 mai. Feeder \u2013 Just a Day","rel":"","context":"Dans &quot;Portraits&quot;","block_context":{"text":"Portraits","link":"https:\/\/www.wallendorff.com\/belogue\/category\/portraits\/"},"img":{"alt_text":"","src":"https:\/\/i0.wp.com\/www.wallendorff.com\/belogue\/wp-content\/uploads\/2015\/04\/200907311.jpg?resize=350%2C200&ssl=1","width":350,"height":200,"srcset":"https:\/\/i0.wp.com\/www.wallendorff.com\/belogue\/wp-content\/uploads\/2015\/04\/200907311.jpg?resize=350%2C200&ssl=1 1x, https:\/\/i0.wp.com\/www.wallendorff.com\/belogue\/wp-content\/uploads\/2015\/04\/200907311.jpg?resize=525%2C300&ssl=1 1.5x, https:\/\/i0.wp.com\/www.wallendorff.com\/belogue\/wp-content\/uploads\/2015\/04\/200907311.jpg?resize=700%2C400&ssl=1 2x"},"classes":[]},{"id":43445,"url":"https:\/\/www.wallendorff.com\/belogue\/2019\/08\/14\/portrait-148\/","url_meta":{"origin":41622,"position":2},"title":"Portrait #148.","author":"dpc","date":"14 ao\u00fbt 2019","format":false,"excerpt":"Le Pigalle, Paris, 1er mai 2019.","rel":"","context":"Dans &quot;Portraits&quot;","block_context":{"text":"Portraits","link":"https:\/\/www.wallendorff.com\/belogue\/category\/portraits\/"},"img":{"alt_text":"","src":"https:\/\/i0.wp.com\/www.wallendorff.com\/belogue\/wp-content\/uploads\/2019\/08\/20190814-02.jpg?resize=350%2C200&ssl=1","width":350,"height":200,"srcset":"https:\/\/i0.wp.com\/www.wallendorff.com\/belogue\/wp-content\/uploads\/2019\/08\/20190814-02.jpg?resize=350%2C200&ssl=1 1x, https:\/\/i0.wp.com\/www.wallendorff.com\/belogue\/wp-content\/uploads\/2019\/08\/20190814-02.jpg?resize=525%2C300&ssl=1 1.5x, https:\/\/i0.wp.com\/www.wallendorff.com\/belogue\/wp-content\/uploads\/2019\/08\/20190814-02.jpg?resize=700%2C400&ssl=1 2x"},"classes":[]},{"id":41075,"url":"https:\/\/www.wallendorff.com\/belogue\/2019\/02\/01\/portrait-145\/","url_meta":{"origin":41622,"position":3},"title":"Portrait #146.","author":"dpc","date":"1 f\u00e9vrier 2019","format":false,"excerpt":"Place du Panth\u00e9on, Paris, 9 janvier 2019.","rel":"","context":"Dans &quot;Portraits&quot;","block_context":{"text":"Portraits","link":"https:\/\/www.wallendorff.com\/belogue\/category\/portraits\/"},"img":{"alt_text":"","src":"https:\/\/i0.wp.com\/www.wallendorff.com\/belogue\/wp-content\/uploads\/2019\/02\/20190201-03.jpg?resize=350%2C200&ssl=1","width":350,"height":200,"srcset":"https:\/\/i0.wp.com\/www.wallendorff.com\/belogue\/wp-content\/uploads\/2019\/02\/20190201-03.jpg?resize=350%2C200&ssl=1 1x, https:\/\/i0.wp.com\/www.wallendorff.com\/belogue\/wp-content\/uploads\/2019\/02\/20190201-03.jpg?resize=525%2C300&ssl=1 1.5x, https:\/\/i0.wp.com\/www.wallendorff.com\/belogue\/wp-content\/uploads\/2019\/02\/20190201-03.jpg?resize=700%2C400&ssl=1 2x, https:\/\/i0.wp.com\/www.wallendorff.com\/belogue\/wp-content\/uploads\/2019\/02\/20190201-03.jpg?resize=1050%2C600&ssl=1 3x"},"classes":[]},{"id":12967,"url":"https:\/\/www.wallendorff.com\/belogue\/2011\/07\/05\/main-square-festival-jour-1\/","url_meta":{"origin":41622,"position":4},"title":"Main Square Festival 2011, jour 1.","author":"dpc","date":"5 juillet 2011","format":false,"excerpt":"Un bracelet bleu, du soleil, de la poussi\u00e8re, un biscuit mou mou, des bi\u00e8res qui volent, des gens en latex, une couille, des sandouiches \u00e0 la viande, une culotte, des barbes, des Anglais, des chapeaux Ricard\u00ae et une \u00e9chancrure. La suite demain. \u00a0Shaka Ponk \u2013 Reset After All Warpaint, Green\u2026","rel":"","context":"Dans &quot;Alive&quot;","block_context":{"text":"Alive","link":"https:\/\/www.wallendorff.com\/belogue\/category\/alive\/"},"img":{"alt_text":"","src":"https:\/\/i0.wp.com\/www.wallendorff.com\/belogue\/wp-content\/uploads\/2015\/04\/201107051.jpg?resize=350%2C200&ssl=1","width":350,"height":200,"srcset":"https:\/\/i0.wp.com\/www.wallendorff.com\/belogue\/wp-content\/uploads\/2015\/04\/201107051.jpg?resize=350%2C200&ssl=1 1x, https:\/\/i0.wp.com\/www.wallendorff.com\/belogue\/wp-content\/uploads\/2015\/04\/201107051.jpg?resize=525%2C300&ssl=1 1.5x, https:\/\/i0.wp.com\/www.wallendorff.com\/belogue\/wp-content\/uploads\/2015\/04\/201107051.jpg?resize=700%2C400&ssl=1 2x"},"classes":[]},{"id":4371,"url":"https:\/\/www.wallendorff.com\/belogue\/2009\/07\/15\/the-warlocks-la-maroquinerie-paris-10-juillet\/","url_meta":{"origin":41622,"position":5},"title":"The Warlocks @ la Maroquinerie, Paris, 10 juillet.","author":"dpc","date":"15 juillet 2009","format":false,"excerpt":"","rel":"","context":"Dans &quot;Alive&quot;","block_context":{"text":"Alive","link":"https:\/\/www.wallendorff.com\/belogue\/category\/alive\/"},"img":{"alt_text":"","src":"https:\/\/i0.wp.com\/www.wallendorff.com\/belogue\/wp-content\/uploads\/2015\/04\/20090715-011.jpg?resize=350%2C200&ssl=1","width":350,"height":200,"srcset":"https:\/\/i0.wp.com\/www.wallendorff.com\/belogue\/wp-content\/uploads\/2015\/04\/20090715-011.jpg?resize=350%2C200&ssl=1 1x, https:\/\/i0.wp.com\/www.wallendorff.com\/belogue\/wp-content\/uploads\/2015\/04\/20090715-011.jpg?resize=525%2C300&ssl=1 1.5x, https:\/\/i0.wp.com\/www.wallendorff.com\/belogue\/wp-content\/uploads\/2015\/04\/20090715-011.jpg?resize=700%2C400&ssl=1 2x"},"classes":[]}],"_links":{"self":[{"href":"https:\/\/www.wallendorff.com\/belogue\/wp-json\/wp\/v2\/posts\/41622","targetHints":{"allow":["GET"]}}],"collection":[{"href":"https:\/\/www.wallendorff.com\/belogue\/wp-json\/wp\/v2\/posts"}],"about":[{"href":"https:\/\/www.wallendorff.com\/belogue\/wp-json\/wp\/v2\/types\/post"}],"author":[{"embeddable":true,"href":"https:\/\/www.wallendorff.com\/belogue\/wp-json\/wp\/v2\/users\/1"}],"replies":[{"embeddable":true,"href":"https:\/\/www.wallendorff.com\/belogue\/wp-json\/wp\/v2\/comments?post=41622"}],"version-history":[{"count":3,"href":"https:\/\/www.wallendorff.com\/belogue\/wp-json\/wp\/v2\/posts\/41622\/revisions"}],"predecessor-version":[{"id":41630,"href":"https:\/\/www.wallendorff.com\/belogue\/wp-json\/wp\/v2\/posts\/41622\/revisions\/41630"}],"wp:featuredmedia":[{"embeddable":true,"href":"https:\/\/www.wallendorff.com\/belogue\/wp-json\/wp\/v2\/media\/41623"}],"wp:attachment":[{"href":"https:\/\/www.wallendorff.com\/belogue\/wp-json\/wp\/v2\/media?parent=41622"}],"wp:term":[{"taxonomy":"category","embeddable":true,"href":"https:\/\/www.wallendorff.com\/belogue\/wp-json\/wp\/v2\/categories?post=41622"},{"taxonomy":"post_tag","embeddable":true,"href":"https:\/\/www.wallendorff.com\/belogue\/wp-json\/wp\/v2\/tags?post=41622"}],"curies":[{"name":"wp","href":"https:\/\/api.w.org\/{rel}","templated":true}]}}