{"id":41578,"date":"2019-04-11T14:21:42","date_gmt":"2019-04-11T12:21:42","guid":{"rendered":"http:\/\/www.wallendorff.com\/belogue\/?p=41578"},"modified":"2019-07-18T10:20:10","modified_gmt":"2019-07-18T08:20:10","slug":"des-centres-aux-envers","status":"publish","type":"post","link":"https:\/\/www.wallendorff.com\/belogue\/2019\/04\/11\/des-centres-aux-envers\/","title":{"rendered":"Des centres [aux envers]."},"content":{"rendered":"<div id=\"photo\">\n<p><img decoding=\"async\" src=\"https:\/\/www.wallendorff.com\/belogue\/wp-content\/uploads\/2019\/04\/20190411.jpg\"><br \/>\nOp&eacute;ra d&rsquo;Oslo, 1<sup>er<\/sup> mars 2019.<\/p>\n<\/div>\n<p style=\"text-align:right\">[Photo pr&eacute;par&eacute;e en &eacute;coutant cet <a href=\"http:\/\/songexploder.net\/sharon-van-etten\">&eacute;pisode-ci<\/a> de ce <a href=\"http:\/\/songexploder.net\/\">podcast-l\u00e0<\/a>.]<\/p>\n<div id=\"bandeson\">\n<p><img decoding=\"async\" src=\"https:\/\/www.wallendorff.com\/belogue\/photo\/pochettes\/v\/van_etten_sharon-remind_me_tomorrow.jpg\" align=\"left\"><a id=\"lienmp3\" style=\"font-weight: normal;\" href=\"http:\/\/www.youtube.com\/watch?v=j7sTHoeH0eA\"><em>Seventeen<\/em><\/a><br \/>\n<a href=\"https:\/\/www.sharonvanetten.com\/\">Sharon Van Etten<\/a><\/p>\n<\/div>\n","protected":false},"excerpt":{"rendered":"<p>Op&eacute;ra d&rsquo;Oslo, 1er mars 2019. [Photo pr&eacute;par&eacute;e en &eacute;coutant cet &eacute;pisode-ci de ce podcast-l\u00e0.] Seventeen Sharon Van Etten<\/p>\n","protected":false},"author":1,"featured_media":41579,"comment_status":"open","ping_status":"open","sticky":false,"template":"","format":"standard","meta":{"_acf_changed":false,"ngg_post_thumbnail":0,"jetpack_post_was_ever_published":false,"_jetpack_newsletter_access":"","_jetpack_dont_email_post_to_subs":false,"_jetpack_newsletter_tier_id":0,"_jetpack_memberships_contains_paywalled_content":false,"_jetpack_memberships_contains_paid_content":false,"footnotes":"","jetpack_publicize_message":"","jetpack_publicize_feature_enabled":true,"jetpack_social_post_already_shared":true,"jetpack_social_options":{"image_generator_settings":{"template":"highway","default_image_id":0,"font":"","enabled":false},"version":2}},"categories":[3],"tags":[13823,14271,15309,13860,2357,3951,13877,2398,15594,10988],"class_list":["post-41578","post","type-post","status-publish","format-standard","has-post-thumbnail","hentry","category-dpc","tag-comte-dakershus","tag-fujifilm-x-t2","tag-fujinon-xf-16-55-mm-f-2-8-r-lm-wr","tag-kirsten-flagstads-plass","tag-norvege","tag-opera","tag-opera-doslo","tag-oslo","tag-seventeen","tag-sharon-van-etten"],"acf":[],"geo":{"latitude":59.9082947,"longitude":10.7519464,"description":"Oslo, Oslo, 0908, NO"},"jetpack_publicize_connections":[],"jetpack_featured_media_url":"https:\/\/www.wallendorff.com\/belogue\/wp-content\/uploads\/2019\/04\/20190411.jpg","jetpack_shortlink":"https:\/\/wp.me\/p3b35P-aOC","jetpack_sharing_enabled":true,"jetpack-related-posts":[{"id":34315,"url":"https:\/\/www.wallendorff.com\/belogue\/2017\/06\/16\/les-yeux-dans-le-bleu\/","url_meta":{"origin":41578,"position":0},"title":"Les yeux dans le bleu.","author":"dpc","date":"16 juin 2017","format":false,"excerpt":"Op\u00e9ra d'Oslo, 6 mai. Oh Woman, Oh ManLondon Grammar","rel":"","context":"Dans &quot;DPC&quot;","block_context":{"text":"DPC","link":"https:\/\/www.wallendorff.com\/belogue\/category\/dpc\/"},"img":{"alt_text":"","src":"https:\/\/i0.wp.com\/www.wallendorff.com\/belogue\/wp-content\/uploads\/2017\/06\/20170616.jpg?resize=350%2C200&ssl=1","width":350,"height":200,"srcset":"https:\/\/i0.wp.com\/www.wallendorff.com\/belogue\/wp-content\/uploads\/2017\/06\/20170616.jpg?resize=350%2C200&ssl=1 1x, https:\/\/i0.wp.com\/www.wallendorff.com\/belogue\/wp-content\/uploads\/2017\/06\/20170616.jpg?resize=525%2C300&ssl=1 1.5x"},"classes":[]},{"id":41664,"url":"https:\/\/www.wallendorff.com\/belogue\/2019\/04\/24\/into-the-wide-170\/","url_meta":{"origin":41578,"position":1},"title":"Into the wide #170.","author":"dpc","date":"24 avril 2019","format":false,"excerpt":"Op\u00e9ra d'Oslo, 1er mars 2019. Caf\u00e9 d'Ath\u00e8nes Foals","rel":"","context":"Dans &quot;Into the wide&quot;","block_context":{"text":"Into the wide","link":"https:\/\/www.wallendorff.com\/belogue\/category\/into-the-wide\/"},"img":{"alt_text":"","src":"https:\/\/i0.wp.com\/www.wallendorff.com\/belogue\/wp-content\/uploads\/2019\/04\/20190424.jpg?resize=350%2C200&ssl=1","width":350,"height":200,"srcset":"https:\/\/i0.wp.com\/www.wallendorff.com\/belogue\/wp-content\/uploads\/2019\/04\/20190424.jpg?resize=350%2C200&ssl=1 1x, https:\/\/i0.wp.com\/www.wallendorff.com\/belogue\/wp-content\/uploads\/2019\/04\/20190424.jpg?resize=525%2C300&ssl=1 1.5x, https:\/\/i0.wp.com\/www.wallendorff.com\/belogue\/wp-content\/uploads\/2019\/04\/20190424.jpg?resize=700%2C400&ssl=1 2x, https:\/\/i0.wp.com\/www.wallendorff.com\/belogue\/wp-content\/uploads\/2019\/04\/20190424.jpg?resize=1050%2C600&ssl=1 3x"},"classes":[]},{"id":23617,"url":"https:\/\/www.wallendorff.com\/belogue\/2014\/12\/02\/sharon-van-etten-la-maroquinerie-paris\/","url_meta":{"origin":41578,"position":2},"title":"Sharon Van Etten @ la Maroquinerie, Paris.","author":"dpc","date":"2 d\u00e9cembre 2014","format":false,"excerpt":"Tarifa Sharon Van Etten \u00a0","rel":"","context":"Dans &quot;Alive&quot;","block_context":{"text":"Alive","link":"https:\/\/www.wallendorff.com\/belogue\/category\/alive\/"},"img":{"alt_text":"","src":"https:\/\/i0.wp.com\/www.wallendorff.com\/belogue\/wp-content\/uploads\/2015\/04\/201412021.jpg?resize=350%2C200&ssl=1","width":350,"height":200,"srcset":"https:\/\/i0.wp.com\/www.wallendorff.com\/belogue\/wp-content\/uploads\/2015\/04\/201412021.jpg?resize=350%2C200&ssl=1 1x, https:\/\/i0.wp.com\/www.wallendorff.com\/belogue\/wp-content\/uploads\/2015\/04\/201412021.jpg?resize=525%2C300&ssl=1 1.5x, https:\/\/i0.wp.com\/www.wallendorff.com\/belogue\/wp-content\/uploads\/2015\/04\/201412021.jpg?resize=700%2C400&ssl=1 2x"},"classes":[]},{"id":19156,"url":"https:\/\/www.wallendorff.com\/belogue\/2012\/10\/02\/sharon-van-etten-le-cafe-de-la-danse-paris\/","url_meta":{"origin":41578,"position":3},"title":"Sharon Van Etten @ le Caf\u00e9 de la Danse, Paris.","author":"dpc","date":"2 octobre 2012","format":false,"excerpt":"Sharon Van Etten \u2013 Serpents \u00a0","rel":"","context":"Dans &quot;Alive&quot;","block_context":{"text":"Alive","link":"https:\/\/www.wallendorff.com\/belogue\/category\/alive\/"},"img":{"alt_text":"","src":"https:\/\/i0.wp.com\/www.wallendorff.com\/belogue\/wp-content\/uploads\/2015\/04\/201210021.jpg?resize=350%2C200&ssl=1","width":350,"height":200,"srcset":"https:\/\/i0.wp.com\/www.wallendorff.com\/belogue\/wp-content\/uploads\/2015\/04\/201210021.jpg?resize=350%2C200&ssl=1 1x, https:\/\/i0.wp.com\/www.wallendorff.com\/belogue\/wp-content\/uploads\/2015\/04\/201210021.jpg?resize=525%2C300&ssl=1 1.5x, https:\/\/i0.wp.com\/www.wallendorff.com\/belogue\/wp-content\/uploads\/2015\/04\/201210021.jpg?resize=700%2C400&ssl=1 2x"},"classes":[]},{"id":41097,"url":"https:\/\/www.wallendorff.com\/belogue\/2019\/02\/10\/honni-hall\/","url_meta":{"origin":41578,"position":4},"title":"Honni hall.","author":"dpc","date":"10 f\u00e9vrier 2019","format":false,"excerpt":"H\u00f4tel de ville de Vienne, 30 novembre 2018. Comeback Kid Sharon Van Etten","rel":"","context":"Dans &quot;DPC&quot;","block_context":{"text":"DPC","link":"https:\/\/www.wallendorff.com\/belogue\/category\/dpc\/"},"img":{"alt_text":"","src":"https:\/\/i0.wp.com\/www.wallendorff.com\/belogue\/wp-content\/uploads\/2019\/02\/20190210.jpg?resize=350%2C200&ssl=1","width":350,"height":200,"srcset":"https:\/\/i0.wp.com\/www.wallendorff.com\/belogue\/wp-content\/uploads\/2019\/02\/20190210.jpg?resize=350%2C200&ssl=1 1x, https:\/\/i0.wp.com\/www.wallendorff.com\/belogue\/wp-content\/uploads\/2019\/02\/20190210.jpg?resize=525%2C300&ssl=1 1.5x, https:\/\/i0.wp.com\/www.wallendorff.com\/belogue\/wp-content\/uploads\/2019\/02\/20190210.jpg?resize=700%2C400&ssl=1 2x"},"classes":[]},{"id":41408,"url":"https:\/\/www.wallendorff.com\/belogue\/2019\/03\/21\/into-the-wide-169\/","url_meta":{"origin":41578,"position":5},"title":"Into the wide #169.","author":"dpc","date":"21 mars 2019","format":false,"excerpt":"Oudezijds Voorburgwal, Amsterdam, 1er f\u00e9vrier 2019. You Shadow Sharon Van Etten","rel":"","context":"Dans &quot;Into the wide&quot;","block_context":{"text":"Into the wide","link":"https:\/\/www.wallendorff.com\/belogue\/category\/into-the-wide\/"},"img":{"alt_text":"","src":"https:\/\/i0.wp.com\/www.wallendorff.com\/belogue\/wp-content\/uploads\/2019\/03\/20190321.jpg?resize=350%2C200&ssl=1","width":350,"height":200,"srcset":"https:\/\/i0.wp.com\/www.wallendorff.com\/belogue\/wp-content\/uploads\/2019\/03\/20190321.jpg?resize=350%2C200&ssl=1 1x, https:\/\/i0.wp.com\/www.wallendorff.com\/belogue\/wp-content\/uploads\/2019\/03\/20190321.jpg?resize=525%2C300&ssl=1 1.5x, https:\/\/i0.wp.com\/www.wallendorff.com\/belogue\/wp-content\/uploads\/2019\/03\/20190321.jpg?resize=700%2C400&ssl=1 2x, https:\/\/i0.wp.com\/www.wallendorff.com\/belogue\/wp-content\/uploads\/2019\/03\/20190321.jpg?resize=1050%2C600&ssl=1 3x"},"classes":[]}],"_links":{"self":[{"href":"https:\/\/www.wallendorff.com\/belogue\/wp-json\/wp\/v2\/posts\/41578","targetHints":{"allow":["GET"]}}],"collection":[{"href":"https:\/\/www.wallendorff.com\/belogue\/wp-json\/wp\/v2\/posts"}],"about":[{"href":"https:\/\/www.wallendorff.com\/belogue\/wp-json\/wp\/v2\/types\/post"}],"author":[{"embeddable":true,"href":"https:\/\/www.wallendorff.com\/belogue\/wp-json\/wp\/v2\/users\/1"}],"replies":[{"embeddable":true,"href":"https:\/\/www.wallendorff.com\/belogue\/wp-json\/wp\/v2\/comments?post=41578"}],"version-history":[{"count":4,"href":"https:\/\/www.wallendorff.com\/belogue\/wp-json\/wp\/v2\/posts\/41578\/revisions"}],"predecessor-version":[{"id":42685,"href":"https:\/\/www.wallendorff.com\/belogue\/wp-json\/wp\/v2\/posts\/41578\/revisions\/42685"}],"wp:featuredmedia":[{"embeddable":true,"href":"https:\/\/www.wallendorff.com\/belogue\/wp-json\/wp\/v2\/media\/41579"}],"wp:attachment":[{"href":"https:\/\/www.wallendorff.com\/belogue\/wp-json\/wp\/v2\/media?parent=41578"}],"wp:term":[{"taxonomy":"category","embeddable":true,"href":"https:\/\/www.wallendorff.com\/belogue\/wp-json\/wp\/v2\/categories?post=41578"},{"taxonomy":"post_tag","embeddable":true,"href":"https:\/\/www.wallendorff.com\/belogue\/wp-json\/wp\/v2\/tags?post=41578"}],"curies":[{"name":"wp","href":"https:\/\/api.w.org\/{rel}","templated":true}]}}