{"id":415,"date":"2005-04-06T00:22:32","date_gmt":"2005-04-06T00:22:32","guid":{"rendered":"http:\/\/www.po-l.com\/wordpress\/?p=415"},"modified":"2012-03-07T10:25:01","modified_gmt":"2012-03-07T08:25:01","slug":"petales-aidants-lassent-moule","status":"publish","type":"post","link":"https:\/\/www.wallendorff.com\/belogue\/2005\/04\/06\/petales-aidants-lassent-moule\/","title":{"rendered":"P&eacute;tales aidants lassent moule."},"content":{"rendered":"\n<div id=\"photo\">\n<p><img decoding=\"async\" src=\"http:\/\/www.po-L.com\/belogue\/photo\/2005\/04\/20050405.jpg\" \/><br \/>\n          Chez la s&oelig;ur, 2 avril.<\/p>\n<\/p><\/div>\n<p style=\"text-align:right\">[Ouhl&agrave; que oui, il est naze, ce titre.] <\/p>\n<p>[\/Edit: En fait, &ccedil;a fait un peu gnan-gnan, les fleurs. Le prochain coup j&rsquo;y r&eacute;fl&eacute;chirai &agrave; deux fois, tiens.]<\/p>\n<div id=\"bandeson\">\n<p><img decoding=\"async\" src=\"https:\/\/www.wallendorff.com\/belogue\/photo\/pochettes\/n\/national_the-lit_up.jpg\" align=\"left\" \/>&nbsp;<a href=\"http:\/\/www.americanmary.com\">The National<\/a> &ndash; <em>Lit Up<\/em><\/p>\n<\/div>\n","protected":false},"excerpt":{"rendered":"<p>Chez la s&oelig;ur, 2 avril. [Ouhl&agrave; que oui, il est naze, ce titre.] [\/Edit: En fait, &ccedil;a fait un peu gnan-gnan, les fleurs. Le prochain coup j&rsquo;y r&eacute;fl&eacute;chirai &agrave; deux fois, tiens.] &nbsp;The National &ndash; Lit Up<\/p>\n","protected":false},"author":1,"featured_media":24355,"comment_status":"open","ping_status":"open","sticky":false,"template":"","format":"standard","meta":{"_acf_changed":false,"ngg_post_thumbnail":0,"jetpack_post_was_ever_published":false,"_jetpack_newsletter_access":"","_jetpack_dont_email_post_to_subs":false,"_jetpack_newsletter_tier_id":0,"_jetpack_memberships_contains_paywalled_content":false,"_jetpack_memberships_contains_paid_content":false,"footnotes":"","jetpack_publicize_message":"","jetpack_publicize_feature_enabled":true,"jetpack_social_post_already_shared":false,"jetpack_social_options":{"image_generator_settings":{"template":"highway","default_image_id":0,"font":"","enabled":false},"version":2}},"categories":[3],"tags":[10345,10255,155,132,10254,939,10120,10253,934,10256,10252],"class_list":["post-415","post","type-post","status-publish","format-standard","has-post-thumbnail","hentry","category-dpc","tag-arbre","tag-ardenne","tag-ef-s-18-55-mm-f35-56-ii","tag-eos-20d","tag-champagne-ardenne","tag-fleurs","tag-france","tag-givet","tag-lit-up","tag-rose","tag-the-national"],"acf":[],"geo":null,"jetpack_publicize_connections":[],"jetpack_featured_media_url":"https:\/\/www.wallendorff.com\/belogue\/wp-content\/uploads\/2015\/04\/200504051.jpg","jetpack_shortlink":"https:\/\/wp.me\/p3b35P-6H","jetpack_sharing_enabled":true,"jetpack-related-posts":[{"id":7156,"url":"https:\/\/www.wallendorff.com\/belogue\/2010\/03\/09\/shooting-popples-1\/","url_meta":{"origin":415,"position":0},"title":"Shooting Popples #1.","author":"dpc","date":"9 mars 2010","format":false,"excerpt":"Paris, 24 janvier. [Entre les couples choupi et les chats kawaii \u00e7a devient quand m\u00eame s\u00e9v\u00e8rement gnan-gnan ici.] \u00a0The Hotrats \u2013 The Lovecats (The Cure cover)","rel":"","context":"Dans &quot;DPC&quot;","block_context":{"text":"DPC","link":"https:\/\/www.wallendorff.com\/belogue\/category\/dpc\/"},"img":{"alt_text":"","src":"https:\/\/i0.wp.com\/www.wallendorff.com\/belogue\/wp-content\/uploads\/2015\/04\/201003091.jpg?resize=350%2C200&ssl=1","width":350,"height":200},"classes":[]},{"id":299,"url":"https:\/\/www.wallendorff.com\/belogue\/2005\/08\/04\/l-arome-entiche\/","url_meta":{"origin":415,"position":1},"title":"L&rsquo;ar&ocirc;me entiche.","author":"dpc","date":"4 ao\u00fbt 2005","format":false,"excerpt":"Palais Royal, Paris, 21 juillet. On n'y peut rien, certaines photos n\u00e9cessitent une bande-son gnan-gnan. \u00a0Jean-Louis Aubert \u2014 Je t'ai dans la peau (acoustic)","rel":"","context":"Dans &quot;DPC&quot;","block_context":{"text":"DPC","link":"https:\/\/www.wallendorff.com\/belogue\/category\/dpc\/"},"img":{"alt_text":"","src":"https:\/\/i0.wp.com\/www.wallendorff.com\/belogue\/wp-content\/uploads\/2015\/04\/200508041.jpg?resize=350%2C200&ssl=1","width":350,"height":200,"srcset":"https:\/\/i0.wp.com\/www.wallendorff.com\/belogue\/wp-content\/uploads\/2015\/04\/200508041.jpg?resize=350%2C200&ssl=1 1x, https:\/\/i0.wp.com\/www.wallendorff.com\/belogue\/wp-content\/uploads\/2015\/04\/200508041.jpg?resize=525%2C300&ssl=1 1.5x"},"classes":[]},{"id":1162,"url":"https:\/\/www.wallendorff.com\/belogue\/2008\/02\/14\/sains-lamantins\/","url_meta":{"origin":415,"position":2},"title":"Sains lamantins.","author":"dpc","date":"14 f\u00e9vrier 2008","format":false,"excerpt":"La rue, Paris, 8 janvier. Vu que c'est la journ\u00e9e de l'amour mercantile universel, j'en profite pour encenser la multitude de mes fans qui se sont cotis\u00e9s pour m'offrir cette fresque \u00e0 ma gloire sur le rideau de la boulangerie. Si, vraiment, je suis touch\u00e9 et quand je passe devant\u2026","rel":"","context":"Dans &quot;DPC&quot;","block_context":{"text":"DPC","link":"https:\/\/www.wallendorff.com\/belogue\/category\/dpc\/"},"img":{"alt_text":"","src":"https:\/\/i0.wp.com\/www.wallendorff.com\/belogue\/wp-content\/uploads\/2015\/04\/200802141.jpg?resize=350%2C200&ssl=1","width":350,"height":200},"classes":[]},{"id":70,"url":"https:\/\/www.wallendorff.com\/belogue\/2005\/09\/09\/il-n-y-a-que-rail-qui-raille\/","url_meta":{"origin":415,"position":3},"title":"Il n&rsquo;y a que rail qui raille&sup1;.","author":"dpc","date":"9 septembre 2005","format":false,"excerpt":"Gare SNCF, Charleville-M\u00e9zi\u00e8res, 4 mars. Je sais pas ce qui nous fait mettre une photo de c\u00f4t\u00e9, puis la reprendre 6 mois plus tard en se disant que si, en fait, on peut en tirer un truc chouette. Je ne sais pas non plus ce qui nous fait remettre une\u2026","rel":"","context":"Dans &quot;DPC&quot;","block_context":{"text":"DPC","link":"https:\/\/www.wallendorff.com\/belogue\/category\/dpc\/"},"img":{"alt_text":"","src":"https:\/\/i0.wp.com\/www.wallendorff.com\/belogue\/wp-content\/uploads\/2015\/04\/200509091.jpg?resize=350%2C200&ssl=1","width":350,"height":200},"classes":[]},{"id":74,"url":"https:\/\/www.wallendorff.com\/belogue\/2005\/09\/05\/toux-chatte-oncques-eut\/","url_meta":{"origin":415,"position":4},"title":"Toux chatte oncques eut.","author":"dpc","date":"5 septembre 2005","format":false,"excerpt":"Ardenne, 3 septembre. Allez, joyeux lundi. \u00a0Sons & Daughters \u2014 Medicine","rel":"","context":"Dans &quot;DPC&quot;","block_context":{"text":"DPC","link":"https:\/\/www.wallendorff.com\/belogue\/category\/dpc\/"},"img":{"alt_text":"","src":"https:\/\/i0.wp.com\/www.wallendorff.com\/belogue\/wp-content\/uploads\/2015\/04\/200509051.jpg?resize=350%2C200&ssl=1","width":350,"height":200},"classes":[]},{"id":35561,"url":"https:\/\/www.wallendorff.com\/belogue\/2017\/08\/25\/le-cabaret-vert-2017-jour-1\/","url_meta":{"origin":415,"position":5},"title":"Le Cabaret Vert 2017, jour 1.","author":"dpc","date":"25 ao\u00fbt 2017","format":false,"excerpt":"","rel":"","context":"Dans &quot;Alive&quot;","block_context":{"text":"Alive","link":"https:\/\/www.wallendorff.com\/belogue\/category\/alive\/"},"img":{"alt_text":"","src":"https:\/\/i0.wp.com\/www.wallendorff.com\/belogue\/wp-content\/uploads\/2017\/08\/20170825-39.jpg?resize=350%2C200&ssl=1","width":350,"height":200,"srcset":"https:\/\/i0.wp.com\/www.wallendorff.com\/belogue\/wp-content\/uploads\/2017\/08\/20170825-39.jpg?resize=350%2C200&ssl=1 1x, https:\/\/i0.wp.com\/www.wallendorff.com\/belogue\/wp-content\/uploads\/2017\/08\/20170825-39.jpg?resize=525%2C300&ssl=1 1.5x, https:\/\/i0.wp.com\/www.wallendorff.com\/belogue\/wp-content\/uploads\/2017\/08\/20170825-39.jpg?resize=700%2C400&ssl=1 2x"},"classes":[]}],"_links":{"self":[{"href":"https:\/\/www.wallendorff.com\/belogue\/wp-json\/wp\/v2\/posts\/415","targetHints":{"allow":["GET"]}}],"collection":[{"href":"https:\/\/www.wallendorff.com\/belogue\/wp-json\/wp\/v2\/posts"}],"about":[{"href":"https:\/\/www.wallendorff.com\/belogue\/wp-json\/wp\/v2\/types\/post"}],"author":[{"embeddable":true,"href":"https:\/\/www.wallendorff.com\/belogue\/wp-json\/wp\/v2\/users\/1"}],"replies":[{"embeddable":true,"href":"https:\/\/www.wallendorff.com\/belogue\/wp-json\/wp\/v2\/comments?post=415"}],"version-history":[{"count":3,"href":"https:\/\/www.wallendorff.com\/belogue\/wp-json\/wp\/v2\/posts\/415\/revisions"}],"predecessor-version":[{"id":16261,"href":"https:\/\/www.wallendorff.com\/belogue\/wp-json\/wp\/v2\/posts\/415\/revisions\/16261"}],"wp:featuredmedia":[{"embeddable":true,"href":"https:\/\/www.wallendorff.com\/belogue\/wp-json\/wp\/v2\/media\/24355"}],"wp:attachment":[{"href":"https:\/\/www.wallendorff.com\/belogue\/wp-json\/wp\/v2\/media?parent=415"}],"wp:term":[{"taxonomy":"category","embeddable":true,"href":"https:\/\/www.wallendorff.com\/belogue\/wp-json\/wp\/v2\/categories?post=415"},{"taxonomy":"post_tag","embeddable":true,"href":"https:\/\/www.wallendorff.com\/belogue\/wp-json\/wp\/v2\/tags?post=415"}],"curies":[{"name":"wp","href":"https:\/\/api.w.org\/{rel}","templated":true}]}}