{"id":4147,"date":"2009-04-16T09:17:10","date_gmt":"2009-04-16T08:17:10","guid":{"rendered":"http:\/\/www.po-l.com\/belogue\/?p=4147"},"modified":"2012-03-14T10:33:35","modified_gmt":"2012-03-14T08:33:35","slug":"saint-coeur-moint-le-car","status":"publish","type":"post","link":"https:\/\/www.wallendorff.com\/belogue\/2009\/04\/16\/saint-coeur-moint-le-car\/","title":{"rendered":"Saint-C\u0153ur m&rsquo;oint le car."},"content":{"rendered":"<div id=\"photo\">\n<p><img decoding=\"async\" src=\"https:\/\/www.wallendorff.com\/belogue\/photo\/2009\/04\/20090416.jpg\" \/><br \/>\nPlace de la Com&eacute;die, Metz, 20 mars.<\/p>\n<\/div>\n<div id=\"bandeson\">\n<p><img decoding=\"async\" src=\"https:\/\/www.wallendorff.com\/belogue\/photo\/pochettes\/p\/pearl_jam-jeremy.jpg\" align=\"left\" \/>&nbsp; <a href=\"http:\/\/www.tenclub.net\/\">Pearl Jam<\/a> &ndash; <em>Footsteps<\/em><\/p>\n<\/div>\n","protected":false},"excerpt":{"rendered":"<p>Place de la Com&eacute;die, Metz, 20 mars. &nbsp; Pearl Jam &ndash; Footsteps<\/p>\n","protected":false},"author":1,"featured_media":25420,"comment_status":"open","ping_status":"open","sticky":false,"template":"","format":"standard","meta":{"_acf_changed":false,"ngg_post_thumbnail":0,"jetpack_post_was_ever_published":false,"_jetpack_newsletter_access":"","_jetpack_dont_email_post_to_subs":false,"_jetpack_newsletter_tier_id":0,"_jetpack_memberships_contains_paywalled_content":false,"_jetpack_memberships_contains_paid_content":false,"footnotes":"","jetpack_publicize_message":"","jetpack_publicize_feature_enabled":true,"jetpack_social_post_already_shared":false,"jetpack_social_options":{"image_generator_settings":{"template":"highway","default_image_id":0,"font":"","enabled":false},"version":2}},"categories":[3],"tags":[2615,2784,10120,10309,10278,10175,10173,10174,143,10165,422,170],"class_list":["post-4147","post","type-post","status-publish","format-standard","has-post-thumbnail","hentry","category-dpc","tag-eos-5d-mark-ii","tag-footsteps","tag-france","tag-horloge","tag-lampadaire","tag-lorraine","tag-metz","tag-moselle","tag-noir-et-blanc","tag-pearl-jam","tag-place-de-la-comedie","tag-sigma-70-300-mm-f4-56-dg-apo-macro"],"acf":[],"geo":{"latitude":49.121254,"longitude":6.17238,"description":"1 Place de la Com\u00e9die, 57000 Metz, France"},"jetpack_publicize_connections":[],"jetpack_featured_media_url":"https:\/\/www.wallendorff.com\/belogue\/wp-content\/uploads\/2015\/04\/200904161.jpg","jetpack_shortlink":"https:\/\/wp.me\/p3b35P-14T","jetpack_sharing_enabled":true,"jetpack-related-posts":[{"id":675,"url":"https:\/\/www.wallendorff.com\/belogue\/2004\/09\/05\/d-ors-et-des-jets\/","url_meta":{"origin":4147,"position":0},"title":"D&rsquo;ors et des jets.","author":"dpc","date":"5 septembre 2004","format":false,"excerpt":"Place de la Com\u00e9die, Metz, 2 septembre 2004. \u00a0The Dandy Warhols \u2013 Sleep","rel":"","context":"Dans &quot;DPC&quot;","block_context":{"text":"DPC","link":"https:\/\/www.wallendorff.com\/belogue\/category\/dpc\/"},"img":{"alt_text":"","src":"https:\/\/i0.wp.com\/www.wallendorff.com\/belogue\/wp-content\/uploads\/2015\/04\/046.jpg?resize=350%2C200&ssl=1","width":350,"height":200},"classes":[]},{"id":123940,"url":"https:\/\/www.wallendorff.com\/belogue\/2023\/02\/27\/dans-laire-du-temple\/","url_meta":{"origin":4147,"position":1},"title":"Dans l&rsquo;aire du temple.","author":"dpc","date":"27 f\u00e9vrier 2023","format":false,"excerpt":"Place de la Com\u00e9die, Metz, 28 d\u00e9cembre 2022.","rel":"","context":"Dans &quot;DPC&quot;","block_context":{"text":"DPC","link":"https:\/\/www.wallendorff.com\/belogue\/category\/dpc-en\/"},"img":{"alt_text":"","src":"https:\/\/i0.wp.com\/www.wallendorff.com\/belogue\/wp-content\/uploads\/2023\/02\/20230227.jpg?resize=350%2C200&ssl=1","width":350,"height":200,"srcset":"https:\/\/i0.wp.com\/www.wallendorff.com\/belogue\/wp-content\/uploads\/2023\/02\/20230227.jpg?resize=350%2C200&ssl=1 1x, https:\/\/i0.wp.com\/www.wallendorff.com\/belogue\/wp-content\/uploads\/2023\/02\/20230227.jpg?resize=525%2C300&ssl=1 1.5x, https:\/\/i0.wp.com\/www.wallendorff.com\/belogue\/wp-content\/uploads\/2023\/02\/20230227.jpg?resize=700%2C400&ssl=1 2x, https:\/\/i0.wp.com\/www.wallendorff.com\/belogue\/wp-content\/uploads\/2023\/02\/20230227.jpg?resize=1050%2C600&ssl=1 3x"},"classes":[]},{"id":361,"url":"https:\/\/www.wallendorff.com\/belogue\/2005\/05\/29\/home\/","url_meta":{"origin":4147,"position":2},"title":"Home.","author":"dpc","date":"29 mai 2005","format":false,"excerpt":"Place de la Com\u00e9die, Metz, 26 mai. [Mal cadr\u00e9e, tordue, bizarre mais bon.] [Quoi qu'on en dise, \u00e7a sera toujours La Maison.] \"So shut off your days And turn on your nights 'Cause the chance is for the taking And the taking's right.\" \u00a0The Von Bondies \u2013 No Regrets","rel":"","context":"Dans &quot;DPC&quot;","block_context":{"text":"DPC","link":"https:\/\/www.wallendorff.com\/belogue\/category\/dpc\/"},"img":{"alt_text":"","src":"https:\/\/i0.wp.com\/www.wallendorff.com\/belogue\/wp-content\/uploads\/2015\/04\/200505291.jpg?resize=350%2C200&ssl=1","width":350,"height":200},"classes":[]},{"id":6725,"url":"https:\/\/www.wallendorff.com\/belogue\/2010\/02\/08\/where-hast-thou-gone-sweet-potato\/","url_meta":{"origin":4147,"position":3},"title":"Where hast thou gone sweet potato.","author":"dpc","date":"8 f\u00e9vrier 2010","format":false,"excerpt":"Place de la Com\u00e9die, Metz, 29 d\u00e9cembre. \u00a0The Black Box Revelation \u2013 Our Town Has Changed for Years Now","rel":"","context":"Dans &quot;DPC&quot;","block_context":{"text":"DPC","link":"https:\/\/www.wallendorff.com\/belogue\/category\/dpc\/"},"img":{"alt_text":"","src":"https:\/\/i0.wp.com\/www.wallendorff.com\/belogue\/wp-content\/uploads\/2015\/04\/201002081.jpg?resize=350%2C200&ssl=1","width":350,"height":200},"classes":[]},{"id":4142,"url":"https:\/\/www.wallendorff.com\/belogue\/2009\/04\/15\/le-fer-tout-seul-comme-un-gland\/","url_meta":{"origin":4147,"position":4},"title":"Le fer tout seul comme un gland.","author":"dpc","date":"15 avril 2009","format":false,"excerpt":"Place de la Com\u00e9die, Metz, 20 mars. \u00a0 Cherry Ghost \u2013 Thirst for Romance","rel":"","context":"Dans &quot;DPC&quot;","block_context":{"text":"DPC","link":"https:\/\/www.wallendorff.com\/belogue\/category\/dpc\/"},"img":{"alt_text":"","src":"https:\/\/i0.wp.com\/www.wallendorff.com\/belogue\/wp-content\/uploads\/2015\/04\/200904151.jpg?resize=350%2C200&ssl=1","width":350,"height":200},"classes":[]},{"id":209,"url":"https:\/\/www.wallendorff.com\/belogue\/2006\/01\/22\/prendre-gares-d-a-soi-3\/","url_meta":{"origin":4147,"position":5},"title":"Prendre gares d&rsquo;&agrave; soi #3.","author":"dpc","date":"22 janvier 2006","format":false,"excerpt":"Gare SNCF, Metz, 13 janvier, 21h46. S={\u00d8} \u00a0Pearl Jam \u2013 I'm Open","rel":"","context":"Dans &quot;DPC&quot;","block_context":{"text":"DPC","link":"https:\/\/www.wallendorff.com\/belogue\/category\/dpc\/"},"img":{"alt_text":"","src":"https:\/\/i0.wp.com\/www.wallendorff.com\/belogue\/wp-content\/uploads\/2015\/04\/200601221.jpg?resize=350%2C200&ssl=1","width":350,"height":200},"classes":[]}],"_links":{"self":[{"href":"https:\/\/www.wallendorff.com\/belogue\/wp-json\/wp\/v2\/posts\/4147","targetHints":{"allow":["GET"]}}],"collection":[{"href":"https:\/\/www.wallendorff.com\/belogue\/wp-json\/wp\/v2\/posts"}],"about":[{"href":"https:\/\/www.wallendorff.com\/belogue\/wp-json\/wp\/v2\/types\/post"}],"author":[{"embeddable":true,"href":"https:\/\/www.wallendorff.com\/belogue\/wp-json\/wp\/v2\/users\/1"}],"replies":[{"embeddable":true,"href":"https:\/\/www.wallendorff.com\/belogue\/wp-json\/wp\/v2\/comments?post=4147"}],"version-history":[{"count":1,"href":"https:\/\/www.wallendorff.com\/belogue\/wp-json\/wp\/v2\/posts\/4147\/revisions"}],"predecessor-version":[{"id":16373,"href":"https:\/\/www.wallendorff.com\/belogue\/wp-json\/wp\/v2\/posts\/4147\/revisions\/16373"}],"wp:featuredmedia":[{"embeddable":true,"href":"https:\/\/www.wallendorff.com\/belogue\/wp-json\/wp\/v2\/media\/25420"}],"wp:attachment":[{"href":"https:\/\/www.wallendorff.com\/belogue\/wp-json\/wp\/v2\/media?parent=4147"}],"wp:term":[{"taxonomy":"category","embeddable":true,"href":"https:\/\/www.wallendorff.com\/belogue\/wp-json\/wp\/v2\/categories?post=4147"},{"taxonomy":"post_tag","embeddable":true,"href":"https:\/\/www.wallendorff.com\/belogue\/wp-json\/wp\/v2\/tags?post=4147"}],"curies":[{"name":"wp","href":"https:\/\/api.w.org\/{rel}","templated":true}]}}