{"id":41423,"date":"2019-04-01T09:35:37","date_gmt":"2019-04-01T07:35:37","guid":{"rendered":"http:\/\/www.wallendorff.com\/belogue\/?p=41423"},"modified":"2019-04-25T13:23:11","modified_gmt":"2019-04-25T11:23:11","slug":"contre-plongee-no-2-812","status":"publish","type":"post","link":"https:\/\/www.wallendorff.com\/belogue\/2019\/04\/01\/contre-plongee-no-2-812\/","title":{"rendered":"Contre-plong\u00e9e n<sup>o<\/sup> 2&nbsp;812."},"content":{"rendered":"<div id=\"photo\">\n<p><img decoding=\"async\" src=\"https:\/\/www.wallendorff.com\/belogue\/wp-content\/uploads\/2019\/04\/20190401.jpg\"><br \/>\n&Eacute;cole polytechnique de Varsovie, 23 f&eacute;vrier 2019.<\/p>\n<\/div>\n<div id=\"bandeson\">\n<p><img decoding=\"async\" src=\"https:\/\/www.wallendorff.com\/belogue\/photo\/pochettes\/s\/swmrs-berkeleys_on_fire.jpg\" align=\"left\" \/><a href=\"http:\/\/www.youtube.com\/watch?v=mbpGUIS5Vvw\" a style=\"font-weight:normal\" id=\"lienmp3\"><em>Trashbag Baby<\/em><\/a><br \/>\n<a href=\"http:\/\/swmrs.com\/\">SWMRS<\/a><\/p>\n<\/div>\n","protected":false},"excerpt":{"rendered":"<p>&Eacute;cole polytechnique de Varsovie, 23 f&eacute;vrier 2019. Trashbag Baby SWMRS<\/p>\n","protected":false},"author":1,"featured_media":41425,"comment_status":"open","ping_status":"open","sticky":false,"template":"","format":"standard","meta":{"_acf_changed":false,"ngg_post_thumbnail":0,"jetpack_post_was_ever_published":false,"_jetpack_newsletter_access":"","_jetpack_dont_email_post_to_subs":false,"_jetpack_newsletter_tier_id":0,"_jetpack_memberships_contains_paywalled_content":false,"_jetpack_memberships_contains_paid_content":false,"footnotes":"","jetpack_publicize_message":"","jetpack_publicize_feature_enabled":true,"jetpack_social_post_already_shared":true,"jetpack_social_options":{"image_generator_settings":{"template":"highway","default_image_id":0,"font":"","enabled":false},"version":2}},"categories":[3],"tags":[10500,15435,14271,15450,15472,9909,14274,15508,15509,15489,10627,10261],"class_list":["post-41423","post","type-post","status-publish","format-standard","has-post-thumbnail","hentry","category-dpc","tag-contre-plongee","tag-ecole-polytechnique-de-varsovie","tag-fujifilm-x-t2","tag-mazovie","tag-plac-politechniki","tag-pologne","tag-samyang-8-mm-f2-8-umc-fisheye-ii","tag-swmrs","tag-trashbag-baby","tag-varsovie","tag-verriere","tag-voute"],"acf":[],"geo":{"latitude":52.2205582,"longitude":21.010334,"description":"Warszawa, Mazovia, 00-666, PL"},"jetpack_publicize_connections":[],"jetpack_featured_media_url":"https:\/\/www.wallendorff.com\/belogue\/wp-content\/uploads\/2019\/04\/20190401.jpg","jetpack_shortlink":"https:\/\/wp.me\/p3b35P-aM7","jetpack_sharing_enabled":true,"jetpack-related-posts":[{"id":41435,"url":"https:\/\/www.wallendorff.com\/belogue\/2019\/04\/08\/contreplongee-no-2-813\/","url_meta":{"origin":41423,"position":0},"title":"Contreplong\u00e9e no 2&nbsp;813.","author":"dpc","date":"8 avril 2019","format":false,"excerpt":"Cath\u00e9drale Saint-Jean, Varsovie, 24 f\u00e9vrier 2019. Kick FIDLAR","rel":"","context":"Dans &quot;DPC&quot;","block_context":{"text":"DPC","link":"https:\/\/www.wallendorff.com\/belogue\/category\/dpc\/"},"img":{"alt_text":"","src":"https:\/\/i0.wp.com\/www.wallendorff.com\/belogue\/wp-content\/uploads\/2019\/04\/20190408.jpg?resize=350%2C200&ssl=1","width":350,"height":200,"srcset":"https:\/\/i0.wp.com\/www.wallendorff.com\/belogue\/wp-content\/uploads\/2019\/04\/20190408.jpg?resize=350%2C200&ssl=1 1x, https:\/\/i0.wp.com\/www.wallendorff.com\/belogue\/wp-content\/uploads\/2019\/04\/20190408.jpg?resize=525%2C300&ssl=1 1.5x, https:\/\/i0.wp.com\/www.wallendorff.com\/belogue\/wp-content\/uploads\/2019\/04\/20190408.jpg?resize=700%2C400&ssl=1 2x, https:\/\/i0.wp.com\/www.wallendorff.com\/belogue\/wp-content\/uploads\/2019\/04\/20190408.jpg?resize=1050%2C600&ssl=1 3x"},"classes":[]},{"id":41276,"url":"https:\/\/www.wallendorff.com\/belogue\/2019\/02\/28\/fevrier-2019\/","url_meta":{"origin":41423,"position":1},"title":"F\u00e9vrier 2019.","author":"dpc","date":"28 f\u00e9vrier 2019","format":false,"excerpt":"Un anniversaire, un match de rugby, un bateau, une p\u00e9niche, un dava\u00ef, un quai, une boum, un d\u00e9jeuner, un canal, un bar, une ruelle rouge, un bar, une camionnette, une boum, un quai, une rue, un canal, une rue, un canal, un ponton, un canal, un concert, un restaurant, un\u2026","rel":"","context":"Dans &quot;Blog-note&quot;","block_context":{"text":"Blog-note","link":"https:\/\/www.wallendorff.com\/belogue\/category\/blog-note\/"},"img":{"alt_text":"","src":"https:\/\/i0.wp.com\/www.wallendorff.com\/belogue\/wp-content\/uploads\/2019\/03\/20190313-09.jpg?resize=350%2C200&ssl=1","width":350,"height":200,"srcset":"https:\/\/i0.wp.com\/www.wallendorff.com\/belogue\/wp-content\/uploads\/2019\/03\/20190313-09.jpg?resize=350%2C200&ssl=1 1x, https:\/\/i0.wp.com\/www.wallendorff.com\/belogue\/wp-content\/uploads\/2019\/03\/20190313-09.jpg?resize=525%2C300&ssl=1 1.5x, https:\/\/i0.wp.com\/www.wallendorff.com\/belogue\/wp-content\/uploads\/2019\/03\/20190313-09.jpg?resize=700%2C400&ssl=1 2x, https:\/\/i0.wp.com\/www.wallendorff.com\/belogue\/wp-content\/uploads\/2019\/03\/20190313-09.jpg?resize=1050%2C600&ssl=1 3x"},"classes":[]},{"id":135110,"url":"https:\/\/www.wallendorff.com\/belogue\/2026\/01\/26\/czesc-warszawa\/","url_meta":{"origin":41423,"position":2},"title":"Cze\u015b\u0107 Warszawa [I].","author":"dpc","date":"26 janvier 2026","format":false,"excerpt":"","rel":"","context":"Dans &quot;DPC&quot;","block_context":{"text":"DPC","link":"https:\/\/www.wallendorff.com\/belogue\/category\/dpc\/"},"img":{"alt_text":"","src":"https:\/\/i0.wp.com\/www.wallendorff.com\/belogue\/wp-content\/uploads\/2026\/01\/20260126-09.jpg?resize=350%2C200&ssl=1","width":350,"height":200,"srcset":"https:\/\/i0.wp.com\/www.wallendorff.com\/belogue\/wp-content\/uploads\/2026\/01\/20260126-09.jpg?resize=350%2C200&ssl=1 1x, https:\/\/i0.wp.com\/www.wallendorff.com\/belogue\/wp-content\/uploads\/2026\/01\/20260126-09.jpg?resize=525%2C300&ssl=1 1.5x, https:\/\/i0.wp.com\/www.wallendorff.com\/belogue\/wp-content\/uploads\/2026\/01\/20260126-09.jpg?resize=700%2C400&ssl=1 2x"},"classes":[]},{"id":41427,"url":"https:\/\/www.wallendorff.com\/belogue\/2019\/04\/03\/zinzolin\/","url_meta":{"origin":41423,"position":3},"title":"Zinzolin.","author":"dpc","date":"3 avril 2019","format":false,"excerpt":"Palais de la culture et de la science, Varsovie, 23 f\u00e9vrier 2019. Moonlight Foals","rel":"","context":"Dans &quot;DPC&quot;","block_context":{"text":"DPC","link":"https:\/\/www.wallendorff.com\/belogue\/category\/dpc\/"},"img":{"alt_text":"Palais de la culture et de la science, Varsovie, 23 f&eacute;vrier 2019.","src":"https:\/\/i0.wp.com\/www.wallendorff.com\/belogue\/wp-content\/uploads\/2019\/04\/20190403.jpg?resize=350%2C200&ssl=1","width":350,"height":200,"srcset":"https:\/\/i0.wp.com\/www.wallendorff.com\/belogue\/wp-content\/uploads\/2019\/04\/20190403.jpg?resize=350%2C200&ssl=1 1x, https:\/\/i0.wp.com\/www.wallendorff.com\/belogue\/wp-content\/uploads\/2019\/04\/20190403.jpg?resize=525%2C300&ssl=1 1.5x, https:\/\/i0.wp.com\/www.wallendorff.com\/belogue\/wp-content\/uploads\/2019\/04\/20190403.jpg?resize=700%2C400&ssl=1 2x"},"classes":[]},{"id":43689,"url":"https:\/\/www.wallendorff.com\/belogue\/2019\/09\/13\/des-tours-nait-le-regard\/","url_meta":{"origin":41423,"position":4},"title":"Des tours [na\u00eet le regard].","author":"dpc","date":"13 septembre 2019","format":false,"excerpt":"Place de Varsovie, Paris, 15 mai 2019. Round and Round Geowulf","rel":"","context":"Dans &quot;Portraits&quot;","block_context":{"text":"Portraits","link":"https:\/\/www.wallendorff.com\/belogue\/category\/portraits\/"},"img":{"alt_text":"Place de Varsovie, Paris, 15 mai 2019.","src":"https:\/\/i0.wp.com\/www.wallendorff.com\/belogue\/wp-content\/uploads\/2019\/09\/20190913.jpg?resize=350%2C200&ssl=1","width":350,"height":200,"srcset":"https:\/\/i0.wp.com\/www.wallendorff.com\/belogue\/wp-content\/uploads\/2019\/09\/20190913.jpg?resize=350%2C200&ssl=1 1x, https:\/\/i0.wp.com\/www.wallendorff.com\/belogue\/wp-content\/uploads\/2019\/09\/20190913.jpg?resize=525%2C300&ssl=1 1.5x, https:\/\/i0.wp.com\/www.wallendorff.com\/belogue\/wp-content\/uploads\/2019\/09\/20190913.jpg?resize=700%2C400&ssl=1 2x"},"classes":[]},{"id":41431,"url":"https:\/\/www.wallendorff.com\/belogue\/2019\/04\/05\/des-hauts-doran\/","url_meta":{"origin":41423,"position":5},"title":"Des hauts d&rsquo;Oran.","author":"dpc","date":"5 avril 2019","format":false,"excerpt":"Palais de la culture et de la science, Varsovie, 23 f\u00e9vrier 2019. [Un titre qui eut \u00e9t\u00e9 fort pertinent si cette photo avait \u00e9t\u00e9 prise \u00e0 Oran.] Elle est trop sombre. La faute au bar du Marriott qui ne sait pas ouvrir avant le cr\u00e9puscule. \u00c7a me fera une excuse\u2026","rel":"","context":"Dans &quot;DPC&quot;","block_context":{"text":"DPC","link":"https:\/\/www.wallendorff.com\/belogue\/category\/dpc\/"},"img":{"alt_text":"Palais de la culture et de la science, Varsovie, 23 f&eacute;vrier 2019.","src":"https:\/\/i0.wp.com\/www.wallendorff.com\/belogue\/wp-content\/uploads\/2019\/04\/20190405.jpg?resize=350%2C200&ssl=1","width":350,"height":200,"srcset":"https:\/\/i0.wp.com\/www.wallendorff.com\/belogue\/wp-content\/uploads\/2019\/04\/20190405.jpg?resize=350%2C200&ssl=1 1x, https:\/\/i0.wp.com\/www.wallendorff.com\/belogue\/wp-content\/uploads\/2019\/04\/20190405.jpg?resize=525%2C300&ssl=1 1.5x, https:\/\/i0.wp.com\/www.wallendorff.com\/belogue\/wp-content\/uploads\/2019\/04\/20190405.jpg?resize=700%2C400&ssl=1 2x, https:\/\/i0.wp.com\/www.wallendorff.com\/belogue\/wp-content\/uploads\/2019\/04\/20190405.jpg?resize=1050%2C600&ssl=1 3x"},"classes":[]}],"_links":{"self":[{"href":"https:\/\/www.wallendorff.com\/belogue\/wp-json\/wp\/v2\/posts\/41423","targetHints":{"allow":["GET"]}}],"collection":[{"href":"https:\/\/www.wallendorff.com\/belogue\/wp-json\/wp\/v2\/posts"}],"about":[{"href":"https:\/\/www.wallendorff.com\/belogue\/wp-json\/wp\/v2\/types\/post"}],"author":[{"embeddable":true,"href":"https:\/\/www.wallendorff.com\/belogue\/wp-json\/wp\/v2\/users\/1"}],"replies":[{"embeddable":true,"href":"https:\/\/www.wallendorff.com\/belogue\/wp-json\/wp\/v2\/comments?post=41423"}],"version-history":[{"count":2,"href":"https:\/\/www.wallendorff.com\/belogue\/wp-json\/wp\/v2\/posts\/41423\/revisions"}],"predecessor-version":[{"id":41426,"href":"https:\/\/www.wallendorff.com\/belogue\/wp-json\/wp\/v2\/posts\/41423\/revisions\/41426"}],"wp:featuredmedia":[{"embeddable":true,"href":"https:\/\/www.wallendorff.com\/belogue\/wp-json\/wp\/v2\/media\/41425"}],"wp:attachment":[{"href":"https:\/\/www.wallendorff.com\/belogue\/wp-json\/wp\/v2\/media?parent=41423"}],"wp:term":[{"taxonomy":"category","embeddable":true,"href":"https:\/\/www.wallendorff.com\/belogue\/wp-json\/wp\/v2\/categories?post=41423"},{"taxonomy":"post_tag","embeddable":true,"href":"https:\/\/www.wallendorff.com\/belogue\/wp-json\/wp\/v2\/tags?post=41423"}],"curies":[{"name":"wp","href":"https:\/\/api.w.org\/{rel}","templated":true}]}}