{"id":4142,"date":"2009-04-15T10:27:15","date_gmt":"2009-04-15T09:27:15","guid":{"rendered":"http:\/\/www.po-l.com\/belogue\/?p=4142"},"modified":"2012-03-13T11:38:58","modified_gmt":"2012-03-13T09:38:58","slug":"le-fer-tout-seul-comme-un-gland","status":"publish","type":"post","link":"https:\/\/www.wallendorff.com\/belogue\/2009\/04\/15\/le-fer-tout-seul-comme-un-gland\/","title":{"rendered":"Le fer tout seul comme un gland."},"content":{"rendered":"<div id=\"photo\">\n<p><img decoding=\"async\" src=\"https:\/\/www.wallendorff.com\/belogue\/photo\/2009\/04\/20090415.jpg\" \/><br \/>\nPlace de la Com&eacute;die, Metz, 20 mars.<\/p>\n<\/div>\n<div id=\"bandeson\">\n<p><img decoding=\"async\" src=\"https:\/\/www.wallendorff.com\/belogue\/photo\/pochettes\/c\/cherry_ghost-thirst_for_romance.jpg\" align=\"left\" \/>&nbsp; <a href=\"http:\/\/www.cherryghost.co.uk\/\">Cherry Ghost<\/a> &ndash; <em>Thirst for Romance<\/em><\/p>\n<\/div>\n","protected":false},"excerpt":{"rendered":"<p>Place de la Com&eacute;die, Metz, 20 mars. &nbsp; Cherry Ghost &ndash; Thirst for Romance<\/p>\n","protected":false},"author":1,"featured_media":25419,"comment_status":"open","ping_status":"open","sticky":false,"template":"","format":"standard","meta":{"_acf_changed":false,"ngg_post_thumbnail":0,"jetpack_post_was_ever_published":false,"_jetpack_newsletter_access":"","_jetpack_dont_email_post_to_subs":false,"_jetpack_newsletter_tier_id":0,"_jetpack_memberships_contains_paywalled_content":false,"_jetpack_memberships_contains_paid_content":false,"footnotes":"","jetpack_publicize_message":"","jetpack_publicize_feature_enabled":true,"jetpack_social_post_already_shared":false,"jetpack_social_options":{"image_generator_settings":{"template":"highway","default_image_id":0,"font":"","enabled":false},"version":2}},"categories":[3],"tags":[2615,1243,2109,10120,782,10278,10175,10173,10174,422,170,10407,2783],"class_list":["post-4142","post","type-post","status-publish","format-standard","has-post-thumbnail","hentry","category-dpc","tag-eos-5d-mark-ii","tag-carre","tag-cherry-ghost","tag-france","tag-jaune","tag-lampadaire","tag-lorraine","tag-metz","tag-moselle","tag-place-de-la-comedie","tag-sigma-70-300-mm-f4-56-dg-apo-macro","tag-silhouette","tag-thirst-for-romance"],"acf":[],"geo":{"latitude":49.1207008,"longitude":6.1722403,"description":null},"jetpack_publicize_connections":[],"jetpack_featured_media_url":"https:\/\/www.wallendorff.com\/belogue\/wp-content\/uploads\/2015\/04\/200904151.jpg","jetpack_shortlink":"https:\/\/wp.me\/p3b35P-14O","jetpack_sharing_enabled":true,"jetpack-related-posts":[{"id":675,"url":"https:\/\/www.wallendorff.com\/belogue\/2004\/09\/05\/d-ors-et-des-jets\/","url_meta":{"origin":4142,"position":0},"title":"D&rsquo;ors et des jets.","author":"dpc","date":"5 septembre 2004","format":false,"excerpt":"Place de la Com\u00e9die, Metz, 2 septembre 2004. \u00a0The Dandy Warhols \u2013 Sleep","rel":"","context":"Dans &quot;DPC&quot;","block_context":{"text":"DPC","link":"https:\/\/www.wallendorff.com\/belogue\/category\/dpc\/"},"img":{"alt_text":"","src":"https:\/\/i0.wp.com\/www.wallendorff.com\/belogue\/wp-content\/uploads\/2015\/04\/046.jpg?resize=350%2C200&ssl=1","width":350,"height":200},"classes":[]},{"id":361,"url":"https:\/\/www.wallendorff.com\/belogue\/2005\/05\/29\/home\/","url_meta":{"origin":4142,"position":1},"title":"Home.","author":"dpc","date":"29 mai 2005","format":false,"excerpt":"Place de la Com\u00e9die, Metz, 26 mai. [Mal cadr\u00e9e, tordue, bizarre mais bon.] [Quoi qu'on en dise, \u00e7a sera toujours La Maison.] \"So shut off your days And turn on your nights 'Cause the chance is for the taking And the taking's right.\" \u00a0The Von Bondies \u2013 No Regrets","rel":"","context":"Dans &quot;DPC&quot;","block_context":{"text":"DPC","link":"https:\/\/www.wallendorff.com\/belogue\/category\/dpc\/"},"img":{"alt_text":"","src":"https:\/\/i0.wp.com\/www.wallendorff.com\/belogue\/wp-content\/uploads\/2015\/04\/200505291.jpg?resize=350%2C200&ssl=1","width":350,"height":200},"classes":[]},{"id":6725,"url":"https:\/\/www.wallendorff.com\/belogue\/2010\/02\/08\/where-hast-thou-gone-sweet-potato\/","url_meta":{"origin":4142,"position":2},"title":"Where hast thou gone sweet potato.","author":"dpc","date":"8 f\u00e9vrier 2010","format":false,"excerpt":"Place de la Com\u00e9die, Metz, 29 d\u00e9cembre. \u00a0The Black Box Revelation \u2013 Our Town Has Changed for Years Now","rel":"","context":"Dans &quot;DPC&quot;","block_context":{"text":"DPC","link":"https:\/\/www.wallendorff.com\/belogue\/category\/dpc\/"},"img":{"alt_text":"","src":"https:\/\/i0.wp.com\/www.wallendorff.com\/belogue\/wp-content\/uploads\/2015\/04\/201002081.jpg?resize=350%2C200&ssl=1","width":350,"height":200},"classes":[]},{"id":123940,"url":"https:\/\/www.wallendorff.com\/belogue\/2023\/02\/27\/dans-laire-du-temple\/","url_meta":{"origin":4142,"position":3},"title":"Dans l&rsquo;aire du temple.","author":"dpc","date":"27 f\u00e9vrier 2023","format":false,"excerpt":"Place de la Com\u00e9die, Metz, 28 d\u00e9cembre 2022.","rel":"","context":"Dans &quot;DPC&quot;","block_context":{"text":"DPC","link":"https:\/\/www.wallendorff.com\/belogue\/category\/dpc-en\/"},"img":{"alt_text":"","src":"https:\/\/i0.wp.com\/www.wallendorff.com\/belogue\/wp-content\/uploads\/2023\/02\/20230227.jpg?resize=350%2C200&ssl=1","width":350,"height":200,"srcset":"https:\/\/i0.wp.com\/www.wallendorff.com\/belogue\/wp-content\/uploads\/2023\/02\/20230227.jpg?resize=350%2C200&ssl=1 1x, https:\/\/i0.wp.com\/www.wallendorff.com\/belogue\/wp-content\/uploads\/2023\/02\/20230227.jpg?resize=525%2C300&ssl=1 1.5x, https:\/\/i0.wp.com\/www.wallendorff.com\/belogue\/wp-content\/uploads\/2023\/02\/20230227.jpg?resize=700%2C400&ssl=1 2x, https:\/\/i0.wp.com\/www.wallendorff.com\/belogue\/wp-content\/uploads\/2023\/02\/20230227.jpg?resize=1050%2C600&ssl=1 3x"},"classes":[]},{"id":4147,"url":"https:\/\/www.wallendorff.com\/belogue\/2009\/04\/16\/saint-coeur-moint-le-car\/","url_meta":{"origin":4142,"position":4},"title":"Saint-C\u0153ur m&rsquo;oint le car.","author":"dpc","date":"16 avril 2009","format":false,"excerpt":"Place de la Com\u00e9die, Metz, 20 mars. \u00a0 Pearl Jam \u2013 Footsteps","rel":"","context":"Dans &quot;DPC&quot;","block_context":{"text":"DPC","link":"https:\/\/www.wallendorff.com\/belogue\/category\/dpc\/"},"img":{"alt_text":"","src":"https:\/\/i0.wp.com\/www.wallendorff.com\/belogue\/wp-content\/uploads\/2015\/04\/200904161.jpg?resize=350%2C200&ssl=1","width":350,"height":200},"classes":[]},{"id":131991,"url":"https:\/\/www.wallendorff.com\/belogue\/2025\/03\/26\/metz-de-noel\/","url_meta":{"origin":4142,"position":5},"title":"Metz de No\u00ebl.","author":"dpc","date":"26 mars 2025","format":false,"excerpt":"","rel":"","context":"Dans &quot;DPC&quot;","block_context":{"text":"DPC","link":"https:\/\/www.wallendorff.com\/belogue\/category\/dpc\/"},"img":{"alt_text":"","src":"https:\/\/i0.wp.com\/www.wallendorff.com\/belogue\/wp-content\/uploads\/2025\/03\/20250326-04.jpg?resize=350%2C200&ssl=1","width":350,"height":200,"srcset":"https:\/\/i0.wp.com\/www.wallendorff.com\/belogue\/wp-content\/uploads\/2025\/03\/20250326-04.jpg?resize=350%2C200&ssl=1 1x, https:\/\/i0.wp.com\/www.wallendorff.com\/belogue\/wp-content\/uploads\/2025\/03\/20250326-04.jpg?resize=525%2C300&ssl=1 1.5x, https:\/\/i0.wp.com\/www.wallendorff.com\/belogue\/wp-content\/uploads\/2025\/03\/20250326-04.jpg?resize=700%2C400&ssl=1 2x"},"classes":[]}],"_links":{"self":[{"href":"https:\/\/www.wallendorff.com\/belogue\/wp-json\/wp\/v2\/posts\/4142","targetHints":{"allow":["GET"]}}],"collection":[{"href":"https:\/\/www.wallendorff.com\/belogue\/wp-json\/wp\/v2\/posts"}],"about":[{"href":"https:\/\/www.wallendorff.com\/belogue\/wp-json\/wp\/v2\/types\/post"}],"author":[{"embeddable":true,"href":"https:\/\/www.wallendorff.com\/belogue\/wp-json\/wp\/v2\/users\/1"}],"replies":[{"embeddable":true,"href":"https:\/\/www.wallendorff.com\/belogue\/wp-json\/wp\/v2\/comments?post=4142"}],"version-history":[{"count":2,"href":"https:\/\/www.wallendorff.com\/belogue\/wp-json\/wp\/v2\/posts\/4142\/revisions"}],"predecessor-version":[{"id":16358,"href":"https:\/\/www.wallendorff.com\/belogue\/wp-json\/wp\/v2\/posts\/4142\/revisions\/16358"}],"wp:featuredmedia":[{"embeddable":true,"href":"https:\/\/www.wallendorff.com\/belogue\/wp-json\/wp\/v2\/media\/25419"}],"wp:attachment":[{"href":"https:\/\/www.wallendorff.com\/belogue\/wp-json\/wp\/v2\/media?parent=4142"}],"wp:term":[{"taxonomy":"category","embeddable":true,"href":"https:\/\/www.wallendorff.com\/belogue\/wp-json\/wp\/v2\/categories?post=4142"},{"taxonomy":"post_tag","embeddable":true,"href":"https:\/\/www.wallendorff.com\/belogue\/wp-json\/wp\/v2\/tags?post=4142"}],"curies":[{"name":"wp","href":"https:\/\/api.w.org\/{rel}","templated":true}]}}