{"id":41405,"date":"2019-03-19T16:59:17","date_gmt":"2019-03-19T14:59:17","guid":{"rendered":"http:\/\/www.wallendorff.com\/belogue\/?p=41405"},"modified":"2019-04-25T13:22:23","modified_gmt":"2019-04-25T11:22:23","slug":"into-the-wide-168","status":"publish","type":"post","link":"https:\/\/www.wallendorff.com\/belogue\/2019\/03\/19\/into-the-wide-168\/","title":{"rendered":"Into the wide #168."},"content":{"rendered":"<div id=\"photo\">\n<p><img decoding=\"async\" src=\"https:\/\/www.wallendorff.com\/belogue\/wp-content\/uploads\/2019\/03\/20190319.jpg\"><br \/>\nMus\u00e9e Maritime d&rsquo;Amsterdam, 3 f\u00e9vrier 2019.<\/p>\n<\/div>\n<div id=\"bandeson\">\n<p><img decoding=\"async\" src=\"https:\/\/www.wallendorff.com\/belogue\/photo\/pochettes\/s\/secret_machines-all_at_once_its_not_important.jpg\" align=\"left\" \/><a href=\"http:\/\/www.youtube.com\/watch?v=ouT9y_0ICwA\"><em>Everything Is Free<\/em> (Gillian Welch cover)<\/a><br \/>\n<a href=\"https:\/\/www.secretmachines.com\/\">Secret Machines<\/a><\/p>\n<\/div>\n","protected":false},"excerpt":{"rendered":"<p>Mus\u00e9e Maritime d&rsquo;Amsterdam, 3 f\u00e9vrier 2019. Everything Is Free (Gillian Welch cover) Secret Machines<\/p>\n","protected":false},"author":1,"featured_media":41407,"comment_status":"open","ping_status":"open","sticky":false,"template":"","format":"standard","meta":{"_acf_changed":false,"ngg_post_thumbnail":0,"jetpack_post_was_ever_published":false,"_jetpack_newsletter_access":"","_jetpack_dont_email_post_to_subs":false,"_jetpack_newsletter_tier_id":0,"_jetpack_memberships_contains_paywalled_content":false,"_jetpack_memberships_contains_paid_content":false,"footnotes":"","jetpack_publicize_message":"","jetpack_publicize_feature_enabled":true,"jetpack_social_post_already_shared":true,"jetpack_social_options":{"image_generator_settings":{"template":"highway","default_image_id":0,"font":"","enabled":false},"version":2}},"categories":[7356],"tags":[711,10326,15501,14271,15309,15502,4040,15459,11323,414,10592,587],"class_list":["post-41405","post","type-post","status-publish","format-standard","has-post-thumbnail","hentry","category-into-the-wide","tag-amsterdam","tag-crepuscule","tag-everything-is-free","tag-fujifilm-x-t2","tag-fujinon-xf-16-55-mm-f-2-8-r-lm-wr","tag-gillian-welch","tag-hollande-septentrionale","tag-musee-maritime-damsterdam","tag-panoramique","tag-pays-bas","tag-pose-longue","tag-secret-machines"],"acf":[],"geo":{"latitude":52.3714638,"longitude":4.9127798,"description":null},"jetpack_publicize_connections":[],"jetpack_featured_media_url":"https:\/\/www.wallendorff.com\/belogue\/wp-content\/uploads\/2019\/03\/20190319.jpg","jetpack_shortlink":"https:\/\/wp.me\/p3b35P-aLP","jetpack_sharing_enabled":true,"jetpack-related-posts":[{"id":131149,"url":"https:\/\/www.wallendorff.com\/belogue\/2024\/11\/22\/hoi-holland\/","url_meta":{"origin":41405,"position":0},"title":"Hoi Holland.","author":"dpc","date":"22 novembre 2024","format":false,"excerpt":"La Haye, Rotterdam, Amsterdam, 28 \u2013 30 juin 2024.","rel":"","context":"Dans &quot;DPC&quot;","block_context":{"text":"DPC","link":"https:\/\/www.wallendorff.com\/belogue\/category\/dpc\/"},"img":{"alt_text":"","src":"https:\/\/i0.wp.com\/www.wallendorff.com\/belogue\/wp-content\/uploads\/2024\/11\/20241122-06.jpg?resize=350%2C200&ssl=1","width":350,"height":200,"srcset":"https:\/\/i0.wp.com\/www.wallendorff.com\/belogue\/wp-content\/uploads\/2024\/11\/20241122-06.jpg?resize=350%2C200&ssl=1 1x, https:\/\/i0.wp.com\/www.wallendorff.com\/belogue\/wp-content\/uploads\/2024\/11\/20241122-06.jpg?resize=525%2C300&ssl=1 1.5x, https:\/\/i0.wp.com\/www.wallendorff.com\/belogue\/wp-content\/uploads\/2024\/11\/20241122-06.jpg?resize=700%2C400&ssl=1 2x, https:\/\/i0.wp.com\/www.wallendorff.com\/belogue\/wp-content\/uploads\/2024\/11\/20241122-06.jpg?resize=1050%2C600&ssl=1 3x"},"classes":[]},{"id":32222,"url":"https:\/\/www.wallendorff.com\/belogue\/2016\/08\/31\/aout-2016\/","url_meta":{"origin":41405,"position":1},"title":"Ao\u00fbt 2016.","author":"dpc","date":"31 ao\u00fbt 2016","format":false,"excerpt":"Du vin et des jeux, des gratteurs de fen\u00eatres et des meuh-meuhs, un ch\u00e2teau, une toilette surpeupl\u00e9e, un jardin, un mus\u00e9e, une passerelle, un bateau Mouche, un mim\u00e9tisme, un cr\u00e9puscule, un train, une bi\u00e8re, un fauteuil, un extra-terrestre qui beuque, des frontons, un canal, un bateau, des basquettes, un Dark\u2026","rel":"","context":"Dans &quot;Blog-note&quot;","block_context":{"text":"Blog-note","link":"https:\/\/www.wallendorff.com\/belogue\/category\/blog-note\/"},"img":{"alt_text":"","src":"https:\/\/i0.wp.com\/www.wallendorff.com\/belogue\/wp-content\/uploads\/2016\/09\/20160901-51.jpg?resize=350%2C200&ssl=1","width":350,"height":200,"srcset":"https:\/\/i0.wp.com\/www.wallendorff.com\/belogue\/wp-content\/uploads\/2016\/09\/20160901-51.jpg?resize=350%2C200&ssl=1 1x, https:\/\/i0.wp.com\/www.wallendorff.com\/belogue\/wp-content\/uploads\/2016\/09\/20160901-51.jpg?resize=525%2C300&ssl=1 1.5x, https:\/\/i0.wp.com\/www.wallendorff.com\/belogue\/wp-content\/uploads\/2016\/09\/20160901-51.jpg?resize=700%2C400&ssl=1 2x"},"classes":[]},{"id":155,"url":"https:\/\/www.wallendorff.com\/belogue\/2006\/05\/22\/lundi-matin-isn-t-my-copain\/","url_meta":{"origin":41405,"position":2},"title":"Lundi matin [isn&rsquo;t my copain].","author":"dpc","date":"22 mai 2006","format":false,"excerpt":"The Dresden Dolls, Paris, 18 mai. Le professionnalisme, c'est avoir la pr\u00e9sence d'esprit, au moment de reprendre Le Port d'Amsterdam de Brel, de bien faire attention \u00e0 ce que sa bi\u00e8re soit une Heineken\u00ae. Sur ce je retourne me coucher. \u00a0The Go \u2013 Keep on Trash","rel":"","context":"Dans &quot;DPC&quot;","block_context":{"text":"DPC","link":"https:\/\/www.wallendorff.com\/belogue\/category\/dpc\/"},"img":{"alt_text":"","src":"https:\/\/i0.wp.com\/www.wallendorff.com\/belogue\/wp-content\/uploads\/2015\/04\/200605221.jpg?resize=350%2C200&ssl=1","width":350,"height":200},"classes":[]},{"id":134478,"url":"https:\/\/www.wallendorff.com\/belogue\/2025\/11\/20\/brasil-brasil-xiii-oi-rio-3\/","url_meta":{"origin":41405,"position":3},"title":"[Brasil Brasil XIII] Oi Rio 3.","author":"dpc","date":"20 novembre 2025","format":false,"excerpt":"Rio de Janeiro, 28 et 29 mai 2025.","rel":"","context":"Dans &quot;DPC&quot;","block_context":{"text":"DPC","link":"https:\/\/www.wallendorff.com\/belogue\/category\/dpc\/"},"img":{"alt_text":"","src":"https:\/\/i0.wp.com\/www.wallendorff.com\/belogue\/wp-content\/uploads\/2025\/11\/20251120-03.jpg?resize=350%2C200&ssl=1","width":350,"height":200,"srcset":"https:\/\/i0.wp.com\/www.wallendorff.com\/belogue\/wp-content\/uploads\/2025\/11\/20251120-03.jpg?resize=350%2C200&ssl=1 1x, https:\/\/i0.wp.com\/www.wallendorff.com\/belogue\/wp-content\/uploads\/2025\/11\/20251120-03.jpg?resize=525%2C300&ssl=1 1.5x, https:\/\/i0.wp.com\/www.wallendorff.com\/belogue\/wp-content\/uploads\/2025\/11\/20251120-03.jpg?resize=700%2C400&ssl=1 2x, https:\/\/i0.wp.com\/www.wallendorff.com\/belogue\/wp-content\/uploads\/2025\/11\/20251120-03.jpg?resize=1050%2C600&ssl=1 3x"},"classes":[]},{"id":41276,"url":"https:\/\/www.wallendorff.com\/belogue\/2019\/02\/28\/fevrier-2019\/","url_meta":{"origin":41405,"position":4},"title":"F\u00e9vrier 2019.","author":"dpc","date":"28 f\u00e9vrier 2019","format":false,"excerpt":"Un anniversaire, un match de rugby, un bateau, une p\u00e9niche, un dava\u00ef, un quai, une boum, un d\u00e9jeuner, un canal, un bar, une ruelle rouge, un bar, une camionnette, une boum, un quai, une rue, un canal, une rue, un canal, un ponton, un canal, un concert, un restaurant, un\u2026","rel":"","context":"Dans &quot;Blog-note&quot;","block_context":{"text":"Blog-note","link":"https:\/\/www.wallendorff.com\/belogue\/category\/blog-note\/"},"img":{"alt_text":"","src":"https:\/\/i0.wp.com\/www.wallendorff.com\/belogue\/wp-content\/uploads\/2019\/03\/20190313-09.jpg?resize=350%2C200&ssl=1","width":350,"height":200,"srcset":"https:\/\/i0.wp.com\/www.wallendorff.com\/belogue\/wp-content\/uploads\/2019\/03\/20190313-09.jpg?resize=350%2C200&ssl=1 1x, https:\/\/i0.wp.com\/www.wallendorff.com\/belogue\/wp-content\/uploads\/2019\/03\/20190313-09.jpg?resize=525%2C300&ssl=1 1.5x, https:\/\/i0.wp.com\/www.wallendorff.com\/belogue\/wp-content\/uploads\/2019\/03\/20190313-09.jpg?resize=700%2C400&ssl=1 2x, https:\/\/i0.wp.com\/www.wallendorff.com\/belogue\/wp-content\/uploads\/2019\/03\/20190313-09.jpg?resize=1050%2C600&ssl=1 3x"},"classes":[]},{"id":21552,"url":"https:\/\/www.wallendorff.com\/belogue\/2013\/09\/06\/into-the-wide-17\/","url_meta":{"origin":41405,"position":5},"title":"Into the wide #17.","author":"dpc","date":"6 septembre 2013","format":false,"excerpt":"Mus\u00e9e Carnavalet, Paris, 21 juillet. Carnavalet est mon mus\u00e9e pr\u00e9f\u00e9r\u00e9 de Paris. Ce n'est ni le plus grand, ni le plus grandiose, mais le plus \u00e0 part. Carnavalet est mon mus\u00e9e pr\u00e9f\u00e9r\u00e9 de Paris parce que l'on y trouve tout un bric-\u00e0-brac organis\u00e9 par p\u00e9riodes et r\u00e9cup\u00e9r\u00e9 au fur et\u2026","rel":"","context":"Dans &quot;Into the wide&quot;","block_context":{"text":"Into the wide","link":"https:\/\/www.wallendorff.com\/belogue\/category\/into-the-wide\/"},"img":{"alt_text":"","src":"https:\/\/i0.wp.com\/www.wallendorff.com\/belogue\/wp-content\/uploads\/2015\/04\/201309061.jpg?resize=350%2C200&ssl=1","width":350,"height":200,"srcset":"https:\/\/i0.wp.com\/www.wallendorff.com\/belogue\/wp-content\/uploads\/2015\/04\/201309061.jpg?resize=350%2C200&ssl=1 1x, https:\/\/i0.wp.com\/www.wallendorff.com\/belogue\/wp-content\/uploads\/2015\/04\/201309061.jpg?resize=525%2C300&ssl=1 1.5x, https:\/\/i0.wp.com\/www.wallendorff.com\/belogue\/wp-content\/uploads\/2015\/04\/201309061.jpg?resize=700%2C400&ssl=1 2x"},"classes":[]}],"_links":{"self":[{"href":"https:\/\/www.wallendorff.com\/belogue\/wp-json\/wp\/v2\/posts\/41405","targetHints":{"allow":["GET"]}}],"collection":[{"href":"https:\/\/www.wallendorff.com\/belogue\/wp-json\/wp\/v2\/posts"}],"about":[{"href":"https:\/\/www.wallendorff.com\/belogue\/wp-json\/wp\/v2\/types\/post"}],"author":[{"embeddable":true,"href":"https:\/\/www.wallendorff.com\/belogue\/wp-json\/wp\/v2\/users\/1"}],"replies":[{"embeddable":true,"href":"https:\/\/www.wallendorff.com\/belogue\/wp-json\/wp\/v2\/comments?post=41405"}],"version-history":[{"count":1,"href":"https:\/\/www.wallendorff.com\/belogue\/wp-json\/wp\/v2\/posts\/41405\/revisions"}],"predecessor-version":[{"id":41406,"href":"https:\/\/www.wallendorff.com\/belogue\/wp-json\/wp\/v2\/posts\/41405\/revisions\/41406"}],"wp:featuredmedia":[{"embeddable":true,"href":"https:\/\/www.wallendorff.com\/belogue\/wp-json\/wp\/v2\/media\/41407"}],"wp:attachment":[{"href":"https:\/\/www.wallendorff.com\/belogue\/wp-json\/wp\/v2\/media?parent=41405"}],"wp:term":[{"taxonomy":"category","embeddable":true,"href":"https:\/\/www.wallendorff.com\/belogue\/wp-json\/wp\/v2\/categories?post=41405"},{"taxonomy":"post_tag","embeddable":true,"href":"https:\/\/www.wallendorff.com\/belogue\/wp-json\/wp\/v2\/tags?post=41405"}],"curies":[{"name":"wp","href":"https:\/\/api.w.org\/{rel}","templated":true}]}}