{"id":4132,"date":"2009-04-10T11:18:12","date_gmt":"2009-04-10T10:18:12","guid":{"rendered":"http:\/\/www.po-l.com\/belogue\/?p=4132"},"modified":"2012-03-11T19:35:54","modified_gmt":"2012-03-11T17:35:54","slug":"mamie-nhaut-va","status":"publish","type":"post","link":"https:\/\/www.wallendorff.com\/belogue\/2009\/04\/10\/mamie-nhaut-va\/","title":{"rendered":"Mamie n&rsquo;haut va."},"content":{"rendered":"<div id=\"photo\">\n<p><img decoding=\"async\" src=\"https:\/\/www.wallendorff.com\/belogue\/photo\/2009\/04\/20090410.jpg\" \/><br \/>\nPassage Raguinot, Paris, 14 mars.<\/p>\n<\/div>\n<p>&Ccedil;a fout quand m&ecirc;me les boules de se dire qu&rsquo;il y a quinze ans jour pour jour, je me promenais dans Covent Garden lors de ma premi&egrave;re venue &agrave; Londres pour d&eacute;couvrir avec des yeux &eacute;bahis qu&rsquo;&agrave; peine 24h apr&egrave;s l&rsquo;annonce de sa mort, Kurt Cobain ornait d&eacute;j&agrave; les &eacute;talages de T-shirt locaux avec un flingue dans la bouche et un 1967-1994 sous le menton, c&rsquo;est dingue ce que m&ecirc;me &agrave; l&rsquo;&eacute;poque les Anglais pouvaient &ecirc;tre grave de bal&egrave;zes en mercatique de chanteurs morts. Le soir, j&rsquo;&eacute;tais &agrave; Bath et j&rsquo;achetais mon premier CD de Smashing Pumpkins, d&eacute;couverts &agrave; Nulle Part Ailleurs &agrave; peine un mois avant. Il y a des jours comme &ccedil;a o&ugrave; tu te sens salement vieux.<\/p>\n<p align=\"right\">Ah et sinon j&rsquo;esp&egrave;re que la m&eacute;m&egrave;re d&rsquo;au-dessus est la petite s&oelig;ur du monsieur <a href=\"https:\/\/www.wallendorff.com\/belogue\/2005\/09\/15\/papy-juste-hative\/\">l&agrave;<\/a>. &Ccedil;a serait dr&ocirc;le, un peu.<\/p>\n<div id=\"bandeson\">\n<p><img decoding=\"async\" src=\"https:\/\/www.wallendorff.com\/belogue\/photo\/pochettes\/n\/nirvana-in_utero.jpg\" align=\"left\" \/>&nbsp; <a href=\"http:\/\/www.hereisnirvana.com\/\">Nirvana<\/a> &ndash; <em>Very Ape<\/em><\/p>\n<\/div>\n","protected":false},"excerpt":{"rendered":"<p>Passage Raguinot, Paris, 14 mars. &Ccedil;a fout quand m&ecirc;me les boules de se dire qu&rsquo;il y a quinze ans jour pour jour, je me promenais dans Covent Garden lors de ma premi&egrave;re venue &agrave; Londres pour d&eacute;couvrir avec des yeux &eacute;bahis qu&rsquo;&agrave; peine 24h apr&egrave;s l&rsquo;annonce de sa mort, Kurt Cobain ornait d&eacute;j&agrave; les &eacute;talages&hellip;<\/p>\n","protected":false},"author":1,"featured_media":25416,"comment_status":"open","ping_status":"open","sticky":false,"template":"","format":"standard","meta":{"_acf_changed":false,"ngg_post_thumbnail":0,"jetpack_post_was_ever_published":false,"_jetpack_newsletter_access":"","_jetpack_dont_email_post_to_subs":false,"_jetpack_newsletter_tier_id":0,"_jetpack_memberships_contains_paywalled_content":false,"_jetpack_memberships_contains_paid_content":false,"footnotes":"","jetpack_publicize_message":"","jetpack_publicize_feature_enabled":true,"jetpack_social_post_already_shared":false,"jetpack_social_options":{"image_generator_settings":{"template":"highway","default_image_id":0,"font":"","enabled":false},"version":2}},"categories":[3],"tags":[10271,2615,10311,10120,10121,923,555,143,10098,2778,10158,170,2779],"class_list":["post-4132","post","type-post","status-publish","format-standard","has-post-thumbnail","hentry","category-dpc","tag-10271","tag-eos-5d-mark-ii","tag-dos","tag-france","tag-ile-de-france","tag-kurt-cobain","tag-nirvana","tag-noir-et-blanc","tag-paris","tag-passage-raguinot","tag-ruelle","tag-sigma-70-300-mm-f4-56-dg-apo-macro","tag-very-ape"],"acf":[],"geo":{"latitude":48.845192,"longitude":2.3792374,"description":"20-26 Passage Raguinot, 75012 Paris, France"},"jetpack_publicize_connections":[],"jetpack_featured_media_url":"https:\/\/www.wallendorff.com\/belogue\/wp-content\/uploads\/2015\/04\/200904101.jpg","jetpack_shortlink":"https:\/\/wp.me\/p3b35P-14E","jetpack_sharing_enabled":true,"jetpack-related-posts":[{"id":131666,"url":"https:\/\/www.wallendorff.com\/belogue\/2025\/01\/29\/en-2024-2-2\/","url_meta":{"origin":4132,"position":0},"title":"En 2024 [2\/2].","author":"dpc","date":"29 janvier 2025","format":false,"excerpt":"En 2024, j'ai parcouru 6 047 km dans Paris, soit encore plus qu'en 2023, en restant rive nord autant que possible car la rive sud est b\u00e2tie sur un cimeti\u00e8re indien. L\u00e0 aussi j'ai trop pris la voiture, mais j'avais une bonne excuse (pour \u00e9viter toute question trop personnelle disons\u2026","rel":"","context":"Dans &quot;DPC&quot;","block_context":{"text":"DPC","link":"https:\/\/www.wallendorff.com\/belogue\/category\/dpc\/"},"img":{"alt_text":"","src":"https:\/\/i0.wp.com\/www.wallendorff.com\/belogue\/wp-content\/uploads\/2025\/01\/20250127-06.jpg?resize=350%2C200&ssl=1","width":350,"height":200,"srcset":"https:\/\/i0.wp.com\/www.wallendorff.com\/belogue\/wp-content\/uploads\/2025\/01\/20250127-06.jpg?resize=350%2C200&ssl=1 1x, https:\/\/i0.wp.com\/www.wallendorff.com\/belogue\/wp-content\/uploads\/2025\/01\/20250127-06.jpg?resize=525%2C300&ssl=1 1.5x, https:\/\/i0.wp.com\/www.wallendorff.com\/belogue\/wp-content\/uploads\/2025\/01\/20250127-06.jpg?resize=700%2C400&ssl=1 2x, https:\/\/i0.wp.com\/www.wallendorff.com\/belogue\/wp-content\/uploads\/2025\/01\/20250127-06.jpg?resize=1050%2C600&ssl=1 3x"},"classes":[]},{"id":132422,"url":"https:\/\/www.wallendorff.com\/belogue\/2025\/06\/12\/jaunes-dombres\/","url_meta":{"origin":4132,"position":1},"title":"Jaunes d&rsquo;ombres.","author":"dpc","date":"12 juin 2025","format":false,"excerpt":"Tour Montparnasse, Paris, 18 avril 2024.Merci \u00e0 Lala mais pas \u00e0 Leffe\u00ae ni Twinuts\u00ae car j'ai sottement oubli\u00e9 de faire les commissions. Et \u00e0 part \u00e7a... Il y a vingt-et-un ans, les Pistons de D\u00e9troit \u00e9taient en finale NBA. Il y a vingt ans, les Pistons de D\u00e9troit \u00e9taient encore\u2026","rel":"","context":"Dans &quot;DPC&quot;","block_context":{"text":"DPC","link":"https:\/\/www.wallendorff.com\/belogue\/category\/dpc\/"},"img":{"alt_text":"","src":"https:\/\/i0.wp.com\/www.wallendorff.com\/belogue\/wp-content\/uploads\/2025\/06\/20250612-08.jpg?resize=350%2C200&ssl=1","width":350,"height":200,"srcset":"https:\/\/i0.wp.com\/www.wallendorff.com\/belogue\/wp-content\/uploads\/2025\/06\/20250612-08.jpg?resize=350%2C200&ssl=1 1x, https:\/\/i0.wp.com\/www.wallendorff.com\/belogue\/wp-content\/uploads\/2025\/06\/20250612-08.jpg?resize=525%2C300&ssl=1 1.5x, https:\/\/i0.wp.com\/www.wallendorff.com\/belogue\/wp-content\/uploads\/2025\/06\/20250612-08.jpg?resize=700%2C400&ssl=1 2x, https:\/\/i0.wp.com\/www.wallendorff.com\/belogue\/wp-content\/uploads\/2025\/06\/20250612-08.jpg?resize=1050%2C600&ssl=1 3x"},"classes":[]},{"id":124649,"url":"https:\/\/www.wallendorff.com\/belogue\/2023\/06\/12\/servus-wien-6\/","url_meta":{"origin":4132,"position":2},"title":"Servus Wien.","author":"dpc","date":"12 juin 2023","format":false,"excerpt":"[La galerie compl\u00e8te vient apr\u00e8s ce looooong texte traditionnel dont l'origine se perd dans les pr\u00e9mices de ce mill\u00e9naires.] Vienne, 14 \u2013 15 avril 2023. Can't Even Tell Soul Asylum Il y a dix-neuf ans, les Pistons de D\u00e9troit \u00e9taient en finale NBA. Il y a dix-huit ans, les Pistons\u2026","rel":"","context":"Dans &quot;DPC&quot;","block_context":{"text":"DPC","link":"https:\/\/www.wallendorff.com\/belogue\/category\/dpc\/"},"img":{"alt_text":"","src":"https:\/\/i0.wp.com\/www.wallendorff.com\/belogue\/wp-content\/uploads\/2023\/06\/20230612-09.jpg?resize=350%2C200&ssl=1","width":350,"height":200,"srcset":"https:\/\/i0.wp.com\/www.wallendorff.com\/belogue\/wp-content\/uploads\/2023\/06\/20230612-09.jpg?resize=350%2C200&ssl=1 1x, https:\/\/i0.wp.com\/www.wallendorff.com\/belogue\/wp-content\/uploads\/2023\/06\/20230612-09.jpg?resize=525%2C300&ssl=1 1.5x, https:\/\/i0.wp.com\/www.wallendorff.com\/belogue\/wp-content\/uploads\/2023\/06\/20230612-09.jpg?resize=700%2C400&ssl=1 2x, https:\/\/i0.wp.com\/www.wallendorff.com\/belogue\/wp-content\/uploads\/2023\/06\/20230612-09.jpg?resize=1050%2C600&ssl=1 3x"},"classes":[]},{"id":22689,"url":"https:\/\/www.wallendorff.com\/belogue\/2014\/04\/08\/nirvana-in-utero\/","url_meta":{"origin":4132,"position":3},"title":"Nirvana &ndash; In Utero","author":"dpc","date":"8 avril 2014","format":false,"excerpt":"#30 Label\u00a0: Geffen Sortie\u00a0: 13 septembre 1993 Producteur\u00a0: Steve Albini Teenage angst has paid off well, now I\u2019m bored and old. J\u2019ai r\u00eav\u00e9 cette nuit que j\u2019\u00e9tais en soir\u00e9e en Suisse avec Krist Novoselic. Tout le monde parlait de l\u2019anniversaire de la mort de Cobain et moi, je pensais qu\u2019en\u2026","rel":"","context":"Dans &quot;Autodiscobiographie&quot;","block_context":{"text":"Autodiscobiographie","link":"https:\/\/www.wallendorff.com\/belogue\/category\/autodiscobiographie\/"},"img":{"alt_text":"","src":"https:\/\/i0.wp.com\/www.wallendorff.com\/belogue\/wp-content\/uploads\/2015\/04\/019b1.jpg?resize=350%2C200&ssl=1","width":350,"height":200,"srcset":"https:\/\/i0.wp.com\/www.wallendorff.com\/belogue\/wp-content\/uploads\/2015\/04\/019b1.jpg?resize=350%2C200&ssl=1 1x, https:\/\/i0.wp.com\/www.wallendorff.com\/belogue\/wp-content\/uploads\/2015\/04\/019b1.jpg?resize=525%2C300&ssl=1 1.5x, https:\/\/i0.wp.com\/www.wallendorff.com\/belogue\/wp-content\/uploads\/2015\/04\/019b1.jpg?resize=700%2C400&ssl=1 2x"},"classes":[]},{"id":128261,"url":"https:\/\/www.wallendorff.com\/belogue\/2024\/06\/12\/cetait-2004\/","url_meta":{"origin":4132,"position":4},"title":"C&rsquo;\u00e9tait 2004.","author":"dpc","date":"12 juin 2024","format":false,"excerpt":"En ouvrant ce journal, il y a 20 ans, je n'aurais jamais pens\u00e9 qu'il durerait si longtemps. Mais il a tenu, d'abord sur feu 20six, puis en solitaire sur ce site, traversant les plateformes et les modes jusqu'\u00e0 aujourd'hui. MySpace, Flickr, Facebook, Instagram passent et disparaissent, mais reste ce site.Je\u2026","rel":"","context":"Dans &quot;DPC&quot;","block_context":{"text":"DPC","link":"https:\/\/www.wallendorff.com\/belogue\/category\/dpc\/"},"img":{"alt_text":"","src":"https:\/\/i0.wp.com\/www.wallendorff.com\/belogue\/wp-content\/uploads\/2024\/06\/20240612-03.jpg?resize=350%2C200&ssl=1","width":350,"height":200,"srcset":"https:\/\/i0.wp.com\/www.wallendorff.com\/belogue\/wp-content\/uploads\/2024\/06\/20240612-03.jpg?resize=350%2C200&ssl=1 1x, https:\/\/i0.wp.com\/www.wallendorff.com\/belogue\/wp-content\/uploads\/2024\/06\/20240612-03.jpg?resize=525%2C300&ssl=1 1.5x, https:\/\/i0.wp.com\/www.wallendorff.com\/belogue\/wp-content\/uploads\/2024\/06\/20240612-03.jpg?resize=700%2C400&ssl=1 2x, https:\/\/i0.wp.com\/www.wallendorff.com\/belogue\/wp-content\/uploads\/2024\/06\/20240612-03.jpg?resize=1050%2C600&ssl=1 3x"},"classes":[]},{"id":1169,"url":"https:\/\/www.wallendorff.com\/belogue\/2008\/02\/24\/tiny-masters-of-today-the-dodoz-la-maroquinerie-paris\/","url_meta":{"origin":4132,"position":5},"title":"Tiny Masters of Today + The Dodoz @ la Maroquinerie, Paris.","author":"dpc","date":"24 f\u00e9vrier 2008","format":false,"excerpt":"Curiosit\u00e9 du moment pour beaucoup \u2015\u00a0mais pas pour tout le monde, puisque \u00e9trangement la moiti\u00e9 de la salle est partie apr\u00e8s les Dodoz\u00a0\u2015, le fr\u00e8re, la s\u0153ur et leur batteur en forme de Kurt Cobain juv\u00e9nile d\u00e9barquent sur sc\u00e8ne pour livrer un set bien plus mou que leur Bang Bang\u2026","rel":"","context":"Dans &quot;Alive&quot;","block_context":{"text":"Alive","link":"https:\/\/www.wallendorff.com\/belogue\/category\/alive\/"},"img":{"alt_text":"","src":"https:\/\/i0.wp.com\/www.wallendorff.com\/belogue\/wp-content\/uploads\/2015\/04\/200802241.jpg?resize=350%2C200&ssl=1","width":350,"height":200,"srcset":"https:\/\/i0.wp.com\/www.wallendorff.com\/belogue\/wp-content\/uploads\/2015\/04\/200802241.jpg?resize=350%2C200&ssl=1 1x, https:\/\/i0.wp.com\/www.wallendorff.com\/belogue\/wp-content\/uploads\/2015\/04\/200802241.jpg?resize=525%2C300&ssl=1 1.5x, https:\/\/i0.wp.com\/www.wallendorff.com\/belogue\/wp-content\/uploads\/2015\/04\/200802241.jpg?resize=700%2C400&ssl=1 2x"},"classes":[]}],"_links":{"self":[{"href":"https:\/\/www.wallendorff.com\/belogue\/wp-json\/wp\/v2\/posts\/4132","targetHints":{"allow":["GET"]}}],"collection":[{"href":"https:\/\/www.wallendorff.com\/belogue\/wp-json\/wp\/v2\/posts"}],"about":[{"href":"https:\/\/www.wallendorff.com\/belogue\/wp-json\/wp\/v2\/types\/post"}],"author":[{"embeddable":true,"href":"https:\/\/www.wallendorff.com\/belogue\/wp-json\/wp\/v2\/users\/1"}],"replies":[{"embeddable":true,"href":"https:\/\/www.wallendorff.com\/belogue\/wp-json\/wp\/v2\/comments?post=4132"}],"version-history":[{"count":2,"href":"https:\/\/www.wallendorff.com\/belogue\/wp-json\/wp\/v2\/posts\/4132\/revisions"}],"predecessor-version":[{"id":16332,"href":"https:\/\/www.wallendorff.com\/belogue\/wp-json\/wp\/v2\/posts\/4132\/revisions\/16332"}],"wp:featuredmedia":[{"embeddable":true,"href":"https:\/\/www.wallendorff.com\/belogue\/wp-json\/wp\/v2\/media\/25416"}],"wp:attachment":[{"href":"https:\/\/www.wallendorff.com\/belogue\/wp-json\/wp\/v2\/media?parent=4132"}],"wp:term":[{"taxonomy":"category","embeddable":true,"href":"https:\/\/www.wallendorff.com\/belogue\/wp-json\/wp\/v2\/categories?post=4132"},{"taxonomy":"post_tag","embeddable":true,"href":"https:\/\/www.wallendorff.com\/belogue\/wp-json\/wp\/v2\/tags?post=4132"}],"curies":[{"name":"wp","href":"https:\/\/api.w.org\/{rel}","templated":true}]}}