{"id":41292,"date":"2019-03-12T14:59:38","date_gmt":"2019-03-12T12:59:38","guid":{"rendered":"http:\/\/www.wallendorff.com\/belogue\/?p=41292"},"modified":"2019-04-25T13:22:00","modified_gmt":"2019-04-25T11:22:00","slug":"stockholm-ceint-ddrones","status":"publish","type":"post","link":"https:\/\/www.wallendorff.com\/belogue\/2019\/03\/12\/stockholm-ceint-ddrones\/","title":{"rendered":"Stockholm ceint d&rsquo;dr\u00f4nes."},"content":{"rendered":"<div id=\"photo\">\n<p><img decoding=\"async\" src=\"https:\/\/www.wallendorff.com\/belogue\/wp-content\/uploads\/2019\/03\/20190312.gif\"><br \/>\nArriv\u00e9e \u00e0 Stockholm, 11 janvier 2019.<\/p>\n<\/div>\n<p style=\"text-align:right\">\u00c7a me g\u00e8ne un peu de mettre Stockholm au masculin, mais parfois le bien-\u00eatre du jeu de mot passe avant la grammaire.<\/p>\n<p style=\"text-align:right\">[Ah et je mets un flex \u00e0 \u00ab dr\u00f4ne \u00bb parce qu&rsquo;il ne me viendrait jamais \u00e0 l&rsquo;id\u00e9e de le prononcer \u00ab drone \u00bb.]<\/p>\n<div id=\"bandeson\">\n<p><img decoding=\"async\" src=\"https:\/\/www.wallendorff.com\/belogue\/photo\/pochettes\/b\/boy-we_were_here.jpg\" align=\"left\" \/><a style=\"font-weight:normal\" id=\"lienmp3\" href=\"http:\/\/www.youtube.com\/watch?v=mMdNOiplpEc\"><em>We Were Here<\/em><\/a><br \/>\n<a href=\"http:\/\/www.listentoboy.com\/\">Boy<\/a><\/p>\n<\/p><\/div>\n","protected":false},"excerpt":{"rendered":"<p>Arriv\u00e9e \u00e0 Stockholm, 11 janvier 2019. \u00c7a me g\u00e8ne un peu de mettre Stockholm au masculin, mais parfois le bien-\u00eatre du jeu de mot passe avant la grammaire. [Ah et je mets un flex \u00e0 \u00ab dr\u00f4ne \u00bb parce qu&rsquo;il ne me viendrait jamais \u00e0 l&rsquo;id\u00e9e de le prononcer \u00ab drone \u00bb.] We Were Here&hellip;<\/p>\n","protected":false},"author":1,"featured_media":41293,"comment_status":"open","ping_status":"open","sticky":false,"template":"","format":"standard","meta":{"_acf_changed":false,"ngg_post_thumbnail":0,"jetpack_post_was_ever_published":false,"_jetpack_newsletter_access":"","_jetpack_dont_email_post_to_subs":false,"_jetpack_newsletter_tier_id":0,"_jetpack_memberships_contains_paywalled_content":false,"_jetpack_memberships_contains_paid_content":false,"footnotes":"","jetpack_publicize_message":"","jetpack_publicize_feature_enabled":true,"jetpack_social_post_already_shared":true,"jetpack_social_options":{"image_generator_settings":{"template":"highway","default_image_id":0,"font":"","enabled":false},"version":2}},"categories":[3],"tags":[10176,10937,4350,14271,14890,10147,4345,4138,10005,12756],"class_list":["post-41292","post","type-post","status-publish","format-standard","has-post-thumbnail","hentry","category-dpc","tag-avion","tag-boy","tag-comte-de-stockholm","tag-fujifilm-x-t2","tag-fujinon-xf-10-24-mm-f-4-r-ois","tag-nuit","tag-stockholm","tag-suede","tag-we-were-here","tag-we-were-here-album"],"acf":[],"geo":null,"jetpack_publicize_connections":[],"jetpack_featured_media_url":"https:\/\/www.wallendorff.com\/belogue\/wp-content\/uploads\/2019\/03\/20190312.gif","jetpack_shortlink":"https:\/\/wp.me\/p3b35P-aK0","jetpack_sharing_enabled":true,"jetpack-related-posts":[{"id":128454,"url":"https:\/\/www.wallendorff.com\/belogue\/2024\/06\/18\/cetait-2010\/","url_meta":{"origin":41292,"position":0},"title":"C&rsquo;\u00e9tait 2010.","author":"dpc","date":"18 juin 2024","format":false,"excerpt":"2010, ann\u00e9e z\u00e9ro. Paris, 9 janvier 2010. Black Rebel Motorcycle Club, Paris, 27 janvier 2010 Mumford & Sons, Paris, 21 f\u00e9vrier 2010 John Butler Trio @ la Boule Noire, Paris, 15 mars 2010 Dieppe, 20 mars 2010. Paris, 25 avril 2010. Gossip @ le Z\u00e9nith, Paris, 26 mai 2010 Gossip\u2026","rel":"","context":"Dans &quot;DPC&quot;","block_context":{"text":"DPC","link":"https:\/\/www.wallendorff.com\/belogue\/category\/dpc\/"},"img":{"alt_text":"","src":"https:\/\/i0.wp.com\/www.wallendorff.com\/belogue\/wp-content\/uploads\/2024\/06\/20240618-20.jpg?resize=350%2C200&ssl=1","width":350,"height":200,"srcset":"https:\/\/i0.wp.com\/www.wallendorff.com\/belogue\/wp-content\/uploads\/2024\/06\/20240618-20.jpg?resize=350%2C200&ssl=1 1x, https:\/\/i0.wp.com\/www.wallendorff.com\/belogue\/wp-content\/uploads\/2024\/06\/20240618-20.jpg?resize=525%2C300&ssl=1 1.5x, https:\/\/i0.wp.com\/www.wallendorff.com\/belogue\/wp-content\/uploads\/2024\/06\/20240618-20.jpg?resize=700%2C400&ssl=1 2x, https:\/\/i0.wp.com\/www.wallendorff.com\/belogue\/wp-content\/uploads\/2024\/06\/20240618-20.jpg?resize=1050%2C600&ssl=1 3x"},"classes":[]},{"id":128699,"url":"https:\/\/www.wallendorff.com\/belogue\/2024\/06\/26\/cetait-2018\/","url_meta":{"origin":41292,"position":1},"title":"C&rsquo;\u00e9tait 2018.","author":"dpc","date":"26 juin 2024","format":false,"excerpt":"2018, latitudes. Alt-J @ Bercy Ar\u00e9na, Paris, 11\/01\/2018 Stockholm, 11 f\u00e9vrier 2018. Langsele, 14 f\u00e9vrier 2018. George Ezra, Paris, 19 f\u00e9vrier 2018 The Wombats @ Pias Nite, la Maroquinerie, Paris, 08 mars 2018 Shaka Ponk @ Bercy Ar\u00e9na, Paris, 22 mars 2018 Phoenix @ la Ga\u00eet\u00e9-Lyrique, Paris, 29 mai 2018\u2026","rel":"","context":"Dans &quot;DPC&quot;","block_context":{"text":"DPC","link":"https:\/\/www.wallendorff.com\/belogue\/category\/dpc\/"},"img":{"alt_text":"","src":"https:\/\/i0.wp.com\/www.wallendorff.com\/belogue\/wp-content\/uploads\/2024\/06\/20240626-11.jpg?resize=350%2C200&ssl=1","width":350,"height":200,"srcset":"https:\/\/i0.wp.com\/www.wallendorff.com\/belogue\/wp-content\/uploads\/2024\/06\/20240626-11.jpg?resize=350%2C200&ssl=1 1x, https:\/\/i0.wp.com\/www.wallendorff.com\/belogue\/wp-content\/uploads\/2024\/06\/20240626-11.jpg?resize=525%2C300&ssl=1 1.5x, https:\/\/i0.wp.com\/www.wallendorff.com\/belogue\/wp-content\/uploads\/2024\/06\/20240626-11.jpg?resize=700%2C400&ssl=1 2x, https:\/\/i0.wp.com\/www.wallendorff.com\/belogue\/wp-content\/uploads\/2024\/06\/20240626-11.jpg?resize=1050%2C600&ssl=1 3x"},"classes":[]},{"id":32215,"url":"https:\/\/www.wallendorff.com\/belogue\/2016\/08\/29\/into-the-wide-74\/","url_meta":{"origin":41292,"position":2},"title":"Into the wide #74.","author":"dpc","date":"29 ao\u00fbt 2016","format":false,"excerpt":"Monteliusv\u00e4gen, Stockholm, 20 juin. Rivers or Oceans (Lambert rework) Boy","rel":"","context":"Dans &quot;Into the wide&quot;","block_context":{"text":"Into the wide","link":"https:\/\/www.wallendorff.com\/belogue\/category\/into-the-wide\/"},"img":{"alt_text":"","src":"https:\/\/i0.wp.com\/www.wallendorff.com\/belogue\/wp-content\/uploads\/2016\/08\/20160829.jpg?resize=350%2C200&ssl=1","width":350,"height":200,"srcset":"https:\/\/i0.wp.com\/www.wallendorff.com\/belogue\/wp-content\/uploads\/2016\/08\/20160829.jpg?resize=350%2C200&ssl=1 1x, https:\/\/i0.wp.com\/www.wallendorff.com\/belogue\/wp-content\/uploads\/2016\/08\/20160829.jpg?resize=525%2C300&ssl=1 1.5x, https:\/\/i0.wp.com\/www.wallendorff.com\/belogue\/wp-content\/uploads\/2016\/08\/20160829.jpg?resize=700%2C400&ssl=1 2x"},"classes":[]},{"id":37980,"url":"https:\/\/www.wallendorff.com\/belogue\/2018\/04\/13\/into-the-wide-144\/","url_meta":{"origin":41292,"position":3},"title":"Into the wide #144.","author":"dpc","date":"13 avril 2018","format":false,"excerpt":"S\u00f6dra Blasieholmskajen, Stockholm, 10 f\u00e9vrier. A Still HeartThe Naked and Famous","rel":"","context":"Dans &quot;Into the wide&quot;","block_context":{"text":"Into the wide","link":"https:\/\/www.wallendorff.com\/belogue\/category\/into-the-wide\/"},"img":{"alt_text":"S\u00f6dra Blasieholmskajen, Stockholm, 10 f\u00e9vrier 2018.","src":"https:\/\/i0.wp.com\/www.wallendorff.com\/belogue\/wp-content\/uploads\/2018\/04\/20180413.jpg?resize=350%2C200&ssl=1","width":350,"height":200,"srcset":"https:\/\/i0.wp.com\/www.wallendorff.com\/belogue\/wp-content\/uploads\/2018\/04\/20180413.jpg?resize=350%2C200&ssl=1 1x, https:\/\/i0.wp.com\/www.wallendorff.com\/belogue\/wp-content\/uploads\/2018\/04\/20180413.jpg?resize=525%2C300&ssl=1 1.5x, https:\/\/i0.wp.com\/www.wallendorff.com\/belogue\/wp-content\/uploads\/2018\/04\/20180413.jpg?resize=700%2C400&ssl=1 2x, https:\/\/i0.wp.com\/www.wallendorff.com\/belogue\/wp-content\/uploads\/2018\/04\/20180413.jpg?resize=1050%2C600&ssl=1 3x"},"classes":[]},{"id":32193,"url":"https:\/\/www.wallendorff.com\/belogue\/2016\/08\/24\/hauts-rayons\/","url_meta":{"origin":41292,"position":4},"title":"Hauts rayons.","author":"dpc","date":"24 ao\u00fbt 2016","format":false,"excerpt":"Biblioth\u00e8que publique de Stockholm, 20 juin. You're a Germ Wolf Alice","rel":"","context":"Dans &quot;DPC&quot;","block_context":{"text":"DPC","link":"https:\/\/www.wallendorff.com\/belogue\/category\/dpc\/"},"img":{"alt_text":"","src":"https:\/\/i0.wp.com\/www.wallendorff.com\/belogue\/wp-content\/uploads\/2016\/08\/20160824.jpg?resize=350%2C200&ssl=1","width":350,"height":200,"srcset":"https:\/\/i0.wp.com\/www.wallendorff.com\/belogue\/wp-content\/uploads\/2016\/08\/20160824.jpg?resize=350%2C200&ssl=1 1x, https:\/\/i0.wp.com\/www.wallendorff.com\/belogue\/wp-content\/uploads\/2016\/08\/20160824.jpg?resize=525%2C300&ssl=1 1.5x, https:\/\/i0.wp.com\/www.wallendorff.com\/belogue\/wp-content\/uploads\/2016\/08\/20160824.jpg?resize=700%2C400&ssl=1 2x"},"classes":[]},{"id":37744,"url":"https:\/\/www.wallendorff.com\/belogue\/2018\/04\/03\/into-the-wide-141\/","url_meta":{"origin":41292,"position":5},"title":"Into the wide #141.","author":"dpc","date":"3 avril 2018","format":false,"excerpt":"V\u00e4stra Brob\u00e4nken, Stockholm, 10 f\u00e9vrier. The Answer's No \u2013 Now What's the Question?The Go! Team","rel":"","context":"Dans &quot;Into the wide&quot;","block_context":{"text":"Into the wide","link":"https:\/\/www.wallendorff.com\/belogue\/category\/into-the-wide\/"},"img":{"alt_text":"V\u00e4stra Brob\u00e4nken, Stockholm, 10 f\u00e9vrier.","src":"https:\/\/i0.wp.com\/www.wallendorff.com\/belogue\/wp-content\/uploads\/2018\/04\/20180403.jpg?resize=350%2C200&ssl=1","width":350,"height":200,"srcset":"https:\/\/i0.wp.com\/www.wallendorff.com\/belogue\/wp-content\/uploads\/2018\/04\/20180403.jpg?resize=350%2C200&ssl=1 1x, https:\/\/i0.wp.com\/www.wallendorff.com\/belogue\/wp-content\/uploads\/2018\/04\/20180403.jpg?resize=525%2C300&ssl=1 1.5x, https:\/\/i0.wp.com\/www.wallendorff.com\/belogue\/wp-content\/uploads\/2018\/04\/20180403.jpg?resize=700%2C400&ssl=1 2x, https:\/\/i0.wp.com\/www.wallendorff.com\/belogue\/wp-content\/uploads\/2018\/04\/20180403.jpg?resize=1050%2C600&ssl=1 3x"},"classes":[]}],"_links":{"self":[{"href":"https:\/\/www.wallendorff.com\/belogue\/wp-json\/wp\/v2\/posts\/41292","targetHints":{"allow":["GET"]}}],"collection":[{"href":"https:\/\/www.wallendorff.com\/belogue\/wp-json\/wp\/v2\/posts"}],"about":[{"href":"https:\/\/www.wallendorff.com\/belogue\/wp-json\/wp\/v2\/types\/post"}],"author":[{"embeddable":true,"href":"https:\/\/www.wallendorff.com\/belogue\/wp-json\/wp\/v2\/users\/1"}],"replies":[{"embeddable":true,"href":"https:\/\/www.wallendorff.com\/belogue\/wp-json\/wp\/v2\/comments?post=41292"}],"version-history":[{"count":3,"href":"https:\/\/www.wallendorff.com\/belogue\/wp-json\/wp\/v2\/posts\/41292\/revisions"}],"predecessor-version":[{"id":41296,"href":"https:\/\/www.wallendorff.com\/belogue\/wp-json\/wp\/v2\/posts\/41292\/revisions\/41296"}],"wp:featuredmedia":[{"embeddable":true,"href":"https:\/\/www.wallendorff.com\/belogue\/wp-json\/wp\/v2\/media\/41293"}],"wp:attachment":[{"href":"https:\/\/www.wallendorff.com\/belogue\/wp-json\/wp\/v2\/media?parent=41292"}],"wp:term":[{"taxonomy":"category","embeddable":true,"href":"https:\/\/www.wallendorff.com\/belogue\/wp-json\/wp\/v2\/categories?post=41292"},{"taxonomy":"post_tag","embeddable":true,"href":"https:\/\/www.wallendorff.com\/belogue\/wp-json\/wp\/v2\/tags?post=41292"}],"curies":[{"name":"wp","href":"https:\/\/api.w.org\/{rel}","templated":true}]}}