{"id":41288,"date":"2019-03-11T12:04:23","date_gmt":"2019-03-11T10:04:23","guid":{"rendered":"http:\/\/www.wallendorff.com\/belogue\/?p=41288"},"modified":"2019-05-23T12:50:40","modified_gmt":"2019-05-23T10:50:40","slug":"la-petite-boutique-des-aurores-0","status":"publish","type":"post","link":"https:\/\/www.wallendorff.com\/belogue\/2019\/03\/11\/la-petite-boutique-des-aurores-0\/","title":{"rendered":"La petite boutique des aurores #0."},"content":{"rendered":"<div id=\"photo\">\n<p><img decoding=\"async\" src=\"https:\/\/www.wallendorff.com\/belogue\/wp-content\/uploads\/2019\/03\/20190311.jpg\"><br \/>\nFlakstad, 2 mars 2019.<\/p>\n<\/div>\n<p style=\"text-align:right\">Pardon pour le long silence, j&rsquo;&eacute;tais loin.<\/p>\n<p style=\"text-align:right\">On reprend demain.<\/p>\n<div id=\"bandeson\">\n<p><img decoding=\"async\" src=\"https:\/\/www.wallendorff.com\/belogue\/photo\/pochettes\/m\/matthew_and_the_atlas-other_rivers.jpg\" align=\"left\" \/><a href=\"http:\/\/www.youtube.com\/watch?v=zJJkE5lmmpA\"><em>To the North<\/em><\/a><br \/>\n<a href=\"https:\/\/matthewandtheatlas.com\/\">Matthew and the Atlas<\/a><\/p>\n<\/div>\n","protected":false},"excerpt":{"rendered":"<p>Flakstad, 2 mars 2019. Pardon pour le long silence, j&rsquo;&eacute;tais loin. On reprend demain. To the North Matthew and the Atlas<\/p>\n","protected":false},"author":1,"featured_media":41289,"comment_status":"open","ping_status":"open","sticky":false,"template":"","format":"standard","meta":{"_acf_changed":false,"ngg_post_thumbnail":0,"jetpack_post_was_ever_published":false,"_jetpack_newsletter_access":"","_jetpack_dont_email_post_to_subs":false,"_jetpack_newsletter_tier_id":0,"_jetpack_memberships_contains_paywalled_content":false,"_jetpack_memberships_contains_paid_content":false,"footnotes":"","jetpack_publicize_message":"","jetpack_publicize_feature_enabled":true,"jetpack_social_post_already_shared":true,"jetpack_social_options":{"image_generator_settings":{"template":"highway","default_image_id":0,"font":"","enabled":false},"version":2}},"categories":[3],"tags":[15499,11310,2571,8351,10144,15496,15497,15495,4816,2357,10147,15498,10592,15500],"class_list":["post-41288","post","type-post","status-publish","format-standard","has-post-thumbnail","hentry","category-dpc","tag-aurore-boreale","tag-autoportrait","tag-ef-16-35-mm-f28l-ii-usm","tag-eos-6d","tag-ciel","tag-comte-de-nordland","tag-flakstad","tag-lofoten","tag-matthew-and-the-atlas","tag-norvege","tag-nuit","tag-plage-de-skagsanden","tag-pose-longue","tag-to-the-north"],"acf":[],"geo":{"latitude":68.1038361,"longitude":13.2857962,"description":"Ramberg, Nordland, 8388, NO"},"jetpack_publicize_connections":[],"jetpack_featured_media_url":"https:\/\/www.wallendorff.com\/belogue\/wp-content\/uploads\/2019\/03\/20190311.jpg","jetpack_shortlink":"https:\/\/wp.me\/p3b35P-aJW","jetpack_sharing_enabled":true,"jetpack-related-posts":[{"id":41876,"url":"https:\/\/www.wallendorff.com\/belogue\/2019\/05\/20\/et-toi-la-mate-la\/","url_meta":{"origin":41288,"position":0},"title":"Et toi [la mate l\u00e0].","author":"dpc","date":"20 mai 2019","format":false,"excerpt":"Flakstad, 3 mars 2019. Jupiter 4 Sharon Van Etten","rel":"","context":"Dans &quot;DPC&quot;","block_context":{"text":"DPC","link":"https:\/\/www.wallendorff.com\/belogue\/category\/dpc\/"},"img":{"alt_text":"Flakstad, 03\/03\/2019","src":"https:\/\/i0.wp.com\/www.wallendorff.com\/belogue\/wp-content\/uploads\/2019\/05\/20190520.jpg?resize=350%2C200&ssl=1","width":350,"height":200,"srcset":"https:\/\/i0.wp.com\/www.wallendorff.com\/belogue\/wp-content\/uploads\/2019\/05\/20190520.jpg?resize=350%2C200&ssl=1 1x, https:\/\/i0.wp.com\/www.wallendorff.com\/belogue\/wp-content\/uploads\/2019\/05\/20190520.jpg?resize=525%2C300&ssl=1 1.5x, https:\/\/i0.wp.com\/www.wallendorff.com\/belogue\/wp-content\/uploads\/2019\/05\/20190520.jpg?resize=700%2C400&ssl=1 2x, https:\/\/i0.wp.com\/www.wallendorff.com\/belogue\/wp-content\/uploads\/2019\/05\/20190520.jpg?resize=1050%2C600&ssl=1 3x"},"classes":[]},{"id":42148,"url":"https:\/\/www.wallendorff.com\/belogue\/2019\/06\/18\/rorbuer\/","url_meta":{"origin":41288,"position":1},"title":"Rorbuer.","author":"dpc","date":"18 juin 2019","format":false,"excerpt":"Nusfjord, 6 mars 2019. \u00a0Elusive Scott Matthews","rel":"","context":"Dans &quot;DPC&quot;","block_context":{"text":"DPC","link":"https:\/\/www.wallendorff.com\/belogue\/category\/dpc\/"},"img":{"alt_text":"Nusfjord, 6 mars 2019.","src":"https:\/\/i0.wp.com\/www.wallendorff.com\/belogue\/wp-content\/uploads\/2019\/06\/20190618.jpg?resize=350%2C200&ssl=1","width":350,"height":200,"srcset":"https:\/\/i0.wp.com\/www.wallendorff.com\/belogue\/wp-content\/uploads\/2019\/06\/20190618.jpg?resize=350%2C200&ssl=1 1x, https:\/\/i0.wp.com\/www.wallendorff.com\/belogue\/wp-content\/uploads\/2019\/06\/20190618.jpg?resize=525%2C300&ssl=1 1.5x, https:\/\/i0.wp.com\/www.wallendorff.com\/belogue\/wp-content\/uploads\/2019\/06\/20190618.jpg?resize=700%2C400&ssl=1 2x, https:\/\/i0.wp.com\/www.wallendorff.com\/belogue\/wp-content\/uploads\/2019\/06\/20190618.jpg?resize=1050%2C600&ssl=1 3x"},"classes":[]},{"id":42145,"url":"https:\/\/www.wallendorff.com\/belogue\/2019\/06\/17\/qui-a-rorbu-rorboira\/","url_meta":{"origin":41288,"position":2},"title":"Qui a rorbu (rorboira).","author":"dpc","date":"17 juin 2019","format":false,"excerpt":"Nusfjord, 6 mars 2019. Quiet Light The National","rel":"","context":"Dans &quot;DPC&quot;","block_context":{"text":"DPC","link":"https:\/\/www.wallendorff.com\/belogue\/category\/dpc\/"},"img":{"alt_text":"Nusfjord, 6 mars 2019.","src":"https:\/\/i0.wp.com\/www.wallendorff.com\/belogue\/wp-content\/uploads\/2019\/06\/20190617.jpg?resize=350%2C200&ssl=1","width":350,"height":200,"srcset":"https:\/\/i0.wp.com\/www.wallendorff.com\/belogue\/wp-content\/uploads\/2019\/06\/20190617.jpg?resize=350%2C200&ssl=1 1x, https:\/\/i0.wp.com\/www.wallendorff.com\/belogue\/wp-content\/uploads\/2019\/06\/20190617.jpg?resize=525%2C300&ssl=1 1.5x, https:\/\/i0.wp.com\/www.wallendorff.com\/belogue\/wp-content\/uploads\/2019\/06\/20190617.jpg?resize=700%2C400&ssl=1 2x, https:\/\/i0.wp.com\/www.wallendorff.com\/belogue\/wp-content\/uploads\/2019\/06\/20190617.jpg?resize=1050%2C600&ssl=1 3x"},"classes":[]},{"id":42707,"url":"https:\/\/www.wallendorff.com\/belogue\/2019\/07\/23\/stuck-in-the-sund\/","url_meta":{"origin":41288,"position":3},"title":"Stuck in the Sund.","author":"dpc","date":"23 juillet 2019","format":false,"excerpt":"Sund, 8 mars 2019. Come Again Kurt Vile","rel":"","context":"Dans &quot;DPC&quot;","block_context":{"text":"DPC","link":"https:\/\/www.wallendorff.com\/belogue\/category\/dpc\/"},"img":{"alt_text":"Sund, 8 mars 2019.","src":"https:\/\/i0.wp.com\/www.wallendorff.com\/belogue\/wp-content\/uploads\/2019\/07\/20190723.jpg?resize=350%2C200&ssl=1","width":350,"height":200,"srcset":"https:\/\/i0.wp.com\/www.wallendorff.com\/belogue\/wp-content\/uploads\/2019\/07\/20190723.jpg?resize=350%2C200&ssl=1 1x, https:\/\/i0.wp.com\/www.wallendorff.com\/belogue\/wp-content\/uploads\/2019\/07\/20190723.jpg?resize=525%2C300&ssl=1 1.5x, https:\/\/i0.wp.com\/www.wallendorff.com\/belogue\/wp-content\/uploads\/2019\/07\/20190723.jpg?resize=700%2C400&ssl=1 2x, https:\/\/i0.wp.com\/www.wallendorff.com\/belogue\/wp-content\/uploads\/2019\/07\/20190723.jpg?resize=1050%2C600&ssl=1 3x"},"classes":[]},{"id":41734,"url":"https:\/\/www.wallendorff.com\/belogue\/2019\/05\/02\/cetang-de-reflexion\/","url_meta":{"origin":41288,"position":4},"title":"C&rsquo;\u00e9tang de r\u00e9flexion.","author":"dpc","date":"2 mai 2019","format":false,"excerpt":"B\u00f8, 2 mars 2019. Living Room, NY Laura Stevenson","rel":"","context":"Dans &quot;DPC&quot;","block_context":{"text":"DPC","link":"https:\/\/www.wallendorff.com\/belogue\/category\/dpc\/"},"img":{"alt_text":"B\u00f8, 2 mars 2019.","src":"https:\/\/i0.wp.com\/www.wallendorff.com\/belogue\/wp-content\/uploads\/2019\/05\/20190502.jpg?resize=350%2C200&ssl=1","width":350,"height":200,"srcset":"https:\/\/i0.wp.com\/www.wallendorff.com\/belogue\/wp-content\/uploads\/2019\/05\/20190502.jpg?resize=350%2C200&ssl=1 1x, https:\/\/i0.wp.com\/www.wallendorff.com\/belogue\/wp-content\/uploads\/2019\/05\/20190502.jpg?resize=525%2C300&ssl=1 1.5x, https:\/\/i0.wp.com\/www.wallendorff.com\/belogue\/wp-content\/uploads\/2019\/05\/20190502.jpg?resize=700%2C400&ssl=1 2x, https:\/\/i0.wp.com\/www.wallendorff.com\/belogue\/wp-content\/uploads\/2019\/05\/20190502.jpg?resize=1050%2C600&ssl=1 3x"},"classes":[]},{"id":42168,"url":"https:\/\/www.wallendorff.com\/belogue\/2019\/06\/20\/la-roche-posee\/","url_meta":{"origin":41288,"position":5},"title":"La roche pos\u00e9e.","author":"dpc","date":"20 juin 2019","format":false,"excerpt":"Plage de Storsandnes, 6 mars 2019. HumiliationThe National","rel":"","context":"Dans &quot;DPC&quot;","block_context":{"text":"DPC","link":"https:\/\/www.wallendorff.com\/belogue\/category\/dpc\/"},"img":{"alt_text":"Plage de Storsandnes, 6 mars 2019","src":"https:\/\/i0.wp.com\/www.wallendorff.com\/belogue\/wp-content\/uploads\/2019\/06\/20190620.jpg?resize=350%2C200&ssl=1","width":350,"height":200,"srcset":"https:\/\/i0.wp.com\/www.wallendorff.com\/belogue\/wp-content\/uploads\/2019\/06\/20190620.jpg?resize=350%2C200&ssl=1 1x, https:\/\/i0.wp.com\/www.wallendorff.com\/belogue\/wp-content\/uploads\/2019\/06\/20190620.jpg?resize=525%2C300&ssl=1 1.5x, https:\/\/i0.wp.com\/www.wallendorff.com\/belogue\/wp-content\/uploads\/2019\/06\/20190620.jpg?resize=700%2C400&ssl=1 2x, https:\/\/i0.wp.com\/www.wallendorff.com\/belogue\/wp-content\/uploads\/2019\/06\/20190620.jpg?resize=1050%2C600&ssl=1 3x"},"classes":[]}],"_links":{"self":[{"href":"https:\/\/www.wallendorff.com\/belogue\/wp-json\/wp\/v2\/posts\/41288","targetHints":{"allow":["GET"]}}],"collection":[{"href":"https:\/\/www.wallendorff.com\/belogue\/wp-json\/wp\/v2\/posts"}],"about":[{"href":"https:\/\/www.wallendorff.com\/belogue\/wp-json\/wp\/v2\/types\/post"}],"author":[{"embeddable":true,"href":"https:\/\/www.wallendorff.com\/belogue\/wp-json\/wp\/v2\/users\/1"}],"replies":[{"embeddable":true,"href":"https:\/\/www.wallendorff.com\/belogue\/wp-json\/wp\/v2\/comments?post=41288"}],"version-history":[{"count":2,"href":"https:\/\/www.wallendorff.com\/belogue\/wp-json\/wp\/v2\/posts\/41288\/revisions"}],"predecessor-version":[{"id":41291,"href":"https:\/\/www.wallendorff.com\/belogue\/wp-json\/wp\/v2\/posts\/41288\/revisions\/41291"}],"wp:featuredmedia":[{"embeddable":true,"href":"https:\/\/www.wallendorff.com\/belogue\/wp-json\/wp\/v2\/media\/41289"}],"wp:attachment":[{"href":"https:\/\/www.wallendorff.com\/belogue\/wp-json\/wp\/v2\/media?parent=41288"}],"wp:term":[{"taxonomy":"category","embeddable":true,"href":"https:\/\/www.wallendorff.com\/belogue\/wp-json\/wp\/v2\/categories?post=41288"},{"taxonomy":"post_tag","embeddable":true,"href":"https:\/\/www.wallendorff.com\/belogue\/wp-json\/wp\/v2\/tags?post=41288"}],"curies":[{"name":"wp","href":"https:\/\/api.w.org\/{rel}","templated":true}]}}