{"id":41265,"date":"2019-02-20T12:33:46","date_gmt":"2019-02-20T10:33:46","guid":{"rendered":"http:\/\/www.wallendorff.com\/belogue\/?p=41265"},"modified":"2019-04-25T13:18:55","modified_gmt":"2019-04-25T11:18:55","slug":"lamas-te-mue-tel-lazur","status":"publish","type":"post","link":"https:\/\/www.wallendorff.com\/belogue\/2019\/02\/20\/lamas-te-mue-tel-lazur\/","title":{"rendered":"L&rsquo;amas te mue, tel l&rsquo;azur."},"content":{"rendered":"<div id=\"photo\">\n<p><img decoding=\"async\" src=\"https:\/\/www.wallendorff.com\/belogue\/wp-content\/uploads\/2019\/02\/20190220.jpg\"><br \/>\n\u00c9glise Saint-Pierre de Munich, 15 d\u00e9cembre 2018.<\/p>\n<\/div>\n<div id=\"bandeson\">\n<p><img decoding=\"async\" src=\"https:\/\/www.wallendorff.com\/belogue\/photo\/pochettes\/v\/van_etten_sharon-remind_me_tomorrow.jpg\" align=\"left\" \/><a href=\"http:\/\/www.youtube.com\/watch?v=W4etGf2PJcA\" a style=\"font-weight:normal\" id=\"lienmp3\"><em>Jupiter 4<\/em><\/a><br \/>\n<a href=\"https:\/\/www.sharonvanetten.com\/\">Sharon Van Etten<\/a><\/p>\n<\/div>\n","protected":false},"excerpt":{"rendered":"<p>\u00c9glise Saint-Pierre de Munich, 15 d\u00e9cembre 2018. Jupiter 4 Sharon Van Etten<\/p>\n","protected":false},"author":1,"featured_media":41266,"comment_status":"open","ping_status":"open","sticky":false,"template":"","format":"standard","meta":{"_acf_changed":false,"ngg_post_thumbnail":0,"jetpack_post_was_ever_published":false,"_jetpack_newsletter_access":"","_jetpack_dont_email_post_to_subs":false,"_jetpack_newsletter_tier_id":0,"_jetpack_memberships_contains_paywalled_content":false,"_jetpack_memberships_contains_paid_content":false,"footnotes":"","jetpack_publicize_message":"","jetpack_publicize_feature_enabled":true,"jetpack_social_post_already_shared":true,"jetpack_social_options":{"image_generator_settings":{"template":"highway","default_image_id":0,"font":"","enabled":false},"version":2}},"categories":[3],"tags":[10953,12058,737,10326,15414,15415,14271,14890,15413,15288,15345,10988],"class_list":["post-41265","post","type-post","status-publish","format-standard","has-post-thumbnail","hentry","category-dpc","tag-allemagne","tag-baviere","tag-bleu","tag-crepuscule","tag-eglise-saint-pierre-de-munich","tag-frauenkirche","tag-fujifilm-x-t2","tag-fujinon-xf-10-24-mm-f-4-r-ois","tag-jupiter-4","tag-munich","tag-rindermarkt","tag-sharon-van-etten"],"acf":[],"geo":{"latitude":48.1364937,"longitude":11.5760279,"description":null},"jetpack_publicize_connections":[],"jetpack_featured_media_url":"https:\/\/www.wallendorff.com\/belogue\/wp-content\/uploads\/2019\/02\/20190220.jpg","jetpack_shortlink":"https:\/\/wp.me\/p3b35P-aJz","jetpack_sharing_enabled":true,"jetpack-related-posts":[{"id":41876,"url":"https:\/\/www.wallendorff.com\/belogue\/2019\/05\/20\/et-toi-la-mate-la\/","url_meta":{"origin":41265,"position":0},"title":"Et toi [la mate l\u00e0].","author":"dpc","date":"20 mai 2019","format":false,"excerpt":"Flakstad, 3 mars 2019. Jupiter 4 Sharon Van Etten","rel":"","context":"Dans &quot;DPC&quot;","block_context":{"text":"DPC","link":"https:\/\/www.wallendorff.com\/belogue\/category\/dpc\/"},"img":{"alt_text":"Flakstad, 03\/03\/2019","src":"https:\/\/i0.wp.com\/www.wallendorff.com\/belogue\/wp-content\/uploads\/2019\/05\/20190520.jpg?resize=350%2C200&ssl=1","width":350,"height":200,"srcset":"https:\/\/i0.wp.com\/www.wallendorff.com\/belogue\/wp-content\/uploads\/2019\/05\/20190520.jpg?resize=350%2C200&ssl=1 1x, https:\/\/i0.wp.com\/www.wallendorff.com\/belogue\/wp-content\/uploads\/2019\/05\/20190520.jpg?resize=525%2C300&ssl=1 1.5x, https:\/\/i0.wp.com\/www.wallendorff.com\/belogue\/wp-content\/uploads\/2019\/05\/20190520.jpg?resize=700%2C400&ssl=1 2x, https:\/\/i0.wp.com\/www.wallendorff.com\/belogue\/wp-content\/uploads\/2019\/05\/20190520.jpg?resize=1050%2C600&ssl=1 3x"},"classes":[]},{"id":23617,"url":"https:\/\/www.wallendorff.com\/belogue\/2014\/12\/02\/sharon-van-etten-la-maroquinerie-paris\/","url_meta":{"origin":41265,"position":1},"title":"Sharon Van Etten @ la Maroquinerie, Paris.","author":"dpc","date":"2 d\u00e9cembre 2014","format":false,"excerpt":"Tarifa Sharon Van Etten \u00a0","rel":"","context":"Dans &quot;Alive&quot;","block_context":{"text":"Alive","link":"https:\/\/www.wallendorff.com\/belogue\/category\/alive\/"},"img":{"alt_text":"","src":"https:\/\/i0.wp.com\/www.wallendorff.com\/belogue\/wp-content\/uploads\/2015\/04\/201412021.jpg?resize=350%2C200&ssl=1","width":350,"height":200,"srcset":"https:\/\/i0.wp.com\/www.wallendorff.com\/belogue\/wp-content\/uploads\/2015\/04\/201412021.jpg?resize=350%2C200&ssl=1 1x, https:\/\/i0.wp.com\/www.wallendorff.com\/belogue\/wp-content\/uploads\/2015\/04\/201412021.jpg?resize=525%2C300&ssl=1 1.5x, https:\/\/i0.wp.com\/www.wallendorff.com\/belogue\/wp-content\/uploads\/2015\/04\/201412021.jpg?resize=700%2C400&ssl=1 2x"},"classes":[]},{"id":19156,"url":"https:\/\/www.wallendorff.com\/belogue\/2012\/10\/02\/sharon-van-etten-le-cafe-de-la-danse-paris\/","url_meta":{"origin":41265,"position":2},"title":"Sharon Van Etten @ le Caf\u00e9 de la Danse, Paris.","author":"dpc","date":"2 octobre 2012","format":false,"excerpt":"Sharon Van Etten \u2013 Serpents \u00a0","rel":"","context":"Dans &quot;Alive&quot;","block_context":{"text":"Alive","link":"https:\/\/www.wallendorff.com\/belogue\/category\/alive\/"},"img":{"alt_text":"","src":"https:\/\/i0.wp.com\/www.wallendorff.com\/belogue\/wp-content\/uploads\/2015\/04\/201210021.jpg?resize=350%2C200&ssl=1","width":350,"height":200,"srcset":"https:\/\/i0.wp.com\/www.wallendorff.com\/belogue\/wp-content\/uploads\/2015\/04\/201210021.jpg?resize=350%2C200&ssl=1 1x, https:\/\/i0.wp.com\/www.wallendorff.com\/belogue\/wp-content\/uploads\/2015\/04\/201210021.jpg?resize=525%2C300&ssl=1 1.5x, https:\/\/i0.wp.com\/www.wallendorff.com\/belogue\/wp-content\/uploads\/2015\/04\/201210021.jpg?resize=700%2C400&ssl=1 2x"},"classes":[]},{"id":23790,"url":"https:\/\/www.wallendorff.com\/belogue\/2014\/12\/31\/decembre-2014\/","url_meta":{"origin":41265,"position":3},"title":"D\u00e9cembre 2014.","author":"dpc","date":"31 d\u00e9cembre 2014","format":false,"excerpt":"Un jour en plus, un concert, un calendrier, un week-end avec des cr\u00e8ches, une soir\u00e9e \u00e0 haute densit\u00e9, un test \u00e0 l'aveugle, un concert, une bi\u00e8re, un concert, une tasse, des di\u0161ques, une soir\u00e9e \u00e0 haute densit\u00e9, une licorne, une soir\u00e9e \u00e0 cartes, un concert, une contre-plong\u00e9e, des cadeaux et\u2026","rel":"","context":"Dans &quot;Blog-note&quot;","block_context":{"text":"Blog-note","link":"https:\/\/www.wallendorff.com\/belogue\/category\/blog-note\/"},"img":{"alt_text":"","src":"https:\/\/i0.wp.com\/www.wallendorff.com\/belogue\/wp-content\/uploads\/2015\/04\/20150115-681.jpg?resize=350%2C200&ssl=1","width":350,"height":200,"srcset":"https:\/\/i0.wp.com\/www.wallendorff.com\/belogue\/wp-content\/uploads\/2015\/04\/20150115-681.jpg?resize=350%2C200&ssl=1 1x, https:\/\/i0.wp.com\/www.wallendorff.com\/belogue\/wp-content\/uploads\/2015\/04\/20150115-681.jpg?resize=525%2C300&ssl=1 1.5x, https:\/\/i0.wp.com\/www.wallendorff.com\/belogue\/wp-content\/uploads\/2015\/04\/20150115-681.jpg?resize=700%2C400&ssl=1 2x"},"classes":[]},{"id":41097,"url":"https:\/\/www.wallendorff.com\/belogue\/2019\/02\/10\/honni-hall\/","url_meta":{"origin":41265,"position":4},"title":"Honni hall.","author":"dpc","date":"10 f\u00e9vrier 2019","format":false,"excerpt":"H\u00f4tel de ville de Vienne, 30 novembre 2018. Comeback Kid Sharon Van Etten","rel":"","context":"Dans &quot;DPC&quot;","block_context":{"text":"DPC","link":"https:\/\/www.wallendorff.com\/belogue\/category\/dpc\/"},"img":{"alt_text":"","src":"https:\/\/i0.wp.com\/www.wallendorff.com\/belogue\/wp-content\/uploads\/2019\/02\/20190210.jpg?resize=350%2C200&ssl=1","width":350,"height":200,"srcset":"https:\/\/i0.wp.com\/www.wallendorff.com\/belogue\/wp-content\/uploads\/2019\/02\/20190210.jpg?resize=350%2C200&ssl=1 1x, https:\/\/i0.wp.com\/www.wallendorff.com\/belogue\/wp-content\/uploads\/2019\/02\/20190210.jpg?resize=525%2C300&ssl=1 1.5x, https:\/\/i0.wp.com\/www.wallendorff.com\/belogue\/wp-content\/uploads\/2019\/02\/20190210.jpg?resize=700%2C400&ssl=1 2x"},"classes":[]},{"id":41408,"url":"https:\/\/www.wallendorff.com\/belogue\/2019\/03\/21\/into-the-wide-169\/","url_meta":{"origin":41265,"position":5},"title":"Into the wide #169.","author":"dpc","date":"21 mars 2019","format":false,"excerpt":"Oudezijds Voorburgwal, Amsterdam, 1er f\u00e9vrier 2019. You Shadow Sharon Van Etten","rel":"","context":"Dans &quot;Into the wide&quot;","block_context":{"text":"Into the wide","link":"https:\/\/www.wallendorff.com\/belogue\/category\/into-the-wide\/"},"img":{"alt_text":"","src":"https:\/\/i0.wp.com\/www.wallendorff.com\/belogue\/wp-content\/uploads\/2019\/03\/20190321.jpg?resize=350%2C200&ssl=1","width":350,"height":200,"srcset":"https:\/\/i0.wp.com\/www.wallendorff.com\/belogue\/wp-content\/uploads\/2019\/03\/20190321.jpg?resize=350%2C200&ssl=1 1x, https:\/\/i0.wp.com\/www.wallendorff.com\/belogue\/wp-content\/uploads\/2019\/03\/20190321.jpg?resize=525%2C300&ssl=1 1.5x, https:\/\/i0.wp.com\/www.wallendorff.com\/belogue\/wp-content\/uploads\/2019\/03\/20190321.jpg?resize=700%2C400&ssl=1 2x, https:\/\/i0.wp.com\/www.wallendorff.com\/belogue\/wp-content\/uploads\/2019\/03\/20190321.jpg?resize=1050%2C600&ssl=1 3x"},"classes":[]}],"_links":{"self":[{"href":"https:\/\/www.wallendorff.com\/belogue\/wp-json\/wp\/v2\/posts\/41265","targetHints":{"allow":["GET"]}}],"collection":[{"href":"https:\/\/www.wallendorff.com\/belogue\/wp-json\/wp\/v2\/posts"}],"about":[{"href":"https:\/\/www.wallendorff.com\/belogue\/wp-json\/wp\/v2\/types\/post"}],"author":[{"embeddable":true,"href":"https:\/\/www.wallendorff.com\/belogue\/wp-json\/wp\/v2\/users\/1"}],"replies":[{"embeddable":true,"href":"https:\/\/www.wallendorff.com\/belogue\/wp-json\/wp\/v2\/comments?post=41265"}],"version-history":[{"count":1,"href":"https:\/\/www.wallendorff.com\/belogue\/wp-json\/wp\/v2\/posts\/41265\/revisions"}],"predecessor-version":[{"id":41267,"href":"https:\/\/www.wallendorff.com\/belogue\/wp-json\/wp\/v2\/posts\/41265\/revisions\/41267"}],"wp:featuredmedia":[{"embeddable":true,"href":"https:\/\/www.wallendorff.com\/belogue\/wp-json\/wp\/v2\/media\/41266"}],"wp:attachment":[{"href":"https:\/\/www.wallendorff.com\/belogue\/wp-json\/wp\/v2\/media?parent=41265"}],"wp:term":[{"taxonomy":"category","embeddable":true,"href":"https:\/\/www.wallendorff.com\/belogue\/wp-json\/wp\/v2\/categories?post=41265"},{"taxonomy":"post_tag","embeddable":true,"href":"https:\/\/www.wallendorff.com\/belogue\/wp-json\/wp\/v2\/tags?post=41265"}],"curies":[{"name":"wp","href":"https:\/\/api.w.org\/{rel}","templated":true}]}}