{"id":41180,"date":"2019-02-13T13:02:47","date_gmt":"2019-02-13T11:02:47","guid":{"rendered":"http:\/\/www.wallendorff.com\/belogue\/?p=41180"},"modified":"2019-04-25T13:18:39","modified_gmt":"2019-04-25T11:18:39","slug":"sassit-dans-le-metro","status":"publish","type":"post","link":"https:\/\/www.wallendorff.com\/belogue\/2019\/02\/13\/sassit-dans-le-metro\/","title":{"rendered":"S&rsquo;assit dans le m\u00e9tro."},"content":{"rendered":"<div id=\"photo\">\n<p><img decoding=\"async\" src=\"https:\/\/www.wallendorff.com\/belogue\/wp-content\/uploads\/2019\/02\/20190213.gif\"><br \/>\nStation Westfriedhof, Munich, 15 d&eacute;cembre 2018.<\/p>\n<\/div>\n<div id=\"bandeson\">\n<p><img decoding=\"async\" src=\"https:\/\/www.wallendorff.com\/belogue\/photo\/pochettes\/d\/depeche_mode-personal_jesus.jpg\" align=\"left\" \/><a href=\"http:\/\/www.youtube.com\/watch?v=6PoXgM5zNgc\" a style=\"font-weight:normal\" id=\"lienmp3\"><em>Personal Jesus<\/em> (Pump mix)<\/a><br \/>\n<a href=\"https:\/\/www.depechemode.com\/\">Depeche Mode<\/a><\/p>\n<\/div>\n","protected":false},"excerpt":{"rendered":"<p>Station Westfriedhof, Munich, 15 d&eacute;cembre 2018. Personal Jesus (Pump mix) Depeche Mode<\/p>\n","protected":false},"author":1,"featured_media":41181,"comment_status":"open","ping_status":"open","sticky":false,"template":"","format":"standard","meta":{"_acf_changed":false,"ngg_post_thumbnail":0,"jetpack_post_was_ever_published":false,"_jetpack_newsletter_access":"","_jetpack_dont_email_post_to_subs":false,"_jetpack_newsletter_tier_id":0,"_jetpack_memberships_contains_paywalled_content":false,"_jetpack_memberships_contains_paid_content":false,"footnotes":"","jetpack_publicize_message":"","jetpack_publicize_feature_enabled":true,"jetpack_social_post_already_shared":true,"jetpack_social_options":{"image_generator_settings":{"template":"highway","default_image_id":0,"font":"","enabled":false},"version":2}},"categories":[3],"tags":[10953,12058,10126,14271,14890,10119,15341,15288,10147,15409,15408,10407,15354],"class_list":["post-41180","post","type-post","status-publish","format-standard","has-post-thumbnail","hentry","category-dpc","tag-allemagne","tag-baviere","tag-depeche-mode","tag-fujifilm-x-t2","tag-fujinon-xf-10-24-mm-f-4-r-ois","tag-metro","tag-metro-de-munich","tag-munich","tag-nuit","tag-pesonal-jesus","tag-rafale","tag-silhouette","tag-westfriedhof"],"acf":[],"geo":{"latitude":48.1696777,"longitude":11.5285206,"description":"M\u00fcnchen, Bayern, 80637, DE"},"jetpack_publicize_connections":[],"jetpack_featured_media_url":"https:\/\/www.wallendorff.com\/belogue\/wp-content\/uploads\/2019\/02\/20190213.gif","jetpack_shortlink":"https:\/\/wp.me\/p3b35P-aIc","jetpack_sharing_enabled":true,"jetpack-related-posts":[{"id":628,"url":"https:\/\/www.wallendorff.com\/belogue\/2004\/10\/02\/no-comment\/","url_meta":{"origin":41180,"position":0},"title":"No comment.","author":"dpc","date":"2 octobre 2004","format":false,"excerpt":"\u00a0Marylin Manson \u2014 Personal Jesus (Depeche Mode cover)","rel":"","context":"Dans &quot;DPC&quot;","block_context":{"text":"DPC","link":"https:\/\/www.wallendorff.com\/belogue\/category\/dpc\/"},"img":{"alt_text":"","src":"https:\/\/i0.wp.com\/www.wallendorff.com\/belogue\/wp-content\/uploads\/2015\/04\/024.jpg?resize=350%2C200&ssl=1","width":350,"height":200},"classes":[]},{"id":21164,"url":"https:\/\/www.wallendorff.com\/belogue\/2013\/06\/17\/depeche-mode-stade-de-france-saint-denis-15-juin\/","url_meta":{"origin":41180,"position":1},"title":"Depeche Mode @ Stade de France, Saint-Denis, 15 juin.","author":"dpc","date":"17 juin 2013","format":false,"excerpt":"Welcome to My World | Angel | Walking in My Shoes | Precious | Black Celebration | Policy of Truth | Should Be Higher | Barrel of a Gun | Higher Love | Judas | Heaven | Soothe My Soul | A Pain That I'm Used to | A Question\u2026","rel":"","context":"Dans &quot;Alive&quot;","block_context":{"text":"Alive","link":"https:\/\/www.wallendorff.com\/belogue\/category\/alive\/"},"img":{"alt_text":"","src":"https:\/\/i0.wp.com\/www.wallendorff.com\/belogue\/wp-content\/uploads\/2015\/04\/20130617.jpg?resize=350%2C200&ssl=1","width":350,"height":200,"srcset":"https:\/\/i0.wp.com\/www.wallendorff.com\/belogue\/wp-content\/uploads\/2015\/04\/20130617.jpg?resize=350%2C200&ssl=1 1x, https:\/\/i0.wp.com\/www.wallendorff.com\/belogue\/wp-content\/uploads\/2015\/04\/20130617.jpg?resize=525%2C300&ssl=1 1.5x, https:\/\/i0.wp.com\/www.wallendorff.com\/belogue\/wp-content\/uploads\/2015\/04\/20130617.jpg?resize=700%2C400&ssl=1 2x"},"classes":[]},{"id":921,"url":"https:\/\/www.wallendorff.com\/belogue\/2007\/03\/23\/depeche-mode-violator\/","url_meta":{"origin":41180,"position":2},"title":"Depeche Mode &ndash; Violator","author":"dpc","date":"23 mars 2007","format":false,"excerpt":"#2 Label\u00a0: Mute Sortie\u00a0: 19 mars 1990 Producteurs\u00a0: Depeche Mode, Flood Sorti le 19 mars 1990, au moment m\u00eame o\u00f9 je commence \u00e0 m\u2019int\u00e9resser au groupe, le Violator de la s\u0153ur finit forc\u00e9ment dans mon lecteur de cassette. Personal Jesus \u2015\u00a0sorti en fait 6 mois avant pour faire patienter les\u2026","rel":"","context":"Dans &quot;Autodiscobiographie&quot;","block_context":{"text":"Autodiscobiographie","link":"https:\/\/www.wallendorff.com\/belogue\/category\/autodiscobiographie\/"},"img":{"alt_text":"","src":"https:\/\/i0.wp.com\/www.wallendorff.com\/belogue\/wp-content\/uploads\/2015\/04\/002b.jpg?resize=350%2C200&ssl=1","width":350,"height":200,"srcset":"https:\/\/i0.wp.com\/www.wallendorff.com\/belogue\/wp-content\/uploads\/2015\/04\/002b.jpg?resize=350%2C200&ssl=1 1x, https:\/\/i0.wp.com\/www.wallendorff.com\/belogue\/wp-content\/uploads\/2015\/04\/002b.jpg?resize=525%2C300&ssl=1 1.5x, https:\/\/i0.wp.com\/www.wallendorff.com\/belogue\/wp-content\/uploads\/2015\/04\/002b.jpg?resize=700%2C400&ssl=1 2x"},"classes":[]},{"id":608,"url":"https:\/\/www.wallendorff.com\/belogue\/2004\/10\/20\/tu-luis-je-nuis\/","url_meta":{"origin":41180,"position":3},"title":"Tu luis je nuis.","author":"dpc","date":"20 octobre 2004","format":false,"excerpt":"Pontiac. \u00a0Depeche Mode \u2013 Waiting for the Night","rel":"","context":"Dans &quot;DPC&quot;","block_context":{"text":"DPC","link":"https:\/\/www.wallendorff.com\/belogue\/category\/dpc\/"},"img":{"alt_text":"","src":"https:\/\/i0.wp.com\/www.wallendorff.com\/belogue\/wp-content\/uploads\/2015\/04\/304.jpg?resize=350%2C200&ssl=1","width":350,"height":200},"classes":[]},{"id":625,"url":"https:\/\/www.wallendorff.com\/belogue\/2004\/10\/04\/words-are-very-unnecessary\/","url_meta":{"origin":41180,"position":4},"title":"Words are very unnecessary,","author":"dpc","date":"4 octobre 2004","format":false,"excerpt":"... They can only do harm. \u00a0Depeche Mode \u2013 Enjoy the Silence (Reinterpreted)","rel":"","context":"Dans &quot;DPC&quot;","block_context":{"text":"DPC","link":"https:\/\/www.wallendorff.com\/belogue\/category\/dpc\/"},"img":{"alt_text":"","src":"https:\/\/i0.wp.com\/www.wallendorff.com\/belogue\/wp-content\/uploads\/2015\/04\/097.jpg?resize=350%2C200&ssl=1","width":350,"height":200},"classes":[]},{"id":28272,"url":"https:\/\/www.wallendorff.com\/belogue\/2015\/07\/16\/la-colline-a-des-cieux\/","url_meta":{"origin":41180,"position":5},"title":"La colline a des cieux.","author":"dpc","date":"16 juillet 2015","format":false,"excerpt":"Baie du Mont-Saint-Michel, 12 avril. Waiting for the Night Depeche Mode","rel":"","context":"Dans &quot;DPC&quot;","block_context":{"text":"DPC","link":"https:\/\/www.wallendorff.com\/belogue\/category\/dpc\/"},"img":{"alt_text":"","src":"https:\/\/i0.wp.com\/www.wallendorff.com\/belogue\/wp-content\/uploads\/2015\/07\/20150716.jpg?resize=350%2C200&ssl=1","width":350,"height":200,"srcset":"https:\/\/i0.wp.com\/www.wallendorff.com\/belogue\/wp-content\/uploads\/2015\/07\/20150716.jpg?resize=350%2C200&ssl=1 1x, https:\/\/i0.wp.com\/www.wallendorff.com\/belogue\/wp-content\/uploads\/2015\/07\/20150716.jpg?resize=525%2C300&ssl=1 1.5x, https:\/\/i0.wp.com\/www.wallendorff.com\/belogue\/wp-content\/uploads\/2015\/07\/20150716.jpg?resize=700%2C400&ssl=1 2x, https:\/\/i0.wp.com\/www.wallendorff.com\/belogue\/wp-content\/uploads\/2015\/07\/20150716.jpg?resize=1050%2C600&ssl=1 3x"},"classes":[]}],"_links":{"self":[{"href":"https:\/\/www.wallendorff.com\/belogue\/wp-json\/wp\/v2\/posts\/41180","targetHints":{"allow":["GET"]}}],"collection":[{"href":"https:\/\/www.wallendorff.com\/belogue\/wp-json\/wp\/v2\/posts"}],"about":[{"href":"https:\/\/www.wallendorff.com\/belogue\/wp-json\/wp\/v2\/types\/post"}],"author":[{"embeddable":true,"href":"https:\/\/www.wallendorff.com\/belogue\/wp-json\/wp\/v2\/users\/1"}],"replies":[{"embeddable":true,"href":"https:\/\/www.wallendorff.com\/belogue\/wp-json\/wp\/v2\/comments?post=41180"}],"version-history":[{"count":2,"href":"https:\/\/www.wallendorff.com\/belogue\/wp-json\/wp\/v2\/posts\/41180\/revisions"}],"predecessor-version":[{"id":41183,"href":"https:\/\/www.wallendorff.com\/belogue\/wp-json\/wp\/v2\/posts\/41180\/revisions\/41183"}],"wp:featuredmedia":[{"embeddable":true,"href":"https:\/\/www.wallendorff.com\/belogue\/wp-json\/wp\/v2\/media\/41181"}],"wp:attachment":[{"href":"https:\/\/www.wallendorff.com\/belogue\/wp-json\/wp\/v2\/media?parent=41180"}],"wp:term":[{"taxonomy":"category","embeddable":true,"href":"https:\/\/www.wallendorff.com\/belogue\/wp-json\/wp\/v2\/categories?post=41180"},{"taxonomy":"post_tag","embeddable":true,"href":"https:\/\/www.wallendorff.com\/belogue\/wp-json\/wp\/v2\/tags?post=41180"}],"curies":[{"name":"wp","href":"https:\/\/api.w.org\/{rel}","templated":true}]}}