{"id":41097,"date":"2019-02-10T23:05:29","date_gmt":"2019-02-10T21:05:29","guid":{"rendered":"http:\/\/www.wallendorff.com\/belogue\/?p=41097"},"modified":"2019-04-25T13:18:26","modified_gmt":"2019-04-25T11:18:26","slug":"honni-hall","status":"publish","type":"post","link":"https:\/\/www.wallendorff.com\/belogue\/2019\/02\/10\/honni-hall\/","title":{"rendered":"Honni hall."},"content":{"rendered":"<div id=\"photo\">\n<p><img decoding=\"async\" src=\"https:\/\/www.wallendorff.com\/belogue\/wp-content\/uploads\/2019\/02\/20190210.jpg\"><br \/>\nH&ocirc;tel de ville de Vienne, 30 novembre 2018.<\/p>\n<\/div>\n<div id=\"bandeson\">\n<p><img decoding=\"async\" src=\"https:\/\/www.wallendorff.com\/belogue\/photo\/pochettes\/v\/van_etten_sharon-remind_me_tomorrow.jpg\" align=\"left\" \/><a href=\"http:\/\/www.youtube.com\/watch?v=US4xCFUuHuQ\" a style=\"font-weight:normal\" id=\"lienmp3\"><em>Comeback Kid<\/em><\/a><br \/>\n<a href=\"https:\/\/www.sharonvanetten.com\/\">Sharon Van Etten<\/a><\/p>\n<\/div>\n","protected":false},"excerpt":{"rendered":"<p>H&ocirc;tel de ville de Vienne, 30 novembre 2018. Comeback Kid Sharon Van Etten<\/p>\n","protected":false},"author":1,"featured_media":41099,"comment_status":"open","ping_status":"open","sticky":false,"template":"","format":"standard","meta":{"_acf_changed":false,"ngg_post_thumbnail":0,"jetpack_post_was_ever_published":false,"_jetpack_newsletter_access":"","_jetpack_dont_email_post_to_subs":false,"_jetpack_newsletter_tier_id":0,"_jetpack_memberships_contains_paywalled_content":false,"_jetpack_memberships_contains_paid_content":false,"footnotes":"","jetpack_publicize_message":"","jetpack_publicize_feature_enabled":true,"jetpack_social_post_already_shared":true,"jetpack_social_options":{"image_generator_settings":{"template":"highway","default_image_id":0,"font":"","enabled":false},"version":2}},"categories":[3],"tags":[12059,5630,10311,14271,12213,12214,8901,14274,10988,12060],"class_list":["post-41097","post","type-post","status-publish","format-standard","has-post-thumbnail","hentry","category-dpc","tag-autriche","tag-comeback-kid","tag-dos","tag-fujifilm-x-t2","tag-hotel-de-ville","tag-hotel-de-ville-de-vienne","tag-innere-stadt","tag-samyang-8-mm-f2-8-umc-fisheye-ii","tag-sharon-van-etten","tag-vienne"],"acf":[],"geo":{"latitude":48.2106247,"longitude":16.3572845,"description":null},"jetpack_publicize_connections":[],"jetpack_featured_media_url":"https:\/\/www.wallendorff.com\/belogue\/wp-content\/uploads\/2019\/02\/20190210.jpg","jetpack_shortlink":"https:\/\/wp.me\/p3b35P-aGR","jetpack_sharing_enabled":true,"jetpack-related-posts":[{"id":40986,"url":"https:\/\/www.wallendorff.com\/belogue\/2019\/01\/28\/a-cime-etrique\/","url_meta":{"origin":41097,"position":0},"title":"\u00c0 cime \u00e9trique.","author":"dpc","date":"28 janvier 2019","format":false,"excerpt":"H\u00f4tel de ville de Vienne, 30 novembre 2018. Can't You See FIDLAR","rel":"","context":"Dans &quot;DPC&quot;","block_context":{"text":"DPC","link":"https:\/\/www.wallendorff.com\/belogue\/category\/dpc\/"},"img":{"alt_text":"H\u00f4tel de ville de Vienne, 30 novembre 2018.","src":"https:\/\/i0.wp.com\/www.wallendorff.com\/belogue\/wp-content\/uploads\/2019\/01\/20190128.jpg?resize=350%2C200&ssl=1","width":350,"height":200,"srcset":"https:\/\/i0.wp.com\/www.wallendorff.com\/belogue\/wp-content\/uploads\/2019\/01\/20190128.jpg?resize=350%2C200&ssl=1 1x, https:\/\/i0.wp.com\/www.wallendorff.com\/belogue\/wp-content\/uploads\/2019\/01\/20190128.jpg?resize=525%2C300&ssl=1 1.5x, https:\/\/i0.wp.com\/www.wallendorff.com\/belogue\/wp-content\/uploads\/2019\/01\/20190128.jpg?resize=700%2C400&ssl=1 2x, https:\/\/i0.wp.com\/www.wallendorff.com\/belogue\/wp-content\/uploads\/2019\/01\/20190128.jpg?resize=1050%2C600&ssl=1 3x"},"classes":[]},{"id":41083,"url":"https:\/\/www.wallendorff.com\/belogue\/2019\/02\/06\/contre-plongee-no-2-712\/","url_meta":{"origin":41097,"position":1},"title":"Contre-plong\u00e9e no 2&nbsp;712.","author":"dpc","date":"6 f\u00e9vrier 2019","format":false,"excerpt":"H\u00f4tel de ville de Vienne, 30 novembre 2018. Internationally Unknown RAT BOY","rel":"","context":"Dans &quot;DPC&quot;","block_context":{"text":"DPC","link":"https:\/\/www.wallendorff.com\/belogue\/category\/dpc\/"},"img":{"alt_text":"H\u00f4tel de ville de Vienne, 30 novembre 2018.","src":"https:\/\/i0.wp.com\/www.wallendorff.com\/belogue\/wp-content\/uploads\/2019\/02\/20190206.jpg?resize=350%2C200&ssl=1","width":350,"height":200,"srcset":"https:\/\/i0.wp.com\/www.wallendorff.com\/belogue\/wp-content\/uploads\/2019\/02\/20190206.jpg?resize=350%2C200&ssl=1 1x, https:\/\/i0.wp.com\/www.wallendorff.com\/belogue\/wp-content\/uploads\/2019\/02\/20190206.jpg?resize=525%2C300&ssl=1 1.5x, https:\/\/i0.wp.com\/www.wallendorff.com\/belogue\/wp-content\/uploads\/2019\/02\/20190206.jpg?resize=700%2C400&ssl=1 2x, https:\/\/i0.wp.com\/www.wallendorff.com\/belogue\/wp-content\/uploads\/2019\/02\/20190206.jpg?resize=1050%2C600&ssl=1 3x"},"classes":[]},{"id":53953,"url":"https:\/\/www.wallendorff.com\/belogue\/2022\/12\/25\/shalalalala-12\/","url_meta":{"origin":41097,"position":2},"title":"[Shalalalala.]","author":"dpc","date":"25 d\u00e9cembre 2022","format":false,"excerpt":"Rathausplatz, Vienne, 18 d\u00e9cembre 2022. En vous le souhaitant bon. All I Want for Christmas Yeah Yeah Yeahs","rel":"","context":"Dans &quot;DPC&quot;","block_context":{"text":"DPC","link":"https:\/\/www.wallendorff.com\/belogue\/category\/dpc\/"},"img":{"alt_text":"","src":"https:\/\/i0.wp.com\/www.wallendorff.com\/belogue\/wp-content\/uploads\/2022\/12\/20221225.jpg?resize=350%2C200&ssl=1","width":350,"height":200,"srcset":"https:\/\/i0.wp.com\/www.wallendorff.com\/belogue\/wp-content\/uploads\/2022\/12\/20221225.jpg?resize=350%2C200&ssl=1 1x, https:\/\/i0.wp.com\/www.wallendorff.com\/belogue\/wp-content\/uploads\/2022\/12\/20221225.jpg?resize=525%2C300&ssl=1 1.5x, https:\/\/i0.wp.com\/www.wallendorff.com\/belogue\/wp-content\/uploads\/2022\/12\/20221225.jpg?resize=700%2C400&ssl=1 2x"},"classes":[]},{"id":126959,"url":"https:\/\/www.wallendorff.com\/belogue\/2023\/12\/23\/servus-wien-8\/","url_meta":{"origin":41097,"position":3},"title":"Servus Wien.","author":"dpc","date":"23 d\u00e9cembre 2023","format":false,"excerpt":"","rel":"","context":"Dans &quot;DPC&quot;","block_context":{"text":"DPC","link":"https:\/\/www.wallendorff.com\/belogue\/category\/dpc\/"},"img":{"alt_text":"","src":"https:\/\/i0.wp.com\/www.wallendorff.com\/belogue\/wp-content\/uploads\/2023\/12\/20231223-26.jpg?resize=350%2C200&ssl=1","width":350,"height":200,"srcset":"https:\/\/i0.wp.com\/www.wallendorff.com\/belogue\/wp-content\/uploads\/2023\/12\/20231223-26.jpg?resize=350%2C200&ssl=1 1x, https:\/\/i0.wp.com\/www.wallendorff.com\/belogue\/wp-content\/uploads\/2023\/12\/20231223-26.jpg?resize=525%2C300&ssl=1 1.5x, https:\/\/i0.wp.com\/www.wallendorff.com\/belogue\/wp-content\/uploads\/2023\/12\/20231223-26.jpg?resize=700%2C400&ssl=1 2x, https:\/\/i0.wp.com\/www.wallendorff.com\/belogue\/wp-content\/uploads\/2023\/12\/20231223-26.jpg?resize=1050%2C600&ssl=1 3x"},"classes":[]},{"id":31292,"url":"https:\/\/www.wallendorff.com\/belogue\/2016\/06\/24\/into-the-wide-68\/","url_meta":{"origin":41097,"position":4},"title":"Into the wide #68.","author":"dpc","date":"24 juin 2016","format":false,"excerpt":"Rathauspark, Vienne, 22 avril. All the Pretty Girls Kaleo","rel":"","context":"Dans &quot;Into the wide&quot;","block_context":{"text":"Into the wide","link":"https:\/\/www.wallendorff.com\/belogue\/category\/into-the-wide\/"},"img":{"alt_text":"","src":"https:\/\/i0.wp.com\/www.wallendorff.com\/belogue\/wp-content\/uploads\/2016\/06\/20160624.jpg?resize=350%2C200&ssl=1","width":350,"height":200,"srcset":"https:\/\/i0.wp.com\/www.wallendorff.com\/belogue\/wp-content\/uploads\/2016\/06\/20160624.jpg?resize=350%2C200&ssl=1 1x, https:\/\/i0.wp.com\/www.wallendorff.com\/belogue\/wp-content\/uploads\/2016\/06\/20160624.jpg?resize=525%2C300&ssl=1 1.5x, https:\/\/i0.wp.com\/www.wallendorff.com\/belogue\/wp-content\/uploads\/2016\/06\/20160624.jpg?resize=700%2C400&ssl=1 2x"},"classes":[]},{"id":23349,"url":"https:\/\/www.wallendorff.com\/belogue\/2014\/09\/15\/ramures-tu-jures\/","url_meta":{"origin":41097,"position":5},"title":"Ramures [tu jures].","author":"dpc","date":"15 septembre 2014","format":false,"excerpt":"Rathauspark, Vienne, 20 juin. Summer Ends The Raveonettes","rel":"","context":"Dans &quot;DPC&quot;","block_context":{"text":"DPC","link":"https:\/\/www.wallendorff.com\/belogue\/category\/dpc\/"},"img":{"alt_text":"","src":"https:\/\/i0.wp.com\/www.wallendorff.com\/belogue\/wp-content\/uploads\/2015\/04\/201409151.jpg?resize=350%2C200&ssl=1","width":350,"height":200,"srcset":"https:\/\/i0.wp.com\/www.wallendorff.com\/belogue\/wp-content\/uploads\/2015\/04\/201409151.jpg?resize=350%2C200&ssl=1 1x, https:\/\/i0.wp.com\/www.wallendorff.com\/belogue\/wp-content\/uploads\/2015\/04\/201409151.jpg?resize=525%2C300&ssl=1 1.5x"},"classes":[]}],"_links":{"self":[{"href":"https:\/\/www.wallendorff.com\/belogue\/wp-json\/wp\/v2\/posts\/41097","targetHints":{"allow":["GET"]}}],"collection":[{"href":"https:\/\/www.wallendorff.com\/belogue\/wp-json\/wp\/v2\/posts"}],"about":[{"href":"https:\/\/www.wallendorff.com\/belogue\/wp-json\/wp\/v2\/types\/post"}],"author":[{"embeddable":true,"href":"https:\/\/www.wallendorff.com\/belogue\/wp-json\/wp\/v2\/users\/1"}],"replies":[{"embeddable":true,"href":"https:\/\/www.wallendorff.com\/belogue\/wp-json\/wp\/v2\/comments?post=41097"}],"version-history":[{"count":1,"href":"https:\/\/www.wallendorff.com\/belogue\/wp-json\/wp\/v2\/posts\/41097\/revisions"}],"predecessor-version":[{"id":41098,"href":"https:\/\/www.wallendorff.com\/belogue\/wp-json\/wp\/v2\/posts\/41097\/revisions\/41098"}],"wp:featuredmedia":[{"embeddable":true,"href":"https:\/\/www.wallendorff.com\/belogue\/wp-json\/wp\/v2\/media\/41099"}],"wp:attachment":[{"href":"https:\/\/www.wallendorff.com\/belogue\/wp-json\/wp\/v2\/media?parent=41097"}],"wp:term":[{"taxonomy":"category","embeddable":true,"href":"https:\/\/www.wallendorff.com\/belogue\/wp-json\/wp\/v2\/categories?post=41097"},{"taxonomy":"post_tag","embeddable":true,"href":"https:\/\/www.wallendorff.com\/belogue\/wp-json\/wp\/v2\/tags?post=41097"}],"curies":[{"name":"wp","href":"https:\/\/api.w.org\/{rel}","templated":true}]}}