{"id":40990,"date":"2019-01-29T16:35:09","date_gmt":"2019-01-29T14:35:09","guid":{"rendered":"http:\/\/www.wallendorff.com\/belogue\/?p=40990"},"modified":"2019-01-29T16:35:09","modified_gmt":"2019-01-29T14:35:09","slug":"trek-forclaz-12-16-fevrier-2018","status":"publish","type":"post","link":"https:\/\/www.wallendorff.com\/belogue\/2019\/01\/29\/trek-forclaz-12-16-fevrier-2018\/","title":{"rendered":"Trek Forclaz, 12 \u2013 16 f\u00e9vrier 2018."},"content":{"rendered":"<div id=\"photo\">\n<p><img decoding=\"async\" src=\"https:\/\/www.wallendorff.com\/belogue\/wp-content\/uploads\/2019\/01\/20190129-59.jpg\"><\/p>\n<\/div>\n<p>J&rsquo;ai eu la chance  de partir avec <a href=\"http:\/\/www.eurosyn.fr\/\">Eurosyn<\/a> et <a href=\"https:\/\/www.forclaz.fr\/\">Forclaz<\/a> en f&eacute;vrier dernier<sup>1<\/sup> suivre un groupe de testeurs partis &agrave; L&aring;ngsele, en  Laponie su&eacute;doise, randonner 3 jours en raquettes dans la neige et camper 3  nuits dans le froid pour &eacute;prouver des tenues polaires.<\/p>\n<p>Nous &eacute;tions  guid&eacute;s et avitaill&eacute;s par R&eacute;my Coste et Aur&eacute;lie Delattre, qui se sont install&eacute;s  l&agrave; voil&agrave; pr&egrave;s de deux ans pour entra&icirc;ner leurs chiens de tra&icirc;neau (ce qui leur  r&eacute;ussit bien puisqu&rsquo;ils viennent cette ann&eacute;e encore de <a href=\"https:\/\/www.lequipe.fr\/Adrenaline\/Alpinisme\/Actualites\/Remy-coste-vainqueur-de-la-grande-odyssee-savoie-mont-blanc\/981541\">finir premier et sixi&egrave;me  de la Grande Odyss&eacute;e Savoie &ndash; Mont-Blanc<\/a>).<\/p>\n<p>Ce fut un grand d&eacute;fi  physique &ndash;&nbsp;compte tenu de ma condition sportive d&rsquo;athl&egrave;te virtuel  biberonn&eacute; au jus de houblon d&rsquo;outre-Qui&eacute;vrain&nbsp;&ndash;, mais aussi  photographique, puisqu&rsquo;il fallut faire des choix pour all&eacute;ger le sac au  maximum, r&eacute;fl&eacute;chir &agrave; d&rsquo;autres fa&ccedil;ons d&rsquo;utiliser le mat&eacute;riel, garder les  batteries au chaud, ne changer d&rsquo;objectif que lorsque c&rsquo;&eacute;tait n&eacute;cessaire et  possible et ne rien poser par terre qu&rsquo;en dernier recours, parce qu&rsquo;un ensevelissement  accidentel sous la neige est vite arriv&eacute;.J&rsquo;ai beaucoup appris, j&rsquo;ai m&ecirc;me invent&eacute;  des hybrides de fixations compatibles avec deux syst&egrave;mes d&rsquo;accrochage &agrave; la fois,  et j&rsquo;ai rapport&eacute; assez de nouvelles id&eacute;es pour me simplifier la vie en festival  l&rsquo;&eacute;t&eacute; suivant.<\/p>\n<p>Ce ne fut bien  s&ucirc;r pas simple tout le temps, d&rsquo;autant qu&rsquo;on se lasse vite de manger  lyophilis&eacute; et de ne dormir que 3&nbsp;h<sup>2<\/sup> par nuit, mais aller jusqu&rsquo;au bout sans faillir et traverser des espaces  vides et loin de tout propices &agrave; l&rsquo;introspection<sup>3<\/sup> ne pouvait &ecirc;tre une meilleure  fa&ccedil;on de finir ma trentaine. Sans compter que la premi&egrave;re bi&egrave;re que nous b&ucirc;mes  en rentrant &agrave; Ume&aring; le vendredi soir fut la meilleure de ma vie (voyez donc la  joie qui nous submerge dans le <a href=\"https:\/\/www.wallendorff.com\/belogue\/2018\/02\/28\/fevrier-2018\/#jp-carousel-37566\">miroir  du plafond d&rsquo;une toilette de bar dans le blog-note de f&eacute;vrier dernier<\/a>).<\/p>\n<p style=\"text-align:right\">Merci aux &eacute;quipes  D&eacute;cathlon, Forclaz et Eurosyn pour leur confiance&nbsp;: Aude, Thierry, Jonas,  Karim, Pierre-Maxime.<\/p>\n<p style=\"text-align:right\">Merci &agrave; Adrien, Aur&eacute;lien,  Christophe, &Eacute;lise, Fadilah, Manue, Paul, S&eacute;bastien, Sha&iuml;, nos testeurs, pour  leur bonne humeur.<\/p>\n<p style=\"text-align:right\"> Merci &agrave; Aur&eacute;lie  et R&eacute;my pour leur accueil et leur po&ecirc;l&eacute;es.<\/p>\n<p style=\"text-align:right\"> Merci enfin, &agrave;  Gousse-d&rsquo;Ail<sup>4<\/sup> le chat de m&rsquo;avoir montr&eacute; qu&rsquo;un f&eacute;lin peut parfaitement passer la  nuit dehors par &ndash;&nbsp;30&nbsp;&deg;C, gr&acirc;ce &agrave; quoi je n&rsquo;&eacute;prouve plus de scrupule lorsque je laisse dormir Salsifis dans le  frigo.<\/p>\n<p style=\"text-align:right\">Voil&agrave; voil&agrave;.<\/p>\n<p style=\"text-align:right\">Je repartirais bien, tiens.<\/p>\n<div id=\"bandeson\">\n<p><img decoding=\"async\" src=\"https:\/\/www.wallendorff.com\/belogue\/photo\/pochettes\/v\/vedder_eddie-into_the_wild.jpg\" align=\"left\" \/><a href=\"http:\/\/www.youtube.com\/watch?v=6gO1sH8o80k\" a style=\"font-weight:normal\" id=\"lienmp3\"><em>Far Behind<\/em><\/a><br \/>\n<a href=\"http:\/\/www.tenclub.net\">Eddie Vedder<\/a><\/p>\n<\/div>\n<p>&nbsp;<\/p>\n<p style=\"text-align: left;\">_____<\/p>\n<div id=\"bas_note\">\n<p><sup>1<\/sup> Il serait  peut-&ecirc;tre temps de les publier, oui.<\/p>\n<p><sup>2<\/sup> Pour info, mes yeux, sur l&rsquo;avant-derni&egrave;re photo, sont ouverts. Et bouffis.<\/p>\n<p><sup>3<\/sup> Enfin presque,  puisqu&rsquo;en Su&egrave;de on capte 5 barres de 4G jusqu&rsquo;au fin fond des bois.<\/p>\n<p><sup>4<\/sup> Bon en vrai  son nom &eacute;tait un mot su&eacute;dois qui sonnait comme &ccedil;a. L&rsquo;histoire retiendra Gousse-d&rsquo;Ail comme Malbrouck pour Malborough, en somme.<\/p>\n<\/div>\n<div id='gallery-1' class='gallery galleryid-40990 gallery-columns-3 gallery-size-full'><figure class='gallery-item'>\n\t\t\t<div class='gallery-icon landscape'>\n\t\t\t\t<a href='https:\/\/www.wallendorff.com\/belogue\/2019\/01\/29\/trek-forclaz-12-16-fevrier-2018\/20190129-01\/'><img fetchpriority=\"high\" decoding=\"async\" width=\"1170\" height=\"780\" src=\"https:\/\/www.wallendorff.com\/belogue\/wp-content\/uploads\/2019\/01\/20190129-01.jpg\" class=\"attachment-full size-full\" alt=\"\" srcset=\"https:\/\/www.wallendorff.com\/belogue\/wp-content\/uploads\/2019\/01\/20190129-01.jpg 1170w, https:\/\/www.wallendorff.com\/belogue\/wp-content\/uploads\/2019\/01\/20190129-01-820x547.jpg 820w, https:\/\/www.wallendorff.com\/belogue\/wp-content\/uploads\/2019\/01\/20190129-01-200x133.jpg 200w, https:\/\/www.wallendorff.com\/belogue\/wp-content\/uploads\/2019\/01\/20190129-01-300x200.jpg 300w, https:\/\/www.wallendorff.com\/belogue\/wp-content\/uploads\/2019\/01\/20190129-01-1116x744.jpg 1116w, https:\/\/www.wallendorff.com\/belogue\/wp-content\/uploads\/2019\/01\/20190129-01-806x537.jpg 806w, https:\/\/www.wallendorff.com\/belogue\/wp-content\/uploads\/2019\/01\/20190129-01-558x372.jpg 558w, https:\/\/www.wallendorff.com\/belogue\/wp-content\/uploads\/2019\/01\/20190129-01-655x437.jpg 655w, https:\/\/www.wallendorff.com\/belogue\/wp-content\/uploads\/2019\/01\/20190129-01-600x400.jpg 600w\" sizes=\"(max-width: 1170px) 100vw, 1170px\" \/><\/a>\n\t\t\t<\/div><\/figure><figure class='gallery-item'>\n\t\t\t<div class='gallery-icon landscape'>\n\t\t\t\t<a href='https:\/\/www.wallendorff.com\/belogue\/2019\/01\/29\/trek-forclaz-12-16-fevrier-2018\/trek-arctique-decathlon-2018-26\/'><img decoding=\"async\" width=\"1170\" height=\"658\" src=\"https:\/\/www.wallendorff.com\/belogue\/wp-content\/uploads\/2019\/01\/20190129-02.jpg\" class=\"attachment-full size-full\" alt=\"\" aria-describedby=\"gallery-1-40994\" srcset=\"https:\/\/www.wallendorff.com\/belogue\/wp-content\/uploads\/2019\/01\/20190129-02.jpg 1170w, https:\/\/www.wallendorff.com\/belogue\/wp-content\/uploads\/2019\/01\/20190129-02-820x461.jpg 820w, https:\/\/www.wallendorff.com\/belogue\/wp-content\/uploads\/2019\/01\/20190129-02-200x112.jpg 200w, https:\/\/www.wallendorff.com\/belogue\/wp-content\/uploads\/2019\/01\/20190129-02-300x169.jpg 300w, https:\/\/www.wallendorff.com\/belogue\/wp-content\/uploads\/2019\/01\/20190129-02-1116x628.jpg 1116w, https:\/\/www.wallendorff.com\/belogue\/wp-content\/uploads\/2019\/01\/20190129-02-806x453.jpg 806w, https:\/\/www.wallendorff.com\/belogue\/wp-content\/uploads\/2019\/01\/20190129-02-558x314.jpg 558w, https:\/\/www.wallendorff.com\/belogue\/wp-content\/uploads\/2019\/01\/20190129-02-655x368.jpg 655w, https:\/\/www.wallendorff.com\/belogue\/wp-content\/uploads\/2019\/01\/20190129-02-600x337.jpg 600w\" sizes=\"(max-width: 1170px) 100vw, 1170px\" \/><\/a>\n\t\t\t<\/div>\n\t\t\t\t<figcaption class='wp-caption-text gallery-caption' id='gallery-1-40994'>\n\t\t\t\tTrek arctique D\u00e9cathlon 2018\n\t\t\t\t<\/figcaption><\/figure><figure class='gallery-item'>\n\t\t\t<div class='gallery-icon landscape'>\n\t\t\t\t<a href='https:\/\/www.wallendorff.com\/belogue\/2019\/01\/29\/trek-forclaz-12-16-fevrier-2018\/trek-arctique-decathlon-2018-27\/'><img decoding=\"async\" width=\"1170\" height=\"780\" src=\"https:\/\/www.wallendorff.com\/belogue\/wp-content\/uploads\/2019\/01\/20190129-03.jpg\" class=\"attachment-full size-full\" alt=\"\" aria-describedby=\"gallery-1-40995\" srcset=\"https:\/\/www.wallendorff.com\/belogue\/wp-content\/uploads\/2019\/01\/20190129-03.jpg 1170w, https:\/\/www.wallendorff.com\/belogue\/wp-content\/uploads\/2019\/01\/20190129-03-820x547.jpg 820w, https:\/\/www.wallendorff.com\/belogue\/wp-content\/uploads\/2019\/01\/20190129-03-200x133.jpg 200w, https:\/\/www.wallendorff.com\/belogue\/wp-content\/uploads\/2019\/01\/20190129-03-300x200.jpg 300w, https:\/\/www.wallendorff.com\/belogue\/wp-content\/uploads\/2019\/01\/20190129-03-1116x744.jpg 1116w, https:\/\/www.wallendorff.com\/belogue\/wp-content\/uploads\/2019\/01\/20190129-03-806x537.jpg 806w, https:\/\/www.wallendorff.com\/belogue\/wp-content\/uploads\/2019\/01\/20190129-03-558x372.jpg 558w, https:\/\/www.wallendorff.com\/belogue\/wp-content\/uploads\/2019\/01\/20190129-03-655x437.jpg 655w, https:\/\/www.wallendorff.com\/belogue\/wp-content\/uploads\/2019\/01\/20190129-03-600x400.jpg 600w\" sizes=\"(max-width: 1170px) 100vw, 1170px\" \/><\/a>\n\t\t\t<\/div>\n\t\t\t\t<figcaption class='wp-caption-text gallery-caption' id='gallery-1-40995'>\n\t\t\t\tTrek arctique D\u00e9cathlon 2018\n\t\t\t\t<\/figcaption><\/figure><figure class='gallery-item'>\n\t\t\t<div class='gallery-icon portrait'>\n\t\t\t\t<a href='https:\/\/www.wallendorff.com\/belogue\/2019\/01\/29\/trek-forclaz-12-16-fevrier-2018\/trek-arctique-decathlon-2018-28\/'><img loading=\"lazy\" decoding=\"async\" width=\"780\" height=\"1170\" src=\"https:\/\/www.wallendorff.com\/belogue\/wp-content\/uploads\/2019\/01\/20190129-04.jpg\" class=\"attachment-full size-full\" alt=\"\" aria-describedby=\"gallery-1-40996\" srcset=\"https:\/\/www.wallendorff.com\/belogue\/wp-content\/uploads\/2019\/01\/20190129-04.jpg 780w, https:\/\/www.wallendorff.com\/belogue\/wp-content\/uploads\/2019\/01\/20190129-04-133x200.jpg 133w, https:\/\/www.wallendorff.com\/belogue\/wp-content\/uploads\/2019\/01\/20190129-04-200x300.jpg 200w, https:\/\/www.wallendorff.com\/belogue\/wp-content\/uploads\/2019\/01\/20190129-04-683x1024.jpg 683w, https:\/\/www.wallendorff.com\/belogue\/wp-content\/uploads\/2019\/01\/20190129-04-558x837.jpg 558w, https:\/\/www.wallendorff.com\/belogue\/wp-content\/uploads\/2019\/01\/20190129-04-655x983.jpg 655w, https:\/\/www.wallendorff.com\/belogue\/wp-content\/uploads\/2019\/01\/20190129-04-600x900.jpg 600w\" sizes=\"(max-width: 780px) 100vw, 780px\" \/><\/a>\n\t\t\t<\/div>\n\t\t\t\t<figcaption class='wp-caption-text gallery-caption' id='gallery-1-40996'>\n\t\t\t\tTrek arctique D\u00e9cathlon 2018\n\t\t\t\t<\/figcaption><\/figure><figure class='gallery-item'>\n\t\t\t<div class='gallery-icon landscape'>\n\t\t\t\t<a href='https:\/\/www.wallendorff.com\/belogue\/2019\/01\/29\/trek-forclaz-12-16-fevrier-2018\/trek-arctique-decathlon-2018-29\/'><img loading=\"lazy\" decoding=\"async\" width=\"1170\" height=\"780\" src=\"https:\/\/www.wallendorff.com\/belogue\/wp-content\/uploads\/2019\/01\/20190129-05.jpg\" class=\"attachment-full size-full\" alt=\"\" aria-describedby=\"gallery-1-40997\" srcset=\"https:\/\/www.wallendorff.com\/belogue\/wp-content\/uploads\/2019\/01\/20190129-05.jpg 1170w, https:\/\/www.wallendorff.com\/belogue\/wp-content\/uploads\/2019\/01\/20190129-05-820x547.jpg 820w, https:\/\/www.wallendorff.com\/belogue\/wp-content\/uploads\/2019\/01\/20190129-05-200x133.jpg 200w, https:\/\/www.wallendorff.com\/belogue\/wp-content\/uploads\/2019\/01\/20190129-05-300x200.jpg 300w, https:\/\/www.wallendorff.com\/belogue\/wp-content\/uploads\/2019\/01\/20190129-05-1116x744.jpg 1116w, https:\/\/www.wallendorff.com\/belogue\/wp-content\/uploads\/2019\/01\/20190129-05-806x537.jpg 806w, https:\/\/www.wallendorff.com\/belogue\/wp-content\/uploads\/2019\/01\/20190129-05-558x372.jpg 558w, https:\/\/www.wallendorff.com\/belogue\/wp-content\/uploads\/2019\/01\/20190129-05-655x437.jpg 655w, https:\/\/www.wallendorff.com\/belogue\/wp-content\/uploads\/2019\/01\/20190129-05-600x400.jpg 600w\" sizes=\"(max-width: 1170px) 100vw, 1170px\" \/><\/a>\n\t\t\t<\/div>\n\t\t\t\t<figcaption class='wp-caption-text gallery-caption' id='gallery-1-40997'>\n\t\t\t\tTrek arctique D\u00e9cathlon 2018\n\t\t\t\t<\/figcaption><\/figure><figure class='gallery-item'>\n\t\t\t<div class='gallery-icon landscape'>\n\t\t\t\t<a href='https:\/\/www.wallendorff.com\/belogue\/2019\/01\/29\/trek-forclaz-12-16-fevrier-2018\/trek-arctique-decathlon-2018-30\/'><img loading=\"lazy\" decoding=\"async\" width=\"1170\" height=\"780\" src=\"https:\/\/www.wallendorff.com\/belogue\/wp-content\/uploads\/2019\/01\/20190129-06.jpg\" class=\"attachment-full size-full\" alt=\"\" aria-describedby=\"gallery-1-40998\" srcset=\"https:\/\/www.wallendorff.com\/belogue\/wp-content\/uploads\/2019\/01\/20190129-06.jpg 1170w, https:\/\/www.wallendorff.com\/belogue\/wp-content\/uploads\/2019\/01\/20190129-06-820x547.jpg 820w, https:\/\/www.wallendorff.com\/belogue\/wp-content\/uploads\/2019\/01\/20190129-06-200x133.jpg 200w, https:\/\/www.wallendorff.com\/belogue\/wp-content\/uploads\/2019\/01\/20190129-06-300x200.jpg 300w, https:\/\/www.wallendorff.com\/belogue\/wp-content\/uploads\/2019\/01\/20190129-06-1116x744.jpg 1116w, https:\/\/www.wallendorff.com\/belogue\/wp-content\/uploads\/2019\/01\/20190129-06-806x537.jpg 806w, https:\/\/www.wallendorff.com\/belogue\/wp-content\/uploads\/2019\/01\/20190129-06-558x372.jpg 558w, https:\/\/www.wallendorff.com\/belogue\/wp-content\/uploads\/2019\/01\/20190129-06-655x437.jpg 655w, https:\/\/www.wallendorff.com\/belogue\/wp-content\/uploads\/2019\/01\/20190129-06-600x400.jpg 600w\" sizes=\"(max-width: 1170px) 100vw, 1170px\" \/><\/a>\n\t\t\t<\/div>\n\t\t\t\t<figcaption class='wp-caption-text gallery-caption' id='gallery-1-40998'>\n\t\t\t\tTrek arctique D\u00e9cathlon 2018\n\t\t\t\t<\/figcaption><\/figure><figure class='gallery-item'>\n\t\t\t<div class='gallery-icon landscape'>\n\t\t\t\t<a href='https:\/\/www.wallendorff.com\/belogue\/2019\/01\/29\/trek-forclaz-12-16-fevrier-2018\/trek-arctique-decathlon-2018-31\/'><img loading=\"lazy\" decoding=\"async\" width=\"1170\" height=\"780\" src=\"https:\/\/www.wallendorff.com\/belogue\/wp-content\/uploads\/2019\/01\/20190129-07.jpg\" class=\"attachment-full size-full\" alt=\"\" aria-describedby=\"gallery-1-40999\" srcset=\"https:\/\/www.wallendorff.com\/belogue\/wp-content\/uploads\/2019\/01\/20190129-07.jpg 1170w, https:\/\/www.wallendorff.com\/belogue\/wp-content\/uploads\/2019\/01\/20190129-07-820x547.jpg 820w, https:\/\/www.wallendorff.com\/belogue\/wp-content\/uploads\/2019\/01\/20190129-07-200x133.jpg 200w, https:\/\/www.wallendorff.com\/belogue\/wp-content\/uploads\/2019\/01\/20190129-07-300x200.jpg 300w, https:\/\/www.wallendorff.com\/belogue\/wp-content\/uploads\/2019\/01\/20190129-07-1116x744.jpg 1116w, https:\/\/www.wallendorff.com\/belogue\/wp-content\/uploads\/2019\/01\/20190129-07-806x537.jpg 806w, https:\/\/www.wallendorff.com\/belogue\/wp-content\/uploads\/2019\/01\/20190129-07-558x372.jpg 558w, https:\/\/www.wallendorff.com\/belogue\/wp-content\/uploads\/2019\/01\/20190129-07-655x437.jpg 655w, https:\/\/www.wallendorff.com\/belogue\/wp-content\/uploads\/2019\/01\/20190129-07-600x400.jpg 600w\" sizes=\"(max-width: 1170px) 100vw, 1170px\" \/><\/a>\n\t\t\t<\/div>\n\t\t\t\t<figcaption class='wp-caption-text gallery-caption' id='gallery-1-40999'>\n\t\t\t\tTrek arctique D\u00e9cathlon 2018\n\t\t\t\t<\/figcaption><\/figure><figure class='gallery-item'>\n\t\t\t<div class='gallery-icon landscape'>\n\t\t\t\t<a href='https:\/\/www.wallendorff.com\/belogue\/2019\/01\/29\/trek-forclaz-12-16-fevrier-2018\/trek-arctique-decathlon-2018-32\/'><img loading=\"lazy\" decoding=\"async\" width=\"1170\" height=\"780\" src=\"https:\/\/www.wallendorff.com\/belogue\/wp-content\/uploads\/2019\/01\/20190129-08.jpg\" class=\"attachment-full size-full\" alt=\"\" aria-describedby=\"gallery-1-41000\" srcset=\"https:\/\/www.wallendorff.com\/belogue\/wp-content\/uploads\/2019\/01\/20190129-08.jpg 1170w, https:\/\/www.wallendorff.com\/belogue\/wp-content\/uploads\/2019\/01\/20190129-08-820x547.jpg 820w, https:\/\/www.wallendorff.com\/belogue\/wp-content\/uploads\/2019\/01\/20190129-08-200x133.jpg 200w, https:\/\/www.wallendorff.com\/belogue\/wp-content\/uploads\/2019\/01\/20190129-08-300x200.jpg 300w, https:\/\/www.wallendorff.com\/belogue\/wp-content\/uploads\/2019\/01\/20190129-08-1116x744.jpg 1116w, https:\/\/www.wallendorff.com\/belogue\/wp-content\/uploads\/2019\/01\/20190129-08-806x537.jpg 806w, https:\/\/www.wallendorff.com\/belogue\/wp-content\/uploads\/2019\/01\/20190129-08-558x372.jpg 558w, https:\/\/www.wallendorff.com\/belogue\/wp-content\/uploads\/2019\/01\/20190129-08-655x437.jpg 655w, https:\/\/www.wallendorff.com\/belogue\/wp-content\/uploads\/2019\/01\/20190129-08-600x400.jpg 600w\" sizes=\"(max-width: 1170px) 100vw, 1170px\" \/><\/a>\n\t\t\t<\/div>\n\t\t\t\t<figcaption class='wp-caption-text gallery-caption' id='gallery-1-41000'>\n\t\t\t\tTrek arctique D\u00e9cathlon 2018\n\t\t\t\t<\/figcaption><\/figure><figure class='gallery-item'>\n\t\t\t<div class='gallery-icon landscape'>\n\t\t\t\t<a href='https:\/\/www.wallendorff.com\/belogue\/2019\/01\/29\/trek-forclaz-12-16-fevrier-2018\/trek-arctique-decathlon-2018-33\/'><img loading=\"lazy\" decoding=\"async\" width=\"1170\" height=\"780\" src=\"https:\/\/www.wallendorff.com\/belogue\/wp-content\/uploads\/2019\/01\/20190129-09.jpg\" class=\"attachment-full size-full\" alt=\"\" aria-describedby=\"gallery-1-41001\" srcset=\"https:\/\/www.wallendorff.com\/belogue\/wp-content\/uploads\/2019\/01\/20190129-09.jpg 1170w, https:\/\/www.wallendorff.com\/belogue\/wp-content\/uploads\/2019\/01\/20190129-09-820x547.jpg 820w, https:\/\/www.wallendorff.com\/belogue\/wp-content\/uploads\/2019\/01\/20190129-09-200x133.jpg 200w, https:\/\/www.wallendorff.com\/belogue\/wp-content\/uploads\/2019\/01\/20190129-09-300x200.jpg 300w, https:\/\/www.wallendorff.com\/belogue\/wp-content\/uploads\/2019\/01\/20190129-09-1116x744.jpg 1116w, https:\/\/www.wallendorff.com\/belogue\/wp-content\/uploads\/2019\/01\/20190129-09-806x537.jpg 806w, https:\/\/www.wallendorff.com\/belogue\/wp-content\/uploads\/2019\/01\/20190129-09-558x372.jpg 558w, https:\/\/www.wallendorff.com\/belogue\/wp-content\/uploads\/2019\/01\/20190129-09-655x437.jpg 655w, https:\/\/www.wallendorff.com\/belogue\/wp-content\/uploads\/2019\/01\/20190129-09-600x400.jpg 600w\" sizes=\"(max-width: 1170px) 100vw, 1170px\" \/><\/a>\n\t\t\t<\/div>\n\t\t\t\t<figcaption class='wp-caption-text gallery-caption' id='gallery-1-41001'>\n\t\t\t\tTrek arctique D\u00e9cathlon 2018\n\t\t\t\t<\/figcaption><\/figure><figure class='gallery-item'>\n\t\t\t<div class='gallery-icon portrait'>\n\t\t\t\t<a href='https:\/\/www.wallendorff.com\/belogue\/2019\/01\/29\/trek-forclaz-12-16-fevrier-2018\/trek-arctique-decathlon-2018-34\/'><img loading=\"lazy\" decoding=\"async\" width=\"780\" height=\"1170\" src=\"https:\/\/www.wallendorff.com\/belogue\/wp-content\/uploads\/2019\/01\/20190129-10.jpg\" class=\"attachment-full size-full\" alt=\"\" aria-describedby=\"gallery-1-41002\" srcset=\"https:\/\/www.wallendorff.com\/belogue\/wp-content\/uploads\/2019\/01\/20190129-10.jpg 780w, https:\/\/www.wallendorff.com\/belogue\/wp-content\/uploads\/2019\/01\/20190129-10-133x200.jpg 133w, https:\/\/www.wallendorff.com\/belogue\/wp-content\/uploads\/2019\/01\/20190129-10-200x300.jpg 200w, https:\/\/www.wallendorff.com\/belogue\/wp-content\/uploads\/2019\/01\/20190129-10-683x1024.jpg 683w, https:\/\/www.wallendorff.com\/belogue\/wp-content\/uploads\/2019\/01\/20190129-10-558x837.jpg 558w, https:\/\/www.wallendorff.com\/belogue\/wp-content\/uploads\/2019\/01\/20190129-10-655x983.jpg 655w, https:\/\/www.wallendorff.com\/belogue\/wp-content\/uploads\/2019\/01\/20190129-10-600x900.jpg 600w\" sizes=\"(max-width: 780px) 100vw, 780px\" \/><\/a>\n\t\t\t<\/div>\n\t\t\t\t<figcaption class='wp-caption-text gallery-caption' id='gallery-1-41002'>\n\t\t\t\tTrek arctique D\u00e9cathlon 2018\n\t\t\t\t<\/figcaption><\/figure><figure class='gallery-item'>\n\t\t\t<div class='gallery-icon landscape'>\n\t\t\t\t<a href='https:\/\/www.wallendorff.com\/belogue\/2019\/01\/29\/trek-forclaz-12-16-fevrier-2018\/trek-arctique-decathlon-2018-35\/'><img loading=\"lazy\" decoding=\"async\" width=\"1170\" height=\"780\" src=\"https:\/\/www.wallendorff.com\/belogue\/wp-content\/uploads\/2019\/01\/20190129-11.jpg\" class=\"attachment-full size-full\" alt=\"\" aria-describedby=\"gallery-1-41003\" srcset=\"https:\/\/www.wallendorff.com\/belogue\/wp-content\/uploads\/2019\/01\/20190129-11.jpg 1170w, https:\/\/www.wallendorff.com\/belogue\/wp-content\/uploads\/2019\/01\/20190129-11-820x547.jpg 820w, https:\/\/www.wallendorff.com\/belogue\/wp-content\/uploads\/2019\/01\/20190129-11-200x133.jpg 200w, https:\/\/www.wallendorff.com\/belogue\/wp-content\/uploads\/2019\/01\/20190129-11-300x200.jpg 300w, https:\/\/www.wallendorff.com\/belogue\/wp-content\/uploads\/2019\/01\/20190129-11-1116x744.jpg 1116w, https:\/\/www.wallendorff.com\/belogue\/wp-content\/uploads\/2019\/01\/20190129-11-806x537.jpg 806w, https:\/\/www.wallendorff.com\/belogue\/wp-content\/uploads\/2019\/01\/20190129-11-558x372.jpg 558w, https:\/\/www.wallendorff.com\/belogue\/wp-content\/uploads\/2019\/01\/20190129-11-655x437.jpg 655w, https:\/\/www.wallendorff.com\/belogue\/wp-content\/uploads\/2019\/01\/20190129-11-600x400.jpg 600w\" sizes=\"(max-width: 1170px) 100vw, 1170px\" \/><\/a>\n\t\t\t<\/div>\n\t\t\t\t<figcaption class='wp-caption-text gallery-caption' id='gallery-1-41003'>\n\t\t\t\tTrek arctique D\u00e9cathlon 2018\n\t\t\t\t<\/figcaption><\/figure><figure class='gallery-item'>\n\t\t\t<div class='gallery-icon landscape'>\n\t\t\t\t<a href='https:\/\/www.wallendorff.com\/belogue\/2019\/01\/29\/trek-forclaz-12-16-fevrier-2018\/trek-arctique-decathlon-2018-36\/'><img loading=\"lazy\" decoding=\"async\" width=\"1170\" height=\"780\" src=\"https:\/\/www.wallendorff.com\/belogue\/wp-content\/uploads\/2019\/01\/20190129-12.jpg\" class=\"attachment-full size-full\" alt=\"\" aria-describedby=\"gallery-1-41004\" srcset=\"https:\/\/www.wallendorff.com\/belogue\/wp-content\/uploads\/2019\/01\/20190129-12.jpg 1170w, https:\/\/www.wallendorff.com\/belogue\/wp-content\/uploads\/2019\/01\/20190129-12-820x547.jpg 820w, https:\/\/www.wallendorff.com\/belogue\/wp-content\/uploads\/2019\/01\/20190129-12-200x133.jpg 200w, https:\/\/www.wallendorff.com\/belogue\/wp-content\/uploads\/2019\/01\/20190129-12-300x200.jpg 300w, https:\/\/www.wallendorff.com\/belogue\/wp-content\/uploads\/2019\/01\/20190129-12-1116x744.jpg 1116w, https:\/\/www.wallendorff.com\/belogue\/wp-content\/uploads\/2019\/01\/20190129-12-806x537.jpg 806w, https:\/\/www.wallendorff.com\/belogue\/wp-content\/uploads\/2019\/01\/20190129-12-558x372.jpg 558w, https:\/\/www.wallendorff.com\/belogue\/wp-content\/uploads\/2019\/01\/20190129-12-655x437.jpg 655w, https:\/\/www.wallendorff.com\/belogue\/wp-content\/uploads\/2019\/01\/20190129-12-600x400.jpg 600w\" sizes=\"(max-width: 1170px) 100vw, 1170px\" \/><\/a>\n\t\t\t<\/div>\n\t\t\t\t<figcaption class='wp-caption-text gallery-caption' id='gallery-1-41004'>\n\t\t\t\tTrek arctique D\u00e9cathlon 2018\n\t\t\t\t<\/figcaption><\/figure><figure class='gallery-item'>\n\t\t\t<div class='gallery-icon landscape'>\n\t\t\t\t<a href='https:\/\/www.wallendorff.com\/belogue\/2019\/01\/29\/trek-forclaz-12-16-fevrier-2018\/trek-arctique-decathlon-2018-37\/'><img loading=\"lazy\" decoding=\"async\" width=\"1170\" height=\"780\" src=\"https:\/\/www.wallendorff.com\/belogue\/wp-content\/uploads\/2019\/01\/20190129-13.jpg\" class=\"attachment-full size-full\" alt=\"\" aria-describedby=\"gallery-1-41005\" srcset=\"https:\/\/www.wallendorff.com\/belogue\/wp-content\/uploads\/2019\/01\/20190129-13.jpg 1170w, https:\/\/www.wallendorff.com\/belogue\/wp-content\/uploads\/2019\/01\/20190129-13-820x547.jpg 820w, https:\/\/www.wallendorff.com\/belogue\/wp-content\/uploads\/2019\/01\/20190129-13-200x133.jpg 200w, https:\/\/www.wallendorff.com\/belogue\/wp-content\/uploads\/2019\/01\/20190129-13-300x200.jpg 300w, https:\/\/www.wallendorff.com\/belogue\/wp-content\/uploads\/2019\/01\/20190129-13-1116x744.jpg 1116w, https:\/\/www.wallendorff.com\/belogue\/wp-content\/uploads\/2019\/01\/20190129-13-806x537.jpg 806w, https:\/\/www.wallendorff.com\/belogue\/wp-content\/uploads\/2019\/01\/20190129-13-558x372.jpg 558w, https:\/\/www.wallendorff.com\/belogue\/wp-content\/uploads\/2019\/01\/20190129-13-655x437.jpg 655w, https:\/\/www.wallendorff.com\/belogue\/wp-content\/uploads\/2019\/01\/20190129-13-600x400.jpg 600w\" sizes=\"(max-width: 1170px) 100vw, 1170px\" \/><\/a>\n\t\t\t<\/div>\n\t\t\t\t<figcaption class='wp-caption-text gallery-caption' id='gallery-1-41005'>\n\t\t\t\tTrek arctique D\u00e9cathlon 2018\n\t\t\t\t<\/figcaption><\/figure><figure class='gallery-item'>\n\t\t\t<div class='gallery-icon landscape'>\n\t\t\t\t<a href='https:\/\/www.wallendorff.com\/belogue\/2019\/01\/29\/trek-forclaz-12-16-fevrier-2018\/trek-arctique-decathlon-2018-38\/'><img loading=\"lazy\" decoding=\"async\" width=\"1170\" height=\"780\" src=\"https:\/\/www.wallendorff.com\/belogue\/wp-content\/uploads\/2019\/01\/20190129-14.jpg\" class=\"attachment-full size-full\" alt=\"\" aria-describedby=\"gallery-1-41006\" srcset=\"https:\/\/www.wallendorff.com\/belogue\/wp-content\/uploads\/2019\/01\/20190129-14.jpg 1170w, https:\/\/www.wallendorff.com\/belogue\/wp-content\/uploads\/2019\/01\/20190129-14-820x547.jpg 820w, https:\/\/www.wallendorff.com\/belogue\/wp-content\/uploads\/2019\/01\/20190129-14-200x133.jpg 200w, https:\/\/www.wallendorff.com\/belogue\/wp-content\/uploads\/2019\/01\/20190129-14-300x200.jpg 300w, https:\/\/www.wallendorff.com\/belogue\/wp-content\/uploads\/2019\/01\/20190129-14-1116x744.jpg 1116w, https:\/\/www.wallendorff.com\/belogue\/wp-content\/uploads\/2019\/01\/20190129-14-806x537.jpg 806w, https:\/\/www.wallendorff.com\/belogue\/wp-content\/uploads\/2019\/01\/20190129-14-558x372.jpg 558w, https:\/\/www.wallendorff.com\/belogue\/wp-content\/uploads\/2019\/01\/20190129-14-655x437.jpg 655w, https:\/\/www.wallendorff.com\/belogue\/wp-content\/uploads\/2019\/01\/20190129-14-600x400.jpg 600w\" sizes=\"(max-width: 1170px) 100vw, 1170px\" \/><\/a>\n\t\t\t<\/div>\n\t\t\t\t<figcaption class='wp-caption-text gallery-caption' id='gallery-1-41006'>\n\t\t\t\tTrek arctique D\u00e9cathlon 2018\n\t\t\t\t<\/figcaption><\/figure><figure class='gallery-item'>\n\t\t\t<div class='gallery-icon landscape'>\n\t\t\t\t<a href='https:\/\/www.wallendorff.com\/belogue\/2019\/01\/29\/trek-forclaz-12-16-fevrier-2018\/trek-arctique-decathlon-2018-39\/'><img loading=\"lazy\" decoding=\"async\" width=\"1170\" height=\"780\" src=\"https:\/\/www.wallendorff.com\/belogue\/wp-content\/uploads\/2019\/01\/20190129-15.jpg\" class=\"attachment-full size-full\" alt=\"\" aria-describedby=\"gallery-1-41007\" srcset=\"https:\/\/www.wallendorff.com\/belogue\/wp-content\/uploads\/2019\/01\/20190129-15.jpg 1170w, https:\/\/www.wallendorff.com\/belogue\/wp-content\/uploads\/2019\/01\/20190129-15-820x547.jpg 820w, https:\/\/www.wallendorff.com\/belogue\/wp-content\/uploads\/2019\/01\/20190129-15-200x133.jpg 200w, https:\/\/www.wallendorff.com\/belogue\/wp-content\/uploads\/2019\/01\/20190129-15-300x200.jpg 300w, https:\/\/www.wallendorff.com\/belogue\/wp-content\/uploads\/2019\/01\/20190129-15-1116x744.jpg 1116w, https:\/\/www.wallendorff.com\/belogue\/wp-content\/uploads\/2019\/01\/20190129-15-806x537.jpg 806w, https:\/\/www.wallendorff.com\/belogue\/wp-content\/uploads\/2019\/01\/20190129-15-558x372.jpg 558w, https:\/\/www.wallendorff.com\/belogue\/wp-content\/uploads\/2019\/01\/20190129-15-655x437.jpg 655w, https:\/\/www.wallendorff.com\/belogue\/wp-content\/uploads\/2019\/01\/20190129-15-600x400.jpg 600w\" sizes=\"(max-width: 1170px) 100vw, 1170px\" \/><\/a>\n\t\t\t<\/div>\n\t\t\t\t<figcaption class='wp-caption-text gallery-caption' id='gallery-1-41007'>\n\t\t\t\tTrek arctique D\u00e9cathlon 2018\n\t\t\t\t<\/figcaption><\/figure><figure class='gallery-item'>\n\t\t\t<div class='gallery-icon landscape'>\n\t\t\t\t<a href='https:\/\/www.wallendorff.com\/belogue\/2019\/01\/29\/trek-forclaz-12-16-fevrier-2018\/trek-arctique-decathlon-2018-40\/'><img loading=\"lazy\" decoding=\"async\" width=\"1170\" height=\"780\" src=\"https:\/\/www.wallendorff.com\/belogue\/wp-content\/uploads\/2019\/01\/20190129-16.jpg\" class=\"attachment-full size-full\" alt=\"\" aria-describedby=\"gallery-1-41008\" srcset=\"https:\/\/www.wallendorff.com\/belogue\/wp-content\/uploads\/2019\/01\/20190129-16.jpg 1170w, https:\/\/www.wallendorff.com\/belogue\/wp-content\/uploads\/2019\/01\/20190129-16-820x547.jpg 820w, https:\/\/www.wallendorff.com\/belogue\/wp-content\/uploads\/2019\/01\/20190129-16-200x133.jpg 200w, https:\/\/www.wallendorff.com\/belogue\/wp-content\/uploads\/2019\/01\/20190129-16-300x200.jpg 300w, https:\/\/www.wallendorff.com\/belogue\/wp-content\/uploads\/2019\/01\/20190129-16-1116x744.jpg 1116w, https:\/\/www.wallendorff.com\/belogue\/wp-content\/uploads\/2019\/01\/20190129-16-806x537.jpg 806w, https:\/\/www.wallendorff.com\/belogue\/wp-content\/uploads\/2019\/01\/20190129-16-558x372.jpg 558w, https:\/\/www.wallendorff.com\/belogue\/wp-content\/uploads\/2019\/01\/20190129-16-655x437.jpg 655w, https:\/\/www.wallendorff.com\/belogue\/wp-content\/uploads\/2019\/01\/20190129-16-600x400.jpg 600w\" sizes=\"(max-width: 1170px) 100vw, 1170px\" \/><\/a>\n\t\t\t<\/div>\n\t\t\t\t<figcaption class='wp-caption-text gallery-caption' id='gallery-1-41008'>\n\t\t\t\tTrek arctique D\u00e9cathlon 2018\n\t\t\t\t<\/figcaption><\/figure><figure class='gallery-item'>\n\t\t\t<div class='gallery-icon landscape'>\n\t\t\t\t<a href='https:\/\/www.wallendorff.com\/belogue\/2019\/01\/29\/trek-forclaz-12-16-fevrier-2018\/trek-arctique-decathlon-2018-41\/'><img loading=\"lazy\" decoding=\"async\" width=\"1170\" height=\"780\" src=\"https:\/\/www.wallendorff.com\/belogue\/wp-content\/uploads\/2019\/01\/20190129-17.jpg\" class=\"attachment-full size-full\" alt=\"\" aria-describedby=\"gallery-1-41009\" srcset=\"https:\/\/www.wallendorff.com\/belogue\/wp-content\/uploads\/2019\/01\/20190129-17.jpg 1170w, https:\/\/www.wallendorff.com\/belogue\/wp-content\/uploads\/2019\/01\/20190129-17-820x547.jpg 820w, https:\/\/www.wallendorff.com\/belogue\/wp-content\/uploads\/2019\/01\/20190129-17-200x133.jpg 200w, https:\/\/www.wallendorff.com\/belogue\/wp-content\/uploads\/2019\/01\/20190129-17-300x200.jpg 300w, https:\/\/www.wallendorff.com\/belogue\/wp-content\/uploads\/2019\/01\/20190129-17-1116x744.jpg 1116w, https:\/\/www.wallendorff.com\/belogue\/wp-content\/uploads\/2019\/01\/20190129-17-806x537.jpg 806w, https:\/\/www.wallendorff.com\/belogue\/wp-content\/uploads\/2019\/01\/20190129-17-558x372.jpg 558w, https:\/\/www.wallendorff.com\/belogue\/wp-content\/uploads\/2019\/01\/20190129-17-655x437.jpg 655w, https:\/\/www.wallendorff.com\/belogue\/wp-content\/uploads\/2019\/01\/20190129-17-600x400.jpg 600w\" sizes=\"(max-width: 1170px) 100vw, 1170px\" \/><\/a>\n\t\t\t<\/div>\n\t\t\t\t<figcaption class='wp-caption-text gallery-caption' id='gallery-1-41009'>\n\t\t\t\tTrek arctique D\u00e9cathlon 2018\n\t\t\t\t<\/figcaption><\/figure><figure class='gallery-item'>\n\t\t\t<div class='gallery-icon landscape'>\n\t\t\t\t<a href='https:\/\/www.wallendorff.com\/belogue\/2019\/01\/29\/trek-forclaz-12-16-fevrier-2018\/trek-arctique-decathlon-2018-42\/'><img loading=\"lazy\" decoding=\"async\" width=\"1170\" height=\"780\" src=\"https:\/\/www.wallendorff.com\/belogue\/wp-content\/uploads\/2019\/01\/20190129-18.jpg\" class=\"attachment-full size-full\" alt=\"\" aria-describedby=\"gallery-1-41010\" srcset=\"https:\/\/www.wallendorff.com\/belogue\/wp-content\/uploads\/2019\/01\/20190129-18.jpg 1170w, https:\/\/www.wallendorff.com\/belogue\/wp-content\/uploads\/2019\/01\/20190129-18-820x547.jpg 820w, https:\/\/www.wallendorff.com\/belogue\/wp-content\/uploads\/2019\/01\/20190129-18-200x133.jpg 200w, https:\/\/www.wallendorff.com\/belogue\/wp-content\/uploads\/2019\/01\/20190129-18-300x200.jpg 300w, https:\/\/www.wallendorff.com\/belogue\/wp-content\/uploads\/2019\/01\/20190129-18-1116x744.jpg 1116w, https:\/\/www.wallendorff.com\/belogue\/wp-content\/uploads\/2019\/01\/20190129-18-806x537.jpg 806w, https:\/\/www.wallendorff.com\/belogue\/wp-content\/uploads\/2019\/01\/20190129-18-558x372.jpg 558w, https:\/\/www.wallendorff.com\/belogue\/wp-content\/uploads\/2019\/01\/20190129-18-655x437.jpg 655w, https:\/\/www.wallendorff.com\/belogue\/wp-content\/uploads\/2019\/01\/20190129-18-600x400.jpg 600w\" sizes=\"(max-width: 1170px) 100vw, 1170px\" \/><\/a>\n\t\t\t<\/div>\n\t\t\t\t<figcaption class='wp-caption-text gallery-caption' id='gallery-1-41010'>\n\t\t\t\tTrek arctique D\u00e9cathlon 2018\n\t\t\t\t<\/figcaption><\/figure><figure class='gallery-item'>\n\t\t\t<div class='gallery-icon landscape'>\n\t\t\t\t<a href='https:\/\/www.wallendorff.com\/belogue\/2019\/01\/29\/trek-forclaz-12-16-fevrier-2018\/trek-arctique-decathlon-2018-43\/'><img loading=\"lazy\" decoding=\"async\" width=\"1170\" height=\"780\" src=\"https:\/\/www.wallendorff.com\/belogue\/wp-content\/uploads\/2019\/01\/20190129-19.jpg\" class=\"attachment-full size-full\" alt=\"\" aria-describedby=\"gallery-1-41011\" srcset=\"https:\/\/www.wallendorff.com\/belogue\/wp-content\/uploads\/2019\/01\/20190129-19.jpg 1170w, https:\/\/www.wallendorff.com\/belogue\/wp-content\/uploads\/2019\/01\/20190129-19-820x547.jpg 820w, https:\/\/www.wallendorff.com\/belogue\/wp-content\/uploads\/2019\/01\/20190129-19-200x133.jpg 200w, https:\/\/www.wallendorff.com\/belogue\/wp-content\/uploads\/2019\/01\/20190129-19-300x200.jpg 300w, https:\/\/www.wallendorff.com\/belogue\/wp-content\/uploads\/2019\/01\/20190129-19-1116x744.jpg 1116w, https:\/\/www.wallendorff.com\/belogue\/wp-content\/uploads\/2019\/01\/20190129-19-806x537.jpg 806w, https:\/\/www.wallendorff.com\/belogue\/wp-content\/uploads\/2019\/01\/20190129-19-558x372.jpg 558w, https:\/\/www.wallendorff.com\/belogue\/wp-content\/uploads\/2019\/01\/20190129-19-655x437.jpg 655w, https:\/\/www.wallendorff.com\/belogue\/wp-content\/uploads\/2019\/01\/20190129-19-600x400.jpg 600w\" sizes=\"(max-width: 1170px) 100vw, 1170px\" \/><\/a>\n\t\t\t<\/div>\n\t\t\t\t<figcaption class='wp-caption-text gallery-caption' id='gallery-1-41011'>\n\t\t\t\tTrek arctique D\u00e9cathlon 2018\n\t\t\t\t<\/figcaption><\/figure><figure class='gallery-item'>\n\t\t\t<div class='gallery-icon landscape'>\n\t\t\t\t<a href='https:\/\/www.wallendorff.com\/belogue\/2019\/01\/29\/trek-forclaz-12-16-fevrier-2018\/trek-arctique-decathlon-2018-44\/'><img loading=\"lazy\" decoding=\"async\" width=\"1170\" height=\"780\" src=\"https:\/\/www.wallendorff.com\/belogue\/wp-content\/uploads\/2019\/01\/20190129-20.jpg\" class=\"attachment-full size-full\" alt=\"\" aria-describedby=\"gallery-1-41012\" srcset=\"https:\/\/www.wallendorff.com\/belogue\/wp-content\/uploads\/2019\/01\/20190129-20.jpg 1170w, https:\/\/www.wallendorff.com\/belogue\/wp-content\/uploads\/2019\/01\/20190129-20-820x547.jpg 820w, https:\/\/www.wallendorff.com\/belogue\/wp-content\/uploads\/2019\/01\/20190129-20-200x133.jpg 200w, https:\/\/www.wallendorff.com\/belogue\/wp-content\/uploads\/2019\/01\/20190129-20-300x200.jpg 300w, https:\/\/www.wallendorff.com\/belogue\/wp-content\/uploads\/2019\/01\/20190129-20-1116x744.jpg 1116w, https:\/\/www.wallendorff.com\/belogue\/wp-content\/uploads\/2019\/01\/20190129-20-806x537.jpg 806w, https:\/\/www.wallendorff.com\/belogue\/wp-content\/uploads\/2019\/01\/20190129-20-558x372.jpg 558w, https:\/\/www.wallendorff.com\/belogue\/wp-content\/uploads\/2019\/01\/20190129-20-655x437.jpg 655w, https:\/\/www.wallendorff.com\/belogue\/wp-content\/uploads\/2019\/01\/20190129-20-600x400.jpg 600w\" sizes=\"(max-width: 1170px) 100vw, 1170px\" \/><\/a>\n\t\t\t<\/div>\n\t\t\t\t<figcaption class='wp-caption-text gallery-caption' id='gallery-1-41012'>\n\t\t\t\tTrek arctique D\u00e9cathlon 2018\n\t\t\t\t<\/figcaption><\/figure><figure class='gallery-item'>\n\t\t\t<div class='gallery-icon landscape'>\n\t\t\t\t<a href='https:\/\/www.wallendorff.com\/belogue\/2019\/01\/29\/trek-forclaz-12-16-fevrier-2018\/trek-arctique-decathlon-2018-45\/'><img loading=\"lazy\" decoding=\"async\" width=\"1170\" height=\"780\" src=\"https:\/\/www.wallendorff.com\/belogue\/wp-content\/uploads\/2019\/01\/20190129-21.jpg\" class=\"attachment-full size-full\" alt=\"\" aria-describedby=\"gallery-1-41013\" srcset=\"https:\/\/www.wallendorff.com\/belogue\/wp-content\/uploads\/2019\/01\/20190129-21.jpg 1170w, https:\/\/www.wallendorff.com\/belogue\/wp-content\/uploads\/2019\/01\/20190129-21-820x547.jpg 820w, https:\/\/www.wallendorff.com\/belogue\/wp-content\/uploads\/2019\/01\/20190129-21-200x133.jpg 200w, https:\/\/www.wallendorff.com\/belogue\/wp-content\/uploads\/2019\/01\/20190129-21-300x200.jpg 300w, https:\/\/www.wallendorff.com\/belogue\/wp-content\/uploads\/2019\/01\/20190129-21-1116x744.jpg 1116w, https:\/\/www.wallendorff.com\/belogue\/wp-content\/uploads\/2019\/01\/20190129-21-806x537.jpg 806w, https:\/\/www.wallendorff.com\/belogue\/wp-content\/uploads\/2019\/01\/20190129-21-558x372.jpg 558w, https:\/\/www.wallendorff.com\/belogue\/wp-content\/uploads\/2019\/01\/20190129-21-655x437.jpg 655w, https:\/\/www.wallendorff.com\/belogue\/wp-content\/uploads\/2019\/01\/20190129-21-600x400.jpg 600w\" sizes=\"(max-width: 1170px) 100vw, 1170px\" \/><\/a>\n\t\t\t<\/div>\n\t\t\t\t<figcaption class='wp-caption-text gallery-caption' id='gallery-1-41013'>\n\t\t\t\tTrek arctique D\u00e9cathlon 2018\n\t\t\t\t<\/figcaption><\/figure><figure class='gallery-item'>\n\t\t\t<div class='gallery-icon landscape'>\n\t\t\t\t<a href='https:\/\/www.wallendorff.com\/belogue\/2019\/01\/29\/trek-forclaz-12-16-fevrier-2018\/trek-arctique-decathlon-2018-46\/'><img loading=\"lazy\" decoding=\"async\" width=\"1170\" height=\"780\" src=\"https:\/\/www.wallendorff.com\/belogue\/wp-content\/uploads\/2019\/01\/20190129-22.jpg\" class=\"attachment-full size-full\" alt=\"\" aria-describedby=\"gallery-1-41014\" srcset=\"https:\/\/www.wallendorff.com\/belogue\/wp-content\/uploads\/2019\/01\/20190129-22.jpg 1170w, https:\/\/www.wallendorff.com\/belogue\/wp-content\/uploads\/2019\/01\/20190129-22-820x547.jpg 820w, https:\/\/www.wallendorff.com\/belogue\/wp-content\/uploads\/2019\/01\/20190129-22-200x133.jpg 200w, https:\/\/www.wallendorff.com\/belogue\/wp-content\/uploads\/2019\/01\/20190129-22-300x200.jpg 300w, https:\/\/www.wallendorff.com\/belogue\/wp-content\/uploads\/2019\/01\/20190129-22-1116x744.jpg 1116w, https:\/\/www.wallendorff.com\/belogue\/wp-content\/uploads\/2019\/01\/20190129-22-806x537.jpg 806w, https:\/\/www.wallendorff.com\/belogue\/wp-content\/uploads\/2019\/01\/20190129-22-558x372.jpg 558w, https:\/\/www.wallendorff.com\/belogue\/wp-content\/uploads\/2019\/01\/20190129-22-655x437.jpg 655w, https:\/\/www.wallendorff.com\/belogue\/wp-content\/uploads\/2019\/01\/20190129-22-600x400.jpg 600w\" sizes=\"(max-width: 1170px) 100vw, 1170px\" \/><\/a>\n\t\t\t<\/div>\n\t\t\t\t<figcaption class='wp-caption-text gallery-caption' id='gallery-1-41014'>\n\t\t\t\tTrek arctique D\u00e9cathlon 2018\n\t\t\t\t<\/figcaption><\/figure><figure class='gallery-item'>\n\t\t\t<div class='gallery-icon landscape'>\n\t\t\t\t<a href='https:\/\/www.wallendorff.com\/belogue\/2019\/01\/29\/trek-forclaz-12-16-fevrier-2018\/trek-arctique-decathlon-2018-47\/'><img loading=\"lazy\" decoding=\"async\" width=\"1170\" height=\"780\" src=\"https:\/\/www.wallendorff.com\/belogue\/wp-content\/uploads\/2019\/01\/20190129-23.jpg\" class=\"attachment-full size-full\" alt=\"\" aria-describedby=\"gallery-1-41015\" srcset=\"https:\/\/www.wallendorff.com\/belogue\/wp-content\/uploads\/2019\/01\/20190129-23.jpg 1170w, https:\/\/www.wallendorff.com\/belogue\/wp-content\/uploads\/2019\/01\/20190129-23-820x547.jpg 820w, https:\/\/www.wallendorff.com\/belogue\/wp-content\/uploads\/2019\/01\/20190129-23-200x133.jpg 200w, https:\/\/www.wallendorff.com\/belogue\/wp-content\/uploads\/2019\/01\/20190129-23-300x200.jpg 300w, https:\/\/www.wallendorff.com\/belogue\/wp-content\/uploads\/2019\/01\/20190129-23-1116x744.jpg 1116w, https:\/\/www.wallendorff.com\/belogue\/wp-content\/uploads\/2019\/01\/20190129-23-806x537.jpg 806w, https:\/\/www.wallendorff.com\/belogue\/wp-content\/uploads\/2019\/01\/20190129-23-558x372.jpg 558w, https:\/\/www.wallendorff.com\/belogue\/wp-content\/uploads\/2019\/01\/20190129-23-655x437.jpg 655w, https:\/\/www.wallendorff.com\/belogue\/wp-content\/uploads\/2019\/01\/20190129-23-600x400.jpg 600w\" sizes=\"(max-width: 1170px) 100vw, 1170px\" \/><\/a>\n\t\t\t<\/div>\n\t\t\t\t<figcaption class='wp-caption-text gallery-caption' id='gallery-1-41015'>\n\t\t\t\tTrek arctique D\u00e9cathlon 2018\n\t\t\t\t<\/figcaption><\/figure><figure class='gallery-item'>\n\t\t\t<div class='gallery-icon landscape'>\n\t\t\t\t<a href='https:\/\/www.wallendorff.com\/belogue\/2019\/01\/29\/trek-forclaz-12-16-fevrier-2018\/trek-arctique-decathlon-2018-48\/'><img loading=\"lazy\" decoding=\"async\" width=\"1170\" height=\"780\" src=\"https:\/\/www.wallendorff.com\/belogue\/wp-content\/uploads\/2019\/01\/20190129-24.jpg\" class=\"attachment-full size-full\" alt=\"\" aria-describedby=\"gallery-1-41016\" srcset=\"https:\/\/www.wallendorff.com\/belogue\/wp-content\/uploads\/2019\/01\/20190129-24.jpg 1170w, https:\/\/www.wallendorff.com\/belogue\/wp-content\/uploads\/2019\/01\/20190129-24-820x547.jpg 820w, https:\/\/www.wallendorff.com\/belogue\/wp-content\/uploads\/2019\/01\/20190129-24-200x133.jpg 200w, https:\/\/www.wallendorff.com\/belogue\/wp-content\/uploads\/2019\/01\/20190129-24-300x200.jpg 300w, https:\/\/www.wallendorff.com\/belogue\/wp-content\/uploads\/2019\/01\/20190129-24-1116x744.jpg 1116w, https:\/\/www.wallendorff.com\/belogue\/wp-content\/uploads\/2019\/01\/20190129-24-806x537.jpg 806w, https:\/\/www.wallendorff.com\/belogue\/wp-content\/uploads\/2019\/01\/20190129-24-558x372.jpg 558w, https:\/\/www.wallendorff.com\/belogue\/wp-content\/uploads\/2019\/01\/20190129-24-655x437.jpg 655w, https:\/\/www.wallendorff.com\/belogue\/wp-content\/uploads\/2019\/01\/20190129-24-600x400.jpg 600w\" sizes=\"(max-width: 1170px) 100vw, 1170px\" \/><\/a>\n\t\t\t<\/div>\n\t\t\t\t<figcaption class='wp-caption-text gallery-caption' id='gallery-1-41016'>\n\t\t\t\tTrek arctique D\u00e9cathlon 2018\n\t\t\t\t<\/figcaption><\/figure><figure class='gallery-item'>\n\t\t\t<div class='gallery-icon landscape'>\n\t\t\t\t<a href='https:\/\/www.wallendorff.com\/belogue\/2019\/01\/29\/trek-forclaz-12-16-fevrier-2018\/trek-arctique-decathlon-2018-49\/'><img loading=\"lazy\" decoding=\"async\" width=\"1170\" height=\"780\" src=\"https:\/\/www.wallendorff.com\/belogue\/wp-content\/uploads\/2019\/01\/20190129-25.jpg\" class=\"attachment-full size-full\" alt=\"\" aria-describedby=\"gallery-1-41017\" srcset=\"https:\/\/www.wallendorff.com\/belogue\/wp-content\/uploads\/2019\/01\/20190129-25.jpg 1170w, https:\/\/www.wallendorff.com\/belogue\/wp-content\/uploads\/2019\/01\/20190129-25-820x547.jpg 820w, https:\/\/www.wallendorff.com\/belogue\/wp-content\/uploads\/2019\/01\/20190129-25-200x133.jpg 200w, https:\/\/www.wallendorff.com\/belogue\/wp-content\/uploads\/2019\/01\/20190129-25-300x200.jpg 300w, https:\/\/www.wallendorff.com\/belogue\/wp-content\/uploads\/2019\/01\/20190129-25-1116x744.jpg 1116w, https:\/\/www.wallendorff.com\/belogue\/wp-content\/uploads\/2019\/01\/20190129-25-806x537.jpg 806w, https:\/\/www.wallendorff.com\/belogue\/wp-content\/uploads\/2019\/01\/20190129-25-558x372.jpg 558w, https:\/\/www.wallendorff.com\/belogue\/wp-content\/uploads\/2019\/01\/20190129-25-655x437.jpg 655w, https:\/\/www.wallendorff.com\/belogue\/wp-content\/uploads\/2019\/01\/20190129-25-600x400.jpg 600w\" sizes=\"(max-width: 1170px) 100vw, 1170px\" \/><\/a>\n\t\t\t<\/div>\n\t\t\t\t<figcaption class='wp-caption-text gallery-caption' id='gallery-1-41017'>\n\t\t\t\tTrek arctique D\u00e9cathlon 2018\n\t\t\t\t<\/figcaption><\/figure><figure class='gallery-item'>\n\t\t\t<div class='gallery-icon landscape'>\n\t\t\t\t<a href='https:\/\/www.wallendorff.com\/belogue\/2019\/01\/29\/trek-forclaz-12-16-fevrier-2018\/trek-arctique-decathlon-2018-50\/'><img loading=\"lazy\" decoding=\"async\" width=\"1170\" height=\"498\" src=\"https:\/\/www.wallendorff.com\/belogue\/wp-content\/uploads\/2019\/01\/20190129-26.jpg\" class=\"attachment-full size-full\" alt=\"\" aria-describedby=\"gallery-1-41018\" srcset=\"https:\/\/www.wallendorff.com\/belogue\/wp-content\/uploads\/2019\/01\/20190129-26.jpg 1170w, https:\/\/www.wallendorff.com\/belogue\/wp-content\/uploads\/2019\/01\/20190129-26-820x349.jpg 820w, https:\/\/www.wallendorff.com\/belogue\/wp-content\/uploads\/2019\/01\/20190129-26-200x85.jpg 200w, https:\/\/www.wallendorff.com\/belogue\/wp-content\/uploads\/2019\/01\/20190129-26-300x128.jpg 300w, https:\/\/www.wallendorff.com\/belogue\/wp-content\/uploads\/2019\/01\/20190129-26-1116x475.jpg 1116w, https:\/\/www.wallendorff.com\/belogue\/wp-content\/uploads\/2019\/01\/20190129-26-806x343.jpg 806w, https:\/\/www.wallendorff.com\/belogue\/wp-content\/uploads\/2019\/01\/20190129-26-558x238.jpg 558w, https:\/\/www.wallendorff.com\/belogue\/wp-content\/uploads\/2019\/01\/20190129-26-655x279.jpg 655w, https:\/\/www.wallendorff.com\/belogue\/wp-content\/uploads\/2019\/01\/20190129-26-600x255.jpg 600w\" sizes=\"(max-width: 1170px) 100vw, 1170px\" \/><\/a>\n\t\t\t<\/div>\n\t\t\t\t<figcaption class='wp-caption-text gallery-caption' id='gallery-1-41018'>\n\t\t\t\tTrek arctique D\u00e9cathlon 2018\n\t\t\t\t<\/figcaption><\/figure><figure class='gallery-item'>\n\t\t\t<div class='gallery-icon landscape'>\n\t\t\t\t<a href='https:\/\/www.wallendorff.com\/belogue\/2019\/01\/29\/trek-forclaz-12-16-fevrier-2018\/trek-arctique-decathlon-2018-51\/'><img loading=\"lazy\" decoding=\"async\" width=\"1170\" height=\"780\" src=\"https:\/\/www.wallendorff.com\/belogue\/wp-content\/uploads\/2019\/01\/20190129-27.jpg\" class=\"attachment-full size-full\" alt=\"\" aria-describedby=\"gallery-1-41019\" srcset=\"https:\/\/www.wallendorff.com\/belogue\/wp-content\/uploads\/2019\/01\/20190129-27.jpg 1170w, https:\/\/www.wallendorff.com\/belogue\/wp-content\/uploads\/2019\/01\/20190129-27-820x547.jpg 820w, https:\/\/www.wallendorff.com\/belogue\/wp-content\/uploads\/2019\/01\/20190129-27-200x133.jpg 200w, https:\/\/www.wallendorff.com\/belogue\/wp-content\/uploads\/2019\/01\/20190129-27-300x200.jpg 300w, https:\/\/www.wallendorff.com\/belogue\/wp-content\/uploads\/2019\/01\/20190129-27-1116x744.jpg 1116w, https:\/\/www.wallendorff.com\/belogue\/wp-content\/uploads\/2019\/01\/20190129-27-806x537.jpg 806w, https:\/\/www.wallendorff.com\/belogue\/wp-content\/uploads\/2019\/01\/20190129-27-558x372.jpg 558w, https:\/\/www.wallendorff.com\/belogue\/wp-content\/uploads\/2019\/01\/20190129-27-655x437.jpg 655w, https:\/\/www.wallendorff.com\/belogue\/wp-content\/uploads\/2019\/01\/20190129-27-600x400.jpg 600w\" sizes=\"(max-width: 1170px) 100vw, 1170px\" \/><\/a>\n\t\t\t<\/div>\n\t\t\t\t<figcaption class='wp-caption-text gallery-caption' id='gallery-1-41019'>\n\t\t\t\tTrek arctique D\u00e9cathlon 2018\n\t\t\t\t<\/figcaption><\/figure><figure class='gallery-item'>\n\t\t\t<div class='gallery-icon landscape'>\n\t\t\t\t<a href='https:\/\/www.wallendorff.com\/belogue\/2019\/01\/29\/trek-forclaz-12-16-fevrier-2018\/trek-arctique-decathlon-2018-52\/'><img loading=\"lazy\" decoding=\"async\" width=\"1170\" height=\"780\" src=\"https:\/\/www.wallendorff.com\/belogue\/wp-content\/uploads\/2019\/01\/20190129-28.jpg\" class=\"attachment-full size-full\" alt=\"\" aria-describedby=\"gallery-1-41020\" srcset=\"https:\/\/www.wallendorff.com\/belogue\/wp-content\/uploads\/2019\/01\/20190129-28.jpg 1170w, https:\/\/www.wallendorff.com\/belogue\/wp-content\/uploads\/2019\/01\/20190129-28-820x547.jpg 820w, https:\/\/www.wallendorff.com\/belogue\/wp-content\/uploads\/2019\/01\/20190129-28-200x133.jpg 200w, https:\/\/www.wallendorff.com\/belogue\/wp-content\/uploads\/2019\/01\/20190129-28-300x200.jpg 300w, https:\/\/www.wallendorff.com\/belogue\/wp-content\/uploads\/2019\/01\/20190129-28-1116x744.jpg 1116w, https:\/\/www.wallendorff.com\/belogue\/wp-content\/uploads\/2019\/01\/20190129-28-806x537.jpg 806w, https:\/\/www.wallendorff.com\/belogue\/wp-content\/uploads\/2019\/01\/20190129-28-558x372.jpg 558w, https:\/\/www.wallendorff.com\/belogue\/wp-content\/uploads\/2019\/01\/20190129-28-655x437.jpg 655w, https:\/\/www.wallendorff.com\/belogue\/wp-content\/uploads\/2019\/01\/20190129-28-600x400.jpg 600w\" sizes=\"(max-width: 1170px) 100vw, 1170px\" \/><\/a>\n\t\t\t<\/div>\n\t\t\t\t<figcaption class='wp-caption-text gallery-caption' id='gallery-1-41020'>\n\t\t\t\tTrek arctique D\u00e9cathlon 2018\n\t\t\t\t<\/figcaption><\/figure><figure class='gallery-item'>\n\t\t\t<div class='gallery-icon landscape'>\n\t\t\t\t<a href='https:\/\/www.wallendorff.com\/belogue\/2019\/01\/29\/trek-forclaz-12-16-fevrier-2018\/trek-arctique-decathlon-2018-53\/'><img loading=\"lazy\" decoding=\"async\" width=\"1170\" height=\"780\" src=\"https:\/\/www.wallendorff.com\/belogue\/wp-content\/uploads\/2019\/01\/20190129-29.jpg\" class=\"attachment-full size-full\" alt=\"\" aria-describedby=\"gallery-1-41021\" srcset=\"https:\/\/www.wallendorff.com\/belogue\/wp-content\/uploads\/2019\/01\/20190129-29.jpg 1170w, https:\/\/www.wallendorff.com\/belogue\/wp-content\/uploads\/2019\/01\/20190129-29-820x547.jpg 820w, https:\/\/www.wallendorff.com\/belogue\/wp-content\/uploads\/2019\/01\/20190129-29-200x133.jpg 200w, https:\/\/www.wallendorff.com\/belogue\/wp-content\/uploads\/2019\/01\/20190129-29-300x200.jpg 300w, https:\/\/www.wallendorff.com\/belogue\/wp-content\/uploads\/2019\/01\/20190129-29-1116x744.jpg 1116w, https:\/\/www.wallendorff.com\/belogue\/wp-content\/uploads\/2019\/01\/20190129-29-806x537.jpg 806w, https:\/\/www.wallendorff.com\/belogue\/wp-content\/uploads\/2019\/01\/20190129-29-558x372.jpg 558w, https:\/\/www.wallendorff.com\/belogue\/wp-content\/uploads\/2019\/01\/20190129-29-655x437.jpg 655w, https:\/\/www.wallendorff.com\/belogue\/wp-content\/uploads\/2019\/01\/20190129-29-600x400.jpg 600w\" sizes=\"(max-width: 1170px) 100vw, 1170px\" \/><\/a>\n\t\t\t<\/div>\n\t\t\t\t<figcaption class='wp-caption-text gallery-caption' id='gallery-1-41021'>\n\t\t\t\tTrek arctique D\u00e9cathlon 2018\n\t\t\t\t<\/figcaption><\/figure><figure class='gallery-item'>\n\t\t\t<div class='gallery-icon landscape'>\n\t\t\t\t<a href='https:\/\/www.wallendorff.com\/belogue\/2019\/01\/29\/trek-forclaz-12-16-fevrier-2018\/trek-arctique-decathlon-2018-54\/'><img loading=\"lazy\" decoding=\"async\" width=\"1170\" height=\"780\" src=\"https:\/\/www.wallendorff.com\/belogue\/wp-content\/uploads\/2019\/01\/20190129-30.jpg\" class=\"attachment-full size-full\" alt=\"\" aria-describedby=\"gallery-1-41022\" srcset=\"https:\/\/www.wallendorff.com\/belogue\/wp-content\/uploads\/2019\/01\/20190129-30.jpg 1170w, https:\/\/www.wallendorff.com\/belogue\/wp-content\/uploads\/2019\/01\/20190129-30-820x547.jpg 820w, https:\/\/www.wallendorff.com\/belogue\/wp-content\/uploads\/2019\/01\/20190129-30-200x133.jpg 200w, https:\/\/www.wallendorff.com\/belogue\/wp-content\/uploads\/2019\/01\/20190129-30-300x200.jpg 300w, https:\/\/www.wallendorff.com\/belogue\/wp-content\/uploads\/2019\/01\/20190129-30-1116x744.jpg 1116w, https:\/\/www.wallendorff.com\/belogue\/wp-content\/uploads\/2019\/01\/20190129-30-806x537.jpg 806w, https:\/\/www.wallendorff.com\/belogue\/wp-content\/uploads\/2019\/01\/20190129-30-558x372.jpg 558w, https:\/\/www.wallendorff.com\/belogue\/wp-content\/uploads\/2019\/01\/20190129-30-655x437.jpg 655w, https:\/\/www.wallendorff.com\/belogue\/wp-content\/uploads\/2019\/01\/20190129-30-600x400.jpg 600w\" sizes=\"(max-width: 1170px) 100vw, 1170px\" \/><\/a>\n\t\t\t<\/div>\n\t\t\t\t<figcaption class='wp-caption-text gallery-caption' id='gallery-1-41022'>\n\t\t\t\tTrek arctique D\u00e9cathlon 2018\n\t\t\t\t<\/figcaption><\/figure><figure class='gallery-item'>\n\t\t\t<div class='gallery-icon landscape'>\n\t\t\t\t<a href='https:\/\/www.wallendorff.com\/belogue\/2019\/01\/29\/trek-forclaz-12-16-fevrier-2018\/trek-arctique-decathlon-2018-55\/'><img loading=\"lazy\" decoding=\"async\" width=\"1170\" height=\"780\" src=\"https:\/\/www.wallendorff.com\/belogue\/wp-content\/uploads\/2019\/01\/20190129-31.jpg\" class=\"attachment-full size-full\" alt=\"\" aria-describedby=\"gallery-1-41023\" srcset=\"https:\/\/www.wallendorff.com\/belogue\/wp-content\/uploads\/2019\/01\/20190129-31.jpg 1170w, https:\/\/www.wallendorff.com\/belogue\/wp-content\/uploads\/2019\/01\/20190129-31-820x547.jpg 820w, https:\/\/www.wallendorff.com\/belogue\/wp-content\/uploads\/2019\/01\/20190129-31-200x133.jpg 200w, https:\/\/www.wallendorff.com\/belogue\/wp-content\/uploads\/2019\/01\/20190129-31-300x200.jpg 300w, https:\/\/www.wallendorff.com\/belogue\/wp-content\/uploads\/2019\/01\/20190129-31-1116x744.jpg 1116w, https:\/\/www.wallendorff.com\/belogue\/wp-content\/uploads\/2019\/01\/20190129-31-806x537.jpg 806w, https:\/\/www.wallendorff.com\/belogue\/wp-content\/uploads\/2019\/01\/20190129-31-558x372.jpg 558w, https:\/\/www.wallendorff.com\/belogue\/wp-content\/uploads\/2019\/01\/20190129-31-655x437.jpg 655w, https:\/\/www.wallendorff.com\/belogue\/wp-content\/uploads\/2019\/01\/20190129-31-600x400.jpg 600w\" sizes=\"(max-width: 1170px) 100vw, 1170px\" \/><\/a>\n\t\t\t<\/div>\n\t\t\t\t<figcaption class='wp-caption-text gallery-caption' id='gallery-1-41023'>\n\t\t\t\tTrek arctique D\u00e9cathlon 2018\n\t\t\t\t<\/figcaption><\/figure><figure class='gallery-item'>\n\t\t\t<div class='gallery-icon landscape'>\n\t\t\t\t<a href='https:\/\/www.wallendorff.com\/belogue\/2019\/01\/29\/trek-forclaz-12-16-fevrier-2018\/trek-arctique-decathlon-2018-56\/'><img loading=\"lazy\" decoding=\"async\" width=\"1170\" height=\"780\" src=\"https:\/\/www.wallendorff.com\/belogue\/wp-content\/uploads\/2019\/01\/20190129-32.jpg\" class=\"attachment-full size-full\" alt=\"\" aria-describedby=\"gallery-1-41024\" srcset=\"https:\/\/www.wallendorff.com\/belogue\/wp-content\/uploads\/2019\/01\/20190129-32.jpg 1170w, https:\/\/www.wallendorff.com\/belogue\/wp-content\/uploads\/2019\/01\/20190129-32-820x547.jpg 820w, https:\/\/www.wallendorff.com\/belogue\/wp-content\/uploads\/2019\/01\/20190129-32-200x133.jpg 200w, https:\/\/www.wallendorff.com\/belogue\/wp-content\/uploads\/2019\/01\/20190129-32-300x200.jpg 300w, https:\/\/www.wallendorff.com\/belogue\/wp-content\/uploads\/2019\/01\/20190129-32-1116x744.jpg 1116w, https:\/\/www.wallendorff.com\/belogue\/wp-content\/uploads\/2019\/01\/20190129-32-806x537.jpg 806w, https:\/\/www.wallendorff.com\/belogue\/wp-content\/uploads\/2019\/01\/20190129-32-558x372.jpg 558w, https:\/\/www.wallendorff.com\/belogue\/wp-content\/uploads\/2019\/01\/20190129-32-655x437.jpg 655w, https:\/\/www.wallendorff.com\/belogue\/wp-content\/uploads\/2019\/01\/20190129-32-600x400.jpg 600w\" sizes=\"(max-width: 1170px) 100vw, 1170px\" \/><\/a>\n\t\t\t<\/div>\n\t\t\t\t<figcaption class='wp-caption-text gallery-caption' id='gallery-1-41024'>\n\t\t\t\tTrek arctique D\u00e9cathlon 2018\n\t\t\t\t<\/figcaption><\/figure><figure class='gallery-item'>\n\t\t\t<div class='gallery-icon landscape'>\n\t\t\t\t<a href='https:\/\/www.wallendorff.com\/belogue\/2019\/01\/29\/trek-forclaz-12-16-fevrier-2018\/trek-arctique-decathlon-2018-57\/'><img loading=\"lazy\" decoding=\"async\" width=\"1170\" height=\"780\" src=\"https:\/\/www.wallendorff.com\/belogue\/wp-content\/uploads\/2019\/01\/20190129-33.jpg\" class=\"attachment-full size-full\" alt=\"\" aria-describedby=\"gallery-1-41025\" srcset=\"https:\/\/www.wallendorff.com\/belogue\/wp-content\/uploads\/2019\/01\/20190129-33.jpg 1170w, https:\/\/www.wallendorff.com\/belogue\/wp-content\/uploads\/2019\/01\/20190129-33-820x547.jpg 820w, https:\/\/www.wallendorff.com\/belogue\/wp-content\/uploads\/2019\/01\/20190129-33-200x133.jpg 200w, https:\/\/www.wallendorff.com\/belogue\/wp-content\/uploads\/2019\/01\/20190129-33-300x200.jpg 300w, https:\/\/www.wallendorff.com\/belogue\/wp-content\/uploads\/2019\/01\/20190129-33-1116x744.jpg 1116w, https:\/\/www.wallendorff.com\/belogue\/wp-content\/uploads\/2019\/01\/20190129-33-806x537.jpg 806w, https:\/\/www.wallendorff.com\/belogue\/wp-content\/uploads\/2019\/01\/20190129-33-558x372.jpg 558w, https:\/\/www.wallendorff.com\/belogue\/wp-content\/uploads\/2019\/01\/20190129-33-655x437.jpg 655w, https:\/\/www.wallendorff.com\/belogue\/wp-content\/uploads\/2019\/01\/20190129-33-600x400.jpg 600w\" sizes=\"(max-width: 1170px) 100vw, 1170px\" \/><\/a>\n\t\t\t<\/div>\n\t\t\t\t<figcaption class='wp-caption-text gallery-caption' id='gallery-1-41025'>\n\t\t\t\tTrek arctique D\u00e9cathlon 2018\n\t\t\t\t<\/figcaption><\/figure><figure class='gallery-item'>\n\t\t\t<div class='gallery-icon landscape'>\n\t\t\t\t<a href='https:\/\/www.wallendorff.com\/belogue\/2019\/01\/29\/trek-forclaz-12-16-fevrier-2018\/trek-arctique-decathlon-2018-58\/'><img loading=\"lazy\" decoding=\"async\" width=\"1170\" height=\"780\" src=\"https:\/\/www.wallendorff.com\/belogue\/wp-content\/uploads\/2019\/01\/20190129-34.jpg\" class=\"attachment-full size-full\" alt=\"\" aria-describedby=\"gallery-1-41026\" srcset=\"https:\/\/www.wallendorff.com\/belogue\/wp-content\/uploads\/2019\/01\/20190129-34.jpg 1170w, https:\/\/www.wallendorff.com\/belogue\/wp-content\/uploads\/2019\/01\/20190129-34-820x547.jpg 820w, https:\/\/www.wallendorff.com\/belogue\/wp-content\/uploads\/2019\/01\/20190129-34-200x133.jpg 200w, https:\/\/www.wallendorff.com\/belogue\/wp-content\/uploads\/2019\/01\/20190129-34-300x200.jpg 300w, https:\/\/www.wallendorff.com\/belogue\/wp-content\/uploads\/2019\/01\/20190129-34-1116x744.jpg 1116w, https:\/\/www.wallendorff.com\/belogue\/wp-content\/uploads\/2019\/01\/20190129-34-806x537.jpg 806w, https:\/\/www.wallendorff.com\/belogue\/wp-content\/uploads\/2019\/01\/20190129-34-558x372.jpg 558w, https:\/\/www.wallendorff.com\/belogue\/wp-content\/uploads\/2019\/01\/20190129-34-655x437.jpg 655w, https:\/\/www.wallendorff.com\/belogue\/wp-content\/uploads\/2019\/01\/20190129-34-600x400.jpg 600w\" sizes=\"(max-width: 1170px) 100vw, 1170px\" \/><\/a>\n\t\t\t<\/div>\n\t\t\t\t<figcaption class='wp-caption-text gallery-caption' id='gallery-1-41026'>\n\t\t\t\tTrek arctique D\u00e9cathlon 2018\n\t\t\t\t<\/figcaption><\/figure><figure class='gallery-item'>\n\t\t\t<div class='gallery-icon landscape'>\n\t\t\t\t<a href='https:\/\/www.wallendorff.com\/belogue\/2019\/01\/29\/trek-forclaz-12-16-fevrier-2018\/trek-arctique-decathlon-2018-59\/'><img loading=\"lazy\" decoding=\"async\" width=\"1170\" height=\"780\" src=\"https:\/\/www.wallendorff.com\/belogue\/wp-content\/uploads\/2019\/01\/20190129-35.jpg\" class=\"attachment-full size-full\" alt=\"\" aria-describedby=\"gallery-1-41027\" srcset=\"https:\/\/www.wallendorff.com\/belogue\/wp-content\/uploads\/2019\/01\/20190129-35.jpg 1170w, https:\/\/www.wallendorff.com\/belogue\/wp-content\/uploads\/2019\/01\/20190129-35-820x547.jpg 820w, https:\/\/www.wallendorff.com\/belogue\/wp-content\/uploads\/2019\/01\/20190129-35-200x133.jpg 200w, https:\/\/www.wallendorff.com\/belogue\/wp-content\/uploads\/2019\/01\/20190129-35-300x200.jpg 300w, https:\/\/www.wallendorff.com\/belogue\/wp-content\/uploads\/2019\/01\/20190129-35-1116x744.jpg 1116w, https:\/\/www.wallendorff.com\/belogue\/wp-content\/uploads\/2019\/01\/20190129-35-806x537.jpg 806w, https:\/\/www.wallendorff.com\/belogue\/wp-content\/uploads\/2019\/01\/20190129-35-558x372.jpg 558w, https:\/\/www.wallendorff.com\/belogue\/wp-content\/uploads\/2019\/01\/20190129-35-655x437.jpg 655w, https:\/\/www.wallendorff.com\/belogue\/wp-content\/uploads\/2019\/01\/20190129-35-600x400.jpg 600w\" sizes=\"(max-width: 1170px) 100vw, 1170px\" \/><\/a>\n\t\t\t<\/div>\n\t\t\t\t<figcaption class='wp-caption-text gallery-caption' id='gallery-1-41027'>\n\t\t\t\tTrek arctique D\u00e9cathlon 2018\n\t\t\t\t<\/figcaption><\/figure><figure class='gallery-item'>\n\t\t\t<div class='gallery-icon landscape'>\n\t\t\t\t<a href='https:\/\/www.wallendorff.com\/belogue\/2019\/01\/29\/trek-forclaz-12-16-fevrier-2018\/trek-arctique-decathlon-2018-60\/'><img loading=\"lazy\" decoding=\"async\" width=\"1170\" height=\"780\" src=\"https:\/\/www.wallendorff.com\/belogue\/wp-content\/uploads\/2019\/01\/20190129-36.jpg\" class=\"attachment-full size-full\" alt=\"\" aria-describedby=\"gallery-1-41028\" srcset=\"https:\/\/www.wallendorff.com\/belogue\/wp-content\/uploads\/2019\/01\/20190129-36.jpg 1170w, https:\/\/www.wallendorff.com\/belogue\/wp-content\/uploads\/2019\/01\/20190129-36-820x547.jpg 820w, https:\/\/www.wallendorff.com\/belogue\/wp-content\/uploads\/2019\/01\/20190129-36-200x133.jpg 200w, https:\/\/www.wallendorff.com\/belogue\/wp-content\/uploads\/2019\/01\/20190129-36-300x200.jpg 300w, https:\/\/www.wallendorff.com\/belogue\/wp-content\/uploads\/2019\/01\/20190129-36-1116x744.jpg 1116w, https:\/\/www.wallendorff.com\/belogue\/wp-content\/uploads\/2019\/01\/20190129-36-806x537.jpg 806w, https:\/\/www.wallendorff.com\/belogue\/wp-content\/uploads\/2019\/01\/20190129-36-558x372.jpg 558w, https:\/\/www.wallendorff.com\/belogue\/wp-content\/uploads\/2019\/01\/20190129-36-655x437.jpg 655w, https:\/\/www.wallendorff.com\/belogue\/wp-content\/uploads\/2019\/01\/20190129-36-600x400.jpg 600w\" sizes=\"(max-width: 1170px) 100vw, 1170px\" \/><\/a>\n\t\t\t<\/div>\n\t\t\t\t<figcaption class='wp-caption-text gallery-caption' id='gallery-1-41028'>\n\t\t\t\tTrek arctique D\u00e9cathlon 2018\n\t\t\t\t<\/figcaption><\/figure><figure class='gallery-item'>\n\t\t\t<div class='gallery-icon landscape'>\n\t\t\t\t<a href='https:\/\/www.wallendorff.com\/belogue\/2019\/01\/29\/trek-forclaz-12-16-fevrier-2018\/trek-arctique-decathlon-2018-61\/'><img loading=\"lazy\" decoding=\"async\" width=\"1170\" height=\"780\" src=\"https:\/\/www.wallendorff.com\/belogue\/wp-content\/uploads\/2019\/01\/20190129-37.jpg\" class=\"attachment-full size-full\" alt=\"\" aria-describedby=\"gallery-1-41029\" srcset=\"https:\/\/www.wallendorff.com\/belogue\/wp-content\/uploads\/2019\/01\/20190129-37.jpg 1170w, https:\/\/www.wallendorff.com\/belogue\/wp-content\/uploads\/2019\/01\/20190129-37-820x547.jpg 820w, https:\/\/www.wallendorff.com\/belogue\/wp-content\/uploads\/2019\/01\/20190129-37-200x133.jpg 200w, https:\/\/www.wallendorff.com\/belogue\/wp-content\/uploads\/2019\/01\/20190129-37-300x200.jpg 300w, https:\/\/www.wallendorff.com\/belogue\/wp-content\/uploads\/2019\/01\/20190129-37-1116x744.jpg 1116w, https:\/\/www.wallendorff.com\/belogue\/wp-content\/uploads\/2019\/01\/20190129-37-806x537.jpg 806w, https:\/\/www.wallendorff.com\/belogue\/wp-content\/uploads\/2019\/01\/20190129-37-558x372.jpg 558w, https:\/\/www.wallendorff.com\/belogue\/wp-content\/uploads\/2019\/01\/20190129-37-655x437.jpg 655w, https:\/\/www.wallendorff.com\/belogue\/wp-content\/uploads\/2019\/01\/20190129-37-600x400.jpg 600w\" sizes=\"(max-width: 1170px) 100vw, 1170px\" \/><\/a>\n\t\t\t<\/div>\n\t\t\t\t<figcaption class='wp-caption-text gallery-caption' id='gallery-1-41029'>\n\t\t\t\tTrek arctique D\u00e9cathlon 2018\n\t\t\t\t<\/figcaption><\/figure><figure class='gallery-item'>\n\t\t\t<div class='gallery-icon landscape'>\n\t\t\t\t<a href='https:\/\/www.wallendorff.com\/belogue\/2019\/01\/29\/trek-forclaz-12-16-fevrier-2018\/trek-arctique-decathlon-2018-62\/'><img loading=\"lazy\" decoding=\"async\" width=\"1170\" height=\"780\" src=\"https:\/\/www.wallendorff.com\/belogue\/wp-content\/uploads\/2019\/01\/20190129-38.jpg\" class=\"attachment-full size-full\" alt=\"\" aria-describedby=\"gallery-1-41030\" srcset=\"https:\/\/www.wallendorff.com\/belogue\/wp-content\/uploads\/2019\/01\/20190129-38.jpg 1170w, https:\/\/www.wallendorff.com\/belogue\/wp-content\/uploads\/2019\/01\/20190129-38-820x547.jpg 820w, https:\/\/www.wallendorff.com\/belogue\/wp-content\/uploads\/2019\/01\/20190129-38-200x133.jpg 200w, https:\/\/www.wallendorff.com\/belogue\/wp-content\/uploads\/2019\/01\/20190129-38-300x200.jpg 300w, https:\/\/www.wallendorff.com\/belogue\/wp-content\/uploads\/2019\/01\/20190129-38-1116x744.jpg 1116w, https:\/\/www.wallendorff.com\/belogue\/wp-content\/uploads\/2019\/01\/20190129-38-806x537.jpg 806w, https:\/\/www.wallendorff.com\/belogue\/wp-content\/uploads\/2019\/01\/20190129-38-558x372.jpg 558w, https:\/\/www.wallendorff.com\/belogue\/wp-content\/uploads\/2019\/01\/20190129-38-655x437.jpg 655w, https:\/\/www.wallendorff.com\/belogue\/wp-content\/uploads\/2019\/01\/20190129-38-600x400.jpg 600w\" sizes=\"(max-width: 1170px) 100vw, 1170px\" \/><\/a>\n\t\t\t<\/div>\n\t\t\t\t<figcaption class='wp-caption-text gallery-caption' id='gallery-1-41030'>\n\t\t\t\tTrek arctique D\u00e9cathlon 2018\n\t\t\t\t<\/figcaption><\/figure><figure class='gallery-item'>\n\t\t\t<div class='gallery-icon landscape'>\n\t\t\t\t<a href='https:\/\/www.wallendorff.com\/belogue\/2019\/01\/29\/trek-forclaz-12-16-fevrier-2018\/trek-arctique-decathlon-2018-63\/'><img loading=\"lazy\" decoding=\"async\" width=\"1170\" height=\"780\" src=\"https:\/\/www.wallendorff.com\/belogue\/wp-content\/uploads\/2019\/01\/20190129-39.jpg\" class=\"attachment-full size-full\" alt=\"\" aria-describedby=\"gallery-1-41031\" srcset=\"https:\/\/www.wallendorff.com\/belogue\/wp-content\/uploads\/2019\/01\/20190129-39.jpg 1170w, https:\/\/www.wallendorff.com\/belogue\/wp-content\/uploads\/2019\/01\/20190129-39-820x547.jpg 820w, https:\/\/www.wallendorff.com\/belogue\/wp-content\/uploads\/2019\/01\/20190129-39-200x133.jpg 200w, https:\/\/www.wallendorff.com\/belogue\/wp-content\/uploads\/2019\/01\/20190129-39-300x200.jpg 300w, https:\/\/www.wallendorff.com\/belogue\/wp-content\/uploads\/2019\/01\/20190129-39-1116x744.jpg 1116w, https:\/\/www.wallendorff.com\/belogue\/wp-content\/uploads\/2019\/01\/20190129-39-806x537.jpg 806w, https:\/\/www.wallendorff.com\/belogue\/wp-content\/uploads\/2019\/01\/20190129-39-558x372.jpg 558w, https:\/\/www.wallendorff.com\/belogue\/wp-content\/uploads\/2019\/01\/20190129-39-655x437.jpg 655w, https:\/\/www.wallendorff.com\/belogue\/wp-content\/uploads\/2019\/01\/20190129-39-600x400.jpg 600w\" sizes=\"(max-width: 1170px) 100vw, 1170px\" \/><\/a>\n\t\t\t<\/div>\n\t\t\t\t<figcaption class='wp-caption-text gallery-caption' id='gallery-1-41031'>\n\t\t\t\tTrek arctique D\u00e9cathlon 2018\n\t\t\t\t<\/figcaption><\/figure><figure class='gallery-item'>\n\t\t\t<div class='gallery-icon landscape'>\n\t\t\t\t<a href='https:\/\/www.wallendorff.com\/belogue\/2019\/01\/29\/trek-forclaz-12-16-fevrier-2018\/trek-arctique-decathlon-2018-64\/'><img loading=\"lazy\" decoding=\"async\" width=\"1170\" height=\"780\" src=\"https:\/\/www.wallendorff.com\/belogue\/wp-content\/uploads\/2019\/01\/20190129-40.jpg\" class=\"attachment-full size-full\" alt=\"\" aria-describedby=\"gallery-1-41032\" srcset=\"https:\/\/www.wallendorff.com\/belogue\/wp-content\/uploads\/2019\/01\/20190129-40.jpg 1170w, https:\/\/www.wallendorff.com\/belogue\/wp-content\/uploads\/2019\/01\/20190129-40-820x547.jpg 820w, https:\/\/www.wallendorff.com\/belogue\/wp-content\/uploads\/2019\/01\/20190129-40-200x133.jpg 200w, https:\/\/www.wallendorff.com\/belogue\/wp-content\/uploads\/2019\/01\/20190129-40-300x200.jpg 300w, https:\/\/www.wallendorff.com\/belogue\/wp-content\/uploads\/2019\/01\/20190129-40-1116x744.jpg 1116w, https:\/\/www.wallendorff.com\/belogue\/wp-content\/uploads\/2019\/01\/20190129-40-806x537.jpg 806w, https:\/\/www.wallendorff.com\/belogue\/wp-content\/uploads\/2019\/01\/20190129-40-558x372.jpg 558w, https:\/\/www.wallendorff.com\/belogue\/wp-content\/uploads\/2019\/01\/20190129-40-655x437.jpg 655w, https:\/\/www.wallendorff.com\/belogue\/wp-content\/uploads\/2019\/01\/20190129-40-600x400.jpg 600w\" sizes=\"(max-width: 1170px) 100vw, 1170px\" \/><\/a>\n\t\t\t<\/div>\n\t\t\t\t<figcaption class='wp-caption-text gallery-caption' id='gallery-1-41032'>\n\t\t\t\tTrek arctique D\u00e9cathlon 2018\n\t\t\t\t<\/figcaption><\/figure><figure class='gallery-item'>\n\t\t\t<div class='gallery-icon landscape'>\n\t\t\t\t<a href='https:\/\/www.wallendorff.com\/belogue\/2019\/01\/29\/trek-forclaz-12-16-fevrier-2018\/trek-arctique-decathlon-2018-65\/'><img loading=\"lazy\" decoding=\"async\" width=\"1170\" height=\"769\" src=\"https:\/\/www.wallendorff.com\/belogue\/wp-content\/uploads\/2019\/01\/20190129-41.jpg\" class=\"attachment-full size-full\" alt=\"\" aria-describedby=\"gallery-1-41033\" srcset=\"https:\/\/www.wallendorff.com\/belogue\/wp-content\/uploads\/2019\/01\/20190129-41.jpg 1170w, https:\/\/www.wallendorff.com\/belogue\/wp-content\/uploads\/2019\/01\/20190129-41-820x539.jpg 820w, https:\/\/www.wallendorff.com\/belogue\/wp-content\/uploads\/2019\/01\/20190129-41-200x131.jpg 200w, https:\/\/www.wallendorff.com\/belogue\/wp-content\/uploads\/2019\/01\/20190129-41-300x197.jpg 300w, https:\/\/www.wallendorff.com\/belogue\/wp-content\/uploads\/2019\/01\/20190129-41-1116x734.jpg 1116w, https:\/\/www.wallendorff.com\/belogue\/wp-content\/uploads\/2019\/01\/20190129-41-806x530.jpg 806w, https:\/\/www.wallendorff.com\/belogue\/wp-content\/uploads\/2019\/01\/20190129-41-558x367.jpg 558w, https:\/\/www.wallendorff.com\/belogue\/wp-content\/uploads\/2019\/01\/20190129-41-655x431.jpg 655w, https:\/\/www.wallendorff.com\/belogue\/wp-content\/uploads\/2019\/01\/20190129-41-600x394.jpg 600w\" sizes=\"(max-width: 1170px) 100vw, 1170px\" \/><\/a>\n\t\t\t<\/div>\n\t\t\t\t<figcaption class='wp-caption-text gallery-caption' id='gallery-1-41033'>\n\t\t\t\tTrek arctique D\u00e9cathlon 2018\n\t\t\t\t<\/figcaption><\/figure><figure class='gallery-item'>\n\t\t\t<div class='gallery-icon landscape'>\n\t\t\t\t<a href='https:\/\/www.wallendorff.com\/belogue\/2019\/01\/29\/trek-forclaz-12-16-fevrier-2018\/trek-arctique-decathlon-2018-66\/'><img loading=\"lazy\" decoding=\"async\" width=\"1170\" height=\"780\" src=\"https:\/\/www.wallendorff.com\/belogue\/wp-content\/uploads\/2019\/01\/20190129-42.jpg\" class=\"attachment-full size-full\" alt=\"\" aria-describedby=\"gallery-1-41034\" srcset=\"https:\/\/www.wallendorff.com\/belogue\/wp-content\/uploads\/2019\/01\/20190129-42.jpg 1170w, https:\/\/www.wallendorff.com\/belogue\/wp-content\/uploads\/2019\/01\/20190129-42-820x547.jpg 820w, https:\/\/www.wallendorff.com\/belogue\/wp-content\/uploads\/2019\/01\/20190129-42-200x133.jpg 200w, https:\/\/www.wallendorff.com\/belogue\/wp-content\/uploads\/2019\/01\/20190129-42-300x200.jpg 300w, https:\/\/www.wallendorff.com\/belogue\/wp-content\/uploads\/2019\/01\/20190129-42-1116x744.jpg 1116w, https:\/\/www.wallendorff.com\/belogue\/wp-content\/uploads\/2019\/01\/20190129-42-806x537.jpg 806w, https:\/\/www.wallendorff.com\/belogue\/wp-content\/uploads\/2019\/01\/20190129-42-558x372.jpg 558w, https:\/\/www.wallendorff.com\/belogue\/wp-content\/uploads\/2019\/01\/20190129-42-655x437.jpg 655w, https:\/\/www.wallendorff.com\/belogue\/wp-content\/uploads\/2019\/01\/20190129-42-600x400.jpg 600w\" sizes=\"(max-width: 1170px) 100vw, 1170px\" \/><\/a>\n\t\t\t<\/div>\n\t\t\t\t<figcaption class='wp-caption-text gallery-caption' id='gallery-1-41034'>\n\t\t\t\tTrek arctique D\u00e9cathlon 2018\n\t\t\t\t<\/figcaption><\/figure><figure class='gallery-item'>\n\t\t\t<div class='gallery-icon landscape'>\n\t\t\t\t<a href='https:\/\/www.wallendorff.com\/belogue\/2019\/01\/29\/trek-forclaz-12-16-fevrier-2018\/trek-arctique-decathlon-2018-67\/'><img loading=\"lazy\" decoding=\"async\" width=\"1170\" height=\"780\" src=\"https:\/\/www.wallendorff.com\/belogue\/wp-content\/uploads\/2019\/01\/20190129-43.jpg\" class=\"attachment-full size-full\" alt=\"\" aria-describedby=\"gallery-1-41035\" srcset=\"https:\/\/www.wallendorff.com\/belogue\/wp-content\/uploads\/2019\/01\/20190129-43.jpg 1170w, https:\/\/www.wallendorff.com\/belogue\/wp-content\/uploads\/2019\/01\/20190129-43-820x547.jpg 820w, https:\/\/www.wallendorff.com\/belogue\/wp-content\/uploads\/2019\/01\/20190129-43-200x133.jpg 200w, https:\/\/www.wallendorff.com\/belogue\/wp-content\/uploads\/2019\/01\/20190129-43-300x200.jpg 300w, https:\/\/www.wallendorff.com\/belogue\/wp-content\/uploads\/2019\/01\/20190129-43-1116x744.jpg 1116w, https:\/\/www.wallendorff.com\/belogue\/wp-content\/uploads\/2019\/01\/20190129-43-806x537.jpg 806w, https:\/\/www.wallendorff.com\/belogue\/wp-content\/uploads\/2019\/01\/20190129-43-558x372.jpg 558w, https:\/\/www.wallendorff.com\/belogue\/wp-content\/uploads\/2019\/01\/20190129-43-655x437.jpg 655w, https:\/\/www.wallendorff.com\/belogue\/wp-content\/uploads\/2019\/01\/20190129-43-600x400.jpg 600w\" sizes=\"(max-width: 1170px) 100vw, 1170px\" \/><\/a>\n\t\t\t<\/div>\n\t\t\t\t<figcaption class='wp-caption-text gallery-caption' id='gallery-1-41035'>\n\t\t\t\tTrek arctique D\u00e9cathlon 2018\n\t\t\t\t<\/figcaption><\/figure><figure class='gallery-item'>\n\t\t\t<div class='gallery-icon landscape'>\n\t\t\t\t<a href='https:\/\/www.wallendorff.com\/belogue\/2019\/01\/29\/trek-forclaz-12-16-fevrier-2018\/trek-arctique-decathlon-2018-68\/'><img loading=\"lazy\" decoding=\"async\" width=\"1170\" height=\"780\" src=\"https:\/\/www.wallendorff.com\/belogue\/wp-content\/uploads\/2019\/01\/20190129-44.jpg\" class=\"attachment-full size-full\" alt=\"\" aria-describedby=\"gallery-1-41036\" srcset=\"https:\/\/www.wallendorff.com\/belogue\/wp-content\/uploads\/2019\/01\/20190129-44.jpg 1170w, https:\/\/www.wallendorff.com\/belogue\/wp-content\/uploads\/2019\/01\/20190129-44-820x547.jpg 820w, https:\/\/www.wallendorff.com\/belogue\/wp-content\/uploads\/2019\/01\/20190129-44-200x133.jpg 200w, https:\/\/www.wallendorff.com\/belogue\/wp-content\/uploads\/2019\/01\/20190129-44-300x200.jpg 300w, https:\/\/www.wallendorff.com\/belogue\/wp-content\/uploads\/2019\/01\/20190129-44-1116x744.jpg 1116w, https:\/\/www.wallendorff.com\/belogue\/wp-content\/uploads\/2019\/01\/20190129-44-806x537.jpg 806w, https:\/\/www.wallendorff.com\/belogue\/wp-content\/uploads\/2019\/01\/20190129-44-558x372.jpg 558w, https:\/\/www.wallendorff.com\/belogue\/wp-content\/uploads\/2019\/01\/20190129-44-655x437.jpg 655w, https:\/\/www.wallendorff.com\/belogue\/wp-content\/uploads\/2019\/01\/20190129-44-600x400.jpg 600w\" sizes=\"(max-width: 1170px) 100vw, 1170px\" \/><\/a>\n\t\t\t<\/div>\n\t\t\t\t<figcaption class='wp-caption-text gallery-caption' id='gallery-1-41036'>\n\t\t\t\tTrek arctique D\u00e9cathlon 2018\n\t\t\t\t<\/figcaption><\/figure><figure class='gallery-item'>\n\t\t\t<div class='gallery-icon landscape'>\n\t\t\t\t<a href='https:\/\/www.wallendorff.com\/belogue\/2019\/01\/29\/trek-forclaz-12-16-fevrier-2018\/trek-arctique-decathlon-2018-69\/'><img loading=\"lazy\" decoding=\"async\" width=\"1170\" height=\"780\" src=\"https:\/\/www.wallendorff.com\/belogue\/wp-content\/uploads\/2019\/01\/20190129-45.jpg\" class=\"attachment-full size-full\" alt=\"\" aria-describedby=\"gallery-1-41037\" srcset=\"https:\/\/www.wallendorff.com\/belogue\/wp-content\/uploads\/2019\/01\/20190129-45.jpg 1170w, https:\/\/www.wallendorff.com\/belogue\/wp-content\/uploads\/2019\/01\/20190129-45-820x547.jpg 820w, https:\/\/www.wallendorff.com\/belogue\/wp-content\/uploads\/2019\/01\/20190129-45-200x133.jpg 200w, https:\/\/www.wallendorff.com\/belogue\/wp-content\/uploads\/2019\/01\/20190129-45-300x200.jpg 300w, https:\/\/www.wallendorff.com\/belogue\/wp-content\/uploads\/2019\/01\/20190129-45-1116x744.jpg 1116w, https:\/\/www.wallendorff.com\/belogue\/wp-content\/uploads\/2019\/01\/20190129-45-806x537.jpg 806w, https:\/\/www.wallendorff.com\/belogue\/wp-content\/uploads\/2019\/01\/20190129-45-558x372.jpg 558w, https:\/\/www.wallendorff.com\/belogue\/wp-content\/uploads\/2019\/01\/20190129-45-655x437.jpg 655w, https:\/\/www.wallendorff.com\/belogue\/wp-content\/uploads\/2019\/01\/20190129-45-600x400.jpg 600w\" sizes=\"(max-width: 1170px) 100vw, 1170px\" \/><\/a>\n\t\t\t<\/div>\n\t\t\t\t<figcaption class='wp-caption-text gallery-caption' id='gallery-1-41037'>\n\t\t\t\tTrek arctique D\u00e9cathlon 2018\n\t\t\t\t<\/figcaption><\/figure><figure class='gallery-item'>\n\t\t\t<div class='gallery-icon landscape'>\n\t\t\t\t<a href='https:\/\/www.wallendorff.com\/belogue\/2019\/01\/29\/trek-forclaz-12-16-fevrier-2018\/trek-arctique-decathlon-2018-70\/'><img loading=\"lazy\" decoding=\"async\" width=\"1170\" height=\"780\" src=\"https:\/\/www.wallendorff.com\/belogue\/wp-content\/uploads\/2019\/01\/20190129-46.jpg\" class=\"attachment-full size-full\" alt=\"\" aria-describedby=\"gallery-1-41038\" srcset=\"https:\/\/www.wallendorff.com\/belogue\/wp-content\/uploads\/2019\/01\/20190129-46.jpg 1170w, https:\/\/www.wallendorff.com\/belogue\/wp-content\/uploads\/2019\/01\/20190129-46-820x547.jpg 820w, https:\/\/www.wallendorff.com\/belogue\/wp-content\/uploads\/2019\/01\/20190129-46-200x133.jpg 200w, https:\/\/www.wallendorff.com\/belogue\/wp-content\/uploads\/2019\/01\/20190129-46-300x200.jpg 300w, https:\/\/www.wallendorff.com\/belogue\/wp-content\/uploads\/2019\/01\/20190129-46-1116x744.jpg 1116w, https:\/\/www.wallendorff.com\/belogue\/wp-content\/uploads\/2019\/01\/20190129-46-806x537.jpg 806w, https:\/\/www.wallendorff.com\/belogue\/wp-content\/uploads\/2019\/01\/20190129-46-558x372.jpg 558w, https:\/\/www.wallendorff.com\/belogue\/wp-content\/uploads\/2019\/01\/20190129-46-655x437.jpg 655w, https:\/\/www.wallendorff.com\/belogue\/wp-content\/uploads\/2019\/01\/20190129-46-600x400.jpg 600w\" sizes=\"(max-width: 1170px) 100vw, 1170px\" \/><\/a>\n\t\t\t<\/div>\n\t\t\t\t<figcaption class='wp-caption-text gallery-caption' id='gallery-1-41038'>\n\t\t\t\tTrek arctique D\u00e9cathlon 2018\n\t\t\t\t<\/figcaption><\/figure><figure class='gallery-item'>\n\t\t\t<div class='gallery-icon landscape'>\n\t\t\t\t<a href='https:\/\/www.wallendorff.com\/belogue\/2019\/01\/29\/trek-forclaz-12-16-fevrier-2018\/gens\/'><img loading=\"lazy\" decoding=\"async\" width=\"1170\" height=\"498\" src=\"https:\/\/www.wallendorff.com\/belogue\/wp-content\/uploads\/2019\/01\/20190129-47.jpg\" class=\"attachment-full size-full\" alt=\"\" srcset=\"https:\/\/www.wallendorff.com\/belogue\/wp-content\/uploads\/2019\/01\/20190129-47.jpg 1170w, https:\/\/www.wallendorff.com\/belogue\/wp-content\/uploads\/2019\/01\/20190129-47-820x349.jpg 820w, https:\/\/www.wallendorff.com\/belogue\/wp-content\/uploads\/2019\/01\/20190129-47-200x85.jpg 200w, https:\/\/www.wallendorff.com\/belogue\/wp-content\/uploads\/2019\/01\/20190129-47-300x128.jpg 300w, https:\/\/www.wallendorff.com\/belogue\/wp-content\/uploads\/2019\/01\/20190129-47-1116x475.jpg 1116w, https:\/\/www.wallendorff.com\/belogue\/wp-content\/uploads\/2019\/01\/20190129-47-806x343.jpg 806w, https:\/\/www.wallendorff.com\/belogue\/wp-content\/uploads\/2019\/01\/20190129-47-558x238.jpg 558w, https:\/\/www.wallendorff.com\/belogue\/wp-content\/uploads\/2019\/01\/20190129-47-655x279.jpg 655w, https:\/\/www.wallendorff.com\/belogue\/wp-content\/uploads\/2019\/01\/20190129-47-600x255.jpg 600w\" sizes=\"(max-width: 1170px) 100vw, 1170px\" \/><\/a>\n\t\t\t<\/div><\/figure><figure class='gallery-item'>\n\t\t\t<div class='gallery-icon landscape'>\n\t\t\t\t<a href='https:\/\/www.wallendorff.com\/belogue\/2019\/01\/29\/trek-forclaz-12-16-fevrier-2018\/trek-arctique-decathlon-2018-71\/'><img loading=\"lazy\" decoding=\"async\" width=\"1170\" height=\"780\" src=\"https:\/\/www.wallendorff.com\/belogue\/wp-content\/uploads\/2019\/01\/20190129-48.jpg\" class=\"attachment-full size-full\" alt=\"\" aria-describedby=\"gallery-1-41040\" srcset=\"https:\/\/www.wallendorff.com\/belogue\/wp-content\/uploads\/2019\/01\/20190129-48.jpg 1170w, https:\/\/www.wallendorff.com\/belogue\/wp-content\/uploads\/2019\/01\/20190129-48-820x547.jpg 820w, https:\/\/www.wallendorff.com\/belogue\/wp-content\/uploads\/2019\/01\/20190129-48-200x133.jpg 200w, https:\/\/www.wallendorff.com\/belogue\/wp-content\/uploads\/2019\/01\/20190129-48-300x200.jpg 300w, https:\/\/www.wallendorff.com\/belogue\/wp-content\/uploads\/2019\/01\/20190129-48-1116x744.jpg 1116w, https:\/\/www.wallendorff.com\/belogue\/wp-content\/uploads\/2019\/01\/20190129-48-806x537.jpg 806w, https:\/\/www.wallendorff.com\/belogue\/wp-content\/uploads\/2019\/01\/20190129-48-558x372.jpg 558w, https:\/\/www.wallendorff.com\/belogue\/wp-content\/uploads\/2019\/01\/20190129-48-655x437.jpg 655w, https:\/\/www.wallendorff.com\/belogue\/wp-content\/uploads\/2019\/01\/20190129-48-600x400.jpg 600w\" sizes=\"(max-width: 1170px) 100vw, 1170px\" \/><\/a>\n\t\t\t<\/div>\n\t\t\t\t<figcaption class='wp-caption-text gallery-caption' id='gallery-1-41040'>\n\t\t\t\tTrek arctique D\u00e9cathlon 2018\n\t\t\t\t<\/figcaption><\/figure><figure class='gallery-item'>\n\t\t\t<div class='gallery-icon landscape'>\n\t\t\t\t<a href='https:\/\/www.wallendorff.com\/belogue\/2019\/01\/29\/trek-forclaz-12-16-fevrier-2018\/trek-arctique-decathlon-2018-72\/'><img loading=\"lazy\" decoding=\"async\" width=\"1170\" height=\"780\" src=\"https:\/\/www.wallendorff.com\/belogue\/wp-content\/uploads\/2019\/01\/20190129-49.jpg\" class=\"attachment-full size-full\" alt=\"\" aria-describedby=\"gallery-1-41041\" srcset=\"https:\/\/www.wallendorff.com\/belogue\/wp-content\/uploads\/2019\/01\/20190129-49.jpg 1170w, https:\/\/www.wallendorff.com\/belogue\/wp-content\/uploads\/2019\/01\/20190129-49-820x547.jpg 820w, https:\/\/www.wallendorff.com\/belogue\/wp-content\/uploads\/2019\/01\/20190129-49-200x133.jpg 200w, https:\/\/www.wallendorff.com\/belogue\/wp-content\/uploads\/2019\/01\/20190129-49-300x200.jpg 300w, https:\/\/www.wallendorff.com\/belogue\/wp-content\/uploads\/2019\/01\/20190129-49-1116x744.jpg 1116w, https:\/\/www.wallendorff.com\/belogue\/wp-content\/uploads\/2019\/01\/20190129-49-806x537.jpg 806w, https:\/\/www.wallendorff.com\/belogue\/wp-content\/uploads\/2019\/01\/20190129-49-558x372.jpg 558w, https:\/\/www.wallendorff.com\/belogue\/wp-content\/uploads\/2019\/01\/20190129-49-655x437.jpg 655w, https:\/\/www.wallendorff.com\/belogue\/wp-content\/uploads\/2019\/01\/20190129-49-600x400.jpg 600w\" sizes=\"(max-width: 1170px) 100vw, 1170px\" \/><\/a>\n\t\t\t<\/div>\n\t\t\t\t<figcaption class='wp-caption-text gallery-caption' id='gallery-1-41041'>\n\t\t\t\tTrek arctique D\u00e9cathlon 2018\n\t\t\t\t<\/figcaption><\/figure><figure class='gallery-item'>\n\t\t\t<div class='gallery-icon landscape'>\n\t\t\t\t<a href='https:\/\/www.wallendorff.com\/belogue\/2019\/01\/29\/trek-forclaz-12-16-fevrier-2018\/trek-arctique-decathlon-2018-73\/'><img loading=\"lazy\" decoding=\"async\" width=\"1170\" height=\"780\" src=\"https:\/\/www.wallendorff.com\/belogue\/wp-content\/uploads\/2019\/01\/20190129-50.jpg\" class=\"attachment-full size-full\" alt=\"\" aria-describedby=\"gallery-1-41042\" srcset=\"https:\/\/www.wallendorff.com\/belogue\/wp-content\/uploads\/2019\/01\/20190129-50.jpg 1170w, https:\/\/www.wallendorff.com\/belogue\/wp-content\/uploads\/2019\/01\/20190129-50-820x547.jpg 820w, https:\/\/www.wallendorff.com\/belogue\/wp-content\/uploads\/2019\/01\/20190129-50-200x133.jpg 200w, https:\/\/www.wallendorff.com\/belogue\/wp-content\/uploads\/2019\/01\/20190129-50-300x200.jpg 300w, https:\/\/www.wallendorff.com\/belogue\/wp-content\/uploads\/2019\/01\/20190129-50-1116x744.jpg 1116w, https:\/\/www.wallendorff.com\/belogue\/wp-content\/uploads\/2019\/01\/20190129-50-806x537.jpg 806w, https:\/\/www.wallendorff.com\/belogue\/wp-content\/uploads\/2019\/01\/20190129-50-558x372.jpg 558w, https:\/\/www.wallendorff.com\/belogue\/wp-content\/uploads\/2019\/01\/20190129-50-655x437.jpg 655w, https:\/\/www.wallendorff.com\/belogue\/wp-content\/uploads\/2019\/01\/20190129-50-600x400.jpg 600w\" sizes=\"(max-width: 1170px) 100vw, 1170px\" \/><\/a>\n\t\t\t<\/div>\n\t\t\t\t<figcaption class='wp-caption-text gallery-caption' id='gallery-1-41042'>\n\t\t\t\tTrek arctique D\u00e9cathlon 2018\n\t\t\t\t<\/figcaption><\/figure><figure class='gallery-item'>\n\t\t\t<div class='gallery-icon landscape'>\n\t\t\t\t<a href='https:\/\/www.wallendorff.com\/belogue\/2019\/01\/29\/trek-forclaz-12-16-fevrier-2018\/trek-arctique-decathlon-2018-74\/'><img loading=\"lazy\" decoding=\"async\" width=\"1170\" height=\"780\" src=\"https:\/\/www.wallendorff.com\/belogue\/wp-content\/uploads\/2019\/01\/20190129-51.jpg\" class=\"attachment-full size-full\" alt=\"\" aria-describedby=\"gallery-1-41043\" srcset=\"https:\/\/www.wallendorff.com\/belogue\/wp-content\/uploads\/2019\/01\/20190129-51.jpg 1170w, https:\/\/www.wallendorff.com\/belogue\/wp-content\/uploads\/2019\/01\/20190129-51-820x547.jpg 820w, https:\/\/www.wallendorff.com\/belogue\/wp-content\/uploads\/2019\/01\/20190129-51-200x133.jpg 200w, https:\/\/www.wallendorff.com\/belogue\/wp-content\/uploads\/2019\/01\/20190129-51-300x200.jpg 300w, https:\/\/www.wallendorff.com\/belogue\/wp-content\/uploads\/2019\/01\/20190129-51-1116x744.jpg 1116w, https:\/\/www.wallendorff.com\/belogue\/wp-content\/uploads\/2019\/01\/20190129-51-806x537.jpg 806w, https:\/\/www.wallendorff.com\/belogue\/wp-content\/uploads\/2019\/01\/20190129-51-558x372.jpg 558w, https:\/\/www.wallendorff.com\/belogue\/wp-content\/uploads\/2019\/01\/20190129-51-655x437.jpg 655w, https:\/\/www.wallendorff.com\/belogue\/wp-content\/uploads\/2019\/01\/20190129-51-600x400.jpg 600w\" sizes=\"(max-width: 1170px) 100vw, 1170px\" \/><\/a>\n\t\t\t<\/div>\n\t\t\t\t<figcaption class='wp-caption-text gallery-caption' id='gallery-1-41043'>\n\t\t\t\tTrek arctique D\u00e9cathlon 2018\n\t\t\t\t<\/figcaption><\/figure><figure class='gallery-item'>\n\t\t\t<div class='gallery-icon landscape'>\n\t\t\t\t<a href='https:\/\/www.wallendorff.com\/belogue\/2019\/01\/29\/trek-forclaz-12-16-fevrier-2018\/trek-arctique-decathlon-2018-75\/'><img loading=\"lazy\" decoding=\"async\" width=\"1170\" height=\"780\" src=\"https:\/\/www.wallendorff.com\/belogue\/wp-content\/uploads\/2019\/01\/20190129-52.jpg\" class=\"attachment-full size-full\" alt=\"\" aria-describedby=\"gallery-1-41044\" srcset=\"https:\/\/www.wallendorff.com\/belogue\/wp-content\/uploads\/2019\/01\/20190129-52.jpg 1170w, https:\/\/www.wallendorff.com\/belogue\/wp-content\/uploads\/2019\/01\/20190129-52-820x547.jpg 820w, https:\/\/www.wallendorff.com\/belogue\/wp-content\/uploads\/2019\/01\/20190129-52-200x133.jpg 200w, https:\/\/www.wallendorff.com\/belogue\/wp-content\/uploads\/2019\/01\/20190129-52-300x200.jpg 300w, https:\/\/www.wallendorff.com\/belogue\/wp-content\/uploads\/2019\/01\/20190129-52-1116x744.jpg 1116w, https:\/\/www.wallendorff.com\/belogue\/wp-content\/uploads\/2019\/01\/20190129-52-806x537.jpg 806w, https:\/\/www.wallendorff.com\/belogue\/wp-content\/uploads\/2019\/01\/20190129-52-558x372.jpg 558w, https:\/\/www.wallendorff.com\/belogue\/wp-content\/uploads\/2019\/01\/20190129-52-655x437.jpg 655w, https:\/\/www.wallendorff.com\/belogue\/wp-content\/uploads\/2019\/01\/20190129-52-600x400.jpg 600w\" sizes=\"(max-width: 1170px) 100vw, 1170px\" \/><\/a>\n\t\t\t<\/div>\n\t\t\t\t<figcaption class='wp-caption-text gallery-caption' id='gallery-1-41044'>\n\t\t\t\tTrek arctique D\u00e9cathlon 2018\n\t\t\t\t<\/figcaption><\/figure><figure class='gallery-item'>\n\t\t\t<div class='gallery-icon landscape'>\n\t\t\t\t<a href='https:\/\/www.wallendorff.com\/belogue\/2019\/01\/29\/trek-forclaz-12-16-fevrier-2018\/trek-arctique-decathlon-2018-76\/'><img loading=\"lazy\" decoding=\"async\" width=\"1170\" height=\"780\" src=\"https:\/\/www.wallendorff.com\/belogue\/wp-content\/uploads\/2019\/01\/20190129-53.jpg\" class=\"attachment-full size-full\" alt=\"\" aria-describedby=\"gallery-1-41045\" srcset=\"https:\/\/www.wallendorff.com\/belogue\/wp-content\/uploads\/2019\/01\/20190129-53.jpg 1170w, https:\/\/www.wallendorff.com\/belogue\/wp-content\/uploads\/2019\/01\/20190129-53-820x547.jpg 820w, https:\/\/www.wallendorff.com\/belogue\/wp-content\/uploads\/2019\/01\/20190129-53-200x133.jpg 200w, https:\/\/www.wallendorff.com\/belogue\/wp-content\/uploads\/2019\/01\/20190129-53-300x200.jpg 300w, https:\/\/www.wallendorff.com\/belogue\/wp-content\/uploads\/2019\/01\/20190129-53-1116x744.jpg 1116w, https:\/\/www.wallendorff.com\/belogue\/wp-content\/uploads\/2019\/01\/20190129-53-806x537.jpg 806w, https:\/\/www.wallendorff.com\/belogue\/wp-content\/uploads\/2019\/01\/20190129-53-558x372.jpg 558w, https:\/\/www.wallendorff.com\/belogue\/wp-content\/uploads\/2019\/01\/20190129-53-655x437.jpg 655w, https:\/\/www.wallendorff.com\/belogue\/wp-content\/uploads\/2019\/01\/20190129-53-600x400.jpg 600w\" sizes=\"(max-width: 1170px) 100vw, 1170px\" \/><\/a>\n\t\t\t<\/div>\n\t\t\t\t<figcaption class='wp-caption-text gallery-caption' id='gallery-1-41045'>\n\t\t\t\tTrek arctique D\u00e9cathlon 2018\n\t\t\t\t<\/figcaption><\/figure><figure class='gallery-item'>\n\t\t\t<div class='gallery-icon portrait'>\n\t\t\t\t<a href='https:\/\/www.wallendorff.com\/belogue\/2019\/01\/29\/trek-forclaz-12-16-fevrier-2018\/trek-arctique-decathlon-2018-77\/'><img loading=\"lazy\" decoding=\"async\" width=\"780\" height=\"1170\" src=\"https:\/\/www.wallendorff.com\/belogue\/wp-content\/uploads\/2019\/01\/20190129-54.jpg\" class=\"attachment-full size-full\" alt=\"\" aria-describedby=\"gallery-1-41046\" srcset=\"https:\/\/www.wallendorff.com\/belogue\/wp-content\/uploads\/2019\/01\/20190129-54.jpg 780w, https:\/\/www.wallendorff.com\/belogue\/wp-content\/uploads\/2019\/01\/20190129-54-133x200.jpg 133w, https:\/\/www.wallendorff.com\/belogue\/wp-content\/uploads\/2019\/01\/20190129-54-200x300.jpg 200w, https:\/\/www.wallendorff.com\/belogue\/wp-content\/uploads\/2019\/01\/20190129-54-683x1024.jpg 683w, https:\/\/www.wallendorff.com\/belogue\/wp-content\/uploads\/2019\/01\/20190129-54-558x837.jpg 558w, https:\/\/www.wallendorff.com\/belogue\/wp-content\/uploads\/2019\/01\/20190129-54-655x983.jpg 655w, https:\/\/www.wallendorff.com\/belogue\/wp-content\/uploads\/2019\/01\/20190129-54-600x900.jpg 600w\" sizes=\"(max-width: 780px) 100vw, 780px\" \/><\/a>\n\t\t\t<\/div>\n\t\t\t\t<figcaption class='wp-caption-text gallery-caption' id='gallery-1-41046'>\n\t\t\t\tTrek arctique D\u00e9cathlon 2018\n\t\t\t\t<\/figcaption><\/figure><figure class='gallery-item'>\n\t\t\t<div class='gallery-icon landscape'>\n\t\t\t\t<a href='https:\/\/www.wallendorff.com\/belogue\/2019\/01\/29\/trek-forclaz-12-16-fevrier-2018\/trek-arctique-decathlon-2018-78\/'><img loading=\"lazy\" decoding=\"async\" width=\"1170\" height=\"780\" src=\"https:\/\/www.wallendorff.com\/belogue\/wp-content\/uploads\/2019\/01\/20190129-55.jpg\" class=\"attachment-full size-full\" alt=\"\" aria-describedby=\"gallery-1-41047\" srcset=\"https:\/\/www.wallendorff.com\/belogue\/wp-content\/uploads\/2019\/01\/20190129-55.jpg 1170w, https:\/\/www.wallendorff.com\/belogue\/wp-content\/uploads\/2019\/01\/20190129-55-820x547.jpg 820w, https:\/\/www.wallendorff.com\/belogue\/wp-content\/uploads\/2019\/01\/20190129-55-200x133.jpg 200w, https:\/\/www.wallendorff.com\/belogue\/wp-content\/uploads\/2019\/01\/20190129-55-300x200.jpg 300w, https:\/\/www.wallendorff.com\/belogue\/wp-content\/uploads\/2019\/01\/20190129-55-1116x744.jpg 1116w, https:\/\/www.wallendorff.com\/belogue\/wp-content\/uploads\/2019\/01\/20190129-55-806x537.jpg 806w, https:\/\/www.wallendorff.com\/belogue\/wp-content\/uploads\/2019\/01\/20190129-55-558x372.jpg 558w, https:\/\/www.wallendorff.com\/belogue\/wp-content\/uploads\/2019\/01\/20190129-55-655x437.jpg 655w, https:\/\/www.wallendorff.com\/belogue\/wp-content\/uploads\/2019\/01\/20190129-55-600x400.jpg 600w\" sizes=\"(max-width: 1170px) 100vw, 1170px\" \/><\/a>\n\t\t\t<\/div>\n\t\t\t\t<figcaption class='wp-caption-text gallery-caption' id='gallery-1-41047'>\n\t\t\t\tTrek arctique D\u00e9cathlon 2018\n\t\t\t\t<\/figcaption><\/figure><figure class='gallery-item'>\n\t\t\t<div class='gallery-icon landscape'>\n\t\t\t\t<a href='https:\/\/www.wallendorff.com\/belogue\/2019\/01\/29\/trek-forclaz-12-16-fevrier-2018\/trek-arctique-decathlon-2018-79\/'><img loading=\"lazy\" decoding=\"async\" width=\"1170\" height=\"780\" src=\"https:\/\/www.wallendorff.com\/belogue\/wp-content\/uploads\/2019\/01\/20190129-56.jpg\" class=\"attachment-full size-full\" alt=\"\" aria-describedby=\"gallery-1-41048\" srcset=\"https:\/\/www.wallendorff.com\/belogue\/wp-content\/uploads\/2019\/01\/20190129-56.jpg 1170w, https:\/\/www.wallendorff.com\/belogue\/wp-content\/uploads\/2019\/01\/20190129-56-820x547.jpg 820w, https:\/\/www.wallendorff.com\/belogue\/wp-content\/uploads\/2019\/01\/20190129-56-200x133.jpg 200w, https:\/\/www.wallendorff.com\/belogue\/wp-content\/uploads\/2019\/01\/20190129-56-300x200.jpg 300w, https:\/\/www.wallendorff.com\/belogue\/wp-content\/uploads\/2019\/01\/20190129-56-1116x744.jpg 1116w, https:\/\/www.wallendorff.com\/belogue\/wp-content\/uploads\/2019\/01\/20190129-56-806x537.jpg 806w, https:\/\/www.wallendorff.com\/belogue\/wp-content\/uploads\/2019\/01\/20190129-56-558x372.jpg 558w, https:\/\/www.wallendorff.com\/belogue\/wp-content\/uploads\/2019\/01\/20190129-56-655x437.jpg 655w, https:\/\/www.wallendorff.com\/belogue\/wp-content\/uploads\/2019\/01\/20190129-56-600x400.jpg 600w\" sizes=\"(max-width: 1170px) 100vw, 1170px\" \/><\/a>\n\t\t\t<\/div>\n\t\t\t\t<figcaption class='wp-caption-text gallery-caption' id='gallery-1-41048'>\n\t\t\t\tTrek arctique D\u00e9cathlon 2018\n\t\t\t\t<\/figcaption><\/figure><figure class='gallery-item'>\n\t\t\t<div class='gallery-icon landscape'>\n\t\t\t\t<a href='https:\/\/www.wallendorff.com\/belogue\/2019\/01\/29\/trek-forclaz-12-16-fevrier-2018\/trek-arctique-decathlon-2018-80\/'><img loading=\"lazy\" decoding=\"async\" width=\"1170\" height=\"780\" src=\"https:\/\/www.wallendorff.com\/belogue\/wp-content\/uploads\/2019\/01\/20190129-57.jpg\" class=\"attachment-full size-full\" alt=\"\" aria-describedby=\"gallery-1-41049\" srcset=\"https:\/\/www.wallendorff.com\/belogue\/wp-content\/uploads\/2019\/01\/20190129-57.jpg 1170w, https:\/\/www.wallendorff.com\/belogue\/wp-content\/uploads\/2019\/01\/20190129-57-820x547.jpg 820w, https:\/\/www.wallendorff.com\/belogue\/wp-content\/uploads\/2019\/01\/20190129-57-200x133.jpg 200w, https:\/\/www.wallendorff.com\/belogue\/wp-content\/uploads\/2019\/01\/20190129-57-300x200.jpg 300w, https:\/\/www.wallendorff.com\/belogue\/wp-content\/uploads\/2019\/01\/20190129-57-1116x744.jpg 1116w, https:\/\/www.wallendorff.com\/belogue\/wp-content\/uploads\/2019\/01\/20190129-57-806x537.jpg 806w, https:\/\/www.wallendorff.com\/belogue\/wp-content\/uploads\/2019\/01\/20190129-57-558x372.jpg 558w, https:\/\/www.wallendorff.com\/belogue\/wp-content\/uploads\/2019\/01\/20190129-57-655x437.jpg 655w, https:\/\/www.wallendorff.com\/belogue\/wp-content\/uploads\/2019\/01\/20190129-57-600x400.jpg 600w\" sizes=\"(max-width: 1170px) 100vw, 1170px\" \/><\/a>\n\t\t\t<\/div>\n\t\t\t\t<figcaption class='wp-caption-text gallery-caption' id='gallery-1-41049'>\n\t\t\t\tTrek arctique D\u00e9cathlon 2018\n\t\t\t\t<\/figcaption><\/figure><figure class='gallery-item'>\n\t\t\t<div class='gallery-icon landscape'>\n\t\t\t\t<a href='https:\/\/www.wallendorff.com\/belogue\/2019\/01\/29\/trek-forclaz-12-16-fevrier-2018\/trek-arctique-decathlon-2018-81\/'><img loading=\"lazy\" decoding=\"async\" width=\"1170\" height=\"780\" src=\"https:\/\/www.wallendorff.com\/belogue\/wp-content\/uploads\/2019\/01\/20190129-58.jpg\" class=\"attachment-full size-full\" alt=\"\" aria-describedby=\"gallery-1-41050\" srcset=\"https:\/\/www.wallendorff.com\/belogue\/wp-content\/uploads\/2019\/01\/20190129-58.jpg 1170w, https:\/\/www.wallendorff.com\/belogue\/wp-content\/uploads\/2019\/01\/20190129-58-820x547.jpg 820w, https:\/\/www.wallendorff.com\/belogue\/wp-content\/uploads\/2019\/01\/20190129-58-200x133.jpg 200w, https:\/\/www.wallendorff.com\/belogue\/wp-content\/uploads\/2019\/01\/20190129-58-300x200.jpg 300w, https:\/\/www.wallendorff.com\/belogue\/wp-content\/uploads\/2019\/01\/20190129-58-1116x744.jpg 1116w, https:\/\/www.wallendorff.com\/belogue\/wp-content\/uploads\/2019\/01\/20190129-58-806x537.jpg 806w, https:\/\/www.wallendorff.com\/belogue\/wp-content\/uploads\/2019\/01\/20190129-58-558x372.jpg 558w, https:\/\/www.wallendorff.com\/belogue\/wp-content\/uploads\/2019\/01\/20190129-58-655x437.jpg 655w, https:\/\/www.wallendorff.com\/belogue\/wp-content\/uploads\/2019\/01\/20190129-58-600x400.jpg 600w\" sizes=\"(max-width: 1170px) 100vw, 1170px\" \/><\/a>\n\t\t\t<\/div>\n\t\t\t\t<figcaption class='wp-caption-text gallery-caption' id='gallery-1-41050'>\n\t\t\t\tTrek arctique D\u00e9cathlon 2018\n\t\t\t\t<\/figcaption><\/figure><figure class='gallery-item'>\n\t\t\t<div class='gallery-icon landscape'>\n\t\t\t\t<a href='https:\/\/www.wallendorff.com\/belogue\/2019\/01\/29\/trek-forclaz-12-16-fevrier-2018\/trek-arctique-decathlon-2018-82\/'><img loading=\"lazy\" decoding=\"async\" width=\"1170\" height=\"780\" src=\"https:\/\/www.wallendorff.com\/belogue\/wp-content\/uploads\/2019\/01\/20190129-59.jpg\" class=\"attachment-full size-full\" alt=\"\" aria-describedby=\"gallery-1-41051\" srcset=\"https:\/\/www.wallendorff.com\/belogue\/wp-content\/uploads\/2019\/01\/20190129-59.jpg 1170w, https:\/\/www.wallendorff.com\/belogue\/wp-content\/uploads\/2019\/01\/20190129-59-820x547.jpg 820w, https:\/\/www.wallendorff.com\/belogue\/wp-content\/uploads\/2019\/01\/20190129-59-200x133.jpg 200w, https:\/\/www.wallendorff.com\/belogue\/wp-content\/uploads\/2019\/01\/20190129-59-300x200.jpg 300w, https:\/\/www.wallendorff.com\/belogue\/wp-content\/uploads\/2019\/01\/20190129-59-1116x744.jpg 1116w, https:\/\/www.wallendorff.com\/belogue\/wp-content\/uploads\/2019\/01\/20190129-59-806x537.jpg 806w, https:\/\/www.wallendorff.com\/belogue\/wp-content\/uploads\/2019\/01\/20190129-59-558x372.jpg 558w, https:\/\/www.wallendorff.com\/belogue\/wp-content\/uploads\/2019\/01\/20190129-59-655x437.jpg 655w, https:\/\/www.wallendorff.com\/belogue\/wp-content\/uploads\/2019\/01\/20190129-59-600x400.jpg 600w\" sizes=\"(max-width: 1170px) 100vw, 1170px\" \/><\/a>\n\t\t\t<\/div>\n\t\t\t\t<figcaption class='wp-caption-text gallery-caption' id='gallery-1-41051'>\n\t\t\t\tTrek arctique D\u00e9cathlon 2018\n\t\t\t\t<\/figcaption><\/figure>\n\t\t<\/div>\n\n","protected":false},"excerpt":{"rendered":"<p>J&rsquo;ai eu la chance de partir avec Eurosyn et Forclaz en f&eacute;vrier dernier1 suivre un groupe de testeurs partis &agrave; L&aring;ngsele, en Laponie su&eacute;doise, randonner 3 jours en raquettes dans la neige et camper 3 nuits dans le froid pour &eacute;prouver des tenues polaires. Nous &eacute;tions guid&eacute;s et avitaill&eacute;s par R&eacute;my Coste et Aur&eacute;lie Delattre,&hellip;<\/p>\n","protected":false},"author":1,"featured_media":41051,"comment_status":"open","ping_status":"open","sticky":false,"template":"","format":"standard","meta":{"_acf_changed":false,"ngg_post_thumbnail":0,"jetpack_post_was_ever_published":false,"_jetpack_newsletter_access":"","_jetpack_dont_email_post_to_subs":false,"_jetpack_newsletter_tier_id":0,"_jetpack_memberships_contains_paywalled_content":false,"_jetpack_memberships_contains_paid_content":false,"footnotes":"","jetpack_publicize_message":"","jetpack_publicize_feature_enabled":true,"jetpack_social_post_already_shared":true,"jetpack_social_options":{"image_generator_settings":{"template":"highway","default_image_id":0,"font":"","enabled":false},"version":2}},"categories":[3],"tags":[2571,8170,15364,10330,15365,14272,10663,10875,14609,14613,10211,14274,4138,14634,14633,14636],"class_list":["post-40990","post","type-post","status-publish","format-standard","has-post-thumbnail","hentry","category-dpc","tag-ef-16-35-mm-f28l-ii-usm","tag-ef-24-70-mm-f2-8l-ii-usm","tag-comte-de-vasternorrland","tag-eddie-vedder","tag-far-behind","tag-fujinon-xf-18-55-mm-f2-8-4-r-lm-ois","tag-hiver","tag-into-the-wild","tag-langsele","tag-lycksele","tag-neige","tag-samyang-8-mm-f2-8-umc-fisheye-ii","tag-suede","tag-trek","tag-trek-arctique-decathlon-2018","tag-umea"],"acf":[],"geo":{"latitude":64.3346634,"longitude":18.7607002,"description":"Hornmyr, V\u00e4sterbotten, 921 29, SE"},"jetpack_publicize_connections":[],"jetpack_featured_media_url":"https:\/\/www.wallendorff.com\/belogue\/wp-content\/uploads\/2019\/01\/20190129-59.jpg","jetpack_shortlink":"https:\/\/wp.me\/p3b35P-aF8","jetpack_sharing_enabled":true,"jetpack-related-posts":[{"id":130521,"url":"https:\/\/www.wallendorff.com\/belogue\/2024\/09\/05\/50-ans-du-sa330-puma-base-aerienne-126-solenzara-2-mai-2024\/","url_meta":{"origin":40990,"position":0},"title":"50 ans du SA330 Puma.","author":"dpc","date":"5 septembre 2024","format":false,"excerpt":"Tour Montparnasse, Paris, 18 avril 2024. Ce fut une journ\u00e9e avec de grandes premi\u00e8res et une grande d\u00e9couverte pour moi : Premi\u00e8re photos avec l'arm\u00e9e de l'Air Premi\u00e8re fois que je mets les pieds en Corse. Les vols en Hercule C130, \u00e7a fait mal aux fesses.","rel":"","context":"Dans &quot;DPC&quot;","block_context":{"text":"DPC","link":"https:\/\/www.wallendorff.com\/belogue\/category\/dpc\/"},"img":{"alt_text":"","src":"https:\/\/i0.wp.com\/www.wallendorff.com\/belogue\/wp-content\/uploads\/2024\/09\/20240905-10.jpg?resize=350%2C200&ssl=1","width":350,"height":200,"srcset":"https:\/\/i0.wp.com\/www.wallendorff.com\/belogue\/wp-content\/uploads\/2024\/09\/20240905-10.jpg?resize=350%2C200&ssl=1 1x, https:\/\/i0.wp.com\/www.wallendorff.com\/belogue\/wp-content\/uploads\/2024\/09\/20240905-10.jpg?resize=525%2C300&ssl=1 1.5x, https:\/\/i0.wp.com\/www.wallendorff.com\/belogue\/wp-content\/uploads\/2024\/09\/20240905-10.jpg?resize=700%2C400&ssl=1 2x, https:\/\/i0.wp.com\/www.wallendorff.com\/belogue\/wp-content\/uploads\/2024\/09\/20240905-10.jpg?resize=1050%2C600&ssl=1 3x"},"classes":[]},{"id":127695,"url":"https:\/\/www.wallendorff.com\/belogue\/2024\/04\/14\/suivre-la-fleche-1-3-reference\/","url_meta":{"origin":40990,"position":1},"title":"Suivre la fl\u00e8che [1\/3] : R\u00e9f\u00e9rence.","author":"dpc","date":"14 avril 2024","format":false,"excerpt":"Voil\u00e0 5 ans, la fl\u00e8che s\u2019effondrait, emportant quelques-unes de nos certitudes.Voil\u00e0 5 ans, l\u2019incendie laissait un trou b\u00e9ant \u00e0 la place de l\u2019un des plus anciens, des plus classiques point de r\u00e9f\u00e9rence du paysage parisien.Voil\u00e0 5 ans commen\u00e7ait la lente recouvrance qui devrait se terminer \u00e0 la fin de l'ann\u00e9e\u2026","rel":"","context":"Dans &quot;DPC&quot;","block_context":{"text":"DPC","link":"https:\/\/www.wallendorff.com\/belogue\/category\/dpc\/"},"img":{"alt_text":"","src":"https:\/\/i0.wp.com\/www.wallendorff.com\/belogue\/wp-content\/uploads\/2024\/04\/20240414-01.jpg?resize=350%2C200&ssl=1","width":350,"height":200,"srcset":"https:\/\/i0.wp.com\/www.wallendorff.com\/belogue\/wp-content\/uploads\/2024\/04\/20240414-01.jpg?resize=350%2C200&ssl=1 1x, https:\/\/i0.wp.com\/www.wallendorff.com\/belogue\/wp-content\/uploads\/2024\/04\/20240414-01.jpg?resize=525%2C300&ssl=1 1.5x, https:\/\/i0.wp.com\/www.wallendorff.com\/belogue\/wp-content\/uploads\/2024\/04\/20240414-01.jpg?resize=700%2C400&ssl=1 2x, https:\/\/i0.wp.com\/www.wallendorff.com\/belogue\/wp-content\/uploads\/2024\/04\/20240414-01.jpg?resize=1050%2C600&ssl=1 3x"},"classes":[]},{"id":129779,"url":"https:\/\/www.wallendorff.com\/belogue\/2024\/07\/30\/paleo-festival-2024-nyon-jour-6\/","url_meta":{"origin":40990,"position":2},"title":"Pal\u00e9o Festival 2024, Nyon, jour 6.","author":"dpc","date":"30 juillet 2024","format":false,"excerpt":"","rel":"","context":"Dans &quot;Alive&quot;","block_context":{"text":"Alive","link":"https:\/\/www.wallendorff.com\/belogue\/category\/alive\/"},"img":{"alt_text":"","src":"https:\/\/i0.wp.com\/www.wallendorff.com\/belogue\/wp-content\/uploads\/2024\/07\/20240729-35.jpg?resize=350%2C200&ssl=1","width":350,"height":200,"srcset":"https:\/\/i0.wp.com\/www.wallendorff.com\/belogue\/wp-content\/uploads\/2024\/07\/20240729-35.jpg?resize=350%2C200&ssl=1 1x, https:\/\/i0.wp.com\/www.wallendorff.com\/belogue\/wp-content\/uploads\/2024\/07\/20240729-35.jpg?resize=525%2C300&ssl=1 1.5x, https:\/\/i0.wp.com\/www.wallendorff.com\/belogue\/wp-content\/uploads\/2024\/07\/20240729-35.jpg?resize=700%2C400&ssl=1 2x, https:\/\/i0.wp.com\/www.wallendorff.com\/belogue\/wp-content\/uploads\/2024\/07\/20240729-35.jpg?resize=1050%2C600&ssl=1 3x"},"classes":[]},{"id":129697,"url":"https:\/\/www.wallendorff.com\/belogue\/2024\/07\/28\/paleo-festival-2024-nyon-jour-5\/","url_meta":{"origin":40990,"position":3},"title":"Pal\u00e9o Festival 2024, Nyon, jour 5.","author":"dpc","date":"28 juillet 2024","format":false,"excerpt":"","rel":"","context":"Dans &quot;Alive&quot;","block_context":{"text":"Alive","link":"https:\/\/www.wallendorff.com\/belogue\/category\/alive\/"},"img":{"alt_text":"","src":"https:\/\/i0.wp.com\/www.wallendorff.com\/belogue\/wp-content\/uploads\/2024\/07\/20240728-70.jpg?resize=350%2C200&ssl=1","width":350,"height":200,"srcset":"https:\/\/i0.wp.com\/www.wallendorff.com\/belogue\/wp-content\/uploads\/2024\/07\/20240728-70.jpg?resize=350%2C200&ssl=1 1x, https:\/\/i0.wp.com\/www.wallendorff.com\/belogue\/wp-content\/uploads\/2024\/07\/20240728-70.jpg?resize=525%2C300&ssl=1 1.5x, https:\/\/i0.wp.com\/www.wallendorff.com\/belogue\/wp-content\/uploads\/2024\/07\/20240728-70.jpg?resize=700%2C400&ssl=1 2x, https:\/\/i0.wp.com\/www.wallendorff.com\/belogue\/wp-content\/uploads\/2024\/07\/20240728-70.jpg?resize=1050%2C600&ssl=1 3x"},"classes":[]},{"id":129644,"url":"https:\/\/www.wallendorff.com\/belogue\/2024\/07\/27\/paleo-festival-2024-nyon-jour-4\/","url_meta":{"origin":40990,"position":4},"title":"Pal\u00e9o Festival 2024, Nyon, jour 4.","author":"dpc","date":"27 juillet 2024","format":false,"excerpt":"","rel":"","context":"Dans &quot;Alive&quot;","block_context":{"text":"Alive","link":"https:\/\/www.wallendorff.com\/belogue\/category\/alive\/"},"img":{"alt_text":"","src":"https:\/\/i0.wp.com\/www.wallendorff.com\/belogue\/wp-content\/uploads\/2024\/07\/20240727-27.jpg?resize=350%2C200&ssl=1","width":350,"height":200,"srcset":"https:\/\/i0.wp.com\/www.wallendorff.com\/belogue\/wp-content\/uploads\/2024\/07\/20240727-27.jpg?resize=350%2C200&ssl=1 1x, https:\/\/i0.wp.com\/www.wallendorff.com\/belogue\/wp-content\/uploads\/2024\/07\/20240727-27.jpg?resize=525%2C300&ssl=1 1.5x, https:\/\/i0.wp.com\/www.wallendorff.com\/belogue\/wp-content\/uploads\/2024\/07\/20240727-27.jpg?resize=700%2C400&ssl=1 2x, https:\/\/i0.wp.com\/www.wallendorff.com\/belogue\/wp-content\/uploads\/2024\/07\/20240727-27.jpg?resize=1050%2C600&ssl=1 3x"},"classes":[]},{"id":1221,"url":"https:\/\/www.wallendorff.com\/belogue\/2008\/05\/06\/killerpilze-ilis-paris-3-4-fvrier\/","url_meta":{"origin":40990,"position":5},"title":"KillerPilze + Ilis, Paris, 3-4 f\u00e9vrier.","author":"dpc","date":"6 mai 2008","format":false,"excerpt":"Le Trabendo, 3 f\u00e9vrier. Le Bataclan, 4 f\u00e9vrier Ilis KillerPilze Histoire de raviver nos mots-cl\u00e9s. Remettons-nous de cette d\u00e9bauche germano-rocko-graphique gr\u00e2ce aux Dandy Warhols, leur salutaire nouvel album \u00e0 para\u00eetre dans 13 jours et le MP3 cadeau qu'ils offrent sur leur site. Joie. \u00a0The Dandy Warhols \u2013 The World the\u2026","rel":"","context":"Dans &quot;Alive&quot;","block_context":{"text":"Alive","link":"https:\/\/www.wallendorff.com\/belogue\/category\/alive\/"},"img":{"alt_text":"","src":"https:\/\/i0.wp.com\/www.wallendorff.com\/belogue\/wp-content\/uploads\/2015\/04\/200805061.jpg?resize=350%2C200&ssl=1","width":350,"height":200,"srcset":"https:\/\/i0.wp.com\/www.wallendorff.com\/belogue\/wp-content\/uploads\/2015\/04\/200805061.jpg?resize=350%2C200&ssl=1 1x, https:\/\/i0.wp.com\/www.wallendorff.com\/belogue\/wp-content\/uploads\/2015\/04\/200805061.jpg?resize=525%2C300&ssl=1 1.5x, https:\/\/i0.wp.com\/www.wallendorff.com\/belogue\/wp-content\/uploads\/2015\/04\/200805061.jpg?resize=700%2C400&ssl=1 2x"},"classes":[]}],"_links":{"self":[{"href":"https:\/\/www.wallendorff.com\/belogue\/wp-json\/wp\/v2\/posts\/40990","targetHints":{"allow":["GET"]}}],"collection":[{"href":"https:\/\/www.wallendorff.com\/belogue\/wp-json\/wp\/v2\/posts"}],"about":[{"href":"https:\/\/www.wallendorff.com\/belogue\/wp-json\/wp\/v2\/types\/post"}],"author":[{"embeddable":true,"href":"https:\/\/www.wallendorff.com\/belogue\/wp-json\/wp\/v2\/users\/1"}],"replies":[{"embeddable":true,"href":"https:\/\/www.wallendorff.com\/belogue\/wp-json\/wp\/v2\/comments?post=40990"}],"version-history":[{"count":6,"href":"https:\/\/www.wallendorff.com\/belogue\/wp-json\/wp\/v2\/posts\/40990\/revisions"}],"predecessor-version":[{"id":41055,"href":"https:\/\/www.wallendorff.com\/belogue\/wp-json\/wp\/v2\/posts\/40990\/revisions\/41055"}],"wp:featuredmedia":[{"embeddable":true,"href":"https:\/\/www.wallendorff.com\/belogue\/wp-json\/wp\/v2\/media\/41051"}],"wp:attachment":[{"href":"https:\/\/www.wallendorff.com\/belogue\/wp-json\/wp\/v2\/media?parent=40990"}],"wp:term":[{"taxonomy":"category","embeddable":true,"href":"https:\/\/www.wallendorff.com\/belogue\/wp-json\/wp\/v2\/categories?post=40990"},{"taxonomy":"post_tag","embeddable":true,"href":"https:\/\/www.wallendorff.com\/belogue\/wp-json\/wp\/v2\/tags?post=40990"}],"curies":[{"name":"wp","href":"https:\/\/api.w.org\/{rel}","templated":true}]}}