{"id":40973,"date":"2019-01-18T14:43:22","date_gmt":"2019-01-18T12:43:22","guid":{"rendered":"http:\/\/www.wallendorff.com\/belogue\/?p=40973"},"modified":"2019-04-25T13:15:41","modified_gmt":"2019-04-25T11:15:41","slug":"people-145","status":"publish","type":"post","link":"https:\/\/www.wallendorff.com\/belogue\/2019\/01\/18\/people-145\/","title":{"rendered":"People #145."},"content":{"rendered":"<div id=\"photo\">\n<p><img decoding=\"async\" src=\"https:\/\/www.wallendorff.com\/belogue\/wp-content\/uploads\/2019\/01\/20190118.jpg\"><br \/>\nPont des Arts, Paris, 13 novembre 2018.<\/p>\n<\/div>\n<div id=\"bandeson\">\n<p><img decoding=\"async\" src=\"https:\/\/www.wallendorff.com\/belogue\/photo\/pochettes\/d\/dirty_sound_magnet-social_media_boy.jpg\" align=\"left\" \/><a href=\"http:\/\/www.youtube.com\/watch?v=PR3LbOYJiU8\" a style=\"font-weight:normal\" id=\"lienmp3\"><em>Social Media Boy<\/em><\/a><br \/>\n<a href=\"http:\/\/dirtysoundmagnet.com\/\">Dirty Sound Magnet<\/a><\/p>\n<\/div>\n","protected":false},"excerpt":{"rendered":"<p>Pont des Arts, Paris, 13 novembre 2018. Social Media Boy Dirty Sound Magnet<\/p>\n","protected":false},"author":1,"featured_media":40976,"comment_status":"open","ping_status":"open","sticky":false,"template":"","format":"standard","meta":{"_acf_changed":false,"ngg_post_thumbnail":0,"jetpack_post_was_ever_published":false,"_jetpack_newsletter_access":"","_jetpack_dont_email_post_to_subs":false,"_jetpack_newsletter_tier_id":0,"_jetpack_memberships_contains_paywalled_content":false,"_jetpack_memberships_contains_paid_content":false,"footnotes":"","jetpack_publicize_message":"","jetpack_publicize_feature_enabled":true,"jetpack_social_post_already_shared":true,"jetpack_social_options":{"image_generator_settings":{"template":"highway","default_image_id":0,"font":"","enabled":false},"version":2}},"categories":[8],"tags":[10250,10326,15356,10120,14271,14268,10121,10098,10368,10272,10592,15357],"class_list":["post-40973","post","type-post","status-publish","format-standard","has-post-thumbnail","hentry","category-portraits","tag-10250","tag-crepuscule","tag-dirty-sound-magnet","tag-france","tag-fujifilm-x-t2","tag-fujinon-xf-18-mm-f2-0","tag-ile-de-france","tag-paris","tag-pont-des-arts","tag-portrait","tag-pose-longue","tag-social-media-boy"],"acf":[],"geo":{"latitude":48.8585587,"longitude":2.337604,"description":"Pont des Arts, 75001 Paris, France"},"jetpack_publicize_connections":[],"jetpack_featured_media_url":"https:\/\/www.wallendorff.com\/belogue\/wp-content\/uploads\/2019\/01\/20190118.jpg","jetpack_shortlink":"https:\/\/wp.me\/p3b35P-aER","jetpack_sharing_enabled":true,"jetpack-related-posts":[{"id":128077,"url":"https:\/\/www.wallendorff.com\/belogue\/2024\/04\/30\/avril-2024\/","url_meta":{"origin":40973,"position":0},"title":"Avril 2024.","author":"dpc","date":"30 avril 2024","format":false,"excerpt":"Une \u00e9glise, un train, une fondue, une fen\u00eatre, une plage, un blockhaus, un ap\u00e9ro, un train, une plage, une terrasse, une maison, une jet\u00e9e, un phare, une c\u00f4te, un rocher, une tour, un r\u00e9cif, une urne, une halle, des toits, une grille, une vitrine en cours, une gare, un train,\u2026","rel":"","context":"Dans &quot;Blog-note&quot;","block_context":{"text":"Blog-note","link":"https:\/\/www.wallendorff.com\/belogue\/category\/blog-note\/"},"img":{"alt_text":"","src":"https:\/\/i0.wp.com\/www.wallendorff.com\/belogue\/wp-content\/uploads\/2024\/05\/20240523-70.jpg?resize=350%2C200&ssl=1","width":350,"height":200,"srcset":"https:\/\/i0.wp.com\/www.wallendorff.com\/belogue\/wp-content\/uploads\/2024\/05\/20240523-70.jpg?resize=350%2C200&ssl=1 1x, https:\/\/i0.wp.com\/www.wallendorff.com\/belogue\/wp-content\/uploads\/2024\/05\/20240523-70.jpg?resize=525%2C300&ssl=1 1.5x, https:\/\/i0.wp.com\/www.wallendorff.com\/belogue\/wp-content\/uploads\/2024\/05\/20240523-70.jpg?resize=700%2C400&ssl=1 2x, https:\/\/i0.wp.com\/www.wallendorff.com\/belogue\/wp-content\/uploads\/2024\/05\/20240523-70.jpg?resize=1050%2C600&ssl=1 3x"},"classes":[]},{"id":132044,"url":"https:\/\/www.wallendorff.com\/belogue\/2025\/04\/07\/soulages-pavait-la-plaie\/","url_meta":{"origin":40973,"position":1},"title":"Soulages pavait la plaie.","author":"dpc","date":"7 avril 2025","format":false,"excerpt":"Quai Fran\u00e7ois-Mitterrand, Paris, 23 janvier 2025.","rel":"","context":"Dans &quot;DPC&quot;","block_context":{"text":"DPC","link":"https:\/\/www.wallendorff.com\/belogue\/category\/dpc\/"},"img":{"alt_text":"","src":"https:\/\/i0.wp.com\/www.wallendorff.com\/belogue\/wp-content\/uploads\/2025\/04\/20250407.jpg?resize=350%2C200&ssl=1","width":350,"height":200,"srcset":"https:\/\/i0.wp.com\/www.wallendorff.com\/belogue\/wp-content\/uploads\/2025\/04\/20250407.jpg?resize=350%2C200&ssl=1 1x, https:\/\/i0.wp.com\/www.wallendorff.com\/belogue\/wp-content\/uploads\/2025\/04\/20250407.jpg?resize=525%2C300&ssl=1 1.5x, https:\/\/i0.wp.com\/www.wallendorff.com\/belogue\/wp-content\/uploads\/2025\/04\/20250407.jpg?resize=700%2C400&ssl=1 2x, https:\/\/i0.wp.com\/www.wallendorff.com\/belogue\/wp-content\/uploads\/2025\/04\/20250407.jpg?resize=1050%2C600&ssl=1 3x"},"classes":[]},{"id":47989,"url":"https:\/\/www.wallendorff.com\/belogue\/2021\/02\/28\/fevrier-2021\/","url_meta":{"origin":40973,"position":2},"title":"F\u00e9vrier 2021.","author":"dpc","date":"28 f\u00e9vrier 2021","format":false,"excerpt":"Un quai, un lampadaire, une promenade, un magasin, un passage clout\u00e9, un quai, un mus\u00e9e, une passerelle, un quai, une verri\u00e8re, des pieds, un quai de m\u00e9tro, un appartement vid\u00e9 pour rien, des t\u00e9l\u00e9phones, un bouquiniste, un restaurant, un cin\u00e9ma, un local poubelle, une rue, un sac \u00e0 dos, un\u2026","rel":"","context":"Dans &quot;Blog-note&quot;","block_context":{"text":"Blog-note","link":"https:\/\/www.wallendorff.com\/belogue\/category\/blog-note\/"},"img":{"alt_text":"","src":"https:\/\/i0.wp.com\/www.wallendorff.com\/belogue\/wp-content\/uploads\/2021\/03\/20210312-57.jpg?resize=350%2C200&ssl=1","width":350,"height":200,"srcset":"https:\/\/i0.wp.com\/www.wallendorff.com\/belogue\/wp-content\/uploads\/2021\/03\/20210312-57.jpg?resize=350%2C200&ssl=1 1x, https:\/\/i0.wp.com\/www.wallendorff.com\/belogue\/wp-content\/uploads\/2021\/03\/20210312-57.jpg?resize=525%2C300&ssl=1 1.5x, https:\/\/i0.wp.com\/www.wallendorff.com\/belogue\/wp-content\/uploads\/2021\/03\/20210312-57.jpg?resize=700%2C400&ssl=1 2x, https:\/\/i0.wp.com\/www.wallendorff.com\/belogue\/wp-content\/uploads\/2021\/03\/20210312-57.jpg?resize=1050%2C600&ssl=1 3x"},"classes":[]},{"id":29920,"url":"https:\/\/www.wallendorff.com\/belogue\/2016\/01\/05\/ruelle-no-1208\/","url_meta":{"origin":40973,"position":3},"title":"Ruelle no 1&nbsp;208.","author":"dpc","date":"5 janvier 2016","format":false,"excerpt":"Palais du Louvre, Paris, 7 septembre 2015. Small Town Boy (Bronski Beat cover) Jos\u00e9 Gonz\u00e1lez","rel":"","context":"Dans &quot;DPC&quot;","block_context":{"text":"DPC","link":"https:\/\/www.wallendorff.com\/belogue\/category\/dpc\/"},"img":{"alt_text":"","src":"https:\/\/i0.wp.com\/www.wallendorff.com\/belogue\/wp-content\/uploads\/2016\/01\/20160105.jpg?resize=350%2C200&ssl=1","width":350,"height":200,"srcset":"https:\/\/i0.wp.com\/www.wallendorff.com\/belogue\/wp-content\/uploads\/2016\/01\/20160105.jpg?resize=350%2C200&ssl=1 1x, https:\/\/i0.wp.com\/www.wallendorff.com\/belogue\/wp-content\/uploads\/2016\/01\/20160105.jpg?resize=525%2C300&ssl=1 1.5x"},"classes":[]},{"id":41276,"url":"https:\/\/www.wallendorff.com\/belogue\/2019\/02\/28\/fevrier-2019\/","url_meta":{"origin":40973,"position":4},"title":"F\u00e9vrier 2019.","author":"dpc","date":"28 f\u00e9vrier 2019","format":false,"excerpt":"Un anniversaire, un match de rugby, un bateau, une p\u00e9niche, un dava\u00ef, un quai, une boum, un d\u00e9jeuner, un canal, un bar, une ruelle rouge, un bar, une camionnette, une boum, un quai, une rue, un canal, une rue, un canal, un ponton, un canal, un concert, un restaurant, un\u2026","rel":"","context":"Dans &quot;Blog-note&quot;","block_context":{"text":"Blog-note","link":"https:\/\/www.wallendorff.com\/belogue\/category\/blog-note\/"},"img":{"alt_text":"","src":"https:\/\/i0.wp.com\/www.wallendorff.com\/belogue\/wp-content\/uploads\/2019\/03\/20190313-09.jpg?resize=350%2C200&ssl=1","width":350,"height":200,"srcset":"https:\/\/i0.wp.com\/www.wallendorff.com\/belogue\/wp-content\/uploads\/2019\/03\/20190313-09.jpg?resize=350%2C200&ssl=1 1x, https:\/\/i0.wp.com\/www.wallendorff.com\/belogue\/wp-content\/uploads\/2019\/03\/20190313-09.jpg?resize=525%2C300&ssl=1 1.5x, https:\/\/i0.wp.com\/www.wallendorff.com\/belogue\/wp-content\/uploads\/2019\/03\/20190313-09.jpg?resize=700%2C400&ssl=1 2x, https:\/\/i0.wp.com\/www.wallendorff.com\/belogue\/wp-content\/uploads\/2019\/03\/20190313-09.jpg?resize=1050%2C600&ssl=1 3x"},"classes":[]},{"id":40802,"url":"https:\/\/www.wallendorff.com\/belogue\/2019\/01\/10\/into-the-wide-166\/","url_meta":{"origin":40973,"position":5},"title":"Into the wide #166.","author":"dpc","date":"10 janvier 2019","format":false,"excerpt":"Pont des Arts, Paris, 13 novembre 2018. Number 10 Interpol","rel":"","context":"Dans &quot;Into the wide&quot;","block_context":{"text":"Into the wide","link":"https:\/\/www.wallendorff.com\/belogue\/category\/into-the-wide\/"},"img":{"alt_text":"Pont des Arts, Paris, 13 novembre 2018.","src":"https:\/\/i0.wp.com\/www.wallendorff.com\/belogue\/wp-content\/uploads\/2019\/01\/20190110.jpg?resize=350%2C200&ssl=1","width":350,"height":200,"srcset":"https:\/\/i0.wp.com\/www.wallendorff.com\/belogue\/wp-content\/uploads\/2019\/01\/20190110.jpg?resize=350%2C200&ssl=1 1x, https:\/\/i0.wp.com\/www.wallendorff.com\/belogue\/wp-content\/uploads\/2019\/01\/20190110.jpg?resize=525%2C300&ssl=1 1.5x, https:\/\/i0.wp.com\/www.wallendorff.com\/belogue\/wp-content\/uploads\/2019\/01\/20190110.jpg?resize=700%2C400&ssl=1 2x, https:\/\/i0.wp.com\/www.wallendorff.com\/belogue\/wp-content\/uploads\/2019\/01\/20190110.jpg?resize=1050%2C600&ssl=1 3x"},"classes":[]}],"_links":{"self":[{"href":"https:\/\/www.wallendorff.com\/belogue\/wp-json\/wp\/v2\/posts\/40973","targetHints":{"allow":["GET"]}}],"collection":[{"href":"https:\/\/www.wallendorff.com\/belogue\/wp-json\/wp\/v2\/posts"}],"about":[{"href":"https:\/\/www.wallendorff.com\/belogue\/wp-json\/wp\/v2\/types\/post"}],"author":[{"embeddable":true,"href":"https:\/\/www.wallendorff.com\/belogue\/wp-json\/wp\/v2\/users\/1"}],"replies":[{"embeddable":true,"href":"https:\/\/www.wallendorff.com\/belogue\/wp-json\/wp\/v2\/comments?post=40973"}],"version-history":[{"count":1,"href":"https:\/\/www.wallendorff.com\/belogue\/wp-json\/wp\/v2\/posts\/40973\/revisions"}],"predecessor-version":[{"id":40975,"href":"https:\/\/www.wallendorff.com\/belogue\/wp-json\/wp\/v2\/posts\/40973\/revisions\/40975"}],"wp:featuredmedia":[{"embeddable":true,"href":"https:\/\/www.wallendorff.com\/belogue\/wp-json\/wp\/v2\/media\/40976"}],"wp:attachment":[{"href":"https:\/\/www.wallendorff.com\/belogue\/wp-json\/wp\/v2\/media?parent=40973"}],"wp:term":[{"taxonomy":"category","embeddable":true,"href":"https:\/\/www.wallendorff.com\/belogue\/wp-json\/wp\/v2\/categories?post=40973"},{"taxonomy":"post_tag","embeddable":true,"href":"https:\/\/www.wallendorff.com\/belogue\/wp-json\/wp\/v2\/tags?post=40973"}],"curies":[{"name":"wp","href":"https:\/\/api.w.org\/{rel}","templated":true}]}}