{"id":4086,"date":"2009-03-29T12:25:14","date_gmt":"2009-03-29T11:25:14","guid":{"rendered":"http:\/\/www.po-l.com\/belogue\/?p=4086"},"modified":"2012-11-06T00:52:33","modified_gmt":"2012-11-05T22:52:33","slug":"the-lads-studio-haxo-paris","status":"publish","type":"post","link":"https:\/\/www.wallendorff.com\/belogue\/2009\/03\/29\/the-lads-studio-haxo-paris\/","title":{"rendered":"The Lads @ studio Haxo, Paris"},"content":{"rendered":"<div id=\"photo\">\n<p><img decoding=\"async\" src=\"https:\/\/www.wallendorff.com\/belogue\/photo\/galeries\/2009\/03\/20090328-lads_the\/20090329-05.jpg\" \/><\/p>\n<\/div>\n<div id=\"bandeson\">\n<p><img decoding=\"async\" src=\"https:\/\/www.wallendorff.com\/belogue\/photo\/pochettes\/d\/dead_weather_the-hang_you_from_the_heavens.jpg\" align=\"left\" \/> <a href=\"http:\/\/www.thedeadweather.com\/\"> The Dead Weather <\/a>&ndash; <em>Are Friends Electric?<\/em> (Gary Numan cover)<\/p>\n<\/p>\n<\/div>\n<p>Si on m&rsquo;avait dit que la soir&eacute;e sp&eacute;ciale 15 ans des anciens de la premi&egrave;re S2 1994-1995 du lyc&eacute;e Fran&ccedil;ois Bazin &agrave; Charleville-M&eacute;zi&egrave;res, repr&eacute;sent&eacute;e par son fan en chef de Jim Morrison, son punk attitr&eacute; et son m&eacute;talleux de service, se passerait &agrave; Paris lors de l&rsquo;enregistrement de l&rsquo;EP du groupe du premier, produit par le second pendant que le troisi&egrave;me les photographie, tout &ccedil;a tout &ccedil;a. Bref. Introducing <a href=\"http:\/\/www.myspace.com\/ladspeople\">the Lads<\/a>.<\/p>ngg_shortcode_0_placeholder<p>&nbsp;<\/p>\n","protected":false},"excerpt":{"rendered":"<p>The Dead Weather &ndash; Are Friends Electric? (Gary Numan cover) Si on m&rsquo;avait dit que la soir&eacute;e sp&eacute;ciale 15 ans des anciens de la premi&egrave;re S2 1994-1995 du lyc&eacute;e Fran&ccedil;ois Bazin &agrave; Charleville-M&eacute;zi&egrave;res, repr&eacute;sent&eacute;e par son fan en chef de Jim Morrison, son punk attitr&eacute; et son m&eacute;talleux de service, se passerait &agrave; Paris lors&hellip;<\/p>\n","protected":false},"author":1,"featured_media":25402,"comment_status":"open","ping_status":"open","sticky":false,"template":"","format":"standard","meta":{"_acf_changed":false,"ngg_post_thumbnail":0,"jetpack_post_was_ever_published":false,"_jetpack_newsletter_access":"","_jetpack_dont_email_post_to_subs":false,"_jetpack_newsletter_tier_id":0,"_jetpack_memberships_contains_paywalled_content":false,"_jetpack_memberships_contains_paid_content":false,"footnotes":"","jetpack_publicize_message":"","jetpack_publicize_feature_enabled":true,"jetpack_social_post_already_shared":false,"jetpack_social_options":{"image_generator_settings":{"template":"highway","default_image_id":0,"font":"","enabled":false},"version":2}},"categories":[3],"tags":[10268,2761,1016,2615,10120,10192,10121,143,10365,2760,10522,10525],"class_list":["post-4086","post","type-post","status-publish","format-standard","has-post-thumbnail","hentry","category-dpc","tag-10268","tag-are-friends-electric","tag-ef-15-mm-f28-fisheye","tag-eos-5d-mark-ii","tag-france","tag-guitare","tag-ile-de-france","tag-noir-et-blanc","tag-studio","tag-studio-haxo","tag-the-dead-weather","tag-the-lads"],"acf":[],"geo":{"latitude":48.876545,"longitude":2.4029429,"description":"301 Rue de Belleville, 75019 Paris, France"},"jetpack_publicize_connections":[],"jetpack_featured_media_url":"https:\/\/www.wallendorff.com\/belogue\/wp-content\/uploads\/2015\/04\/20090329-051.jpg","jetpack_shortlink":"https:\/\/wp.me\/p3b35P-13U","jetpack_sharing_enabled":true,"jetpack-related-posts":[{"id":14352,"url":"https:\/\/www.wallendorff.com\/belogue\/2011\/11\/03\/the-lads-la-cigale-paris-28-octobre\/","url_meta":{"origin":4086,"position":0},"title":"The Lads @ la Cigale, Paris, 28 octobre.","author":"dpc","date":"3 novembre 2011","format":false,"excerpt":"Mais siiiii enfin, les Lads, le studio Haxo, tout \u00e7a, vous remettez\u00a0? Young Circles \u2013 2012","rel":"","context":"Dans &quot;Alive&quot;","block_context":{"text":"Alive","link":"https:\/\/www.wallendorff.com\/belogue\/category\/alive\/"},"img":{"alt_text":"","src":"https:\/\/i0.wp.com\/www.wallendorff.com\/belogue\/wp-content\/uploads\/2015\/04\/201111031.jpg?resize=350%2C200&ssl=1","width":350,"height":200,"srcset":"https:\/\/i0.wp.com\/www.wallendorff.com\/belogue\/wp-content\/uploads\/2015\/04\/201111031.jpg?resize=350%2C200&ssl=1 1x, https:\/\/i0.wp.com\/www.wallendorff.com\/belogue\/wp-content\/uploads\/2015\/04\/201111031.jpg?resize=525%2C300&ssl=1 1.5x, https:\/\/i0.wp.com\/www.wallendorff.com\/belogue\/wp-content\/uploads\/2015\/04\/201111031.jpg?resize=700%2C400&ssl=1 2x"},"classes":[]},{"id":6798,"url":"https:\/\/www.wallendorff.com\/belogue\/2010\/02\/17\/le-petit-bonhomme-en-moufles\/","url_meta":{"origin":4086,"position":1},"title":"Le petit bonhomme en moufles.","author":"dpc","date":"17 f\u00e9vrier 2010","format":false,"excerpt":"Place Franz-Liszt, Paris, 9 janvier. Je sais, on lui voit mal les moufles. Je ne me rappelle la t\u00eate des gens qu'une fois que je les ai pris en photo. Tant que ce n'est pas fait, j'oublie leur visage \u2015\u00a0et leur nom aussi, d'ailleurs, pratique pour se d\u00e9velopper une vie\u2026","rel":"","context":"Dans &quot;DPC&quot;","block_context":{"text":"DPC","link":"https:\/\/www.wallendorff.com\/belogue\/category\/dpc\/"},"img":{"alt_text":"","src":"https:\/\/i0.wp.com\/www.wallendorff.com\/belogue\/wp-content\/uploads\/2015\/04\/201002171.jpg?resize=350%2C200&ssl=1","width":350,"height":200},"classes":[]},{"id":127713,"url":"https:\/\/www.wallendorff.com\/belogue\/2024\/04\/15\/suivre-la-fleche-2-3-resistance\/","url_meta":{"origin":4086,"position":2},"title":"Suivre la fl\u00e8che [2\/3] : R\u00e9sistance.","author":"dpc","date":"15 avril 2024","format":false,"excerpt":"J\u2019ai \u00e9t\u00e9 inform\u00e9 de l\u2019incendie en arrivant chez moi. 5 minutes plus tard, je sautais dans le RER, direction Pont Marie1.En me frayant un passage \u00e0 travers la foule silencieuse, mass\u00e9e \u00e0 la fronti\u00e8re du bouclage de la police, je d\u00e9couvre le trou b\u00e9ant. La fl\u00e8che s\u2019est \u00e9croul\u00e9e pendant mon\u2026","rel":"","context":"Dans &quot;DPC&quot;","block_context":{"text":"DPC","link":"https:\/\/www.wallendorff.com\/belogue\/category\/dpc\/"},"img":{"alt_text":"","src":"https:\/\/i0.wp.com\/www.wallendorff.com\/belogue\/wp-content\/uploads\/2024\/04\/20240415-12.jpg?resize=350%2C200&ssl=1","width":350,"height":200,"srcset":"https:\/\/i0.wp.com\/www.wallendorff.com\/belogue\/wp-content\/uploads\/2024\/04\/20240415-12.jpg?resize=350%2C200&ssl=1 1x, https:\/\/i0.wp.com\/www.wallendorff.com\/belogue\/wp-content\/uploads\/2024\/04\/20240415-12.jpg?resize=525%2C300&ssl=1 1.5x, https:\/\/i0.wp.com\/www.wallendorff.com\/belogue\/wp-content\/uploads\/2024\/04\/20240415-12.jpg?resize=700%2C400&ssl=1 2x, https:\/\/i0.wp.com\/www.wallendorff.com\/belogue\/wp-content\/uploads\/2024\/04\/20240415-12.jpg?resize=1050%2C600&ssl=1 3x"},"classes":[]},{"id":7281,"url":"https:\/\/www.wallendorff.com\/belogue\/2010\/03\/24\/arret-aux-portes-te-nhisse\/","url_meta":{"origin":4086,"position":3},"title":"Arr\u00eat aux portes te n&rsquo;hisse1.","author":"dpc","date":"24 mars 2010","format":false,"excerpt":"Rue du Faubourg Saint-Antoine, Paris, 27 f\u00e9vrier. Et Jack White puise une fois de plus dans ses cauchemars tourment\u00e9s \u2015\u00a0ici ce r\u00eave en tranches et pein\u00e9 tant2, qui le vit \u00e9touffer, la t\u00eate coinc\u00e9e entre les seins de Cure de Picrate\u00a0\u2015 pour signer un morceau une fois de plus comme\u2026","rel":"","context":"Dans &quot;DPC&quot;","block_context":{"text":"DPC","link":"https:\/\/www.wallendorff.com\/belogue\/category\/dpc\/"},"img":{"alt_text":"","src":"https:\/\/i0.wp.com\/www.wallendorff.com\/belogue\/wp-content\/uploads\/2015\/04\/201003241.jpg?resize=350%2C200&ssl=1","width":350,"height":200},"classes":[]},{"id":4856,"url":"https:\/\/www.wallendorff.com\/belogue\/2009\/10\/10\/coming-soon-le-cafe-de-la-danse-paris-08-octobre\/","url_meta":{"origin":4086,"position":4},"title":"Coming Soon @ le Caf\u00e9 de la Danse, Paris, 08 octobre.","author":"dpc","date":"10 octobre 2009","format":false,"excerpt":"\u00a0Ghinzu \u2013 Cold Love","rel":"","context":"Dans &quot;Alive&quot;","block_context":{"text":"Alive","link":"https:\/\/www.wallendorff.com\/belogue\/category\/alive\/"},"img":{"alt_text":"","src":"https:\/\/i0.wp.com\/www.wallendorff.com\/belogue\/wp-content\/uploads\/2015\/04\/200910101.jpg?resize=350%2C200&ssl=1","width":350,"height":200,"srcset":"https:\/\/i0.wp.com\/www.wallendorff.com\/belogue\/wp-content\/uploads\/2015\/04\/200910101.jpg?resize=350%2C200&ssl=1 1x, https:\/\/i0.wp.com\/www.wallendorff.com\/belogue\/wp-content\/uploads\/2015\/04\/200910101.jpg?resize=525%2C300&ssl=1 1.5x, https:\/\/i0.wp.com\/www.wallendorff.com\/belogue\/wp-content\/uploads\/2015\/04\/200910101.jpg?resize=700%2C400&ssl=1 2x"},"classes":[]},{"id":4344,"url":"https:\/\/www.wallendorff.com\/belogue\/2009\/06\/30\/the-dead-weather-la-cigale-paris\/","url_meta":{"origin":4086,"position":5},"title":"The Dead Weather @ la Cigale, Paris.","author":"dpc","date":"30 juin 2009","format":false,"excerpt":"AVERTISSEMENT\u00a0: La note qui suit contient des sc\u00e8nes de violence capillaire et de noir et blanc mazouteux pourvant heurter la sensibilit\u00e9 des plus jeunes.","rel":"","context":"Dans &quot;Alive&quot;","block_context":{"text":"Alive","link":"https:\/\/www.wallendorff.com\/belogue\/category\/alive\/"},"img":{"alt_text":"","src":"https:\/\/i0.wp.com\/www.wallendorff.com\/belogue\/wp-content\/uploads\/2015\/04\/200906301.jpg?resize=350%2C200&ssl=1","width":350,"height":200,"srcset":"https:\/\/i0.wp.com\/www.wallendorff.com\/belogue\/wp-content\/uploads\/2015\/04\/200906301.jpg?resize=350%2C200&ssl=1 1x, https:\/\/i0.wp.com\/www.wallendorff.com\/belogue\/wp-content\/uploads\/2015\/04\/200906301.jpg?resize=525%2C300&ssl=1 1.5x, https:\/\/i0.wp.com\/www.wallendorff.com\/belogue\/wp-content\/uploads\/2015\/04\/200906301.jpg?resize=700%2C400&ssl=1 2x"},"classes":[]}],"_links":{"self":[{"href":"https:\/\/www.wallendorff.com\/belogue\/wp-json\/wp\/v2\/posts\/4086","targetHints":{"allow":["GET"]}}],"collection":[{"href":"https:\/\/www.wallendorff.com\/belogue\/wp-json\/wp\/v2\/posts"}],"about":[{"href":"https:\/\/www.wallendorff.com\/belogue\/wp-json\/wp\/v2\/types\/post"}],"author":[{"embeddable":true,"href":"https:\/\/www.wallendorff.com\/belogue\/wp-json\/wp\/v2\/users\/1"}],"replies":[{"embeddable":true,"href":"https:\/\/www.wallendorff.com\/belogue\/wp-json\/wp\/v2\/comments?post=4086"}],"version-history":[{"count":2,"href":"https:\/\/www.wallendorff.com\/belogue\/wp-json\/wp\/v2\/posts\/4086\/revisions"}],"predecessor-version":[{"id":19480,"href":"https:\/\/www.wallendorff.com\/belogue\/wp-json\/wp\/v2\/posts\/4086\/revisions\/19480"}],"wp:featuredmedia":[{"embeddable":true,"href":"https:\/\/www.wallendorff.com\/belogue\/wp-json\/wp\/v2\/media\/25402"}],"wp:attachment":[{"href":"https:\/\/www.wallendorff.com\/belogue\/wp-json\/wp\/v2\/media?parent=4086"}],"wp:term":[{"taxonomy":"category","embeddable":true,"href":"https:\/\/www.wallendorff.com\/belogue\/wp-json\/wp\/v2\/categories?post=4086"},{"taxonomy":"post_tag","embeddable":true,"href":"https:\/\/www.wallendorff.com\/belogue\/wp-json\/wp\/v2\/tags?post=4086"}],"curies":[{"name":"wp","href":"https:\/\/api.w.org\/{rel}","templated":true}]}}