{"id":40799,"date":"2019-01-09T15:33:23","date_gmt":"2019-01-09T13:33:23","guid":{"rendered":"http:\/\/www.wallendorff.com\/belogue\/?p=40799"},"modified":"2019-01-09T15:33:23","modified_gmt":"2019-01-09T13:33:23","slug":"en-2018","status":"publish","type":"post","link":"https:\/\/www.wallendorff.com\/belogue\/2019\/01\/09\/en-2018\/","title":{"rendered":"En 2018."},"content":{"rendered":"<div id=\"photo\">\n<p><img decoding=\"async\" src=\"https:\/\/www.wallendorff.com\/belogue\/wp-content\/uploads\/2019\/01\/20190109-01.jpg\"><\/p>\n<\/div>\n<p style=\"text-align:right\">En 2018, j&rsquo;ai parcouru 62&nbsp;337&nbsp;km.\t<\/p>\n<div id=\"photo2\">\n<p><img decoding=\"async\" src=\"https:\/\/www.wallendorff.com\/belogue\/wp-content\/uploads\/2019\/01\/20190109-02.jpg\"><\/p>\n<\/div>\n<p style=\"text-align:right\">&#8230; Dont 48&nbsp;km de motoneige. Il serait temps que je vous sorte les photos.<\/p>\n<p style=\"text-align:right\">En 2018, j&rsquo;ai tra&icirc;n&eacute; dans 14 pays.\t<\/p>\n<div id=\"photo2\">\n<p><img decoding=\"async\" src=\"https:\/\/www.wallendorff.com\/belogue\/wp-content\/uploads\/2019\/01\/20190109-03.jpg\"><\/p>\n<\/div>\n<p style=\"text-align:right\">En 2018, j&rsquo;ai fait 4&nbsp;996&nbsp;km dans Paris.<\/p>\n<div id=\"photo2\">\n<p><img decoding=\"async\" src=\"https:\/\/www.wallendorff.com\/belogue\/wp-content\/uploads\/2019\/01\/20190109-04.jpg\"><\/p>\n<\/div>\n<p style=\"text-align:right\">Dont 8&nbsp;km de bateau.<\/p>\n<div id=\"photo2\">\n<p><img decoding=\"async\" src=\"https:\/\/www.wallendorff.com\/belogue\/wp-content\/uploads\/2019\/01\/20190109-05.jpg\"><\/p>\n<\/div>\n<p style=\"text-align:right\">En 2018, j&rsquo;ai utilis\u00e9 14 des 16 lignes de m&eacute;tropolitain de Paris.<\/p>\n<div id=\"photo2\">\n<p><img decoding=\"async\" src=\"https:\/\/www.wallendorff.com\/belogue\/wp-content\/uploads\/2019\/01\/20190109-06.jpg\"><\/p>\n<\/div>\n<p style=\"text-align:right\">[&Agrave; gauche le nombre de trajets, &agrave; droite le nombre de kilom&egrave;tres parcouru sur la ligne.]<\/p>\n<p style=\"text-align:right\">Et en 2018, donc, j&rsquo;ai d&eacute;couvert le monde merveilleux de Pov&egrave;rebi (Power BI si tu ne ma&icirc;trises pas mon patois], mon Red Dead Redemption 2 &agrave; moi.<\/p>\n<p style=\"text-align:right\">[Les ic&ocirc;nes viennent de Muchmania via Adobe Stock, adapt&eacute;es par mes soins pour faire plus parigo-viennois].<\/p>\n","protected":false},"excerpt":{"rendered":"<p>En 2018, j&rsquo;ai parcouru 62&nbsp;337&nbsp;km. &#8230; Dont 48&nbsp;km de motoneige. Il serait temps que je vous sorte les photos. En 2018, j&rsquo;ai tra&icirc;n&eacute; dans 14 pays. En 2018, j&rsquo;ai fait 4&nbsp;996&nbsp;km dans Paris. Dont 8&nbsp;km de bateau. En 2018, j&rsquo;ai utilis\u00e9 14 des 16 lignes de m&eacute;tropolitain de Paris. [&Agrave; gauche le nombre de trajets,&hellip;<\/p>\n","protected":false},"author":1,"featured_media":40792,"comment_status":"open","ping_status":"open","sticky":false,"template":"","format":"standard","meta":{"_acf_changed":false,"ngg_post_thumbnail":0,"jetpack_post_was_ever_published":false,"_jetpack_newsletter_access":"","_jetpack_dont_email_post_to_subs":false,"_jetpack_newsletter_tier_id":0,"_jetpack_memberships_contains_paywalled_content":false,"_jetpack_memberships_contains_paid_content":false,"footnotes":"","jetpack_publicize_message":"","jetpack_publicize_feature_enabled":true,"jetpack_social_post_already_shared":true,"jetpack_social_options":{"image_generator_settings":{"template":"highway","default_image_id":0,"font":"","enabled":false},"version":2}},"categories":[3],"tags":[],"class_list":["post-40799","post","type-post","status-publish","format-standard","has-post-thumbnail","hentry","category-dpc"],"acf":[],"geo":null,"jetpack_publicize_connections":[],"jetpack_featured_media_url":"https:\/\/www.wallendorff.com\/belogue\/wp-content\/uploads\/2019\/01\/20190109-01.jpg","jetpack_shortlink":"https:\/\/wp.me\/p3b35P-aC3","jetpack_sharing_enabled":true,"jetpack-related-posts":[{"id":44609,"url":"https:\/\/www.wallendorff.com\/belogue\/2020\/01\/09\/en-2019\/","url_meta":{"origin":40799,"position":0},"title":"En 2019.","author":"dpc","date":"9 janvier 2020","format":false,"excerpt":"En 2019, j'ai parcouru 73\u00a0898\u00a0km. Dont plus de la moiti\u00e9 en avion. [Oui, j'ai un peu le flygskam.] \u00a0\u00a0\u00a0En 2019, j'ai tra\u00een\u00e9 dans 15 pays (ah tiens c'est un de plus que l'ann\u00e9e derni\u00e8re). En 2019, j'ai fait 4\u00a0727\u00a0km dans Paris (ah l\u00e0, c'est 269 de moins que l'ann\u00e9e derni\u00e8re\u2026","rel":"","context":"Dans &quot;DPC&quot;","block_context":{"text":"DPC","link":"https:\/\/www.wallendorff.com\/belogue\/category\/dpc\/"},"img":{"alt_text":"","src":"https:\/\/i0.wp.com\/www.wallendorff.com\/belogue\/wp-content\/uploads\/2020\/01\/20200109-01.jpg?resize=350%2C200&ssl=1","width":350,"height":200,"srcset":"https:\/\/i0.wp.com\/www.wallendorff.com\/belogue\/wp-content\/uploads\/2020\/01\/20200109-01.jpg?resize=350%2C200&ssl=1 1x, https:\/\/i0.wp.com\/www.wallendorff.com\/belogue\/wp-content\/uploads\/2020\/01\/20200109-01.jpg?resize=525%2C300&ssl=1 1.5x, https:\/\/i0.wp.com\/www.wallendorff.com\/belogue\/wp-content\/uploads\/2020\/01\/20200109-01.jpg?resize=700%2C400&ssl=1 2x, https:\/\/i0.wp.com\/www.wallendorff.com\/belogue\/wp-content\/uploads\/2020\/01\/20200109-01.jpg?resize=1050%2C600&ssl=1 3x"},"classes":[]},{"id":50469,"url":"https:\/\/www.wallendorff.com\/belogue\/2022\/01\/12\/en-2021\/","url_meta":{"origin":40799,"position":1},"title":"En 2021.","author":"dpc","date":"12 janvier 2022","format":false,"excerpt":"En 2021, j'ai parcouru 49\u00a0725\u00a0km. (C'est mieux que les 33\u00a0879\u00a0km de 2020, mais \u00e7a ne vaut toujours pas les 73\u00a0898\u00a0km de 2019). En 2021, j'ai visit\u00e9 9 pays, soit exactement autant qu'en 2020 (heureusement que le Vatican compte comme un pays). En 2021 j'ai parcouru 4 933 km dans Paris,\u2026","rel":"","context":"Dans &quot;DPC&quot;","block_context":{"text":"DPC","link":"https:\/\/www.wallendorff.com\/belogue\/category\/dpc\/"},"img":{"alt_text":"","src":"https:\/\/i0.wp.com\/www.wallendorff.com\/belogue\/wp-content\/uploads\/2022\/01\/20220112.jpg?resize=350%2C200&ssl=1","width":350,"height":200,"srcset":"https:\/\/i0.wp.com\/www.wallendorff.com\/belogue\/wp-content\/uploads\/2022\/01\/20220112.jpg?resize=350%2C200&ssl=1 1x, https:\/\/i0.wp.com\/www.wallendorff.com\/belogue\/wp-content\/uploads\/2022\/01\/20220112.jpg?resize=525%2C300&ssl=1 1.5x, https:\/\/i0.wp.com\/www.wallendorff.com\/belogue\/wp-content\/uploads\/2022\/01\/20220112.jpg?resize=700%2C400&ssl=1 2x, https:\/\/i0.wp.com\/www.wallendorff.com\/belogue\/wp-content\/uploads\/2022\/01\/20220112.jpg?resize=1050%2C600&ssl=1 3x"},"classes":[]},{"id":47556,"url":"https:\/\/www.wallendorff.com\/belogue\/2021\/01\/08\/en-2020\/","url_meta":{"origin":40799,"position":2},"title":"En 2020.","author":"dpc","date":"8 janvier 2021","format":false,"excerpt":"En 2020, j'ai parcouru 32\u00a0830\u00a0km. (\u00c7a fait \u00e0 peine 44\u00a0% des 73\u00a0898\u00a0km de 2019). \u00c7a m'a au moins permis de [beaucoup] moins prendre l'avion. En fait, j'ai m\u00eame beaucoup moins pris de tout\u00a0: [Mis \u00e0 part beaucoup, beaucoup plus de Reureu \u00e0 cause de diverses p\u00e9rip\u00e9ties g\u00e9oprofessionnelles.] \u00a0\u00a0\u00a0 En 2020,\u2026","rel":"","context":"Dans &quot;DPC&quot;","block_context":{"text":"DPC","link":"https:\/\/www.wallendorff.com\/belogue\/category\/dpc\/"},"img":{"alt_text":"","src":"https:\/\/i0.wp.com\/www.wallendorff.com\/belogue\/wp-content\/uploads\/2021\/01\/20210108-01.jpg?resize=350%2C200&ssl=1","width":350,"height":200,"srcset":"https:\/\/i0.wp.com\/www.wallendorff.com\/belogue\/wp-content\/uploads\/2021\/01\/20210108-01.jpg?resize=350%2C200&ssl=1 1x, https:\/\/i0.wp.com\/www.wallendorff.com\/belogue\/wp-content\/uploads\/2021\/01\/20210108-01.jpg?resize=525%2C300&ssl=1 1.5x, https:\/\/i0.wp.com\/www.wallendorff.com\/belogue\/wp-content\/uploads\/2021\/01\/20210108-01.jpg?resize=700%2C400&ssl=1 2x, https:\/\/i0.wp.com\/www.wallendorff.com\/belogue\/wp-content\/uploads\/2021\/01\/20210108-01.jpg?resize=1050%2C600&ssl=1 3x"},"classes":[]},{"id":54161,"url":"https:\/\/www.wallendorff.com\/belogue\/2023\/01\/20\/en-2022\/","url_meta":{"origin":40799,"position":3},"title":"En 2022.","author":"dpc","date":"20 janvier 2023","format":false,"excerpt":"En 2022, j'ai parcouru 47\u00a0015\u00a0km, soit 2\u00a0710 de moins qu'en 2021... Et pour la premi\u00e8re fois depuis des ann\u00e9es, j'ai plus pris le train que l'avion. En 2022, j'ai visit\u00e9 7 pays, ce qui n'est vraiment, mais alors vraiment pas beaucoup. En 2022 j'ai parcouru 5 880 km dans Paris,\u2026","rel":"","context":"Dans &quot;DPC&quot;","block_context":{"text":"DPC","link":"https:\/\/www.wallendorff.com\/belogue\/category\/dpc\/"},"img":{"alt_text":"","src":"https:\/\/i0.wp.com\/www.wallendorff.com\/belogue\/wp-content\/uploads\/2023\/01\/20230120-01.jpg?resize=350%2C200&ssl=1","width":350,"height":200,"srcset":"https:\/\/i0.wp.com\/www.wallendorff.com\/belogue\/wp-content\/uploads\/2023\/01\/20230120-01.jpg?resize=350%2C200&ssl=1 1x, https:\/\/i0.wp.com\/www.wallendorff.com\/belogue\/wp-content\/uploads\/2023\/01\/20230120-01.jpg?resize=525%2C300&ssl=1 1.5x, https:\/\/i0.wp.com\/www.wallendorff.com\/belogue\/wp-content\/uploads\/2023\/01\/20230120-01.jpg?resize=700%2C400&ssl=1 2x, https:\/\/i0.wp.com\/www.wallendorff.com\/belogue\/wp-content\/uploads\/2023\/01\/20230120-01.jpg?resize=1050%2C600&ssl=1 3x"},"classes":[]},{"id":131649,"url":"https:\/\/www.wallendorff.com\/belogue\/2025\/01\/28\/en-2024\/","url_meta":{"origin":40799,"position":4},"title":"En 2024 [1\/2].","author":"dpc","date":"28 janvier 2025","format":false,"excerpt":"En 2024, j'ai parcouru 47 895 km, soit 5 001 de moins qu'en 2023...... et je n'ai pas encore r\u00e9ussi \u00e0 privil\u00e9gier le train.Pire : j'ai fait trop de bagnole. En 2024, j'ai visit\u00e9 10 pays, dont le Portugal pour la premi\u00e8re fois depuis... 1992. En 2024 j'ai un peu\u2026","rel":"","context":"Dans &quot;DPC&quot;","block_context":{"text":"DPC","link":"https:\/\/www.wallendorff.com\/belogue\/category\/dpc\/"},"img":{"alt_text":"","src":"https:\/\/i0.wp.com\/www.wallendorff.com\/belogue\/wp-content\/uploads\/2025\/01\/20250127-01.jpg?resize=350%2C200&ssl=1","width":350,"height":200,"srcset":"https:\/\/i0.wp.com\/www.wallendorff.com\/belogue\/wp-content\/uploads\/2025\/01\/20250127-01.jpg?resize=350%2C200&ssl=1 1x, https:\/\/i0.wp.com\/www.wallendorff.com\/belogue\/wp-content\/uploads\/2025\/01\/20250127-01.jpg?resize=525%2C300&ssl=1 1.5x, https:\/\/i0.wp.com\/www.wallendorff.com\/belogue\/wp-content\/uploads\/2025\/01\/20250127-01.jpg?resize=700%2C400&ssl=1 2x, https:\/\/i0.wp.com\/www.wallendorff.com\/belogue\/wp-content\/uploads\/2025\/01\/20250127-01.jpg?resize=1050%2C600&ssl=1 3x"},"classes":[]},{"id":127166,"url":"https:\/\/www.wallendorff.com\/belogue\/2024\/01\/17\/en-2023\/","url_meta":{"origin":40799,"position":5},"title":"En 2023.","author":"dpc","date":"17 janvier 2024","format":false,"excerpt":"En 2023, j'ai parcouru 42\u00a0896\u00a0km, soit 5 881 de plus qu'en 2022... ... mais je n'ai pas r\u00e9ussi \u00e0 privil\u00e9gier le train. En 2023, j'ai visit\u00e9 10 pays, ce qui un tout petit peu mieux qu'en 2022. En 2023 j'ai tap\u00e9 le score dans Paris, en parcourant 6 027 km\u2026","rel":"","context":"Dans &quot;DPC&quot;","block_context":{"text":"DPC","link":"https:\/\/www.wallendorff.com\/belogue\/category\/dpc\/"},"img":{"alt_text":"","src":"https:\/\/i0.wp.com\/www.wallendorff.com\/belogue\/wp-content\/uploads\/2024\/01\/20240117-01.jpg?resize=350%2C200&ssl=1","width":350,"height":200,"srcset":"https:\/\/i0.wp.com\/www.wallendorff.com\/belogue\/wp-content\/uploads\/2024\/01\/20240117-01.jpg?resize=350%2C200&ssl=1 1x, https:\/\/i0.wp.com\/www.wallendorff.com\/belogue\/wp-content\/uploads\/2024\/01\/20240117-01.jpg?resize=525%2C300&ssl=1 1.5x, https:\/\/i0.wp.com\/www.wallendorff.com\/belogue\/wp-content\/uploads\/2024\/01\/20240117-01.jpg?resize=700%2C400&ssl=1 2x"},"classes":[]}],"_links":{"self":[{"href":"https:\/\/www.wallendorff.com\/belogue\/wp-json\/wp\/v2\/posts\/40799","targetHints":{"allow":["GET"]}}],"collection":[{"href":"https:\/\/www.wallendorff.com\/belogue\/wp-json\/wp\/v2\/posts"}],"about":[{"href":"https:\/\/www.wallendorff.com\/belogue\/wp-json\/wp\/v2\/types\/post"}],"author":[{"embeddable":true,"href":"https:\/\/www.wallendorff.com\/belogue\/wp-json\/wp\/v2\/users\/1"}],"replies":[{"embeddable":true,"href":"https:\/\/www.wallendorff.com\/belogue\/wp-json\/wp\/v2\/comments?post=40799"}],"version-history":[{"count":2,"href":"https:\/\/www.wallendorff.com\/belogue\/wp-json\/wp\/v2\/posts\/40799\/revisions"}],"predecessor-version":[{"id":40801,"href":"https:\/\/www.wallendorff.com\/belogue\/wp-json\/wp\/v2\/posts\/40799\/revisions\/40801"}],"wp:featuredmedia":[{"embeddable":true,"href":"https:\/\/www.wallendorff.com\/belogue\/wp-json\/wp\/v2\/media\/40792"}],"wp:attachment":[{"href":"https:\/\/www.wallendorff.com\/belogue\/wp-json\/wp\/v2\/media?parent=40799"}],"wp:term":[{"taxonomy":"category","embeddable":true,"href":"https:\/\/www.wallendorff.com\/belogue\/wp-json\/wp\/v2\/categories?post=40799"},{"taxonomy":"post_tag","embeddable":true,"href":"https:\/\/www.wallendorff.com\/belogue\/wp-json\/wp\/v2\/tags?post=40799"}],"curies":[{"name":"wp","href":"https:\/\/api.w.org\/{rel}","templated":true}]}}