{"id":40759,"date":"2018-12-29T15:04:11","date_gmt":"2018-12-29T13:04:11","guid":{"rendered":"http:\/\/www.wallendorff.com\/belogue\/?p=40759"},"modified":"2018-12-29T15:15:50","modified_gmt":"2018-12-29T13:15:50","slug":"2018-en-2","status":"publish","type":"post","link":"https:\/\/www.wallendorff.com\/belogue\/2018\/12\/29\/2018-en-2\/","title":{"rendered":"2018 en&#8230; #2."},"content":{"rendered":"<div id=\"photo\">\n<p><img decoding=\"async\" src=\"https:\/\/www.wallendorff.com\/belogue\/wp-content\/uploads\/2018\/12\/20181229.jpg\" align=\"absmiddle\" \/><\/p>\n<\/div>\n<div id=\"disque\">\n<h2>10&nbsp;| <img decoding=\"async\" src=\"https:\/\/www.wallendorff.com\/belogue\/photo\/2018\/12\/pochettes\/jc_satan-centaur_desire.jpg\" align=\"left\" \/>J.C. S&agrave;tan  &ndash; <em>Centaur Desire<\/em><br \/>\n Born Bad <span class=\"petit\">&ndash; 2 mars<\/span><\/h2>\n<\/div>\n<div id=\"disque\">\n<h2>9&nbsp;| <img decoding=\"async\" src=\"https:\/\/www.wallendorff.com\/belogue\/photo\/2018\/12\/pochettes\/ezra_george-staying_at_tamaras.jpg\" align=\"left\" \/>George Ezra &ndash; <em>Staying at Tamara&rsquo;s<\/em><br \/>\n    <span class=\"petit\">Columbia &ndash; 23 mars<\/span><\/h2>\n<p>[<a href=\"https:\/\/www.wallendorff.com\/belogue\/tag\/staying-at-tamaras\/\">En photos &rarr;<\/a>]<\/p>\n<\/div>\n<div id=\"disque\">\n<h2>8&nbsp;| <img decoding=\"async\" src=\"https:\/\/www.wallendorff.com\/belogue\/photo\/2018\/12\/pochettes\/franz_ferdinand-always_ascending.jpg\" align=\"left\" \/>Franz Ferdinand &ndash; <em>Always Ascending<\/em><br \/><span class=\"petit\">Domino&ndash; 9 f&eacute;vrier<\/span><\/h2>\n<p>[<a href=\"https:\/\/www.wallendorff.com\/belogue\/tag\/always-ascending-album\/\">En photos &rarr;<\/a>]<\/p>\n<\/div>\n<div id=\"disque\">\n<h2>7&nbsp;| <img decoding=\"async\" src=\"https:\/\/www.wallendorff.com\/belogue\/photo\/2018\/12\/pochettes\/spring_king-a_better_life.jpg\" align=\"left\" \/>Spring King &ndash; <em>A Better Life<\/em><br \/>\n <span class=\"petit\">Island &ndash; 31 ao&ucirc;t<\/span><\/h2>\n<p>[<a href=\"https:\/\/www.wallendorff.com\/belogue\/tag\/a-better-life\/\">En photos &rarr;<\/a>]<\/p>\n<\/div>\n<div id=\"disque\">\n<h2>6&nbsp;| <img decoding=\"async\" src=\"https:\/\/www.wallendorff.com\/belogue\/photo\/2018\/12\/pochettes\/black_rebel_motorcycle_club-wrong_creatures.jpg\" align=\"left\" \/>Black Rebel Motorcycle Club &ndash; <em>Wrong Creatures<\/em><br \/>\n    <span class=\"petit\">Vagrant &ndash; 12 janvier<\/span><\/h2>\n<p>[<a href=\"https:\/\/www.wallendorff.com\/belogue\/tag\/wrong-creatures\/\">En photos &rarr;<\/a>]<\/p>\n<\/div>\n<div id=\"disque\">\n<h2>5&nbsp;| <img decoding=\"async\" src=\"https:\/\/www.wallendorff.com\/belogue\/photo\/2018\/12\/pochettes\/gallagher_noel-who_built_the_moon.jpg\" align=\"left\" \/>Noel Gallagher&rsquo;s High Flying Birds &ndash;<em> Who Built the Moon?<\/em><br \/><span class=\"petit\">Sour Mash &ndash; 24 novembre 2017<\/span><\/h2>\n<p>[<a href=\"https:\/\/www.wallendorff.com\/belogue\/tag\/who-built-the-moon\/\">En photos &rarr;<\/a>]<\/p>\n<\/div>\n<div id=\"disque\">\n<h2>4&nbsp;| <img decoding=\"async\" src=\"https:\/\/www.wallendorff.com\/belogue\/photo\/2018\/12\/pochettes\/interpol-marauder.jpg\" align=\"left\" \/>Interpol &ndash; <em>Marauder<\/em><br \/>\n   <span class=\"petit\">Matador, 24 ao\u00fbt<\/h2>\n<p>[<a href=\"http:\/\/www.wallendorff.com\/tag\/marauder\">En photos &rarr;<\/a>]<\/p>\n<\/div>\n<div id=\"disque\">\n<h2>3&nbsp;| <img decoding=\"async\" src=\"https:\/\/www.wallendorff.com\/belogue\/photo\/2018\/12\/pochettes\/beths_the-future_me_hates_me.jpg\" align=\"left\" \/>The Beths &ndash; <em>Future Me Hates Me<\/em><br \/><span class=\"petit\">Carpark  &ndash; 10 ao&ucirc;t<\/span><\/h2>\n<p>[<a href=\"https:\/\/www.wallendorff.com\/belogue\/tag\/future-me-hates-me\/\">En photos &rarr;<\/a>]<\/p>\n<\/div>\n<div id=\"disque\">\n<h2>2&nbsp;| <img decoding=\"async\" src=\"https:\/\/www.wallendorff.com\/belogue\/photo\/2018\/12\/pochettes\/idles-joy_as_an_act_of_resistance.jpg\" align=\"left\" \/>IDLES &ndash; <em>Joy as an Act of Resistance<\/em><br \/>\n    <span class=\"petit\">Partisan  &ndash; 31 ao&ucirc;t<\/span><\/h2>\n<p>[<a href=\"https:\/\/www.wallendorff.com\/belogue\/tag\/joy-as-an-act-of-resistance\/\">En photos &rarr;<\/a>]<\/p>\n<\/div>\n<div id=\"disque\">\n<h2>1&nbsp;| <img decoding=\"async\" src=\"https:\/\/www.wallendorff.com\/belogue\/photo\/2018\/12\/pochettes\/wombats_the-beautiful_people_will_ruin_your_life.jpg\" align=\"left\" \/>The Wombats &ndash; <em>Beautiful People Will Ruin Your Life<\/em><br \/>\n  <span class=\"petit\">Kobalt Label Services, 9 f&eacute;vrier<\/span><\/h2>\n<p>[<a href=\"https:\/\/www.wallendorff.com\/belogue\/tag\/beautiful-people-will-ruin-your-life\/\">En photos &rarr;<\/a>]<\/p>\n<\/div>\n<h2>Accessits&nbsp;:<\/h2>\n<div id=\"disque\">\n<ol start=\"11\">\n<li><img decoding=\"async\" src=\"https:\/\/www.wallendorff.com\/belogue\/photo\/pochettes\/e\/editors-violence.jpg\" align=\"middle\" \/><strong>Editors<\/strong> &ndash; <em>Violence <\/em>[<a href=\"https:\/\/www.wallendorff.com\/belogue\/tag\/violence\">En photo &rarr;<\/a>]<br \/>\n      &nbsp;\n    <\/li>\n<li><img decoding=\"async\" src=\"https:\/\/www.wallendorff.com\/belogue\/photo\/pochettes\/s\/segall_ty-freedoms_goblin.jpg\" align=\"middle\" \/>&nbsp;<strong>Ty Segall<\/strong> &ndash; <em>Freedom&rsquo;s Goblin<\/em><br \/>\n      &nbsp; <\/li>\n<li><img decoding=\"async\" src=\"https:\/\/www.wallendorff.com\/belogue\/photo\/pochettes\/b\/barnett_courtney-tell_me_how_you_really_feel.jpg\" align=\"middle\" \/>&nbsp;<strong>Courtney Barnett<\/strong> &ndash; <em>Tell Me how You Really Feel<\/em> [<a href=\"https:\/\/www.wallendorff.com\/belogue\/tag\/tell-me-how-you-really-feel\/\">En photos &rarr;<\/a>]<br \/>\n      &nbsp; <\/li>\n<li><img decoding=\"async\" src=\"https:\/\/www.wallendorff.com\/belogue\/photo\/pochettes\/m\/mumford&amp;sons-delta.jpg\" align=\"middle\" \/><strong>Mumford &amp; Sons<\/strong> &ndash; <em>Delta <\/em>[<a href=\"https:\/\/www.wallendorff.com\/belogue\/tag\/delta\/\">En photos &rarr;<\/a>]<br \/>\n      &nbsp; <\/li>\n<li><img decoding=\"async\" src=\"https:\/\/www.wallendorff.com\/belogue\/photo\/pochettes\/r\/razorlight-olympus_sleeping.jpg\" align=\"middle\" \/><strong>Razorlight<\/strong> &ndash; <em>Olympus Sleeping <\/em><br \/>\n      &nbsp;<\/li>\n<li><img decoding=\"async\" src=\"https:\/\/www.wallendorff.com\/belogue\/photo\/pochettes\/g\/gallo_ron-stardust_birthday_party.jpg\" align=\"middle\" \/><strong>Ron Gallo<\/strong> &ndash; <em>Stardust Birthday Party<\/em> [<a href=\"https:\/\/www.wallendorff.com\/belogue\/tag\/stardust-birthday-party\/\">En photos &rarr;<\/a>]<br \/>\n      &nbsp; \n    <\/li>\n<li><img decoding=\"async\" src=\"https:\/\/www.wallendorff.com\/belogue\/photo\/pochettes\/m\/men_the-drift.jpg\" align=\"middle\" \/>&nbsp;<strong>The Men<\/strong> &ndash; <em>Drift <\/em>[<a href=\"https:\/\/www.wallendorff.com\/belogue\/tag\/drift\/\">En photos &rarr;<\/a>]<br \/>\n      &nbsp; <\/li>\n<li><img decoding=\"async\" src=\"https:\/\/www.wallendorff.com\/belogue\/photo\/pochettes\/k\/kane_miles-coup_de_grace.jpg\" align=\"middle\" \/>&nbsp;<strong>Miles Kane<\/strong> &ndash; <em>Coup de Gr&acirc;ce<\/em> [<a href=\"https:\/\/www.wallendorff.com\/belogue\/tag\/coup-de-grace\/\">En photos &rarr;<\/a>]<br \/>\n      &nbsp; <\/li>\n<li><img decoding=\"async\" src=\"https:\/\/www.wallendorff.com\/belogue\/photo\/pochettes\/v\/vile_kurt-bottle_it_in.jpg\" align=\"middle\" \/><strong>Kurt Vile<\/strong> &ndash; <em>Bottle It in <\/em>[<a href=\"https:\/\/www.wallendorff.com\/belogue\/tag\/bottle-it-in\/\">En photos &rarr;<\/a>]<br \/>\n&nbsp;    <\/li>\n<li><img decoding=\"async\" src=\"https:\/\/www.wallendorff.com\/belogue\/photo\/pochettes\/w\/white_jack-boarding_house_reach.jpg\" align=\"middle\" \/><strong>Jack White<\/strong> &ndash; <em>Boarding House Reach <\/em>[<a href=\"https:\/\/www.wallendorff.com\/belogue\/tag\/boarding-house-reach\/\">En photos &rarr;<\/a>]\n    <\/li>\n<\/ol>\n<\/div>\n<p style=\"text-align:center\"> <img decoding=\"async\" src=\"https:\/\/www.wallendorff.com\/belogue\/photo\/2005\/12\/archives.gif\" \/><\/p>\n<h1>2017 en 10 albums<\/h1>\n<ol>\n<ol>\n<ol>\n<li><strong>Royal Blood &ndash; <em>How Did We Get so Dark?<\/em><\/strong><\/li>\n<li>Japandroids &ndash;<em> Near to the Wild Heart of Life<\/em><\/li>\n<li>Arcade Fire &ndash; <em>Everything Now<\/em><\/li>\n<li>Kasabian &ndash; <em>For Crying Out Loud<\/em><\/li>\n<li>Wolf Alice &ndash; <em>Visions of a Life<\/em><\/li>\n<li>Findlay &ndash; <em>Forgotten Pleasures<\/em><\/li>\n<li>Tall Ships &ndash; <em>Impressions<\/em><\/li>\n<li>The Moonlandingz &ndash; <em>Interplanetary Class Classics<\/em><\/li>\n<li>Circa Waves &ndash; <em>Different Creatures<\/em><\/li>\n<li>Dan Auerbach &ndash; <em>Waiting on a Song<\/em><\/li>\n<\/ol>\n<\/ol>\n<\/ol>\n<h1>2008 en 10 di&scaron;ques<\/h1>\n<ol>\n<ol>\n<ol>\n<li><strong>Eddie Vedder &ndash; <em>Into the Wild<\/em><\/strong><\/li>\n<li>The Kills &ndash; <em>Midnight Boom<\/em><\/li>\n<li>Bloc Party &ndash; <em>Intimacy<\/em><\/li>\n<li>I&rsquo;m from Barcelona &ndash;<em> Who Killed Harry Houdini?<\/em><\/li>\n<li>The Dandy Warhols &ndash; <em>&#8230;Earth to the Dandy Warhols<\/em><\/li>\n<li>The Raconteurs &ndash; <em>Consolers of the Lonely<\/em><\/li>\n<li>TV on the Radio &ndash; <em>Dear Science<\/em><\/li>\n<li>Oasis &ndash;<em> Dig Out Your Soul<\/em><\/li>\n<li>The Black Angels &ndash; <em>Directions to See a Ghost<\/em><\/li>\n<li>The Ting Tings  &ndash; <em>We Started Nothing<\/em><\/li>\n<\/ol>\n<\/ol>\n<\/ol>\n","protected":false},"excerpt":{"rendered":"<p>10&nbsp;| J.C. S&agrave;tan &ndash; Centaur Desire Born Bad &ndash; 2 mars 9&nbsp;| George Ezra &ndash; Staying at Tamara&rsquo;s Columbia &ndash; 23 mars [En photos &rarr;] 8&nbsp;| Franz Ferdinand &ndash; Always AscendingDomino&ndash; 9 f&eacute;vrier [En photos &rarr;] 7&nbsp;| Spring King &ndash; A Better Life Island &ndash; 31 ao&ucirc;t [En photos &rarr;] 6&nbsp;| Black Rebel Motorcycle Club&hellip;<\/p>\n","protected":false},"author":1,"featured_media":40761,"comment_status":"open","ping_status":"open","sticky":false,"template":"","format":"standard","meta":{"_acf_changed":false,"ngg_post_thumbnail":0,"jetpack_post_was_ever_published":false,"_jetpack_newsletter_access":"","_jetpack_dont_email_post_to_subs":false,"_jetpack_newsletter_tier_id":0,"_jetpack_memberships_contains_paywalled_content":false,"_jetpack_memberships_contains_paid_content":false,"footnotes":"","jetpack_publicize_message":"","jetpack_publicize_feature_enabled":true,"jetpack_social_post_already_shared":true,"jetpack_social_options":{"image_generator_settings":{"template":"highway","default_image_id":0,"font":"","enabled":false},"version":2}},"categories":[3],"tags":[3331,167],"class_list":["post-40759","post","type-post","status-publish","format-standard","has-post-thumbnail","hentry","category-dpc","tag-albums","tag-classements-de-fin-dannee"],"acf":[],"geo":null,"jetpack_publicize_connections":[],"jetpack_featured_media_url":"https:\/\/www.wallendorff.com\/belogue\/wp-content\/uploads\/2018\/12\/20181229.jpg","jetpack_shortlink":"https:\/\/wp.me\/p3b35P-aBp","jetpack_sharing_enabled":true,"jetpack-related-posts":[{"id":131858,"url":"https:\/\/www.wallendorff.com\/belogue\/2025\/03\/09\/hinds-la-bellevilloise-paris-7-mars-2025\/","url_meta":{"origin":40759,"position":0},"title":"Hinds @ la Bellevilloise, Paris, 7 mars 2025.","author":"dpc","date":"9 mars 2025","format":false,"excerpt":"Hinds @ la Bellevilloise, Paris, 7 mars 2025 Hinds @ la Bellevilloise, Paris, 7 mars 2025 Hinds @ la Bellevilloise, Paris, 7 mars 2025 Hinds @ la Bellevilloise, Paris, 7 mars 2025 Hinds @ la Bellevilloise, Paris, 7 mars 2025 Hinds @ la Bellevilloise, Paris, 7 mars 2025 Hinds @\u2026","rel":"","context":"Dans &quot;Alive&quot;","block_context":{"text":"Alive","link":"https:\/\/www.wallendorff.com\/belogue\/category\/alive\/"},"img":{"alt_text":"","src":"https:\/\/i0.wp.com\/www.wallendorff.com\/belogue\/wp-content\/uploads\/2025\/03\/20250309-03.jpg?resize=350%2C200&ssl=1","width":350,"height":200,"srcset":"https:\/\/i0.wp.com\/www.wallendorff.com\/belogue\/wp-content\/uploads\/2025\/03\/20250309-03.jpg?resize=350%2C200&ssl=1 1x, https:\/\/i0.wp.com\/www.wallendorff.com\/belogue\/wp-content\/uploads\/2025\/03\/20250309-03.jpg?resize=525%2C300&ssl=1 1.5x, https:\/\/i0.wp.com\/www.wallendorff.com\/belogue\/wp-content\/uploads\/2025\/03\/20250309-03.jpg?resize=700%2C400&ssl=1 2x, https:\/\/i0.wp.com\/www.wallendorff.com\/belogue\/wp-content\/uploads\/2025\/03\/20250309-03.jpg?resize=1050%2C600&ssl=1 3x"},"classes":[]},{"id":128753,"url":"https:\/\/www.wallendorff.com\/belogue\/2024\/06\/28\/cetait-2020\/","url_meta":{"origin":40759,"position":1},"title":"C&rsquo;\u00e9tait 2020.","author":"dpc","date":"28 juin 2024","format":false,"excerpt":"2020, pauses. Circa Waves @ l\u2019Olympia, Paris, 23 janvier 2020 Paris, 31 janvier 2020. Paris, 1er f\u00e9vrier 2020. Paris, 3 f\u00e9vrier 2020. Vienne, 9 f\u00e9vrier 2020. Paris, 17 f\u00e9vrier 2020. Paris, 25 f\u00e9vrier 2020. Paris, 9 mars 2020. Paris, 13 mars 2020. Arnay-sous-Vitteaux, 23 mai 2020. Bouroing-Jallieu, 26 mai 2020.\u2026","rel":"","context":"Dans &quot;DPC&quot;","block_context":{"text":"DPC","link":"https:\/\/www.wallendorff.com\/belogue\/category\/dpc\/"},"img":{"alt_text":"","src":"https:\/\/i0.wp.com\/www.wallendorff.com\/belogue\/wp-content\/uploads\/2024\/06\/20240628-17.jpg?resize=350%2C200&ssl=1","width":350,"height":200,"srcset":"https:\/\/i0.wp.com\/www.wallendorff.com\/belogue\/wp-content\/uploads\/2024\/06\/20240628-17.jpg?resize=350%2C200&ssl=1 1x, https:\/\/i0.wp.com\/www.wallendorff.com\/belogue\/wp-content\/uploads\/2024\/06\/20240628-17.jpg?resize=525%2C300&ssl=1 1.5x, https:\/\/i0.wp.com\/www.wallendorff.com\/belogue\/wp-content\/uploads\/2024\/06\/20240628-17.jpg?resize=700%2C400&ssl=1 2x, https:\/\/i0.wp.com\/www.wallendorff.com\/belogue\/wp-content\/uploads\/2024\/06\/20240628-17.jpg?resize=1050%2C600&ssl=1 3x"},"classes":[]},{"id":128726,"url":"https:\/\/www.wallendorff.com\/belogue\/2024\/06\/27\/cetait-2019\/","url_meta":{"origin":40759,"position":2},"title":"C&rsquo;\u00e9tait 2019.","author":"dpc","date":"27 juin 2024","format":false,"excerpt":"2019, longitudes. Oudezijds Voorburgwal, Amsterdam, 1er f\u00e9vrier 2019 Amsterdam, 2 f\u00e9vrier 2019. Paris, 11 f\u00e9vrier 2019. Varsovie, 23 f\u00e9vrier 2019. Lofoten, 2 mars 2019. Powerdisc, Paris, 20 mars 2019 Prague, 9 mai 2019. Paris, 15 mai 2019. Black Rebel Motorcycle Club @ l\u2019Olympia, Paris, 28 mai 2019 Les Eurock\u00e9ennes, Belfort,\u2026","rel":"","context":"Dans &quot;DPC&quot;","block_context":{"text":"DPC","link":"https:\/\/www.wallendorff.com\/belogue\/category\/dpc\/"},"img":{"alt_text":"","src":"https:\/\/i0.wp.com\/www.wallendorff.com\/belogue\/wp-content\/uploads\/2024\/06\/20240627-20.jpg?resize=350%2C200&ssl=1","width":350,"height":200,"srcset":"https:\/\/i0.wp.com\/www.wallendorff.com\/belogue\/wp-content\/uploads\/2024\/06\/20240627-20.jpg?resize=350%2C200&ssl=1 1x, https:\/\/i0.wp.com\/www.wallendorff.com\/belogue\/wp-content\/uploads\/2024\/06\/20240627-20.jpg?resize=525%2C300&ssl=1 1.5x, https:\/\/i0.wp.com\/www.wallendorff.com\/belogue\/wp-content\/uploads\/2024\/06\/20240627-20.jpg?resize=700%2C400&ssl=1 2x, https:\/\/i0.wp.com\/www.wallendorff.com\/belogue\/wp-content\/uploads\/2024\/06\/20240627-20.jpg?resize=1050%2C600&ssl=1 3x"},"classes":[]},{"id":124618,"url":"https:\/\/www.wallendorff.com\/belogue\/2023\/06\/02\/seuil-sur-mars\/","url_meta":{"origin":40759,"position":3},"title":"Seuil sur Mars.","author":"dpc","date":"2 juin 2023","format":false,"excerpt":"\u00c9peign\u00e9-sur-D\u00eame, 18 mars 2023.","rel":"","context":"Dans &quot;DPC&quot;","block_context":{"text":"DPC","link":"https:\/\/www.wallendorff.com\/belogue\/category\/dpc-en\/"},"img":{"alt_text":"","src":"https:\/\/i0.wp.com\/www.wallendorff.com\/belogue\/wp-content\/uploads\/2023\/06\/20230602.jpg?resize=350%2C200&ssl=1","width":350,"height":200,"srcset":"https:\/\/i0.wp.com\/www.wallendorff.com\/belogue\/wp-content\/uploads\/2023\/06\/20230602.jpg?resize=350%2C200&ssl=1 1x, https:\/\/i0.wp.com\/www.wallendorff.com\/belogue\/wp-content\/uploads\/2023\/06\/20230602.jpg?resize=525%2C300&ssl=1 1.5x, https:\/\/i0.wp.com\/www.wallendorff.com\/belogue\/wp-content\/uploads\/2023\/06\/20230602.jpg?resize=700%2C400&ssl=1 2x"},"classes":[]},{"id":128420,"url":"https:\/\/www.wallendorff.com\/belogue\/2024\/06\/17\/cetait-2009\/","url_meta":{"origin":40759,"position":4},"title":"C&rsquo;\u00e9tait 2009.","author":"dpc","date":"17 juin 2024","format":false,"excerpt":"2009, tentatives. Paris, 17 jenvier 2009. Paris, 14 f\u00e9vrier 2009. Paris, 2 mars 2009. Eagles of Death Metal @ le Bataclan, Paris, 27 mars 2009 Milwaukee, 28 avril 2009. Chicago, 29 avril 2009. Michigan, 1er mai 2009. D\u00e9troit, 3 mai 2009. Franz Ferdinand @ Clutch Cargo\u2019s, Pontiac, 03 mai 2009\u2026","rel":"","context":"Dans &quot;DPC&quot;","block_context":{"text":"DPC","link":"https:\/\/www.wallendorff.com\/belogue\/category\/dpc\/"},"img":{"alt_text":"","src":"https:\/\/i0.wp.com\/www.wallendorff.com\/belogue\/wp-content\/uploads\/2024\/06\/20240617-13.jpg?resize=350%2C200&ssl=1","width":350,"height":200,"srcset":"https:\/\/i0.wp.com\/www.wallendorff.com\/belogue\/wp-content\/uploads\/2024\/06\/20240617-13.jpg?resize=350%2C200&ssl=1 1x, https:\/\/i0.wp.com\/www.wallendorff.com\/belogue\/wp-content\/uploads\/2024\/06\/20240617-13.jpg?resize=525%2C300&ssl=1 1.5x, https:\/\/i0.wp.com\/www.wallendorff.com\/belogue\/wp-content\/uploads\/2024\/06\/20240617-13.jpg?resize=700%2C400&ssl=1 2x, https:\/\/i0.wp.com\/www.wallendorff.com\/belogue\/wp-content\/uploads\/2024\/06\/20240617-13.jpg?resize=1050%2C600&ssl=1 3x"},"classes":[]},{"id":128454,"url":"https:\/\/www.wallendorff.com\/belogue\/2024\/06\/18\/cetait-2010\/","url_meta":{"origin":40759,"position":5},"title":"C&rsquo;\u00e9tait 2010.","author":"dpc","date":"18 juin 2024","format":false,"excerpt":"2010, ann\u00e9e z\u00e9ro. Paris, 9 janvier 2010. Black Rebel Motorcycle Club, Paris, 27 janvier 2010 Mumford & Sons, Paris, 21 f\u00e9vrier 2010 John Butler Trio @ la Boule Noire, Paris, 15 mars 2010 Dieppe, 20 mars 2010. Paris, 25 avril 2010. Gossip @ le Z\u00e9nith, Paris, 26 mai 2010 Gossip\u2026","rel":"","context":"Dans &quot;DPC&quot;","block_context":{"text":"DPC","link":"https:\/\/www.wallendorff.com\/belogue\/category\/dpc\/"},"img":{"alt_text":"","src":"https:\/\/i0.wp.com\/www.wallendorff.com\/belogue\/wp-content\/uploads\/2024\/06\/20240618-20.jpg?resize=350%2C200&ssl=1","width":350,"height":200,"srcset":"https:\/\/i0.wp.com\/www.wallendorff.com\/belogue\/wp-content\/uploads\/2024\/06\/20240618-20.jpg?resize=350%2C200&ssl=1 1x, https:\/\/i0.wp.com\/www.wallendorff.com\/belogue\/wp-content\/uploads\/2024\/06\/20240618-20.jpg?resize=525%2C300&ssl=1 1.5x, https:\/\/i0.wp.com\/www.wallendorff.com\/belogue\/wp-content\/uploads\/2024\/06\/20240618-20.jpg?resize=700%2C400&ssl=1 2x, https:\/\/i0.wp.com\/www.wallendorff.com\/belogue\/wp-content\/uploads\/2024\/06\/20240618-20.jpg?resize=1050%2C600&ssl=1 3x"},"classes":[]}],"_links":{"self":[{"href":"https:\/\/www.wallendorff.com\/belogue\/wp-json\/wp\/v2\/posts\/40759","targetHints":{"allow":["GET"]}}],"collection":[{"href":"https:\/\/www.wallendorff.com\/belogue\/wp-json\/wp\/v2\/posts"}],"about":[{"href":"https:\/\/www.wallendorff.com\/belogue\/wp-json\/wp\/v2\/types\/post"}],"author":[{"embeddable":true,"href":"https:\/\/www.wallendorff.com\/belogue\/wp-json\/wp\/v2\/users\/1"}],"replies":[{"embeddable":true,"href":"https:\/\/www.wallendorff.com\/belogue\/wp-json\/wp\/v2\/comments?post=40759"}],"version-history":[{"count":6,"href":"https:\/\/www.wallendorff.com\/belogue\/wp-json\/wp\/v2\/posts\/40759\/revisions"}],"predecessor-version":[{"id":40766,"href":"https:\/\/www.wallendorff.com\/belogue\/wp-json\/wp\/v2\/posts\/40759\/revisions\/40766"}],"wp:featuredmedia":[{"embeddable":true,"href":"https:\/\/www.wallendorff.com\/belogue\/wp-json\/wp\/v2\/media\/40761"}],"wp:attachment":[{"href":"https:\/\/www.wallendorff.com\/belogue\/wp-json\/wp\/v2\/media?parent=40759"}],"wp:term":[{"taxonomy":"category","embeddable":true,"href":"https:\/\/www.wallendorff.com\/belogue\/wp-json\/wp\/v2\/categories?post=40759"},{"taxonomy":"post_tag","embeddable":true,"href":"https:\/\/www.wallendorff.com\/belogue\/wp-json\/wp\/v2\/tags?post=40759"}],"curies":[{"name":"wp","href":"https:\/\/api.w.org\/{rel}","templated":true}]}}