{"id":40755,"date":"2018-12-29T00:48:18","date_gmt":"2018-12-28T22:48:18","guid":{"rendered":"http:\/\/www.wallendorff.com\/belogue\/?p=40755"},"modified":"2018-12-29T00:48:18","modified_gmt":"2018-12-28T22:48:18","slug":"2018-en-1","status":"publish","type":"post","link":"https:\/\/www.wallendorff.com\/belogue\/2018\/12\/29\/2018-en-1\/","title":{"rendered":"2018 en&#8230; #1."},"content":{"rendered":"<div id=\"photo\">\n<p><img decoding=\"async\" src=\"https:\/\/www.wallendorff.com\/belogue\/wp-content\/uploads\/2018\/07\/20180727-50.jpg\" alt=\"\" \/><\/p>\n<\/div>\n<h1 class=\"titre\">2018 en 10 concerts.<\/h1>\n<p>On me r\u00e9torquera \u2013&nbsp;\u00e0 juste titre&nbsp;\u2013 que, de toute fa\u00e7on, d\u00e8s que Pearl Jam surgissent dans mon programme, ils finissent concert de l&rsquo;ann\u00e9e comme en <a href=\"https:\/\/www.wallendorff.com\/belogue\/2012\/12\/28\/2012-en-3\/\">2012<\/a>, <a href=\"https:\/\/www.wallendorff.com\/belogue\/2010\/12\/28\/2010en-3\/\">2010<\/a> et (&#8230; ah tiens non, pas en) <a href=\"https:\/\/www.wallendorff.com\/belogue\/2006\/12\/28\/2006en-2\/\">2006<\/a>. Et on aura bien raison. Le fait est que, de tous les artistes dont j&rsquo;aime un peu trop la musique, ce sont ceux que je vois le moins souvent, et ce sont des gens vraiment bien (quoique \u00e7a, je ne le sais que depuis un certain mois de novembre 2015). N&#8217;emp\u00eache&nbsp;: ce 13 juin, tout \u00e9tait r\u00e9uni pour r\u00e9ussir la soir\u00e9e. L&rsquo;escapade amstellodamoise, la bonne compagnie, les bi\u00e8res, l&#8217;emplacement et, bien s\u00fbr, le bruit. ce concert fut gigantesque, long \u00e0 souhait, plein de N\u00e9erlandais contents et il s&rsquo;est termin\u00e9 dans un d\u00e9luge de lumi\u00e8re et de son. On ne peut rien opposer \u00e0 \u00e7a. M\u00eame le concert de Black Rebel Motorcycle Club dans le soleil couchant de Pal\u00e9o. M\u00eame le retour \u00e0 2008 des Wombats \u00e0 la Maroquinerie. M\u00eame le set compl\u00e8tement dingues d&rsquo;IDLES \u00e0 Pal\u00e9o, le Forest National magique d&rsquo;Interpol, le classique Z\u00e9nith de Franz Ferdinand, Jack White sans t\u00e9l\u00e9phone \u00e0 la Maison de la Radio, la session acoustique d&rsquo;Editors au Hard Rock Caf\u00e9, le set universel de Liam Gallagher le dimanche des Eurock\u00e9ennes et la fin de nuit \u00e0 la t\u00e9quila de Th\u00e9rapie Taxi la veille. J&rsquo;ai fait peut-\u00eatre fait encore moins de concerts en 2018 qu&rsquo;en 2017 mais, au final, j&rsquo;ai l&rsquo;impression de les avoir v\u00e9cus mieux.\n<\/p>\n<ol>\n<ol>\n<ol>\n<li><strong>Pearl Jam, Ziggo Dome, Amsterdam, 13 juin<\/strong><\/li>\n<li><a href=\"https:\/\/www.wallendorff.com\/belogue\/2018\/07\/19\/paleo-festival-2018-jour-2\/\">Black Rebel Motorcycle Club, Pal\u00e9o Festival, Nyon, 18 juillet<\/a><\/li>\n<li><a href=\"https:\/\/www.wallendorff.com\/belogue\/2018\/03\/09\/the-wombats-la-maroquinerie-paris-2\/\">The Wombats + Pendentif + Wildes, la Maroquinerie, Paris, 8 mars<\/a><\/li>\n<li><a href=\"https:\/\/www.wallendorff.com\/belogue\/2018\/07\/19\/paleo-festival-2018-jour-2\/\">IDLES, Pal\u00e9o Festival, Nyon, 18 juillet<\/a><\/li>\n<li><a href=\"https:\/\/www.wallendorff.com\/belogue\/2018\/11\/29\/interpol-forest-national-bruxelles-28-novembre-2018\/\">Interpol + Nil\u00fcfer Yanya, Forest National, Bruxelles, 28 novembre<\/a><\/li>\n<li><a href=\"https:\/\/www.wallendorff.com\/belogue\/2018\/05\/03\/franz-ferdinand-le-zenith-paris-27-fevrier-2018\/\">Franz Ferdinand + The Vaccines, le Z\u00e9nith, Paris, 27 f\u00e9vrier<\/a><\/li>\n<li><a href=\"https:\/\/www.wallendorff.com\/belogue\/2018\/03\/30\/jack-white-studio-104-maison-de-la-radio-paris-29-mars-2018\/\">Jack White, Maison de la Radio, Paris, 29    mars<\/a><\/li>\n<li><a href=\"https:\/\/www.wallendorff.com\/belogue\/2018\/03\/14\/editors-pop-rock-station-hard-rock-cafe-paris\/\">Editors, Hard Rock Caf\u00e9, Paris, 13 mars<\/a><\/li>\n<li><a href=\"https:\/\/www.wallendorff.com\/belogue\/2018\/07\/13\/les-eurockeennes-belfort-jour-4\/\">Liam Gallagher, les Eurock\u00e9ennes, Belfort, 8 juillet<\/a><\/li>\n<li><a href=\"https:\/\/www.wallendorff.com\/belogue\/2018\/07\/12\/les-eurockeennes-jour-3\/\">Th\u00e9rapie Taxi, les Eurock\u00e9ennes, Belfort, 7 juillet<\/a><\/li>\n<\/ol>\n<\/ol>\n<\/ol>\n<h1>Hors-concours<\/h1>\n<ol>\n<ol>\n<ul>\n<li><a href=\"https:\/\/www.wallendorff.com\/belogue\/2018\/05\/31\/mai-2018\/\">Cats on Trees + Clou, la Cigale, Paris, 16 mai<\/a>, quand j&rsquo;ai laiss\u00e9 choir Rhubarbe III dans les escaliers du balcon et que toute la salle s&rsquo;est retourn\u00e9e sur moi alors que j&rsquo;\u00e9tais tout blanc et que je me demandais combien tout \u00e7a allait me co\u00fbter.\n      <\/li>\n<li>Les conditions photo de <a href=\"https:\/\/www.wallendorff.com\/belogue\/2018\/07\/25\/downaload-festival-bretigny-sur-orge-15-17-et-18-juin-2018\/\">Guns n&rsquo;Roses, Download Festival, Br\u00e9tigny-sur-Orge, 18 juin<\/a>, qui nous avaient envoy\u00e9s tellement loin de la sc\u00e8ne que le son n&rsquo;\u00e9tait plus cal\u00e9 avec ce que nous avions dans le viseur. Mais, au moins, nous avons bien ri.<\/li>\n<li><a href=\"https:\/\/www.wallendorff.com\/belogue\/2018\/07\/10\/les-eurockeennes-belfort-jour-1-3\/\">Bigflo et Oli, les Eurock\u00e9ennes, Belfort, 5 juillet<\/a>, parce que c&rsquo;est pas tous les jours que l&rsquo;artiste doit arr\u00eater son concert 3 fois en 3 titres pour \u00e9viter que le premier rang ne soit \u00e9cras\u00e9 par le fond du public qui veut s&rsquo;abriter de l&rsquo;orage.<\/li>\n<li><a href=\"https:\/\/www.wallendorff.com\/belogue\/2018\/07\/11\/les-eurockeennes-belfort-jour-2-3\/\">Nine Inch Nails, les Eurock\u00e9ennes, Belfort, 6 juillet<\/a>, quand tous les photographes ont plus volontiers vis\u00e9 le public que le groupe.<\/li>\n<li>La fosse en solo d&rsquo;<a href=\"https:\/\/www.wallendorff.com\/belogue\/2018\/07\/23\/paleo-festival-2018-jour-6\/\">Indochine, Pal\u00e9o Festival, Nyon, 22 juillet<\/a>, et la tonne de pression, l&rsquo;adr\u00e9naline mais aussi la fondue qui all\u00e8rent avec.<\/li>\n<li>Se retrouver au milieu de 5&nbsp;000 fans de <a href=\"https:\/\/www.wallendorff.com\/belogue\/2018\/08\/31\/aout-2018\/\">Vlatko Stefanovski, th\u00e9\u00e2tre antique, Ohrid, 1<sup>er<\/sup> ao\u00fbt<\/a> et les entendre reprendre tous ses morceaux en ch\u0153ur. Comme si un Mac\u00e9donien s&rsquo;\u00e9tait vu catapult\u00e9 en plein concert de Johnny Hallyday, en somme.<\/li>\n<li>Les 5&nbsp;552 jours qui ont s\u00e9par\u00e9s <a href=\"https:\/\/www.wallendorff.com\/belogue\/2018\/10\/24\/mama-festival-paris-17-19-octobre-2018\/\">Eagle-Eye Cherry, la Machine du Moulin Rouge, 19 octobre<\/a> de la pr\u00e9c\u00e9dente fois que je l&rsquo;avais pris en photo, parce quand m\u00eame, 15 ans, waw.<\/li>\n<\/ul>\n<\/ol>\n<\/ol>\n<ul>\n<ul>\n  <\/ul>\n<\/ul>\n<p style=\"text-align: center;\"><img decoding=\"async\" src=\"https:\/\/www.wallendorff.com\/belogue\/photo\/2005\/12\/archives.gif\" alt=\"\" \/><\/p>\n<h1>2017 en 10 concerts qui poutr\u00e8rent.<\/h1>\n<ol>\n<ol>\n<ol>\n<li><a href=\"https:\/\/www.wallendorff.com\/belogue\/2017\/11\/30\/black-rebel-motorcycle-club-paradiso-amsterdam-20-novembre\/\"><strong>Black Rebel Motorcycle Club \u2013 Paradiso, Amsterdam \u2013 20 novembre<\/strong><\/a><\/li>\n<li><a href=\"https:\/\/www.wallendorff.com\/belogue\/2017\/11\/10\/royal-blood-black-honey-le-zenith-paris\/\">Royal Blood \u2013 le Z\u00e9nith, Paris \u2013 9 novembre<\/a><\/li>\n<li><a href=\"https:\/\/www.wallendorff.com\/belogue\/2017\/08\/23\/les-eurockeennes-de-belfort-jour-4\/\">Arcade Fire \u2013 Les Eurock\u00e9ennes, Belfort \u2013 9 juillet<\/a><\/li>\n<li>Kasabian \u2013 le Z\u00e9nith, Paris \u2013 11 novembre<\/li>\n<li><a href=\"https:\/\/www.wallendorff.com\/belogue\/2017\/07\/05\/flogging-molly-le-bataclan-paris-2\/\">Flogging Molly \u2013 le Bataclan, Paris \u2013 5 juillet<\/a><\/li>\n<li><a href=\"https:\/\/www.wallendorff.com\/belogue\/2017\/04\/27\/japandroids-la-maroquinerie-paris\/\">Japandroids \u2013 la Maroquinerie, Paris \u2013 27 avril<\/a><\/li>\n<li><a href=\"https:\/\/www.wallendorff.com\/belogue\/2017\/08\/21\/les-eurockeennes-de-belfort-2017-jour-2\/\">Editors \u2013 les Eurock\u00e9ennes, Belfort \u2013 7 juillet<\/a><\/li>\n<li><a href=\"https:\/\/www.wallendorff.com\/belogue\/2017\/07\/25\/paleo-festival-2017-jour-1\/\">Foals \u2013 Pal\u00e9o Festival, Nyon \u2013 18 juillet<\/a><\/li>\n<li><a href=\"https:\/\/www.wallendorff.com\/belogue\/2017\/08\/27\/le-cabaret-vert-2017-jour-3\/\">Franz Ferdinand \u2013 le Cabaret Vert, Charleville-M\u00e9zi\u00e8res \u2013 26 ao\u00fbt<\/a><\/li>\n<li><a href=\"https:\/\/www.wallendorff.com\/belogue\/2017\/10\/26\/mama-festival-18-20-octobre\/\">The Inspector Cluzo \u2013 la Boule Noire, Paris \u2013 18 octobre<\/a><\/li>\n<\/ol>\n<\/ol>\n<\/ol>\n<h1>2008 en 10 concerts live en public qui meutrirent m\u00e9chant je te dis pas comment.<\/h1>\n<ol>\n<ol>\n<ol>\n<li><strong><a href=\"https:\/\/www.wallendorff.com\/belogue\/2008\/05\/28\/flogging-molly-la-maroquinerie-paris\/\">Flogging Molly, la Maroquinerie, Paris, 27 mai<\/a><\/strong><\/li>\n<li><a href=\"https:\/\/www.wallendorff.com\/belogue\/2008\/11\/01\/im-from-barcelona-le-bataclan-paris\/\" class=\"\">I\u2019m From Barcelona, le Bataclan, Paris, 31 octobre<\/a> \u2013 [<a href=\"https:\/\/www.wallendorff.com\/belogue\/2008\/11\/03\/im-from-barcelona-le-bataclan-paris-31-octobre\/\">2<\/a>] <\/li>\n<li>Oasis, le Bataclan, Paris, 10 novembre<\/li>\n<li><a href=\"https:\/\/www.wallendorff.com\/belogue\/2008\/09\/04\/the-raconteurs-rock-en-seine-domaine-national-de-saint-cloud-29-aout\/\">The Raconteurs, Rock en Seine, 29 ao\u00fbt<\/a> <\/li>\n<li>Radiohead, Main Square Festival, Arras, 6 juillet<sup>1<\/sup> <\/li>\n<li><a href=\"https:\/\/www.wallendorff.com\/belogue\/2008\/11\/09\/hushpuppies-la-maroquinerie-paris\/\" class=\"\">Hushpuppies, la Maroquinerie, Paris, 8 novembre<\/a> \u2013 [<a href=\"https:\/\/www.wallendorff.com\/belogue\/2008\/11\/10\/hushpuppies-la-maroquinerie-paris-8-novembre\/\">2<\/a>] <\/li>\n<li><a href=\"https:\/\/www.wallendorff.com\/belogue\/2008\/06\/30\/black-rebel-motorcycle-club-furia-sound-festival-cergy-pontoise-28-juin\/\" class=\"\">Black Rebel Motorcycle Club, Furia Sound Festival, Cergy-Pontoise, 28 juin<\/a> \u2013 [<a href=\"https:\/\/www.wallendorff.com\/belogue\/2008\/07\/11\/furia-sound-festival-cergy-pontoise-28-juin\/\">2<\/a>] <\/li>\n<li><a href=\"https:\/\/www.wallendorff.com\/belogue\/2008\/03\/21\/the-wombats-le-trabendo-paris\/\" class=\"\">The Wombats, le Trabendo, Paris, 20 mars<\/a> \u2013 [<a href=\"https:\/\/www.wallendorff.com\/belogue\/2008\/06\/17\/the-wombats-le-trabendo-paris-20-mars\/\">2<\/a>] <\/li>\n<li><a href=\"https:\/\/www.wallendorff.com\/belogue\/2008\/04\/08\/editors-le-bataclan-paris\/\" class=\"\">Editors, le Bataclan, Paris, 7 avril<\/a> \u2013 [<a href=\"https:\/\/www.wallendorff.com\/belogue\/2008\/06\/23\/editors-le-bataclan-paris-7-avril\/\">2<\/a>] <\/li>\n<li><a href=\"https:\/\/www.wallendorff.com\/belogue\/2008\/04\/22\/the-gore-gore-girls-les-femmes-s-en-mlent-la-maroquinerie-paris\/\" class=\"\">Gore Gore Girls, la Maroquinerie, Paris, 21 avril<\/a> \u2013 [<a href=\"https:\/\/www.wallendorff.com\/belogue\/2008\/08\/05\/gore-gore-girls-les-femmes-s-en-melent-la-maroquinerie-paris-21-avril\/\" class=\"\">2<\/a>] <\/li>\n<\/ol>\n<\/ol>\n<\/ol>\n","protected":false},"excerpt":{"rendered":"<p>2018 en 10 concerts. On me r\u00e9torquera \u2013&nbsp;\u00e0 juste titre&nbsp;\u2013 que, de toute fa\u00e7on, d\u00e8s que Pearl Jam surgissent dans mon programme, ils finissent concert de l&rsquo;ann\u00e9e comme en 2012, 2010 et (&#8230; ah tiens non, pas en) 2006. Et on aura bien raison. Le fait est que, de tous les artistes dont j&rsquo;aime un&hellip;<\/p>\n","protected":false},"author":1,"featured_media":39511,"comment_status":"open","ping_status":"open","sticky":false,"template":"","format":"standard","meta":{"_acf_changed":false,"ngg_post_thumbnail":0,"jetpack_post_was_ever_published":false,"_jetpack_newsletter_access":"","_jetpack_dont_email_post_to_subs":false,"_jetpack_newsletter_tier_id":0,"_jetpack_memberships_contains_paywalled_content":false,"_jetpack_memberships_contains_paid_content":false,"footnotes":"","jetpack_publicize_message":"","jetpack_publicize_feature_enabled":true,"jetpack_social_post_already_shared":true,"jetpack_social_options":{"image_generator_settings":{"template":"highway","default_image_id":0,"font":"","enabled":false},"version":2}},"categories":[3],"tags":[167,14271,14268,10501],"class_list":["post-40755","post","type-post","status-publish","format-standard","has-post-thumbnail","hentry","category-dpc","tag-classements-de-fin-dannee","tag-fujifilm-x-t2","tag-fujinon-xf-18-mm-f2-0","tag-live"],"acf":[],"geo":{"latitude":52.3134232,"longitude":4.9371529,"description":"Amsterdam, Noord-Holland, 1101 AX, NL"},"jetpack_publicize_connections":[],"jetpack_featured_media_url":"https:\/\/www.wallendorff.com\/belogue\/wp-content\/uploads\/2018\/07\/20180727-50.jpg","jetpack_shortlink":"https:\/\/wp.me\/p3b35P-aBl","jetpack_sharing_enabled":true,"jetpack-related-posts":[{"id":127845,"url":"https:\/\/www.wallendorff.com\/belogue\/2024\/04\/22\/muse-st-andrews-hall-detroit-22-avril-2004\/","url_meta":{"origin":40755,"position":0},"title":"Muse @ St. Andrew&rsquo;s Hall, D\u00e9troit, 22 avril 2004.","author":"dpc","date":"22 avril 2024","format":false,"excerpt":"Hysteria | New Born | The Small Print | Sing for Absolution | Muscle Museum | Citizen Erased | Ruled by Secrecy | Sunburn | Butterflies & Hurricanes | Bliss | Time Is Running Out | Plug in Baby || Apocalypse Please | Stockholm SyndromeIl y a 20 ans, je\u2026","rel":"","context":"Dans &quot;Alive&quot;","block_context":{"text":"Alive","link":"https:\/\/www.wallendorff.com\/belogue\/category\/alive\/"},"img":{"alt_text":"","src":"https:\/\/i0.wp.com\/www.wallendorff.com\/belogue\/wp-content\/uploads\/2024\/04\/20240422-14.jpg?resize=350%2C200&ssl=1","width":350,"height":200,"srcset":"https:\/\/i0.wp.com\/www.wallendorff.com\/belogue\/wp-content\/uploads\/2024\/04\/20240422-14.jpg?resize=350%2C200&ssl=1 1x, https:\/\/i0.wp.com\/www.wallendorff.com\/belogue\/wp-content\/uploads\/2024\/04\/20240422-14.jpg?resize=525%2C300&ssl=1 1.5x, https:\/\/i0.wp.com\/www.wallendorff.com\/belogue\/wp-content\/uploads\/2024\/04\/20240422-14.jpg?resize=700%2C400&ssl=1 2x, https:\/\/i0.wp.com\/www.wallendorff.com\/belogue\/wp-content\/uploads\/2024\/04\/20240422-14.jpg?resize=1050%2C600&ssl=1 3x"},"classes":[]},{"id":3509,"url":"https:\/\/www.wallendorff.com\/belogue\/2008\/10\/21\/mademoiselle-k-lolympia-paris\/","url_meta":{"origin":40755,"position":1},"title":"Mademoiselle K @ l&rsquo;Olympia, Paris.","author":"dpc","date":"21 octobre 2008","format":false,"excerpt":"Punaise celle-l\u00e0 est moins bien que la premi\u00e8re et la deuxi\u00e8me, je sens que je perds la main. \u00c7a restera comme une grande soir\u00e9e d'innovation. D'abord gr\u00e2ce \u00e0 la camelote post-sovi\u00e9tique de Juyette (sic) qui inventa le panoramique de concert en tranches, mais aussi gr\u00e2ce au management de Mademoiselle K\u2026","rel":"","context":"Dans &quot;Alive&quot;","block_context":{"text":"Alive","link":"https:\/\/www.wallendorff.com\/belogue\/category\/alive\/"},"img":{"alt_text":"","src":"https:\/\/i0.wp.com\/www.wallendorff.com\/belogue\/wp-content\/uploads\/2015\/04\/200810211.jpg?resize=350%2C200&ssl=1","width":350,"height":200,"srcset":"https:\/\/i0.wp.com\/www.wallendorff.com\/belogue\/wp-content\/uploads\/2015\/04\/200810211.jpg?resize=350%2C200&ssl=1 1x, https:\/\/i0.wp.com\/www.wallendorff.com\/belogue\/wp-content\/uploads\/2015\/04\/200810211.jpg?resize=525%2C300&ssl=1 1.5x, https:\/\/i0.wp.com\/www.wallendorff.com\/belogue\/wp-content\/uploads\/2015\/04\/200810211.jpg?resize=700%2C400&ssl=1 2x"},"classes":[]},{"id":132422,"url":"https:\/\/www.wallendorff.com\/belogue\/2025\/06\/12\/jaunes-dombres\/","url_meta":{"origin":40755,"position":2},"title":"Jaunes d&rsquo;ombres.","author":"dpc","date":"12 juin 2025","format":false,"excerpt":"Tour Montparnasse, Paris, 18 avril 2024.Merci \u00e0 Lala mais pas \u00e0 Leffe\u00ae ni Twinuts\u00ae car j'ai sottement oubli\u00e9 de faire les commissions. Et \u00e0 part \u00e7a... Il y a vingt-et-un ans, les Pistons de D\u00e9troit \u00e9taient en finale NBA. Il y a vingt ans, les Pistons de D\u00e9troit \u00e9taient encore\u2026","rel":"","context":"Dans &quot;DPC&quot;","block_context":{"text":"DPC","link":"https:\/\/www.wallendorff.com\/belogue\/category\/dpc\/"},"img":{"alt_text":"","src":"https:\/\/i0.wp.com\/www.wallendorff.com\/belogue\/wp-content\/uploads\/2025\/06\/20250612-08.jpg?resize=350%2C200&ssl=1","width":350,"height":200,"srcset":"https:\/\/i0.wp.com\/www.wallendorff.com\/belogue\/wp-content\/uploads\/2025\/06\/20250612-08.jpg?resize=350%2C200&ssl=1 1x, https:\/\/i0.wp.com\/www.wallendorff.com\/belogue\/wp-content\/uploads\/2025\/06\/20250612-08.jpg?resize=525%2C300&ssl=1 1.5x, https:\/\/i0.wp.com\/www.wallendorff.com\/belogue\/wp-content\/uploads\/2025\/06\/20250612-08.jpg?resize=700%2C400&ssl=1 2x, https:\/\/i0.wp.com\/www.wallendorff.com\/belogue\/wp-content\/uploads\/2025\/06\/20250612-08.jpg?resize=1050%2C600&ssl=1 3x"},"classes":[]},{"id":124649,"url":"https:\/\/www.wallendorff.com\/belogue\/2023\/06\/12\/servus-wien-6\/","url_meta":{"origin":40755,"position":3},"title":"Servus Wien.","author":"dpc","date":"12 juin 2023","format":false,"excerpt":"[La galerie compl\u00e8te vient apr\u00e8s ce looooong texte traditionnel dont l'origine se perd dans les pr\u00e9mices de ce mill\u00e9naires.] Vienne, 14 \u2013 15 avril 2023. Can't Even Tell Soul Asylum Il y a dix-neuf ans, les Pistons de D\u00e9troit \u00e9taient en finale NBA. Il y a dix-huit ans, les Pistons\u2026","rel":"","context":"Dans &quot;DPC&quot;","block_context":{"text":"DPC","link":"https:\/\/www.wallendorff.com\/belogue\/category\/dpc\/"},"img":{"alt_text":"","src":"https:\/\/i0.wp.com\/www.wallendorff.com\/belogue\/wp-content\/uploads\/2023\/06\/20230612-09.jpg?resize=350%2C200&ssl=1","width":350,"height":200,"srcset":"https:\/\/i0.wp.com\/www.wallendorff.com\/belogue\/wp-content\/uploads\/2023\/06\/20230612-09.jpg?resize=350%2C200&ssl=1 1x, https:\/\/i0.wp.com\/www.wallendorff.com\/belogue\/wp-content\/uploads\/2023\/06\/20230612-09.jpg?resize=525%2C300&ssl=1 1.5x, https:\/\/i0.wp.com\/www.wallendorff.com\/belogue\/wp-content\/uploads\/2023\/06\/20230612-09.jpg?resize=700%2C400&ssl=1 2x, https:\/\/i0.wp.com\/www.wallendorff.com\/belogue\/wp-content\/uploads\/2023\/06\/20230612-09.jpg?resize=1050%2C600&ssl=1 3x"},"classes":[]},{"id":128261,"url":"https:\/\/www.wallendorff.com\/belogue\/2024\/06\/12\/cetait-2004\/","url_meta":{"origin":40755,"position":4},"title":"C&rsquo;\u00e9tait 2004.","author":"dpc","date":"12 juin 2024","format":false,"excerpt":"En ouvrant ce journal, il y a 20 ans, je n'aurais jamais pens\u00e9 qu'il durerait si longtemps. Mais il a tenu, d'abord sur feu 20six, puis en solitaire sur ce site, traversant les plateformes et les modes jusqu'\u00e0 aujourd'hui. MySpace, Flickr, Facebook, Instagram passent et disparaissent, mais reste ce site.Je\u2026","rel":"","context":"Dans &quot;DPC&quot;","block_context":{"text":"DPC","link":"https:\/\/www.wallendorff.com\/belogue\/category\/dpc\/"},"img":{"alt_text":"","src":"https:\/\/i0.wp.com\/www.wallendorff.com\/belogue\/wp-content\/uploads\/2024\/06\/20240612-03.jpg?resize=350%2C200&ssl=1","width":350,"height":200,"srcset":"https:\/\/i0.wp.com\/www.wallendorff.com\/belogue\/wp-content\/uploads\/2024\/06\/20240612-03.jpg?resize=350%2C200&ssl=1 1x, https:\/\/i0.wp.com\/www.wallendorff.com\/belogue\/wp-content\/uploads\/2024\/06\/20240612-03.jpg?resize=525%2C300&ssl=1 1.5x, https:\/\/i0.wp.com\/www.wallendorff.com\/belogue\/wp-content\/uploads\/2024\/06\/20240612-03.jpg?resize=700%2C400&ssl=1 2x, https:\/\/i0.wp.com\/www.wallendorff.com\/belogue\/wp-content\/uploads\/2024\/06\/20240612-03.jpg?resize=1050%2C600&ssl=1 3x"},"classes":[]},{"id":130417,"url":"https:\/\/www.wallendorff.com\/belogue\/2024\/08\/29\/there-we-were-now-here-we-are\/","url_meta":{"origin":40755,"position":5},"title":"There we were, now here we are.","author":"dpc","date":"29 ao\u00fbt 2024","format":false,"excerpt":"Rock en Seine, Domaine national de Saint-Cloud, 28 ao\u00fbt 2009.J\u2019ai photographi\u00e9 ces trois jeunes filles du premier rang du public de Rock en Seine le 28 ao\u00fbt 2009 \u00e0 21 h 59 min 41 s, juste avant le concert d\u2019Oasis, juste avant l\u2019annonce de la plus fameuse baston-\u00e0-coups-de-guitares-en- loges\u00b9 de\u2026","rel":"","context":"Dans &quot;Alive&quot;","block_context":{"text":"Alive","link":"https:\/\/www.wallendorff.com\/belogue\/category\/alive\/"},"img":{"alt_text":"","src":"https:\/\/i0.wp.com\/www.wallendorff.com\/belogue\/wp-content\/uploads\/2024\/08\/20240829-01.jpg?resize=350%2C200&ssl=1","width":350,"height":200,"srcset":"https:\/\/i0.wp.com\/www.wallendorff.com\/belogue\/wp-content\/uploads\/2024\/08\/20240829-01.jpg?resize=350%2C200&ssl=1 1x, https:\/\/i0.wp.com\/www.wallendorff.com\/belogue\/wp-content\/uploads\/2024\/08\/20240829-01.jpg?resize=525%2C300&ssl=1 1.5x, https:\/\/i0.wp.com\/www.wallendorff.com\/belogue\/wp-content\/uploads\/2024\/08\/20240829-01.jpg?resize=700%2C400&ssl=1 2x, https:\/\/i0.wp.com\/www.wallendorff.com\/belogue\/wp-content\/uploads\/2024\/08\/20240829-01.jpg?resize=1050%2C600&ssl=1 3x"},"classes":[]}],"_links":{"self":[{"href":"https:\/\/www.wallendorff.com\/belogue\/wp-json\/wp\/v2\/posts\/40755","targetHints":{"allow":["GET"]}}],"collection":[{"href":"https:\/\/www.wallendorff.com\/belogue\/wp-json\/wp\/v2\/posts"}],"about":[{"href":"https:\/\/www.wallendorff.com\/belogue\/wp-json\/wp\/v2\/types\/post"}],"author":[{"embeddable":true,"href":"https:\/\/www.wallendorff.com\/belogue\/wp-json\/wp\/v2\/users\/1"}],"replies":[{"embeddable":true,"href":"https:\/\/www.wallendorff.com\/belogue\/wp-json\/wp\/v2\/comments?post=40755"}],"version-history":[{"count":3,"href":"https:\/\/www.wallendorff.com\/belogue\/wp-json\/wp\/v2\/posts\/40755\/revisions"}],"predecessor-version":[{"id":40758,"href":"https:\/\/www.wallendorff.com\/belogue\/wp-json\/wp\/v2\/posts\/40755\/revisions\/40758"}],"wp:featuredmedia":[{"embeddable":true,"href":"https:\/\/www.wallendorff.com\/belogue\/wp-json\/wp\/v2\/media\/39511"}],"wp:attachment":[{"href":"https:\/\/www.wallendorff.com\/belogue\/wp-json\/wp\/v2\/media?parent=40755"}],"wp:term":[{"taxonomy":"category","embeddable":true,"href":"https:\/\/www.wallendorff.com\/belogue\/wp-json\/wp\/v2\/categories?post=40755"},{"taxonomy":"post_tag","embeddable":true,"href":"https:\/\/www.wallendorff.com\/belogue\/wp-json\/wp\/v2\/tags?post=40755"}],"curies":[{"name":"wp","href":"https:\/\/api.w.org\/{rel}","templated":true}]}}