{"id":40611,"date":"2018-12-08T20:12:37","date_gmt":"2018-12-08T18:12:37","guid":{"rendered":"http:\/\/www.wallendorff.com\/belogue\/?p=40611"},"modified":"2019-04-25T13:10:22","modified_gmt":"2019-04-25T11:10:22","slug":"fontaine-blau","status":"publish","type":"post","link":"https:\/\/www.wallendorff.com\/belogue\/2018\/12\/08\/fontaine-blau\/","title":{"rendered":"Fontaine blau."},"content":{"rendered":"<div id=\"photo\">\n<p><img decoding=\"async\" src=\"https:\/\/www.wallendorff.com\/belogue\/wp-content\/uploads\/2018\/12\/20181208.jpg\"><br \/>\n\u00c9glise Saint-Charles-Borom\u00e9e, Vienne, 16 septembre 2018.<\/p>\n<\/div>\n<div id=\"bandeson\">\n<p><img decoding=\"async\" src=\"https:\/\/www.wallendorff.com\/belogue\/photo\/pochettes\/m\/mumford&amp;sons-delta.jpg\" align=\"left\"><a href=\"http:\/\/www.youtube.com\/watch?v=cSAlKS7oot8\"><em>42<\/em><\/a><br \/>\n<a href=\"https:\/\/www.mumfordandsons.com\/\">Mumford &amp; Sons<\/a><\/p>\n<\/div>\n","protected":false},"excerpt":{"rendered":"<p>\u00c9glise Saint-Charles-Borom\u00e9e, Vienne, 16 septembre 2018. 42 Mumford &amp; Sons<\/p>\n","protected":false},"author":1,"featured_media":40612,"comment_status":"open","ping_status":"open","sticky":false,"template":"","format":"standard","meta":{"_acf_changed":false,"ngg_post_thumbnail":0,"jetpack_post_was_ever_published":false,"_jetpack_newsletter_access":"","_jetpack_dont_email_post_to_subs":false,"_jetpack_newsletter_tier_id":0,"_jetpack_memberships_contains_paywalled_content":false,"_jetpack_memberships_contains_paid_content":false,"footnotes":"","jetpack_publicize_message":"","jetpack_publicize_feature_enabled":true,"jetpack_social_post_already_shared":true,"jetpack_social_options":{"image_generator_settings":{"template":"highway","default_image_id":0,"font":"","enabled":false},"version":2}},"categories":[3],"tags":[12200,15244,12059,737,10326,15303,10238,9151,14271,14890,12202,10607,12060],"class_list":["post-40611","post","type-post","status-publish","format-standard","has-post-thumbnail","hentry","category-dpc","tag-12200","tag-15244","tag-autriche","tag-bleu","tag-crepuscule","tag-delta","tag-eglise","tag-eglise-saint-charles-borromee","tag-fujifilm-x-t2","tag-fujinon-xf-10-24-mm-f-4-r-ois","tag-karlsplatz","tag-mumford-sons","tag-vienne"],"acf":[],"geo":{"latitude":48.1991539,"longitude":16.3717594,"description":"Wien, Wieden, Wien, 1040, AT"},"jetpack_publicize_connections":[],"jetpack_featured_media_url":"https:\/\/www.wallendorff.com\/belogue\/wp-content\/uploads\/2018\/12\/20181208.jpg","jetpack_shortlink":"https:\/\/wp.me\/p3b35P-az1","jetpack_sharing_enabled":true,"jetpack-related-posts":[{"id":23481,"url":"https:\/\/www.wallendorff.com\/belogue\/2014\/10\/27\/into-the-wide-35\/","url_meta":{"origin":40611,"position":0},"title":"Into the wide #35.","author":"dpc","date":"27 octobre 2014","format":false,"excerpt":"\u00c9glise Saint-Charles-Borrom\u00e9e, Vienne, 7 septembre. Time Between Bear in Heaven","rel":"","context":"Dans &quot;Into the wide&quot;","block_context":{"text":"Into the wide","link":"https:\/\/www.wallendorff.com\/belogue\/category\/into-the-wide\/"},"img":{"alt_text":"","src":"https:\/\/i0.wp.com\/www.wallendorff.com\/belogue\/wp-content\/uploads\/2015\/04\/201410271.jpg?resize=350%2C200&ssl=1","width":350,"height":200,"srcset":"https:\/\/i0.wp.com\/www.wallendorff.com\/belogue\/wp-content\/uploads\/2015\/04\/201410271.jpg?resize=350%2C200&ssl=1 1x, https:\/\/i0.wp.com\/www.wallendorff.com\/belogue\/wp-content\/uploads\/2015\/04\/201410271.jpg?resize=525%2C300&ssl=1 1.5x, https:\/\/i0.wp.com\/www.wallendorff.com\/belogue\/wp-content\/uploads\/2015\/04\/201410271.jpg?resize=700%2C400&ssl=1 2x"},"classes":[]},{"id":20140,"url":"https:\/\/www.wallendorff.com\/belogue\/2013\/01\/17\/bon-deux-gemmes-se-bondent\/","url_meta":{"origin":40611,"position":1},"title":"Bon, deux gemmes se bondent.","author":"dpc","date":"17 janvier 2013","format":false,"excerpt":"Square du Bicentenaire, Le Mans, 24 novembre 2012. Below My Feet Mumford & Sons","rel":"","context":"Dans &quot;DPC&quot;","block_context":{"text":"DPC","link":"https:\/\/www.wallendorff.com\/belogue\/category\/dpc\/"},"img":{"alt_text":"","src":"https:\/\/i0.wp.com\/www.wallendorff.com\/belogue\/wp-content\/uploads\/2015\/04\/201301171.jpg?resize=350%2C200&ssl=1","width":350,"height":200,"srcset":"https:\/\/i0.wp.com\/www.wallendorff.com\/belogue\/wp-content\/uploads\/2015\/04\/201301171.jpg?resize=350%2C200&ssl=1 1x, https:\/\/i0.wp.com\/www.wallendorff.com\/belogue\/wp-content\/uploads\/2015\/04\/201301171.jpg?resize=525%2C300&ssl=1 1.5x, https:\/\/i0.wp.com\/www.wallendorff.com\/belogue\/wp-content\/uploads\/2015\/04\/201301171.jpg?resize=700%2C400&ssl=1 2x"},"classes":[]},{"id":20412,"url":"https:\/\/www.wallendorff.com\/belogue\/2013\/02\/11\/cadre-et-toile\/","url_meta":{"origin":40611,"position":2},"title":"Cadre [et toile].","author":"dpc","date":"11 f\u00e9vrier 2013","format":false,"excerpt":"Jardins de la Pr\u00e9fecture, Metz, 29 d\u00e9cembre 2012. Whispers in the Dark Mumford & Sons","rel":"","context":"Dans &quot;DPC&quot;","block_context":{"text":"DPC","link":"https:\/\/www.wallendorff.com\/belogue\/category\/dpc\/"},"img":{"alt_text":"","src":"https:\/\/i0.wp.com\/www.wallendorff.com\/belogue\/wp-content\/uploads\/2015\/04\/201302111.jpg?resize=350%2C200&ssl=1","width":350,"height":200},"classes":[]},{"id":51613,"url":"https:\/\/www.wallendorff.com\/belogue\/2022\/06\/10\/servus-wien-5\/","url_meta":{"origin":40611,"position":3},"title":"Servus Wien","author":"dpc","date":"10 juin 2022","format":false,"excerpt":"","rel":"","context":"Dans &quot;DPC&quot;","block_context":{"text":"DPC","link":"https:\/\/www.wallendorff.com\/belogue\/category\/dpc\/"},"img":{"alt_text":"","src":"https:\/\/i0.wp.com\/www.wallendorff.com\/belogue\/wp-content\/uploads\/2022\/06\/20220610-22.jpg?resize=350%2C200&ssl=1","width":350,"height":200,"srcset":"https:\/\/i0.wp.com\/www.wallendorff.com\/belogue\/wp-content\/uploads\/2022\/06\/20220610-22.jpg?resize=350%2C200&ssl=1 1x, https:\/\/i0.wp.com\/www.wallendorff.com\/belogue\/wp-content\/uploads\/2022\/06\/20220610-22.jpg?resize=525%2C300&ssl=1 1.5x, https:\/\/i0.wp.com\/www.wallendorff.com\/belogue\/wp-content\/uploads\/2022\/06\/20220610-22.jpg?resize=700%2C400&ssl=1 2x, https:\/\/i0.wp.com\/www.wallendorff.com\/belogue\/wp-content\/uploads\/2022\/06\/20220610-22.jpg?resize=1050%2C600&ssl=1 3x"},"classes":[]},{"id":63880,"url":"https:\/\/www.wallendorff.com\/belogue\/2023\/02\/04\/frohe-weihnachten-wien-i\/","url_meta":{"origin":40611,"position":4},"title":"Frohe Weihnachten Wien [I].","author":"dpc","date":"4 f\u00e9vrier 2023","format":false,"excerpt":"","rel":"","context":"Dans &quot;DPC&quot;","block_context":{"text":"DPC","link":"https:\/\/www.wallendorff.com\/belogue\/category\/dpc\/"},"img":{"alt_text":"","src":"https:\/\/i0.wp.com\/www.wallendorff.com\/belogue\/wp-content\/uploads\/2023\/02\/20230204-20.jpg?resize=350%2C200&ssl=1","width":350,"height":200,"srcset":"https:\/\/i0.wp.com\/www.wallendorff.com\/belogue\/wp-content\/uploads\/2023\/02\/20230204-20.jpg?resize=350%2C200&ssl=1 1x, https:\/\/i0.wp.com\/www.wallendorff.com\/belogue\/wp-content\/uploads\/2023\/02\/20230204-20.jpg?resize=525%2C300&ssl=1 1.5x, https:\/\/i0.wp.com\/www.wallendorff.com\/belogue\/wp-content\/uploads\/2023\/02\/20230204-20.jpg?resize=700%2C400&ssl=1 2x, https:\/\/i0.wp.com\/www.wallendorff.com\/belogue\/wp-content\/uploads\/2023\/02\/20230204-20.jpg?resize=1050%2C600&ssl=1 3x"},"classes":[]},{"id":32458,"url":"https:\/\/www.wallendorff.com\/belogue\/2016\/09\/30\/septembre-2016\/","url_meta":{"origin":40611,"position":5},"title":"Septembre 2016.","author":"dpc","date":"30 septembre 2016","format":false,"excerpt":"Un avion, une \u00e9glise, un m\u00e9tro, une affiche, un mus\u00e9e, une 2 cv, un parc, une autoroute, un mur, des cadenas, une librairie, deux statues, une fa\u00e7ade, un pont, une ruelle, une aurore, des toits, des poup\u00e9es russes, un lampadaire, un cimeti\u00e8re, une \u00e9glise, un Freud qui pend, une vitrine,\u2026","rel":"","context":"Dans &quot;Blog-note&quot;","block_context":{"text":"Blog-note","link":"https:\/\/www.wallendorff.com\/belogue\/category\/blog-note\/"},"img":{"alt_text":"","src":"https:\/\/i0.wp.com\/www.wallendorff.com\/belogue\/wp-content\/uploads\/2016\/10\/20161014-20.jpg?resize=350%2C200&ssl=1","width":350,"height":200,"srcset":"https:\/\/i0.wp.com\/www.wallendorff.com\/belogue\/wp-content\/uploads\/2016\/10\/20161014-20.jpg?resize=350%2C200&ssl=1 1x, https:\/\/i0.wp.com\/www.wallendorff.com\/belogue\/wp-content\/uploads\/2016\/10\/20161014-20.jpg?resize=525%2C300&ssl=1 1.5x, https:\/\/i0.wp.com\/www.wallendorff.com\/belogue\/wp-content\/uploads\/2016\/10\/20161014-20.jpg?resize=700%2C400&ssl=1 2x"},"classes":[]}],"_links":{"self":[{"href":"https:\/\/www.wallendorff.com\/belogue\/wp-json\/wp\/v2\/posts\/40611","targetHints":{"allow":["GET"]}}],"collection":[{"href":"https:\/\/www.wallendorff.com\/belogue\/wp-json\/wp\/v2\/posts"}],"about":[{"href":"https:\/\/www.wallendorff.com\/belogue\/wp-json\/wp\/v2\/types\/post"}],"author":[{"embeddable":true,"href":"https:\/\/www.wallendorff.com\/belogue\/wp-json\/wp\/v2\/users\/1"}],"replies":[{"embeddable":true,"href":"https:\/\/www.wallendorff.com\/belogue\/wp-json\/wp\/v2\/comments?post=40611"}],"version-history":[{"count":2,"href":"https:\/\/www.wallendorff.com\/belogue\/wp-json\/wp\/v2\/posts\/40611\/revisions"}],"predecessor-version":[{"id":40614,"href":"https:\/\/www.wallendorff.com\/belogue\/wp-json\/wp\/v2\/posts\/40611\/revisions\/40614"}],"wp:featuredmedia":[{"embeddable":true,"href":"https:\/\/www.wallendorff.com\/belogue\/wp-json\/wp\/v2\/media\/40612"}],"wp:attachment":[{"href":"https:\/\/www.wallendorff.com\/belogue\/wp-json\/wp\/v2\/media?parent=40611"}],"wp:term":[{"taxonomy":"category","embeddable":true,"href":"https:\/\/www.wallendorff.com\/belogue\/wp-json\/wp\/v2\/categories?post=40611"},{"taxonomy":"post_tag","embeddable":true,"href":"https:\/\/www.wallendorff.com\/belogue\/wp-json\/wp\/v2\/tags?post=40611"}],"curies":[{"name":"wp","href":"https:\/\/api.w.org\/{rel}","templated":true}]}}