{"id":40574,"date":"2018-11-29T21:06:06","date_gmt":"2018-11-29T19:06:06","guid":{"rendered":"http:\/\/www.wallendorff.com\/belogue\/?p=40574"},"modified":"2018-11-29T21:06:06","modified_gmt":"2018-11-29T19:06:06","slug":"interpol-forest-national-bruxelles-28-novembre-2018","status":"publish","type":"post","link":"https:\/\/www.wallendorff.com\/belogue\/2018\/11\/29\/interpol-forest-national-bruxelles-28-novembre-2018\/","title":{"rendered":"Interpol @ Forest National, Bruxelles, 28 novembre 2018."},"content":{"rendered":"<div id=\"photo\">\n<p><img decoding=\"async\" src=\"https:\/\/www.wallendorff.com\/belogue\/wp-content\/uploads\/2018\/11\/20181129-10.jpg\"><\/p>\n<\/div>\n<div id=\"setlist\">\n<p><em>Pioneer to the Falls<\/em> | <em>C&rsquo;mere<\/em> | <em>If You Really Love Nothing<\/em> | <em>Public Pervert<\/em> | <em>Roland<\/em> | <em>Complications<\/em> | <em>Say Hello to the Angels<\/em> | <em>NYC<\/em> | <em>The Rover<\/em> | <em>Rest My Chemistry<\/em> | <em>NYSMAW<\/em> | <em>Stay in Touch<\/em> | <em>All the Rage Back Home<\/em> | <em>The New<\/em> | <em>Flight of Fancy<\/em> | <em>Slow Hands<\/em> || <em>Lights<\/em> | <em>Evil<\/em> | <em>Obstacle 1<\/em><\/p>\n<\/div>\n<div id='gallery-1' class='gallery galleryid-40574 gallery-columns-3 gallery-size-large'><figure class='gallery-item'>\n\t\t\t<div class='gallery-icon portrait'>\n\t\t\t\t<a href='https:\/\/www.wallendorff.com\/belogue\/2018\/11\/29\/interpol-forest-national-bruxelles-28-novembre-2018\/interpol-forest-national-bruxelles-28-11-2018\/'><img fetchpriority=\"high\" decoding=\"async\" width=\"683\" height=\"1024\" src=\"https:\/\/www.wallendorff.com\/belogue\/wp-content\/uploads\/2018\/11\/20181129-01-683x1024.jpg\" class=\"attachment-large size-large\" alt=\"\" aria-describedby=\"gallery-1-40575\" srcset=\"https:\/\/www.wallendorff.com\/belogue\/wp-content\/uploads\/2018\/11\/20181129-01-683x1024.jpg 683w, https:\/\/www.wallendorff.com\/belogue\/wp-content\/uploads\/2018\/11\/20181129-01-133x200.jpg 133w, https:\/\/www.wallendorff.com\/belogue\/wp-content\/uploads\/2018\/11\/20181129-01-200x300.jpg 200w, https:\/\/www.wallendorff.com\/belogue\/wp-content\/uploads\/2018\/11\/20181129-01-558x837.jpg 558w, https:\/\/www.wallendorff.com\/belogue\/wp-content\/uploads\/2018\/11\/20181129-01-655x983.jpg 655w, https:\/\/www.wallendorff.com\/belogue\/wp-content\/uploads\/2018\/11\/20181129-01-600x900.jpg 600w, https:\/\/www.wallendorff.com\/belogue\/wp-content\/uploads\/2018\/11\/20181129-01.jpg 780w\" sizes=\"(max-width: 683px) 100vw, 683px\" \/><\/a>\n\t\t\t<\/div>\n\t\t\t\t<figcaption class='wp-caption-text gallery-caption' id='gallery-1-40575'>\n\t\t\t\tInterpol @ Forest National, Bruxelles, 28\/11\/2018\n\t\t\t\t<\/figcaption><\/figure><figure class='gallery-item'>\n\t\t\t<div class='gallery-icon landscape'>\n\t\t\t\t<a href='https:\/\/www.wallendorff.com\/belogue\/2018\/11\/29\/interpol-forest-national-bruxelles-28-novembre-2018\/interpol-forest-national-bruxelles-28-11-2018-2\/'><img decoding=\"async\" width=\"1170\" height=\"780\" src=\"https:\/\/www.wallendorff.com\/belogue\/wp-content\/uploads\/2018\/11\/20181129-02-1170x780.jpg\" class=\"attachment-large size-large\" alt=\"\" aria-describedby=\"gallery-1-40576\" srcset=\"https:\/\/www.wallendorff.com\/belogue\/wp-content\/uploads\/2018\/11\/20181129-02.jpg 1170w, https:\/\/www.wallendorff.com\/belogue\/wp-content\/uploads\/2018\/11\/20181129-02-820x547.jpg 820w, https:\/\/www.wallendorff.com\/belogue\/wp-content\/uploads\/2018\/11\/20181129-02-200x133.jpg 200w, https:\/\/www.wallendorff.com\/belogue\/wp-content\/uploads\/2018\/11\/20181129-02-300x200.jpg 300w, https:\/\/www.wallendorff.com\/belogue\/wp-content\/uploads\/2018\/11\/20181129-02-1116x744.jpg 1116w, https:\/\/www.wallendorff.com\/belogue\/wp-content\/uploads\/2018\/11\/20181129-02-806x537.jpg 806w, https:\/\/www.wallendorff.com\/belogue\/wp-content\/uploads\/2018\/11\/20181129-02-558x372.jpg 558w, https:\/\/www.wallendorff.com\/belogue\/wp-content\/uploads\/2018\/11\/20181129-02-655x437.jpg 655w, https:\/\/www.wallendorff.com\/belogue\/wp-content\/uploads\/2018\/11\/20181129-02-600x400.jpg 600w\" sizes=\"(max-width: 1170px) 100vw, 1170px\" \/><\/a>\n\t\t\t<\/div>\n\t\t\t\t<figcaption class='wp-caption-text gallery-caption' id='gallery-1-40576'>\n\t\t\t\tInterpol @ Forest National, Bruxelles, 28\/11\/2018\n\t\t\t\t<\/figcaption><\/figure><figure class='gallery-item'>\n\t\t\t<div class='gallery-icon landscape'>\n\t\t\t\t<a href='https:\/\/www.wallendorff.com\/belogue\/2018\/11\/29\/interpol-forest-national-bruxelles-28-novembre-2018\/interpol-forest-national-bruxelles-28-11-2018-3\/'><img decoding=\"async\" width=\"1170\" height=\"780\" src=\"https:\/\/www.wallendorff.com\/belogue\/wp-content\/uploads\/2018\/11\/20181129-03-1170x780.jpg\" class=\"attachment-large size-large\" alt=\"\" aria-describedby=\"gallery-1-40577\" srcset=\"https:\/\/www.wallendorff.com\/belogue\/wp-content\/uploads\/2018\/11\/20181129-03.jpg 1170w, https:\/\/www.wallendorff.com\/belogue\/wp-content\/uploads\/2018\/11\/20181129-03-820x547.jpg 820w, https:\/\/www.wallendorff.com\/belogue\/wp-content\/uploads\/2018\/11\/20181129-03-200x133.jpg 200w, https:\/\/www.wallendorff.com\/belogue\/wp-content\/uploads\/2018\/11\/20181129-03-300x200.jpg 300w, https:\/\/www.wallendorff.com\/belogue\/wp-content\/uploads\/2018\/11\/20181129-03-1116x744.jpg 1116w, https:\/\/www.wallendorff.com\/belogue\/wp-content\/uploads\/2018\/11\/20181129-03-806x537.jpg 806w, https:\/\/www.wallendorff.com\/belogue\/wp-content\/uploads\/2018\/11\/20181129-03-558x372.jpg 558w, https:\/\/www.wallendorff.com\/belogue\/wp-content\/uploads\/2018\/11\/20181129-03-655x437.jpg 655w, https:\/\/www.wallendorff.com\/belogue\/wp-content\/uploads\/2018\/11\/20181129-03-600x400.jpg 600w\" sizes=\"(max-width: 1170px) 100vw, 1170px\" \/><\/a>\n\t\t\t<\/div>\n\t\t\t\t<figcaption class='wp-caption-text gallery-caption' id='gallery-1-40577'>\n\t\t\t\tInterpol @ Forest National, Bruxelles, 28\/11\/2018\n\t\t\t\t<\/figcaption><\/figure><figure class='gallery-item'>\n\t\t\t<div class='gallery-icon landscape'>\n\t\t\t\t<a href='https:\/\/www.wallendorff.com\/belogue\/2018\/11\/29\/interpol-forest-national-bruxelles-28-novembre-2018\/interpol-forest-national-bruxelles-28-11-2018-4\/'><img loading=\"lazy\" decoding=\"async\" width=\"1170\" height=\"780\" src=\"https:\/\/www.wallendorff.com\/belogue\/wp-content\/uploads\/2018\/11\/20181129-04-1170x780.jpg\" class=\"attachment-large size-large\" alt=\"\" aria-describedby=\"gallery-1-40578\" srcset=\"https:\/\/www.wallendorff.com\/belogue\/wp-content\/uploads\/2018\/11\/20181129-04.jpg 1170w, https:\/\/www.wallendorff.com\/belogue\/wp-content\/uploads\/2018\/11\/20181129-04-820x547.jpg 820w, https:\/\/www.wallendorff.com\/belogue\/wp-content\/uploads\/2018\/11\/20181129-04-200x133.jpg 200w, https:\/\/www.wallendorff.com\/belogue\/wp-content\/uploads\/2018\/11\/20181129-04-300x200.jpg 300w, https:\/\/www.wallendorff.com\/belogue\/wp-content\/uploads\/2018\/11\/20181129-04-1116x744.jpg 1116w, https:\/\/www.wallendorff.com\/belogue\/wp-content\/uploads\/2018\/11\/20181129-04-806x537.jpg 806w, https:\/\/www.wallendorff.com\/belogue\/wp-content\/uploads\/2018\/11\/20181129-04-558x372.jpg 558w, https:\/\/www.wallendorff.com\/belogue\/wp-content\/uploads\/2018\/11\/20181129-04-655x437.jpg 655w, https:\/\/www.wallendorff.com\/belogue\/wp-content\/uploads\/2018\/11\/20181129-04-600x400.jpg 600w\" sizes=\"(max-width: 1170px) 100vw, 1170px\" \/><\/a>\n\t\t\t<\/div>\n\t\t\t\t<figcaption class='wp-caption-text gallery-caption' id='gallery-1-40578'>\n\t\t\t\tInterpol @ Forest National, Bruxelles, 28\/11\/2018\n\t\t\t\t<\/figcaption><\/figure><figure class='gallery-item'>\n\t\t\t<div class='gallery-icon landscape'>\n\t\t\t\t<a href='https:\/\/www.wallendorff.com\/belogue\/2018\/11\/29\/interpol-forest-national-bruxelles-28-novembre-2018\/interpol-forest-national-bruxelles-28-11-2018-5\/'><img loading=\"lazy\" decoding=\"async\" width=\"1170\" height=\"780\" src=\"https:\/\/www.wallendorff.com\/belogue\/wp-content\/uploads\/2018\/11\/20181129-05-1170x780.jpg\" class=\"attachment-large size-large\" alt=\"\" aria-describedby=\"gallery-1-40579\" srcset=\"https:\/\/www.wallendorff.com\/belogue\/wp-content\/uploads\/2018\/11\/20181129-05.jpg 1170w, https:\/\/www.wallendorff.com\/belogue\/wp-content\/uploads\/2018\/11\/20181129-05-820x547.jpg 820w, https:\/\/www.wallendorff.com\/belogue\/wp-content\/uploads\/2018\/11\/20181129-05-200x133.jpg 200w, https:\/\/www.wallendorff.com\/belogue\/wp-content\/uploads\/2018\/11\/20181129-05-300x200.jpg 300w, https:\/\/www.wallendorff.com\/belogue\/wp-content\/uploads\/2018\/11\/20181129-05-1116x744.jpg 1116w, https:\/\/www.wallendorff.com\/belogue\/wp-content\/uploads\/2018\/11\/20181129-05-806x537.jpg 806w, https:\/\/www.wallendorff.com\/belogue\/wp-content\/uploads\/2018\/11\/20181129-05-558x372.jpg 558w, https:\/\/www.wallendorff.com\/belogue\/wp-content\/uploads\/2018\/11\/20181129-05-655x437.jpg 655w, https:\/\/www.wallendorff.com\/belogue\/wp-content\/uploads\/2018\/11\/20181129-05-600x400.jpg 600w\" sizes=\"(max-width: 1170px) 100vw, 1170px\" \/><\/a>\n\t\t\t<\/div>\n\t\t\t\t<figcaption class='wp-caption-text gallery-caption' id='gallery-1-40579'>\n\t\t\t\tInterpol @ Forest National, Bruxelles, 28\/11\/2018\n\t\t\t\t<\/figcaption><\/figure><figure class='gallery-item'>\n\t\t\t<div class='gallery-icon landscape'>\n\t\t\t\t<a href='https:\/\/www.wallendorff.com\/belogue\/2018\/11\/29\/interpol-forest-national-bruxelles-28-novembre-2018\/interpol-forest-national-bruxelles-28-11-2018-6\/'><img loading=\"lazy\" decoding=\"async\" width=\"1170\" height=\"780\" src=\"https:\/\/www.wallendorff.com\/belogue\/wp-content\/uploads\/2018\/11\/20181129-06-1170x780.jpg\" class=\"attachment-large size-large\" alt=\"\" aria-describedby=\"gallery-1-40580\" srcset=\"https:\/\/www.wallendorff.com\/belogue\/wp-content\/uploads\/2018\/11\/20181129-06.jpg 1170w, https:\/\/www.wallendorff.com\/belogue\/wp-content\/uploads\/2018\/11\/20181129-06-820x547.jpg 820w, https:\/\/www.wallendorff.com\/belogue\/wp-content\/uploads\/2018\/11\/20181129-06-200x133.jpg 200w, https:\/\/www.wallendorff.com\/belogue\/wp-content\/uploads\/2018\/11\/20181129-06-300x200.jpg 300w, https:\/\/www.wallendorff.com\/belogue\/wp-content\/uploads\/2018\/11\/20181129-06-1116x744.jpg 1116w, https:\/\/www.wallendorff.com\/belogue\/wp-content\/uploads\/2018\/11\/20181129-06-806x537.jpg 806w, https:\/\/www.wallendorff.com\/belogue\/wp-content\/uploads\/2018\/11\/20181129-06-558x372.jpg 558w, https:\/\/www.wallendorff.com\/belogue\/wp-content\/uploads\/2018\/11\/20181129-06-655x437.jpg 655w, https:\/\/www.wallendorff.com\/belogue\/wp-content\/uploads\/2018\/11\/20181129-06-600x400.jpg 600w\" sizes=\"(max-width: 1170px) 100vw, 1170px\" \/><\/a>\n\t\t\t<\/div>\n\t\t\t\t<figcaption class='wp-caption-text gallery-caption' id='gallery-1-40580'>\n\t\t\t\tInterpol @ Forest National, Bruxelles, 28\/11\/2018\n\t\t\t\t<\/figcaption><\/figure><figure class='gallery-item'>\n\t\t\t<div class='gallery-icon landscape'>\n\t\t\t\t<a href='https:\/\/www.wallendorff.com\/belogue\/2018\/11\/29\/interpol-forest-national-bruxelles-28-novembre-2018\/interpol-forest-national-bruxelles-28-11-2018-7\/'><img loading=\"lazy\" decoding=\"async\" width=\"1170\" height=\"780\" src=\"https:\/\/www.wallendorff.com\/belogue\/wp-content\/uploads\/2018\/11\/20181129-07-1170x780.jpg\" class=\"attachment-large size-large\" alt=\"\" aria-describedby=\"gallery-1-40581\" srcset=\"https:\/\/www.wallendorff.com\/belogue\/wp-content\/uploads\/2018\/11\/20181129-07.jpg 1170w, https:\/\/www.wallendorff.com\/belogue\/wp-content\/uploads\/2018\/11\/20181129-07-820x547.jpg 820w, https:\/\/www.wallendorff.com\/belogue\/wp-content\/uploads\/2018\/11\/20181129-07-200x133.jpg 200w, https:\/\/www.wallendorff.com\/belogue\/wp-content\/uploads\/2018\/11\/20181129-07-300x200.jpg 300w, https:\/\/www.wallendorff.com\/belogue\/wp-content\/uploads\/2018\/11\/20181129-07-1116x744.jpg 1116w, https:\/\/www.wallendorff.com\/belogue\/wp-content\/uploads\/2018\/11\/20181129-07-806x537.jpg 806w, https:\/\/www.wallendorff.com\/belogue\/wp-content\/uploads\/2018\/11\/20181129-07-558x372.jpg 558w, https:\/\/www.wallendorff.com\/belogue\/wp-content\/uploads\/2018\/11\/20181129-07-655x437.jpg 655w, https:\/\/www.wallendorff.com\/belogue\/wp-content\/uploads\/2018\/11\/20181129-07-600x400.jpg 600w\" sizes=\"(max-width: 1170px) 100vw, 1170px\" \/><\/a>\n\t\t\t<\/div>\n\t\t\t\t<figcaption class='wp-caption-text gallery-caption' id='gallery-1-40581'>\n\t\t\t\tInterpol @ Forest National, Bruxelles, 28\/11\/2018\n\t\t\t\t<\/figcaption><\/figure><figure class='gallery-item'>\n\t\t\t<div class='gallery-icon landscape'>\n\t\t\t\t<a href='https:\/\/www.wallendorff.com\/belogue\/2018\/11\/29\/interpol-forest-national-bruxelles-28-novembre-2018\/interpol-forest-national-bruxelles-28-11-2018-8\/'><img loading=\"lazy\" decoding=\"async\" width=\"1170\" height=\"780\" src=\"https:\/\/www.wallendorff.com\/belogue\/wp-content\/uploads\/2018\/11\/20181129-08-1170x780.jpg\" class=\"attachment-large size-large\" alt=\"\" aria-describedby=\"gallery-1-40582\" srcset=\"https:\/\/www.wallendorff.com\/belogue\/wp-content\/uploads\/2018\/11\/20181129-08.jpg 1170w, https:\/\/www.wallendorff.com\/belogue\/wp-content\/uploads\/2018\/11\/20181129-08-820x547.jpg 820w, https:\/\/www.wallendorff.com\/belogue\/wp-content\/uploads\/2018\/11\/20181129-08-200x133.jpg 200w, https:\/\/www.wallendorff.com\/belogue\/wp-content\/uploads\/2018\/11\/20181129-08-300x200.jpg 300w, https:\/\/www.wallendorff.com\/belogue\/wp-content\/uploads\/2018\/11\/20181129-08-1116x744.jpg 1116w, https:\/\/www.wallendorff.com\/belogue\/wp-content\/uploads\/2018\/11\/20181129-08-806x537.jpg 806w, https:\/\/www.wallendorff.com\/belogue\/wp-content\/uploads\/2018\/11\/20181129-08-558x372.jpg 558w, https:\/\/www.wallendorff.com\/belogue\/wp-content\/uploads\/2018\/11\/20181129-08-655x437.jpg 655w, https:\/\/www.wallendorff.com\/belogue\/wp-content\/uploads\/2018\/11\/20181129-08-600x400.jpg 600w\" sizes=\"(max-width: 1170px) 100vw, 1170px\" \/><\/a>\n\t\t\t<\/div>\n\t\t\t\t<figcaption class='wp-caption-text gallery-caption' id='gallery-1-40582'>\n\t\t\t\tInterpol @ Forest National, Bruxelles, 28\/11\/2018\n\t\t\t\t<\/figcaption><\/figure><figure class='gallery-item'>\n\t\t\t<div class='gallery-icon landscape'>\n\t\t\t\t<a href='https:\/\/www.wallendorff.com\/belogue\/2018\/11\/29\/interpol-forest-national-bruxelles-28-novembre-2018\/interpol-forest-national-bruxelles-28-11-2018-9\/'><img loading=\"lazy\" decoding=\"async\" width=\"1170\" height=\"780\" src=\"https:\/\/www.wallendorff.com\/belogue\/wp-content\/uploads\/2018\/11\/20181129-09-1170x780.jpg\" class=\"attachment-large size-large\" alt=\"\" aria-describedby=\"gallery-1-40583\" srcset=\"https:\/\/www.wallendorff.com\/belogue\/wp-content\/uploads\/2018\/11\/20181129-09.jpg 1170w, https:\/\/www.wallendorff.com\/belogue\/wp-content\/uploads\/2018\/11\/20181129-09-820x547.jpg 820w, https:\/\/www.wallendorff.com\/belogue\/wp-content\/uploads\/2018\/11\/20181129-09-200x133.jpg 200w, https:\/\/www.wallendorff.com\/belogue\/wp-content\/uploads\/2018\/11\/20181129-09-300x200.jpg 300w, https:\/\/www.wallendorff.com\/belogue\/wp-content\/uploads\/2018\/11\/20181129-09-1116x744.jpg 1116w, https:\/\/www.wallendorff.com\/belogue\/wp-content\/uploads\/2018\/11\/20181129-09-806x537.jpg 806w, https:\/\/www.wallendorff.com\/belogue\/wp-content\/uploads\/2018\/11\/20181129-09-558x372.jpg 558w, https:\/\/www.wallendorff.com\/belogue\/wp-content\/uploads\/2018\/11\/20181129-09-655x437.jpg 655w, https:\/\/www.wallendorff.com\/belogue\/wp-content\/uploads\/2018\/11\/20181129-09-600x400.jpg 600w\" sizes=\"(max-width: 1170px) 100vw, 1170px\" \/><\/a>\n\t\t\t<\/div>\n\t\t\t\t<figcaption class='wp-caption-text gallery-caption' id='gallery-1-40583'>\n\t\t\t\tInterpol @ Forest National, Bruxelles, 28\/11\/2018\n\t\t\t\t<\/figcaption><\/figure><figure class='gallery-item'>\n\t\t\t<div class='gallery-icon landscape'>\n\t\t\t\t<a href='https:\/\/www.wallendorff.com\/belogue\/2018\/11\/29\/interpol-forest-national-bruxelles-28-novembre-2018\/interpol-forest-national-bruxelles-28-11-2018-10\/'><img loading=\"lazy\" decoding=\"async\" width=\"1170\" height=\"780\" src=\"https:\/\/www.wallendorff.com\/belogue\/wp-content\/uploads\/2018\/11\/20181129-10-1170x780.jpg\" class=\"attachment-large size-large\" alt=\"\" aria-describedby=\"gallery-1-40584\" srcset=\"https:\/\/www.wallendorff.com\/belogue\/wp-content\/uploads\/2018\/11\/20181129-10.jpg 1170w, https:\/\/www.wallendorff.com\/belogue\/wp-content\/uploads\/2018\/11\/20181129-10-820x547.jpg 820w, https:\/\/www.wallendorff.com\/belogue\/wp-content\/uploads\/2018\/11\/20181129-10-200x133.jpg 200w, https:\/\/www.wallendorff.com\/belogue\/wp-content\/uploads\/2018\/11\/20181129-10-300x200.jpg 300w, https:\/\/www.wallendorff.com\/belogue\/wp-content\/uploads\/2018\/11\/20181129-10-1116x744.jpg 1116w, https:\/\/www.wallendorff.com\/belogue\/wp-content\/uploads\/2018\/11\/20181129-10-806x537.jpg 806w, https:\/\/www.wallendorff.com\/belogue\/wp-content\/uploads\/2018\/11\/20181129-10-558x372.jpg 558w, https:\/\/www.wallendorff.com\/belogue\/wp-content\/uploads\/2018\/11\/20181129-10-655x437.jpg 655w, https:\/\/www.wallendorff.com\/belogue\/wp-content\/uploads\/2018\/11\/20181129-10-600x400.jpg 600w\" sizes=\"(max-width: 1170px) 100vw, 1170px\" \/><\/a>\n\t\t\t<\/div>\n\t\t\t\t<figcaption class='wp-caption-text gallery-caption' id='gallery-1-40584'>\n\t\t\t\tInterpol @ Forest National, Bruxelles, 28\/11\/2018\n\t\t\t\t<\/figcaption><\/figure><figure class='gallery-item'>\n\t\t\t<div class='gallery-icon landscape'>\n\t\t\t\t<a href='https:\/\/www.wallendorff.com\/belogue\/2018\/11\/29\/interpol-forest-national-bruxelles-28-novembre-2018\/interpol-forest-national-bruxelles-28-11-2018-11\/'><img loading=\"lazy\" decoding=\"async\" width=\"1170\" height=\"780\" src=\"https:\/\/www.wallendorff.com\/belogue\/wp-content\/uploads\/2018\/11\/20181129-11-1170x780.jpg\" class=\"attachment-large size-large\" alt=\"\" aria-describedby=\"gallery-1-40585\" srcset=\"https:\/\/www.wallendorff.com\/belogue\/wp-content\/uploads\/2018\/11\/20181129-11.jpg 1170w, https:\/\/www.wallendorff.com\/belogue\/wp-content\/uploads\/2018\/11\/20181129-11-820x547.jpg 820w, https:\/\/www.wallendorff.com\/belogue\/wp-content\/uploads\/2018\/11\/20181129-11-200x133.jpg 200w, https:\/\/www.wallendorff.com\/belogue\/wp-content\/uploads\/2018\/11\/20181129-11-300x200.jpg 300w, https:\/\/www.wallendorff.com\/belogue\/wp-content\/uploads\/2018\/11\/20181129-11-1116x744.jpg 1116w, https:\/\/www.wallendorff.com\/belogue\/wp-content\/uploads\/2018\/11\/20181129-11-806x537.jpg 806w, https:\/\/www.wallendorff.com\/belogue\/wp-content\/uploads\/2018\/11\/20181129-11-558x372.jpg 558w, https:\/\/www.wallendorff.com\/belogue\/wp-content\/uploads\/2018\/11\/20181129-11-655x437.jpg 655w, https:\/\/www.wallendorff.com\/belogue\/wp-content\/uploads\/2018\/11\/20181129-11-600x400.jpg 600w\" sizes=\"(max-width: 1170px) 100vw, 1170px\" \/><\/a>\n\t\t\t<\/div>\n\t\t\t\t<figcaption class='wp-caption-text gallery-caption' id='gallery-1-40585'>\n\t\t\t\tInterpol @ Forest National, Bruxelles, 28\/11\/2018\n\t\t\t\t<\/figcaption><\/figure><figure class='gallery-item'>\n\t\t\t<div class='gallery-icon landscape'>\n\t\t\t\t<a href='https:\/\/www.wallendorff.com\/belogue\/2018\/11\/29\/interpol-forest-national-bruxelles-28-novembre-2018\/interpol-forest-national-bruxelles-28-11-2018-12\/'><img loading=\"lazy\" decoding=\"async\" width=\"1170\" height=\"780\" src=\"https:\/\/www.wallendorff.com\/belogue\/wp-content\/uploads\/2018\/11\/20181129-12-1170x780.jpg\" class=\"attachment-large size-large\" alt=\"\" aria-describedby=\"gallery-1-40586\" srcset=\"https:\/\/www.wallendorff.com\/belogue\/wp-content\/uploads\/2018\/11\/20181129-12.jpg 1170w, https:\/\/www.wallendorff.com\/belogue\/wp-content\/uploads\/2018\/11\/20181129-12-820x547.jpg 820w, https:\/\/www.wallendorff.com\/belogue\/wp-content\/uploads\/2018\/11\/20181129-12-200x133.jpg 200w, https:\/\/www.wallendorff.com\/belogue\/wp-content\/uploads\/2018\/11\/20181129-12-300x200.jpg 300w, https:\/\/www.wallendorff.com\/belogue\/wp-content\/uploads\/2018\/11\/20181129-12-1116x744.jpg 1116w, https:\/\/www.wallendorff.com\/belogue\/wp-content\/uploads\/2018\/11\/20181129-12-806x537.jpg 806w, https:\/\/www.wallendorff.com\/belogue\/wp-content\/uploads\/2018\/11\/20181129-12-558x372.jpg 558w, https:\/\/www.wallendorff.com\/belogue\/wp-content\/uploads\/2018\/11\/20181129-12-655x437.jpg 655w, https:\/\/www.wallendorff.com\/belogue\/wp-content\/uploads\/2018\/11\/20181129-12-600x400.jpg 600w\" sizes=\"(max-width: 1170px) 100vw, 1170px\" \/><\/a>\n\t\t\t<\/div>\n\t\t\t\t<figcaption class='wp-caption-text gallery-caption' id='gallery-1-40586'>\n\t\t\t\tInterpol @ Forest National, Bruxelles, 28\/11\/2018\n\t\t\t\t<\/figcaption><\/figure><figure class='gallery-item'>\n\t\t\t<div class='gallery-icon landscape'>\n\t\t\t\t<a href='https:\/\/www.wallendorff.com\/belogue\/2018\/11\/29\/interpol-forest-national-bruxelles-28-novembre-2018\/interpol-forest-national-bruxelles-28-11-2018-13\/'><img loading=\"lazy\" decoding=\"async\" width=\"1170\" height=\"780\" src=\"https:\/\/www.wallendorff.com\/belogue\/wp-content\/uploads\/2018\/11\/20181129-13-1170x780.jpg\" class=\"attachment-large size-large\" alt=\"\" aria-describedby=\"gallery-1-40587\" srcset=\"https:\/\/www.wallendorff.com\/belogue\/wp-content\/uploads\/2018\/11\/20181129-13.jpg 1170w, https:\/\/www.wallendorff.com\/belogue\/wp-content\/uploads\/2018\/11\/20181129-13-820x547.jpg 820w, https:\/\/www.wallendorff.com\/belogue\/wp-content\/uploads\/2018\/11\/20181129-13-200x133.jpg 200w, https:\/\/www.wallendorff.com\/belogue\/wp-content\/uploads\/2018\/11\/20181129-13-300x200.jpg 300w, https:\/\/www.wallendorff.com\/belogue\/wp-content\/uploads\/2018\/11\/20181129-13-1116x744.jpg 1116w, https:\/\/www.wallendorff.com\/belogue\/wp-content\/uploads\/2018\/11\/20181129-13-806x537.jpg 806w, https:\/\/www.wallendorff.com\/belogue\/wp-content\/uploads\/2018\/11\/20181129-13-558x372.jpg 558w, https:\/\/www.wallendorff.com\/belogue\/wp-content\/uploads\/2018\/11\/20181129-13-655x437.jpg 655w, https:\/\/www.wallendorff.com\/belogue\/wp-content\/uploads\/2018\/11\/20181129-13-600x400.jpg 600w\" sizes=\"(max-width: 1170px) 100vw, 1170px\" \/><\/a>\n\t\t\t<\/div>\n\t\t\t\t<figcaption class='wp-caption-text gallery-caption' id='gallery-1-40587'>\n\t\t\t\tInterpol @ Forest National, Bruxelles, 28\/11\/2018\n\t\t\t\t<\/figcaption><\/figure><figure class='gallery-item'>\n\t\t\t<div class='gallery-icon landscape'>\n\t\t\t\t<a href='https:\/\/www.wallendorff.com\/belogue\/2018\/11\/29\/interpol-forest-national-bruxelles-28-novembre-2018\/interpol-forest-national-bruxelles-28-11-2018-14\/'><img loading=\"lazy\" decoding=\"async\" width=\"1170\" height=\"780\" src=\"https:\/\/www.wallendorff.com\/belogue\/wp-content\/uploads\/2018\/11\/20181129-14-1170x780.jpg\" class=\"attachment-large size-large\" alt=\"\" aria-describedby=\"gallery-1-40588\" srcset=\"https:\/\/www.wallendorff.com\/belogue\/wp-content\/uploads\/2018\/11\/20181129-14.jpg 1170w, https:\/\/www.wallendorff.com\/belogue\/wp-content\/uploads\/2018\/11\/20181129-14-820x547.jpg 820w, https:\/\/www.wallendorff.com\/belogue\/wp-content\/uploads\/2018\/11\/20181129-14-200x133.jpg 200w, https:\/\/www.wallendorff.com\/belogue\/wp-content\/uploads\/2018\/11\/20181129-14-300x200.jpg 300w, https:\/\/www.wallendorff.com\/belogue\/wp-content\/uploads\/2018\/11\/20181129-14-1116x744.jpg 1116w, https:\/\/www.wallendorff.com\/belogue\/wp-content\/uploads\/2018\/11\/20181129-14-806x537.jpg 806w, https:\/\/www.wallendorff.com\/belogue\/wp-content\/uploads\/2018\/11\/20181129-14-558x372.jpg 558w, https:\/\/www.wallendorff.com\/belogue\/wp-content\/uploads\/2018\/11\/20181129-14-655x437.jpg 655w, https:\/\/www.wallendorff.com\/belogue\/wp-content\/uploads\/2018\/11\/20181129-14-600x400.jpg 600w\" sizes=\"(max-width: 1170px) 100vw, 1170px\" \/><\/a>\n\t\t\t<\/div>\n\t\t\t\t<figcaption class='wp-caption-text gallery-caption' id='gallery-1-40588'>\n\t\t\t\tInterpol @ Forest National, Bruxelles, 28\/11\/2018\n\t\t\t\t<\/figcaption><\/figure><figure class='gallery-item'>\n\t\t\t<div class='gallery-icon landscape'>\n\t\t\t\t<a href='https:\/\/www.wallendorff.com\/belogue\/2018\/11\/29\/interpol-forest-national-bruxelles-28-novembre-2018\/interpol-forest-national-bruxelles-28-11-2018-15\/'><img loading=\"lazy\" decoding=\"async\" width=\"1170\" height=\"780\" src=\"https:\/\/www.wallendorff.com\/belogue\/wp-content\/uploads\/2018\/11\/20181129-15-1170x780.jpg\" class=\"attachment-large size-large\" alt=\"\" aria-describedby=\"gallery-1-40589\" srcset=\"https:\/\/www.wallendorff.com\/belogue\/wp-content\/uploads\/2018\/11\/20181129-15.jpg 1170w, https:\/\/www.wallendorff.com\/belogue\/wp-content\/uploads\/2018\/11\/20181129-15-820x547.jpg 820w, https:\/\/www.wallendorff.com\/belogue\/wp-content\/uploads\/2018\/11\/20181129-15-200x133.jpg 200w, https:\/\/www.wallendorff.com\/belogue\/wp-content\/uploads\/2018\/11\/20181129-15-300x200.jpg 300w, https:\/\/www.wallendorff.com\/belogue\/wp-content\/uploads\/2018\/11\/20181129-15-1116x744.jpg 1116w, https:\/\/www.wallendorff.com\/belogue\/wp-content\/uploads\/2018\/11\/20181129-15-806x537.jpg 806w, https:\/\/www.wallendorff.com\/belogue\/wp-content\/uploads\/2018\/11\/20181129-15-558x372.jpg 558w, https:\/\/www.wallendorff.com\/belogue\/wp-content\/uploads\/2018\/11\/20181129-15-655x437.jpg 655w, https:\/\/www.wallendorff.com\/belogue\/wp-content\/uploads\/2018\/11\/20181129-15-600x400.jpg 600w\" sizes=\"(max-width: 1170px) 100vw, 1170px\" \/><\/a>\n\t\t\t<\/div>\n\t\t\t\t<figcaption class='wp-caption-text gallery-caption' id='gallery-1-40589'>\n\t\t\t\tInterpol @ Forest National, Bruxelles, 28\/11\/2018\n\t\t\t\t<\/figcaption><\/figure><figure class='gallery-item'>\n\t\t\t<div class='gallery-icon landscape'>\n\t\t\t\t<a href='https:\/\/www.wallendorff.com\/belogue\/2018\/11\/29\/interpol-forest-national-bruxelles-28-novembre-2018\/interpol-forest-national-bruxelles-28-11-2018-16\/'><img loading=\"lazy\" decoding=\"async\" width=\"1170\" height=\"780\" src=\"https:\/\/www.wallendorff.com\/belogue\/wp-content\/uploads\/2018\/11\/20181129-16-1170x780.jpg\" class=\"attachment-large size-large\" alt=\"\" aria-describedby=\"gallery-1-40590\" srcset=\"https:\/\/www.wallendorff.com\/belogue\/wp-content\/uploads\/2018\/11\/20181129-16.jpg 1170w, https:\/\/www.wallendorff.com\/belogue\/wp-content\/uploads\/2018\/11\/20181129-16-820x547.jpg 820w, https:\/\/www.wallendorff.com\/belogue\/wp-content\/uploads\/2018\/11\/20181129-16-200x133.jpg 200w, https:\/\/www.wallendorff.com\/belogue\/wp-content\/uploads\/2018\/11\/20181129-16-300x200.jpg 300w, https:\/\/www.wallendorff.com\/belogue\/wp-content\/uploads\/2018\/11\/20181129-16-1116x744.jpg 1116w, https:\/\/www.wallendorff.com\/belogue\/wp-content\/uploads\/2018\/11\/20181129-16-806x537.jpg 806w, https:\/\/www.wallendorff.com\/belogue\/wp-content\/uploads\/2018\/11\/20181129-16-558x372.jpg 558w, https:\/\/www.wallendorff.com\/belogue\/wp-content\/uploads\/2018\/11\/20181129-16-655x437.jpg 655w, https:\/\/www.wallendorff.com\/belogue\/wp-content\/uploads\/2018\/11\/20181129-16-600x400.jpg 600w\" sizes=\"(max-width: 1170px) 100vw, 1170px\" \/><\/a>\n\t\t\t<\/div>\n\t\t\t\t<figcaption class='wp-caption-text gallery-caption' id='gallery-1-40590'>\n\t\t\t\tInterpol @ Forest National, Bruxelles, 28\/11\/2018\n\t\t\t\t<\/figcaption><\/figure><figure class='gallery-item'>\n\t\t\t<div class='gallery-icon landscape'>\n\t\t\t\t<a href='https:\/\/www.wallendorff.com\/belogue\/2018\/11\/29\/interpol-forest-national-bruxelles-28-novembre-2018\/interpol-forest-national-bruxelles-28-11-2018-17\/'><img loading=\"lazy\" decoding=\"async\" width=\"1170\" height=\"780\" src=\"https:\/\/www.wallendorff.com\/belogue\/wp-content\/uploads\/2018\/11\/20181129-17-1170x780.jpg\" class=\"attachment-large size-large\" alt=\"\" aria-describedby=\"gallery-1-40591\" srcset=\"https:\/\/www.wallendorff.com\/belogue\/wp-content\/uploads\/2018\/11\/20181129-17.jpg 1170w, https:\/\/www.wallendorff.com\/belogue\/wp-content\/uploads\/2018\/11\/20181129-17-820x547.jpg 820w, https:\/\/www.wallendorff.com\/belogue\/wp-content\/uploads\/2018\/11\/20181129-17-200x133.jpg 200w, https:\/\/www.wallendorff.com\/belogue\/wp-content\/uploads\/2018\/11\/20181129-17-300x200.jpg 300w, https:\/\/www.wallendorff.com\/belogue\/wp-content\/uploads\/2018\/11\/20181129-17-1116x744.jpg 1116w, https:\/\/www.wallendorff.com\/belogue\/wp-content\/uploads\/2018\/11\/20181129-17-806x537.jpg 806w, https:\/\/www.wallendorff.com\/belogue\/wp-content\/uploads\/2018\/11\/20181129-17-558x372.jpg 558w, https:\/\/www.wallendorff.com\/belogue\/wp-content\/uploads\/2018\/11\/20181129-17-655x437.jpg 655w, https:\/\/www.wallendorff.com\/belogue\/wp-content\/uploads\/2018\/11\/20181129-17-600x400.jpg 600w\" sizes=\"(max-width: 1170px) 100vw, 1170px\" \/><\/a>\n\t\t\t<\/div>\n\t\t\t\t<figcaption class='wp-caption-text gallery-caption' id='gallery-1-40591'>\n\t\t\t\tInterpol @ Forest National, Bruxelles, 28\/11\/2018\n\t\t\t\t<\/figcaption><\/figure><figure class='gallery-item'>\n\t\t\t<div class='gallery-icon landscape'>\n\t\t\t\t<a href='https:\/\/www.wallendorff.com\/belogue\/2018\/11\/29\/interpol-forest-national-bruxelles-28-novembre-2018\/interpol-forest-national-bruxelles-28-11-2018-18\/'><img loading=\"lazy\" decoding=\"async\" width=\"1170\" height=\"780\" src=\"https:\/\/www.wallendorff.com\/belogue\/wp-content\/uploads\/2018\/11\/20181129-18-1170x780.jpg\" class=\"attachment-large size-large\" alt=\"\" aria-describedby=\"gallery-1-40592\" srcset=\"https:\/\/www.wallendorff.com\/belogue\/wp-content\/uploads\/2018\/11\/20181129-18.jpg 1170w, https:\/\/www.wallendorff.com\/belogue\/wp-content\/uploads\/2018\/11\/20181129-18-820x547.jpg 820w, https:\/\/www.wallendorff.com\/belogue\/wp-content\/uploads\/2018\/11\/20181129-18-200x133.jpg 200w, https:\/\/www.wallendorff.com\/belogue\/wp-content\/uploads\/2018\/11\/20181129-18-300x200.jpg 300w, https:\/\/www.wallendorff.com\/belogue\/wp-content\/uploads\/2018\/11\/20181129-18-1116x744.jpg 1116w, https:\/\/www.wallendorff.com\/belogue\/wp-content\/uploads\/2018\/11\/20181129-18-806x537.jpg 806w, https:\/\/www.wallendorff.com\/belogue\/wp-content\/uploads\/2018\/11\/20181129-18-558x372.jpg 558w, https:\/\/www.wallendorff.com\/belogue\/wp-content\/uploads\/2018\/11\/20181129-18-655x437.jpg 655w, https:\/\/www.wallendorff.com\/belogue\/wp-content\/uploads\/2018\/11\/20181129-18-600x400.jpg 600w\" sizes=\"(max-width: 1170px) 100vw, 1170px\" \/><\/a>\n\t\t\t<\/div>\n\t\t\t\t<figcaption class='wp-caption-text gallery-caption' id='gallery-1-40592'>\n\t\t\t\tInterpol @ Forest National, Bruxelles, 28\/11\/2018\n\t\t\t\t<\/figcaption><\/figure><figure class='gallery-item'>\n\t\t\t<div class='gallery-icon landscape'>\n\t\t\t\t<a href='https:\/\/www.wallendorff.com\/belogue\/2018\/11\/29\/interpol-forest-national-bruxelles-28-novembre-2018\/interpol-forest-national-bruxelles-28-11-2018-19\/'><img loading=\"lazy\" decoding=\"async\" width=\"1170\" height=\"780\" src=\"https:\/\/www.wallendorff.com\/belogue\/wp-content\/uploads\/2018\/11\/20181129-19-1170x780.jpg\" class=\"attachment-large size-large\" alt=\"\" aria-describedby=\"gallery-1-40593\" srcset=\"https:\/\/www.wallendorff.com\/belogue\/wp-content\/uploads\/2018\/11\/20181129-19.jpg 1170w, https:\/\/www.wallendorff.com\/belogue\/wp-content\/uploads\/2018\/11\/20181129-19-820x547.jpg 820w, https:\/\/www.wallendorff.com\/belogue\/wp-content\/uploads\/2018\/11\/20181129-19-200x133.jpg 200w, https:\/\/www.wallendorff.com\/belogue\/wp-content\/uploads\/2018\/11\/20181129-19-300x200.jpg 300w, https:\/\/www.wallendorff.com\/belogue\/wp-content\/uploads\/2018\/11\/20181129-19-1116x744.jpg 1116w, https:\/\/www.wallendorff.com\/belogue\/wp-content\/uploads\/2018\/11\/20181129-19-806x537.jpg 806w, https:\/\/www.wallendorff.com\/belogue\/wp-content\/uploads\/2018\/11\/20181129-19-558x372.jpg 558w, https:\/\/www.wallendorff.com\/belogue\/wp-content\/uploads\/2018\/11\/20181129-19-655x437.jpg 655w, https:\/\/www.wallendorff.com\/belogue\/wp-content\/uploads\/2018\/11\/20181129-19-600x400.jpg 600w\" sizes=\"(max-width: 1170px) 100vw, 1170px\" \/><\/a>\n\t\t\t<\/div>\n\t\t\t\t<figcaption class='wp-caption-text gallery-caption' id='gallery-1-40593'>\n\t\t\t\tInterpol @ Forest National, Bruxelles, 28\/11\/2018\n\t\t\t\t<\/figcaption><\/figure><figure class='gallery-item'>\n\t\t\t<div class='gallery-icon landscape'>\n\t\t\t\t<a href='https:\/\/www.wallendorff.com\/belogue\/2018\/11\/29\/interpol-forest-national-bruxelles-28-novembre-2018\/interpol-forest-national-bruxelles-28-11-2018-20\/'><img loading=\"lazy\" decoding=\"async\" width=\"1170\" height=\"780\" src=\"https:\/\/www.wallendorff.com\/belogue\/wp-content\/uploads\/2018\/11\/20181129-20-1170x780.jpg\" class=\"attachment-large size-large\" alt=\"\" aria-describedby=\"gallery-1-40594\" srcset=\"https:\/\/www.wallendorff.com\/belogue\/wp-content\/uploads\/2018\/11\/20181129-20.jpg 1170w, https:\/\/www.wallendorff.com\/belogue\/wp-content\/uploads\/2018\/11\/20181129-20-820x547.jpg 820w, https:\/\/www.wallendorff.com\/belogue\/wp-content\/uploads\/2018\/11\/20181129-20-200x133.jpg 200w, https:\/\/www.wallendorff.com\/belogue\/wp-content\/uploads\/2018\/11\/20181129-20-300x200.jpg 300w, https:\/\/www.wallendorff.com\/belogue\/wp-content\/uploads\/2018\/11\/20181129-20-1116x744.jpg 1116w, https:\/\/www.wallendorff.com\/belogue\/wp-content\/uploads\/2018\/11\/20181129-20-806x537.jpg 806w, https:\/\/www.wallendorff.com\/belogue\/wp-content\/uploads\/2018\/11\/20181129-20-558x372.jpg 558w, https:\/\/www.wallendorff.com\/belogue\/wp-content\/uploads\/2018\/11\/20181129-20-655x437.jpg 655w, https:\/\/www.wallendorff.com\/belogue\/wp-content\/uploads\/2018\/11\/20181129-20-600x400.jpg 600w\" sizes=\"(max-width: 1170px) 100vw, 1170px\" \/><\/a>\n\t\t\t<\/div>\n\t\t\t\t<figcaption class='wp-caption-text gallery-caption' id='gallery-1-40594'>\n\t\t\t\tInterpol @ Forest National, Bruxelles, 28\/11\/2018\n\t\t\t\t<\/figcaption><\/figure><figure class='gallery-item'>\n\t\t\t<div class='gallery-icon landscape'>\n\t\t\t\t<a href='https:\/\/www.wallendorff.com\/belogue\/2018\/11\/29\/interpol-forest-national-bruxelles-28-novembre-2018\/interpol-forest-national-bruxelles-28-11-2018-21\/'><img loading=\"lazy\" decoding=\"async\" width=\"1170\" height=\"780\" src=\"https:\/\/www.wallendorff.com\/belogue\/wp-content\/uploads\/2018\/11\/20181129-21-1170x780.jpg\" class=\"attachment-large size-large\" alt=\"\" aria-describedby=\"gallery-1-40595\" srcset=\"https:\/\/www.wallendorff.com\/belogue\/wp-content\/uploads\/2018\/11\/20181129-21.jpg 1170w, https:\/\/www.wallendorff.com\/belogue\/wp-content\/uploads\/2018\/11\/20181129-21-820x547.jpg 820w, https:\/\/www.wallendorff.com\/belogue\/wp-content\/uploads\/2018\/11\/20181129-21-200x133.jpg 200w, https:\/\/www.wallendorff.com\/belogue\/wp-content\/uploads\/2018\/11\/20181129-21-300x200.jpg 300w, https:\/\/www.wallendorff.com\/belogue\/wp-content\/uploads\/2018\/11\/20181129-21-1116x744.jpg 1116w, https:\/\/www.wallendorff.com\/belogue\/wp-content\/uploads\/2018\/11\/20181129-21-806x537.jpg 806w, https:\/\/www.wallendorff.com\/belogue\/wp-content\/uploads\/2018\/11\/20181129-21-558x372.jpg 558w, https:\/\/www.wallendorff.com\/belogue\/wp-content\/uploads\/2018\/11\/20181129-21-655x437.jpg 655w, https:\/\/www.wallendorff.com\/belogue\/wp-content\/uploads\/2018\/11\/20181129-21-600x400.jpg 600w\" sizes=\"(max-width: 1170px) 100vw, 1170px\" \/><\/a>\n\t\t\t<\/div>\n\t\t\t\t<figcaption class='wp-caption-text gallery-caption' id='gallery-1-40595'>\n\t\t\t\tInterpol @ Forest National, Bruxelles, 28\/11\/2018\n\t\t\t\t<\/figcaption><\/figure><figure class='gallery-item'>\n\t\t\t<div class='gallery-icon portrait'>\n\t\t\t\t<a href='https:\/\/www.wallendorff.com\/belogue\/2018\/11\/29\/interpol-forest-national-bruxelles-28-novembre-2018\/interpol-forest-national-bruxelles-28-11-2018-22\/'><img loading=\"lazy\" decoding=\"async\" width=\"683\" height=\"1024\" src=\"https:\/\/www.wallendorff.com\/belogue\/wp-content\/uploads\/2018\/11\/20181129-22-683x1024.jpg\" class=\"attachment-large size-large\" alt=\"\" aria-describedby=\"gallery-1-40596\" srcset=\"https:\/\/www.wallendorff.com\/belogue\/wp-content\/uploads\/2018\/11\/20181129-22-683x1024.jpg 683w, https:\/\/www.wallendorff.com\/belogue\/wp-content\/uploads\/2018\/11\/20181129-22-133x200.jpg 133w, https:\/\/www.wallendorff.com\/belogue\/wp-content\/uploads\/2018\/11\/20181129-22-200x300.jpg 200w, https:\/\/www.wallendorff.com\/belogue\/wp-content\/uploads\/2018\/11\/20181129-22-558x837.jpg 558w, https:\/\/www.wallendorff.com\/belogue\/wp-content\/uploads\/2018\/11\/20181129-22-655x983.jpg 655w, https:\/\/www.wallendorff.com\/belogue\/wp-content\/uploads\/2018\/11\/20181129-22-600x900.jpg 600w, https:\/\/www.wallendorff.com\/belogue\/wp-content\/uploads\/2018\/11\/20181129-22.jpg 780w\" sizes=\"(max-width: 683px) 100vw, 683px\" \/><\/a>\n\t\t\t<\/div>\n\t\t\t\t<figcaption class='wp-caption-text gallery-caption' id='gallery-1-40596'>\n\t\t\t\tInterpol @ Forest National, Bruxelles, 28\/11\/2018\n\t\t\t\t<\/figcaption><\/figure><figure class='gallery-item'>\n\t\t\t<div class='gallery-icon landscape'>\n\t\t\t\t<a href='https:\/\/www.wallendorff.com\/belogue\/2018\/11\/29\/interpol-forest-national-bruxelles-28-novembre-2018\/interpol-forest-national-bruxelles-28-11-2018-23\/'><img loading=\"lazy\" decoding=\"async\" width=\"1170\" height=\"780\" src=\"https:\/\/www.wallendorff.com\/belogue\/wp-content\/uploads\/2018\/11\/20181129-23-1170x780.jpg\" class=\"attachment-large size-large\" alt=\"\" aria-describedby=\"gallery-1-40597\" srcset=\"https:\/\/www.wallendorff.com\/belogue\/wp-content\/uploads\/2018\/11\/20181129-23.jpg 1170w, https:\/\/www.wallendorff.com\/belogue\/wp-content\/uploads\/2018\/11\/20181129-23-820x547.jpg 820w, https:\/\/www.wallendorff.com\/belogue\/wp-content\/uploads\/2018\/11\/20181129-23-200x133.jpg 200w, https:\/\/www.wallendorff.com\/belogue\/wp-content\/uploads\/2018\/11\/20181129-23-300x200.jpg 300w, https:\/\/www.wallendorff.com\/belogue\/wp-content\/uploads\/2018\/11\/20181129-23-1116x744.jpg 1116w, https:\/\/www.wallendorff.com\/belogue\/wp-content\/uploads\/2018\/11\/20181129-23-806x537.jpg 806w, https:\/\/www.wallendorff.com\/belogue\/wp-content\/uploads\/2018\/11\/20181129-23-558x372.jpg 558w, https:\/\/www.wallendorff.com\/belogue\/wp-content\/uploads\/2018\/11\/20181129-23-655x437.jpg 655w, https:\/\/www.wallendorff.com\/belogue\/wp-content\/uploads\/2018\/11\/20181129-23-600x400.jpg 600w\" sizes=\"(max-width: 1170px) 100vw, 1170px\" \/><\/a>\n\t\t\t<\/div>\n\t\t\t\t<figcaption class='wp-caption-text gallery-caption' id='gallery-1-40597'>\n\t\t\t\tInterpol @ Forest National, Bruxelles, 28\/11\/2018\n\t\t\t\t<\/figcaption><\/figure><figure class='gallery-item'>\n\t\t\t<div class='gallery-icon landscape'>\n\t\t\t\t<a href='https:\/\/www.wallendorff.com\/belogue\/2018\/11\/29\/interpol-forest-national-bruxelles-28-novembre-2018\/interpol-forest-national-bruxelles-28-11-2018-24\/'><img loading=\"lazy\" decoding=\"async\" width=\"1170\" height=\"780\" src=\"https:\/\/www.wallendorff.com\/belogue\/wp-content\/uploads\/2018\/11\/20181129-24-1170x780.jpg\" class=\"attachment-large size-large\" alt=\"\" aria-describedby=\"gallery-1-40598\" srcset=\"https:\/\/www.wallendorff.com\/belogue\/wp-content\/uploads\/2018\/11\/20181129-24.jpg 1170w, https:\/\/www.wallendorff.com\/belogue\/wp-content\/uploads\/2018\/11\/20181129-24-820x547.jpg 820w, https:\/\/www.wallendorff.com\/belogue\/wp-content\/uploads\/2018\/11\/20181129-24-200x133.jpg 200w, https:\/\/www.wallendorff.com\/belogue\/wp-content\/uploads\/2018\/11\/20181129-24-300x200.jpg 300w, https:\/\/www.wallendorff.com\/belogue\/wp-content\/uploads\/2018\/11\/20181129-24-1116x744.jpg 1116w, https:\/\/www.wallendorff.com\/belogue\/wp-content\/uploads\/2018\/11\/20181129-24-806x537.jpg 806w, https:\/\/www.wallendorff.com\/belogue\/wp-content\/uploads\/2018\/11\/20181129-24-558x372.jpg 558w, https:\/\/www.wallendorff.com\/belogue\/wp-content\/uploads\/2018\/11\/20181129-24-655x437.jpg 655w, https:\/\/www.wallendorff.com\/belogue\/wp-content\/uploads\/2018\/11\/20181129-24-600x400.jpg 600w\" sizes=\"(max-width: 1170px) 100vw, 1170px\" \/><\/a>\n\t\t\t<\/div>\n\t\t\t\t<figcaption class='wp-caption-text gallery-caption' id='gallery-1-40598'>\n\t\t\t\tInterpol @ Forest National, Bruxelles, 28\/11\/2018\n\t\t\t\t<\/figcaption><\/figure><figure class='gallery-item'>\n\t\t\t<div class='gallery-icon portrait'>\n\t\t\t\t<a href='https:\/\/www.wallendorff.com\/belogue\/2018\/11\/29\/interpol-forest-national-bruxelles-28-novembre-2018\/interpol-forest-national-bruxelles-28-11-2018-25\/'><img loading=\"lazy\" decoding=\"async\" width=\"683\" height=\"1024\" src=\"https:\/\/www.wallendorff.com\/belogue\/wp-content\/uploads\/2018\/11\/20181129-25-683x1024.jpg\" class=\"attachment-large size-large\" alt=\"\" aria-describedby=\"gallery-1-40599\" srcset=\"https:\/\/www.wallendorff.com\/belogue\/wp-content\/uploads\/2018\/11\/20181129-25-683x1024.jpg 683w, https:\/\/www.wallendorff.com\/belogue\/wp-content\/uploads\/2018\/11\/20181129-25-133x200.jpg 133w, https:\/\/www.wallendorff.com\/belogue\/wp-content\/uploads\/2018\/11\/20181129-25-200x300.jpg 200w, https:\/\/www.wallendorff.com\/belogue\/wp-content\/uploads\/2018\/11\/20181129-25-558x837.jpg 558w, https:\/\/www.wallendorff.com\/belogue\/wp-content\/uploads\/2018\/11\/20181129-25-655x983.jpg 655w, https:\/\/www.wallendorff.com\/belogue\/wp-content\/uploads\/2018\/11\/20181129-25-600x900.jpg 600w, https:\/\/www.wallendorff.com\/belogue\/wp-content\/uploads\/2018\/11\/20181129-25.jpg 780w\" sizes=\"(max-width: 683px) 100vw, 683px\" \/><\/a>\n\t\t\t<\/div>\n\t\t\t\t<figcaption class='wp-caption-text gallery-caption' id='gallery-1-40599'>\n\t\t\t\tInterpol @ Forest National, Bruxelles, 28\/11\/2018\n\t\t\t\t<\/figcaption><\/figure><figure class='gallery-item'>\n\t\t\t<div class='gallery-icon landscape'>\n\t\t\t\t<a href='https:\/\/www.wallendorff.com\/belogue\/2018\/11\/29\/interpol-forest-national-bruxelles-28-novembre-2018\/interpol-forest-national-bruxelles-28-11-2018-26\/'><img loading=\"lazy\" decoding=\"async\" width=\"1170\" height=\"658\" src=\"https:\/\/www.wallendorff.com\/belogue\/wp-content\/uploads\/2018\/11\/20181129-26-1170x658.jpg\" class=\"attachment-large size-large\" alt=\"\" aria-describedby=\"gallery-1-40600\" srcset=\"https:\/\/www.wallendorff.com\/belogue\/wp-content\/uploads\/2018\/11\/20181129-26.jpg 1170w, https:\/\/www.wallendorff.com\/belogue\/wp-content\/uploads\/2018\/11\/20181129-26-820x461.jpg 820w, https:\/\/www.wallendorff.com\/belogue\/wp-content\/uploads\/2018\/11\/20181129-26-200x112.jpg 200w, https:\/\/www.wallendorff.com\/belogue\/wp-content\/uploads\/2018\/11\/20181129-26-300x169.jpg 300w, https:\/\/www.wallendorff.com\/belogue\/wp-content\/uploads\/2018\/11\/20181129-26-1116x628.jpg 1116w, https:\/\/www.wallendorff.com\/belogue\/wp-content\/uploads\/2018\/11\/20181129-26-806x453.jpg 806w, https:\/\/www.wallendorff.com\/belogue\/wp-content\/uploads\/2018\/11\/20181129-26-558x314.jpg 558w, https:\/\/www.wallendorff.com\/belogue\/wp-content\/uploads\/2018\/11\/20181129-26-655x368.jpg 655w, https:\/\/www.wallendorff.com\/belogue\/wp-content\/uploads\/2018\/11\/20181129-26-600x337.jpg 600w\" sizes=\"(max-width: 1170px) 100vw, 1170px\" \/><\/a>\n\t\t\t<\/div>\n\t\t\t\t<figcaption class='wp-caption-text gallery-caption' id='gallery-1-40600'>\n\t\t\t\tInterpol @ Forest National, Bruxelles, 28\/11\/2018\n\t\t\t\t<\/figcaption><\/figure><figure class='gallery-item'>\n\t\t\t<div class='gallery-icon landscape'>\n\t\t\t\t<a href='https:\/\/www.wallendorff.com\/belogue\/2018\/11\/29\/interpol-forest-national-bruxelles-28-novembre-2018\/interpol-forest-national-bruxelles-28-11-2018-27\/'><img loading=\"lazy\" decoding=\"async\" width=\"1170\" height=\"658\" src=\"https:\/\/www.wallendorff.com\/belogue\/wp-content\/uploads\/2018\/11\/20181129-27-1170x658.jpg\" class=\"attachment-large size-large\" alt=\"\" aria-describedby=\"gallery-1-40601\" srcset=\"https:\/\/www.wallendorff.com\/belogue\/wp-content\/uploads\/2018\/11\/20181129-27.jpg 1170w, https:\/\/www.wallendorff.com\/belogue\/wp-content\/uploads\/2018\/11\/20181129-27-820x461.jpg 820w, https:\/\/www.wallendorff.com\/belogue\/wp-content\/uploads\/2018\/11\/20181129-27-200x112.jpg 200w, https:\/\/www.wallendorff.com\/belogue\/wp-content\/uploads\/2018\/11\/20181129-27-300x169.jpg 300w, https:\/\/www.wallendorff.com\/belogue\/wp-content\/uploads\/2018\/11\/20181129-27-1116x628.jpg 1116w, https:\/\/www.wallendorff.com\/belogue\/wp-content\/uploads\/2018\/11\/20181129-27-806x453.jpg 806w, https:\/\/www.wallendorff.com\/belogue\/wp-content\/uploads\/2018\/11\/20181129-27-558x314.jpg 558w, https:\/\/www.wallendorff.com\/belogue\/wp-content\/uploads\/2018\/11\/20181129-27-655x368.jpg 655w, https:\/\/www.wallendorff.com\/belogue\/wp-content\/uploads\/2018\/11\/20181129-27-600x337.jpg 600w\" sizes=\"(max-width: 1170px) 100vw, 1170px\" \/><\/a>\n\t\t\t<\/div>\n\t\t\t\t<figcaption class='wp-caption-text gallery-caption' id='gallery-1-40601'>\n\t\t\t\tInterpol @ Forest National, Bruxelles, 28\/11\/2018\n\t\t\t\t<\/figcaption><\/figure>\n\t\t<\/div>\n\n","protected":false},"excerpt":{"rendered":"<p>Pioneer to the Falls | C&rsquo;mere | If You Really Love Nothing | Public Pervert | Roland | Complications | Say Hello to the Angels | NYC | The Rover | Rest My Chemistry | NYSMAW | Stay in Touch | All the Rage Back Home | The New | Flight of Fancy | Slow&hellip;<\/p>\n","protected":false},"author":1,"featured_media":40590,"comment_status":"open","ping_status":"open","sticky":false,"template":"","format":"standard","meta":{"_acf_changed":false,"ngg_post_thumbnail":0,"jetpack_post_was_ever_published":false,"_jetpack_newsletter_access":"","_jetpack_dont_email_post_to_subs":false,"_jetpack_newsletter_tier_id":0,"_jetpack_memberships_contains_paywalled_content":false,"_jetpack_memberships_contains_paid_content":false,"footnotes":"","jetpack_publicize_message":"","jetpack_publicize_feature_enabled":true,"jetpack_social_post_already_shared":true,"jetpack_social_options":{"image_generator_settings":{"template":"highway","default_image_id":0,"font":"","enabled":false},"version":2}},"categories":[7],"tags":[14460,10084,15243,10178,10313,8170,6766,15242,14271,14890,10111,12197],"class_list":["post-40574","post","type-post","status-publish","format-standard","has-post-thumbnail","hentry","category-alive","tag-14460","tag-alive","tag-avenue-rousseau","tag-belgique","tag-bruxelles","tag-ef-24-70-mm-f2-8l-ii-usm","tag-eos-5d-mark-iii","tag-forest-national","tag-fujifilm-x-t2","tag-fujinon-xf-10-24-mm-f-4-r-ois","tag-interpol","tag-region-de-bruxelles-capitale"],"acf":[],"geo":{"latitude":50.8098793,"longitude":4.326333,"description":null},"jetpack_publicize_connections":[],"jetpack_featured_media_url":"https:\/\/www.wallendorff.com\/belogue\/wp-content\/uploads\/2018\/11\/20181129-16.jpg","jetpack_shortlink":"https:\/\/wp.me\/p3b35P-ayq","jetpack_sharing_enabled":true,"jetpack-related-posts":[{"id":125178,"url":"https:\/\/www.wallendorff.com\/belogue\/2023\/07\/08\/interpol-jenny-beth-festival-days-off-philharmonie-de-paris-5-juillet-2023\/","url_meta":{"origin":40574,"position":0},"title":"Interpol + Jehnny Beth @ festival Days Off, Philharmonie de Paris, 5 juillet 2023.","author":"dpc","date":"8 juillet 2023","format":false,"excerpt":"Next Exit | Evil | Narc | Take You on a Cruise | Slow Hands | Not Even Jail | Public Pervert | C'mere | Length of Love | A Time to Be So Small || Lights | Obstacle 1 | My Desire | Toni | Pioneer to the Falls\u2026","rel":"","context":"Dans &quot;Alive&quot;","block_context":{"text":"Alive","link":"https:\/\/www.wallendorff.com\/belogue\/category\/alive\/"},"img":{"alt_text":"","src":"https:\/\/i0.wp.com\/www.wallendorff.com\/belogue\/wp-content\/uploads\/2023\/07\/20230708-10.jpg?resize=350%2C200&ssl=1","width":350,"height":200,"srcset":"https:\/\/i0.wp.com\/www.wallendorff.com\/belogue\/wp-content\/uploads\/2023\/07\/20230708-10.jpg?resize=350%2C200&ssl=1 1x, https:\/\/i0.wp.com\/www.wallendorff.com\/belogue\/wp-content\/uploads\/2023\/07\/20230708-10.jpg?resize=525%2C300&ssl=1 1.5x, https:\/\/i0.wp.com\/www.wallendorff.com\/belogue\/wp-content\/uploads\/2023\/07\/20230708-10.jpg?resize=700%2C400&ssl=1 2x, https:\/\/i0.wp.com\/www.wallendorff.com\/belogue\/wp-content\/uploads\/2023\/07\/20230708-10.jpg?resize=1050%2C600&ssl=1 3x"},"classes":[]},{"id":41945,"url":"https:\/\/www.wallendorff.com\/belogue\/2019\/06\/03\/black-rebel-motorcycle-club-lancienne-belgique-bruxelles-30-mai-2019\/","url_meta":{"origin":40574,"position":1},"title":"Black Rebel Motorcycle Club @ l&rsquo;Ancienne Belgique, Bruxelles, 30 mai 2019.","author":"dpc","date":"3 juin 2019","format":false,"excerpt":"Red Eye and Tears (reprise) | Awake | Beat the Devil's Tattoo | Spook | Spread Your Love","rel":"","context":"Dans &quot;Alive&quot;","block_context":{"text":"Alive","link":"https:\/\/www.wallendorff.com\/belogue\/category\/alive\/"},"img":{"alt_text":"","src":"https:\/\/i0.wp.com\/www.wallendorff.com\/belogue\/wp-content\/uploads\/2019\/06\/20190603-01.jpg?resize=350%2C200&ssl=1","width":350,"height":200,"srcset":"https:\/\/i0.wp.com\/www.wallendorff.com\/belogue\/wp-content\/uploads\/2019\/06\/20190603-01.jpg?resize=350%2C200&ssl=1 1x, https:\/\/i0.wp.com\/www.wallendorff.com\/belogue\/wp-content\/uploads\/2019\/06\/20190603-01.jpg?resize=525%2C300&ssl=1 1.5x, https:\/\/i0.wp.com\/www.wallendorff.com\/belogue\/wp-content\/uploads\/2019\/06\/20190603-01.jpg?resize=700%2C400&ssl=1 2x, https:\/\/i0.wp.com\/www.wallendorff.com\/belogue\/wp-content\/uploads\/2019\/06\/20190603-01.jpg?resize=1050%2C600&ssl=1 3x"},"classes":[]},{"id":125345,"url":"https:\/\/www.wallendorff.com\/belogue\/2023\/07\/19\/paleo-festival-2023-nyon-jour-1\/","url_meta":{"origin":40574,"position":2},"title":"Pal\u00e9o Festival 2023, Nyon, jour 1.","author":"dpc","date":"19 juillet 2023","format":false,"excerpt":"Ambiance, Pal\u00e9o Festival Nyon 2023 Ambiance, Pal\u00e9o Festival Nyon 2023 Ambiance, Pal\u00e9o Festival Nyon 2023 Ambiance, Pal\u00e9o Festival Nyon 2023 Ambiance, Pal\u00e9o Festival Nyon 2023 Ambiance, Pal\u00e9o Festival Nyon 2023 Ambiance, Pal\u00e9o Festival Nyon 2023 Ambiance, Pal\u00e9o Festival Nyon 2023 Ambiance, Pal\u00e9o Festival Nyon 2023 Ambiance, Pal\u00e9o Festival Nyon 2023\u2026","rel":"","context":"Dans &quot;Alive&quot;","block_context":{"text":"Alive","link":"https:\/\/www.wallendorff.com\/belogue\/category\/alive\/"},"img":{"alt_text":"","src":"https:\/\/i0.wp.com\/www.wallendorff.com\/belogue\/wp-content\/uploads\/2023\/07\/20230719-02.jpg?resize=350%2C200&ssl=1","width":350,"height":200,"srcset":"https:\/\/i0.wp.com\/www.wallendorff.com\/belogue\/wp-content\/uploads\/2023\/07\/20230719-02.jpg?resize=350%2C200&ssl=1 1x, https:\/\/i0.wp.com\/www.wallendorff.com\/belogue\/wp-content\/uploads\/2023\/07\/20230719-02.jpg?resize=525%2C300&ssl=1 1.5x, https:\/\/i0.wp.com\/www.wallendorff.com\/belogue\/wp-content\/uploads\/2023\/07\/20230719-02.jpg?resize=700%2C400&ssl=1 2x, https:\/\/i0.wp.com\/www.wallendorff.com\/belogue\/wp-content\/uploads\/2023\/07\/20230719-02.jpg?resize=1050%2C600&ssl=1 3x"},"classes":[]},{"id":1241,"url":"https:\/\/www.wallendorff.com\/belogue\/2008\/06\/02\/shooting-people-30\/","url_meta":{"origin":40574,"position":3},"title":"Shooting people #30.","author":"dpc","date":"2 juin 2008","format":false,"excerpt":"Studios Jet, Bruxelles, 16 f\u00e9vrier. \u00a0The Kills \u2013 Last Day of Magic","rel":"","context":"Dans &quot;Portraits&quot;","block_context":{"text":"Portraits","link":"https:\/\/www.wallendorff.com\/belogue\/category\/portraits\/"},"img":{"alt_text":"","src":"https:\/\/i0.wp.com\/www.wallendorff.com\/belogue\/wp-content\/uploads\/2015\/04\/200806021.jpg?resize=350%2C200&ssl=1","width":350,"height":200,"srcset":"https:\/\/i0.wp.com\/www.wallendorff.com\/belogue\/wp-content\/uploads\/2015\/04\/200806021.jpg?resize=350%2C200&ssl=1 1x, https:\/\/i0.wp.com\/www.wallendorff.com\/belogue\/wp-content\/uploads\/2015\/04\/200806021.jpg?resize=525%2C300&ssl=1 1.5x, https:\/\/i0.wp.com\/www.wallendorff.com\/belogue\/wp-content\/uploads\/2015\/04\/200806021.jpg?resize=700%2C400&ssl=1 2x"},"classes":[]},{"id":1231,"url":"https:\/\/www.wallendorff.com\/belogue\/2008\/05\/20\/shooting-people-28\/","url_meta":{"origin":40574,"position":4},"title":"Shooting people #28.","author":"dpc","date":"20 mai 2008","format":false,"excerpt":"Studios Jet, Bruxelles, 16 f\u00e9vrier. \u00a0The Futureheads \u2013 Broke-Up Time","rel":"","context":"Dans &quot;Portraits&quot;","block_context":{"text":"Portraits","link":"https:\/\/www.wallendorff.com\/belogue\/category\/portraits\/"},"img":{"alt_text":"","src":"https:\/\/i0.wp.com\/www.wallendorff.com\/belogue\/wp-content\/uploads\/2015\/04\/200805201.jpg?resize=350%2C200&ssl=1","width":350,"height":200,"srcset":"https:\/\/i0.wp.com\/www.wallendorff.com\/belogue\/wp-content\/uploads\/2015\/04\/200805201.jpg?resize=350%2C200&ssl=1 1x, https:\/\/i0.wp.com\/www.wallendorff.com\/belogue\/wp-content\/uploads\/2015\/04\/200805201.jpg?resize=525%2C300&ssl=1 1.5x, https:\/\/i0.wp.com\/www.wallendorff.com\/belogue\/wp-content\/uploads\/2015\/04\/200805201.jpg?resize=700%2C400&ssl=1 2x"},"classes":[]},{"id":20738,"url":"https:\/\/www.wallendorff.com\/belogue\/2013\/04\/05\/black-rebel-motorcycle-club-lancienne-belgique-bruxelles-1er-avril\/","url_meta":{"origin":40574,"position":5},"title":"Black Rebel Motorcycle Club @ l&rsquo;Ancienne Belgique, Bruxelles, 1er avril.","author":"dpc","date":"5 avril 2013","format":false,"excerpt":"Let the Day Begin (The Call) | Rival | Red Eyes and Tears | Hate the Taste | Beat the Devil's Tattoo | Whatever Happened to My Rock 'n' Roll (Punk Song) | Ain't No Easy Way | Berlin | 666 Conducer | Love Burns | Returning | Mercy (acoustic)\u2026","rel":"","context":"Dans &quot;Alive&quot;","block_context":{"text":"Alive","link":"https:\/\/www.wallendorff.com\/belogue\/category\/alive\/"},"img":{"alt_text":"","src":"https:\/\/i0.wp.com\/www.wallendorff.com\/belogue\/wp-content\/uploads\/2015\/04\/20130405.jpg?resize=350%2C200&ssl=1","width":350,"height":200,"srcset":"https:\/\/i0.wp.com\/www.wallendorff.com\/belogue\/wp-content\/uploads\/2015\/04\/20130405.jpg?resize=350%2C200&ssl=1 1x, https:\/\/i0.wp.com\/www.wallendorff.com\/belogue\/wp-content\/uploads\/2015\/04\/20130405.jpg?resize=525%2C300&ssl=1 1.5x, https:\/\/i0.wp.com\/www.wallendorff.com\/belogue\/wp-content\/uploads\/2015\/04\/20130405.jpg?resize=700%2C400&ssl=1 2x"},"classes":[]}],"_links":{"self":[{"href":"https:\/\/www.wallendorff.com\/belogue\/wp-json\/wp\/v2\/posts\/40574","targetHints":{"allow":["GET"]}}],"collection":[{"href":"https:\/\/www.wallendorff.com\/belogue\/wp-json\/wp\/v2\/posts"}],"about":[{"href":"https:\/\/www.wallendorff.com\/belogue\/wp-json\/wp\/v2\/types\/post"}],"author":[{"embeddable":true,"href":"https:\/\/www.wallendorff.com\/belogue\/wp-json\/wp\/v2\/users\/1"}],"replies":[{"embeddable":true,"href":"https:\/\/www.wallendorff.com\/belogue\/wp-json\/wp\/v2\/comments?post=40574"}],"version-history":[{"count":2,"href":"https:\/\/www.wallendorff.com\/belogue\/wp-json\/wp\/v2\/posts\/40574\/revisions"}],"predecessor-version":[{"id":40603,"href":"https:\/\/www.wallendorff.com\/belogue\/wp-json\/wp\/v2\/posts\/40574\/revisions\/40603"}],"wp:featuredmedia":[{"embeddable":true,"href":"https:\/\/www.wallendorff.com\/belogue\/wp-json\/wp\/v2\/media\/40590"}],"wp:attachment":[{"href":"https:\/\/www.wallendorff.com\/belogue\/wp-json\/wp\/v2\/media?parent=40574"}],"wp:term":[{"taxonomy":"category","embeddable":true,"href":"https:\/\/www.wallendorff.com\/belogue\/wp-json\/wp\/v2\/categories?post=40574"},{"taxonomy":"post_tag","embeddable":true,"href":"https:\/\/www.wallendorff.com\/belogue\/wp-json\/wp\/v2\/tags?post=40574"}],"curies":[{"name":"wp","href":"https:\/\/api.w.org\/{rel}","templated":true}]}}