{"id":40553,"date":"2018-11-22T19:14:03","date_gmt":"2018-11-22T17:14:03","guid":{"rendered":"http:\/\/www.wallendorff.com\/belogue\/?p=40553"},"modified":"2019-04-25T13:09:45","modified_gmt":"2019-04-25T11:09:45","slug":"contre-plongee-no-2-402","status":"publish","type":"post","link":"https:\/\/www.wallendorff.com\/belogue\/2018\/11\/22\/contre-plongee-no-2-402\/","title":{"rendered":"Contre-plong\u00e9e n<sup>o<\/sup> 2&nbsp;402."},"content":{"rendered":"<div id=\"photo\">\n<p><img decoding=\"async\" src=\"https:\/\/www.wallendorff.com\/belogue\/wp-content\/uploads\/2018\/11\/20181122.jpg\"><br \/>\nBasilique de Saint-Denis, Saint-Denis, 7 septembre 2018.<\/p>\n<\/div>\n<div id=\"bandeson\">\n<p><img decoding=\"async\" src=\"https:\/\/www.wallendorff.com\/belogue\/photo\/pochettes\/e\/editors-a_ton_of_love.jpg\" align=\"left\" \/><em>The Sting<\/em><br \/>\n<a href=\"http:\/\/www.editorsofficial.com\/\">Editors<\/a><\/p>\n<\/p><\/div>\n","protected":false},"excerpt":{"rendered":"<p>Basilique de Saint-Denis, Saint-Denis, 7 septembre 2018. The Sting Editors<\/p>\n","protected":false},"author":1,"featured_media":40554,"comment_status":"open","ping_status":"open","sticky":false,"template":"","format":"standard","meta":{"_acf_changed":false,"ngg_post_thumbnail":0,"jetpack_post_was_ever_published":false,"_jetpack_newsletter_access":"","_jetpack_dont_email_post_to_subs":false,"_jetpack_newsletter_tier_id":0,"_jetpack_memberships_contains_paywalled_content":false,"_jetpack_memberships_contains_paid_content":false,"footnotes":"","jetpack_publicize_message":"","jetpack_publicize_feature_enabled":true,"jetpack_social_post_already_shared":true,"jetpack_social_options":{"image_generator_settings":{"template":"highway","default_image_id":0,"font":"","enabled":false},"version":2}},"categories":[3],"tags":[15129,15128,10500,10337,10238,10120,14271,10121,7052,10457,14274,10398,7763],"class_list":["post-40553","post","type-post","status-publish","format-standard","has-post-thumbnail","hentry","category-dpc","tag-basilique","tag-basilique-de-saint-denis","tag-contre-plongee","tag-editors","tag-eglise","tag-france","tag-fujifilm-x-t2","tag-ile-de-france","tag-nef","tag-saint-denis","tag-samyang-8-mm-f2-8-umc-fisheye-ii","tag-seine-saint-denis","tag-the-sting"],"acf":[],"geo":{"latitude":48.935463,"longitude":2.3598342,"description":"Saint-Denis, \u00cele-de-France, 93210, FR"},"jetpack_publicize_connections":[],"jetpack_featured_media_url":"https:\/\/www.wallendorff.com\/belogue\/wp-content\/uploads\/2018\/11\/20181122.jpg","jetpack_shortlink":"https:\/\/wp.me\/p3b35P-ay5","jetpack_sharing_enabled":true,"jetpack-related-posts":[{"id":40099,"url":"https:\/\/www.wallendorff.com\/belogue\/2018\/09\/30\/septembre-2018\/","url_meta":{"origin":40553,"position":0},"title":"Septembre 2018.","author":"dpc","date":"30 septembre 2018","format":false,"excerpt":"Un ap\u00e9ro, un jeu de carte, un vernissage, un concert, une basilique, un train, un d\u00e9jeuner, un miroir d'eau, une grosse porte, un contre-jour, un chien, un d\u00e9jeuner, une soucoupe, une base sous-marine, un train, des saucisses, une vitrine, des toits, une bi\u00e8re, un avion, un ap\u00e9ro, une vitrine, un\u2026","rel":"","context":"Dans &quot;Blog-note&quot;","block_context":{"text":"Blog-note","link":"https:\/\/www.wallendorff.com\/belogue\/category\/blog-note\/"},"img":{"alt_text":"","src":"https:\/\/i0.wp.com\/www.wallendorff.com\/belogue\/wp-content\/uploads\/2018\/10\/20181011-66.jpg?resize=350%2C200&ssl=1","width":350,"height":200,"srcset":"https:\/\/i0.wp.com\/www.wallendorff.com\/belogue\/wp-content\/uploads\/2018\/10\/20181011-66.jpg?resize=350%2C200&ssl=1 1x, https:\/\/i0.wp.com\/www.wallendorff.com\/belogue\/wp-content\/uploads\/2018\/10\/20181011-66.jpg?resize=525%2C300&ssl=1 1.5x, https:\/\/i0.wp.com\/www.wallendorff.com\/belogue\/wp-content\/uploads\/2018\/10\/20181011-66.jpg?resize=700%2C400&ssl=1 2x, https:\/\/i0.wp.com\/www.wallendorff.com\/belogue\/wp-content\/uploads\/2018\/10\/20181011-66.jpg?resize=1050%2C600&ssl=1 3x"},"classes":[]},{"id":20776,"url":"https:\/\/www.wallendorff.com\/belogue\/2013\/04\/17\/statue-quhaut\/","url_meta":{"origin":40553,"position":1},"title":"Statue qu&rsquo;haut.","author":"dpc","date":"17 avril 2013","format":false,"excerpt":"Basilique Saint-Pierre, Cit\u00e9 du Vatican, 10 f\u00e9vrier. Water & PowerCold War Kids","rel":"","context":"Dans &quot;DPC&quot;","block_context":{"text":"DPC","link":"https:\/\/www.wallendorff.com\/belogue\/category\/dpc\/"},"img":{"alt_text":"","src":"https:\/\/i0.wp.com\/www.wallendorff.com\/belogue\/wp-content\/uploads\/2015\/04\/20130417.jpg?resize=350%2C200&ssl=1","width":350,"height":200,"srcset":"https:\/\/i0.wp.com\/www.wallendorff.com\/belogue\/wp-content\/uploads\/2015\/04\/20130417.jpg?resize=350%2C200&ssl=1 1x, https:\/\/i0.wp.com\/www.wallendorff.com\/belogue\/wp-content\/uploads\/2015\/04\/20130417.jpg?resize=525%2C300&ssl=1 1.5x, https:\/\/i0.wp.com\/www.wallendorff.com\/belogue\/wp-content\/uploads\/2015\/04\/20130417.jpg?resize=700%2C400&ssl=1 2x"},"classes":[]},{"id":23493,"url":"https:\/\/www.wallendorff.com\/belogue\/2014\/10\/29\/prendre-le-dessous\/","url_meta":{"origin":40553,"position":2},"title":"Prendre le dessous.","author":"dpc","date":"29 octobre 2014","format":false,"excerpt":"Basilique Saint-\u00c9tienne de Pest, Budapest, 8 septembre. It's Just Too Bad The D\u00e6d W\u00e6ther","rel":"","context":"Dans &quot;DPC&quot;","block_context":{"text":"DPC","link":"https:\/\/www.wallendorff.com\/belogue\/category\/dpc\/"},"img":{"alt_text":"","src":"https:\/\/i0.wp.com\/www.wallendorff.com\/belogue\/wp-content\/uploads\/2015\/04\/201410291.jpg?resize=350%2C200&ssl=1","width":350,"height":200,"srcset":"https:\/\/i0.wp.com\/www.wallendorff.com\/belogue\/wp-content\/uploads\/2015\/04\/201410291.jpg?resize=350%2C200&ssl=1 1x, https:\/\/i0.wp.com\/www.wallendorff.com\/belogue\/wp-content\/uploads\/2015\/04\/201410291.jpg?resize=525%2C300&ssl=1 1.5x, https:\/\/i0.wp.com\/www.wallendorff.com\/belogue\/wp-content\/uploads\/2015\/04\/201410291.jpg?resize=700%2C400&ssl=1 2x"},"classes":[]},{"id":49863,"url":"https:\/\/www.wallendorff.com\/belogue\/2021\/11\/04\/ciao-roma\/","url_meta":{"origin":40553,"position":3},"title":"Ciao Roma.","author":"dpc","date":"4 novembre 2021","format":false,"excerpt":"","rel":"","context":"Dans &quot;DPC&quot;","block_context":{"text":"DPC","link":"https:\/\/www.wallendorff.com\/belogue\/category\/dpc\/"},"img":{"alt_text":"","src":"https:\/\/i0.wp.com\/www.wallendorff.com\/belogue\/wp-content\/uploads\/2021\/11\/20211104-05.jpg?resize=350%2C200&ssl=1","width":350,"height":200,"srcset":"https:\/\/i0.wp.com\/www.wallendorff.com\/belogue\/wp-content\/uploads\/2021\/11\/20211104-05.jpg?resize=350%2C200&ssl=1 1x, https:\/\/i0.wp.com\/www.wallendorff.com\/belogue\/wp-content\/uploads\/2021\/11\/20211104-05.jpg?resize=525%2C300&ssl=1 1.5x, https:\/\/i0.wp.com\/www.wallendorff.com\/belogue\/wp-content\/uploads\/2021\/11\/20211104-05.jpg?resize=700%2C400&ssl=1 2x, https:\/\/i0.wp.com\/www.wallendorff.com\/belogue\/wp-content\/uploads\/2021\/11\/20211104-05.jpg?resize=1050%2C600&ssl=1 3x"},"classes":[]},{"id":51557,"url":"https:\/\/www.wallendorff.com\/belogue\/2022\/05\/24\/ciao-roma-2\/","url_meta":{"origin":40553,"position":4},"title":"Ciao Roma","author":"dpc","date":"24 mai 2022","format":false,"excerpt":"","rel":"","context":"Dans &quot;DPC&quot;","block_context":{"text":"DPC","link":"https:\/\/www.wallendorff.com\/belogue\/category\/dpc\/"},"img":{"alt_text":"","src":"https:\/\/i0.wp.com\/www.wallendorff.com\/belogue\/wp-content\/uploads\/2022\/05\/20220524-12.jpg?resize=350%2C200&ssl=1","width":350,"height":200,"srcset":"https:\/\/i0.wp.com\/www.wallendorff.com\/belogue\/wp-content\/uploads\/2022\/05\/20220524-12.jpg?resize=350%2C200&ssl=1 1x, https:\/\/i0.wp.com\/www.wallendorff.com\/belogue\/wp-content\/uploads\/2022\/05\/20220524-12.jpg?resize=525%2C300&ssl=1 1.5x, https:\/\/i0.wp.com\/www.wallendorff.com\/belogue\/wp-content\/uploads\/2022\/05\/20220524-12.jpg?resize=700%2C400&ssl=1 2x, https:\/\/i0.wp.com\/www.wallendorff.com\/belogue\/wp-content\/uploads\/2022\/05\/20220524-12.jpg?resize=1050%2C600&ssl=1 3x"},"classes":[]},{"id":7835,"url":"https:\/\/www.wallendorff.com\/belogue\/2010\/07\/12\/le-preux-type-haut-nomme-en-morse\/","url_meta":{"origin":40553,"position":5},"title":"Le preux type haut nomme en morse.","author":"dpc","date":"12 juillet 2010","format":false,"excerpt":"Montparnasse, Paris, 5 juin. Manquent qu'un M, un C et un A et on aura une mortelle id\u00e9e de pochette, dis donc. \u00a0The Acorn \u2013 No Ghost","rel":"","context":"Dans &quot;DPC&quot;","block_context":{"text":"DPC","link":"https:\/\/www.wallendorff.com\/belogue\/category\/dpc\/"},"img":{"alt_text":"","src":"https:\/\/i0.wp.com\/www.wallendorff.com\/belogue\/wp-content\/uploads\/2015\/04\/201007121.jpg?resize=350%2C200&ssl=1","width":350,"height":200},"classes":[]}],"_links":{"self":[{"href":"https:\/\/www.wallendorff.com\/belogue\/wp-json\/wp\/v2\/posts\/40553","targetHints":{"allow":["GET"]}}],"collection":[{"href":"https:\/\/www.wallendorff.com\/belogue\/wp-json\/wp\/v2\/posts"}],"about":[{"href":"https:\/\/www.wallendorff.com\/belogue\/wp-json\/wp\/v2\/types\/post"}],"author":[{"embeddable":true,"href":"https:\/\/www.wallendorff.com\/belogue\/wp-json\/wp\/v2\/users\/1"}],"replies":[{"embeddable":true,"href":"https:\/\/www.wallendorff.com\/belogue\/wp-json\/wp\/v2\/comments?post=40553"}],"version-history":[{"count":1,"href":"https:\/\/www.wallendorff.com\/belogue\/wp-json\/wp\/v2\/posts\/40553\/revisions"}],"predecessor-version":[{"id":40555,"href":"https:\/\/www.wallendorff.com\/belogue\/wp-json\/wp\/v2\/posts\/40553\/revisions\/40555"}],"wp:featuredmedia":[{"embeddable":true,"href":"https:\/\/www.wallendorff.com\/belogue\/wp-json\/wp\/v2\/media\/40554"}],"wp:attachment":[{"href":"https:\/\/www.wallendorff.com\/belogue\/wp-json\/wp\/v2\/media?parent=40553"}],"wp:term":[{"taxonomy":"category","embeddable":true,"href":"https:\/\/www.wallendorff.com\/belogue\/wp-json\/wp\/v2\/categories?post=40553"},{"taxonomy":"post_tag","embeddable":true,"href":"https:\/\/www.wallendorff.com\/belogue\/wp-json\/wp\/v2\/tags?post=40553"}],"curies":[{"name":"wp","href":"https:\/\/api.w.org\/{rel}","templated":true}]}}