{"id":4053,"date":"2009-03-20T11:37:27","date_gmt":"2009-03-20T10:37:27","guid":{"rendered":"http:\/\/www.po-l.com\/belogue\/?p=4053"},"modified":"2012-02-25T13:57:57","modified_gmt":"2012-02-25T11:57:57","slug":"pluie-dufo","status":"publish","type":"post","link":"https:\/\/www.wallendorff.com\/belogue\/2009\/03\/20\/pluie-dufo\/","title":{"rendered":"Pluie d&rsquo;UFO."},"content":{"rendered":"<div id=\"photo\">\n<p><img decoding=\"async\" src=\"https:\/\/www.wallendorff.com\/belogue\/photo\/2009\/03\/20090320.jpg\" \/><br \/>\nTour EDF, la D&eacute;fense, 11 f&eacute;vrier.<\/p>\n<\/div>\n<div id=\"bandeson\">\n<p><img decoding=\"async\" src=\"https:\/\/www.wallendorff.com\/belogue\/photo\/pochettes\/j\/jesus_and_mary_chain_the-munki.jpg\" align=\"left\" \/>&nbsp;<a href=\"http:\/\/aprilskies.amniisia.com\/\"> The Jesus and Mary Chain <\/a>&ndash; <em>I Love Rock n&rsquo;Roll<\/em><\/p>\n<\/div>\n","protected":false},"excerpt":{"rendered":"<p>Tour EDF, la D&eacute;fense, 11 f&eacute;vrier. &nbsp; The Jesus and Mary Chain &ndash; I Love Rock n&rsquo;Roll<\/p>\n","protected":false},"author":1,"featured_media":25394,"comment_status":"open","ping_status":"open","sticky":false,"template":"","format":"standard","meta":{"_acf_changed":false,"ngg_post_thumbnail":0,"jetpack_post_was_ever_published":false,"_jetpack_newsletter_access":"","_jetpack_dont_email_post_to_subs":false,"_jetpack_newsletter_tier_id":0,"_jetpack_memberships_contains_paywalled_content":false,"_jetpack_memberships_contains_paid_content":false,"footnotes":"","jetpack_publicize_message":"","jetpack_publicize_feature_enabled":true,"jetpack_social_post_already_shared":false,"jetpack_social_options":{"image_generator_settings":{"template":"highway","default_image_id":0,"font":"","enabled":false},"version":2}},"categories":[3],"tags":[1016,2615,10120,10353,2748,10121,2745,2746,2347,2747],"class_list":["post-4053","post","type-post","status-publish","format-standard","has-post-thumbnail","hentry","category-dpc","tag-ef-15-mm-f28-fisheye","tag-eos-5d-mark-ii","tag-france","tag-hauts-de-seine","tag-i-love-rock-nroll","tag-ile-de-france","tag-la-defense","tag-puteaux","tag-the-jesus-and-mary-chain","tag-tour-edf"],"acf":[],"geo":{"latitude":48.8901558,"longitude":2.2418332,"description":null},"jetpack_publicize_connections":[],"jetpack_featured_media_url":"https:\/\/www.wallendorff.com\/belogue\/wp-content\/uploads\/2015\/04\/200903201.jpg","jetpack_shortlink":"https:\/\/wp.me\/p3b35P-13n","jetpack_sharing_enabled":true,"jetpack-related-posts":[{"id":3959,"url":"https:\/\/www.wallendorff.com\/belogue\/2009\/02\/27\/fille-la-telit\/","url_meta":{"origin":4053,"position":0},"title":"Fille l\u00e0 t&rsquo;\u00e9lit.","author":"dpc","date":"27 f\u00e9vrier 2009","format":false,"excerpt":"H\u00f4tel des archev\u00eaques de Sens, Paris, 18 janvier. \u00a0The Von Bondies \u2013 Rock n'Roll Nurse","rel":"","context":"Dans &quot;DPC&quot;","block_context":{"text":"DPC","link":"https:\/\/www.wallendorff.com\/belogue\/category\/dpc\/"},"img":{"alt_text":"","src":"https:\/\/i0.wp.com\/www.wallendorff.com\/belogue\/wp-content\/uploads\/2015\/04\/200902271.jpg?resize=350%2C200&ssl=1","width":350,"height":200},"classes":[]},{"id":7733,"url":"https:\/\/www.wallendorff.com\/belogue\/2010\/06\/21\/chambre-des-communes\/","url_meta":{"origin":4053,"position":1},"title":"Chambre des communes.","author":"dpc","date":"21 juin 2010","format":false,"excerpt":"Metz, 21 mai. Non mais c'est de l'art, vous pouvez pas comprendre. \u00a0Oasis \u2013 Rock n'Roll Star1 (live London Roundhouse 2009) _____ 1 Oui c'est ironique. S'il y a bien un jour dans l'ann\u00e9e o\u00f9 l'on ne risque pas d'en croiser, des rock stars, c'est bien le 21 juin.","rel":"","context":"Dans &quot;DPC&quot;","block_context":{"text":"DPC","link":"https:\/\/www.wallendorff.com\/belogue\/category\/dpc\/"},"img":{"alt_text":"","src":"https:\/\/i0.wp.com\/www.wallendorff.com\/belogue\/wp-content\/uploads\/2015\/04\/201006211.jpg?resize=350%2C200&ssl=1","width":350,"height":200},"classes":[]},{"id":4524,"url":"https:\/\/www.wallendorff.com\/belogue\/2009\/08\/24\/vois-la-qut\/","url_meta":{"origin":4053,"position":2},"title":"Vois l\u00e0 qu&rsquo;T.","author":"dpc","date":"24 ao\u00fbt 2009","format":false,"excerpt":"Forest Hill Cemetery, Ann Arbor, 5 mai. Alors cette ann\u00e9e, les blagues sur la f\u00eate conjointe du fils Simpson et du bassiste de Mot\u00f6rhead, vous pouvez faire une croix dessus. Ah Ah Ah. Cornershop \u2013 Who Fingered Rock n'Roll1 _____ 1 Dont je vous invite \u00e0 ne point oublier le\u2026","rel":"","context":"Dans &quot;DPC&quot;","block_context":{"text":"DPC","link":"https:\/\/www.wallendorff.com\/belogue\/category\/dpc\/"},"img":{"alt_text":"","src":"https:\/\/i0.wp.com\/www.wallendorff.com\/belogue\/wp-content\/uploads\/2015\/04\/200908241.jpg?resize=350%2C200&ssl=1","width":350,"height":200},"classes":[]},{"id":84,"url":"https:\/\/www.wallendorff.com\/belogue\/2006\/02\/21\/arctic-monkeys-lenoir-s-on-france-inter-yeah-baby-yeah-paris\/","url_meta":{"origin":4053,"position":3},"title":"Arctic Monkeys @ Lenoir&rsquo;s on France Inter yeah baby yeah, Paris.","author":"dpc","date":"21 f\u00e9vrier 2006","format":false,"excerpt":"\u00catre rock en 2006, c'est trouver que si Damon Albarn et Liam Gallagher s'\u00e9taient r\u00e9concili\u00e9s, ils auraient s\u00fbrement engendr\u00e9 Alex Turner, tant celui-ci \u00e0 la tronche de celui-l\u00e0 et surtout les postures de l'autre, c'est remonter la rue de Beauvilliers parce que le m\u00e9tro, c'est plus rock n'roll que le\u2026","rel":"","context":"Dans &quot;Alive&quot;","block_context":{"text":"Alive","link":"https:\/\/www.wallendorff.com\/belogue\/category\/alive\/"},"img":{"alt_text":"","src":"https:\/\/i0.wp.com\/www.wallendorff.com\/belogue\/wp-content\/uploads\/2015\/04\/200602211.jpg?resize=350%2C200&ssl=1","width":350,"height":200},"classes":[]},{"id":314,"url":"https:\/\/www.wallendorff.com\/belogue\/2005\/07\/19\/314\/","url_meta":{"origin":4053,"position":4},"title":".","author":"dpc","date":"19 juillet 2005","format":false,"excerpt":"Ligne , 13 juillet. C'est tellement rare, d'avoir pour soi tout seul un wagon de m\u00e9tro, Que forc\u00e9ment, hein, \u00e7a m\u00e9rite une photo. \u00a0The Subways \u2013 Rock & Roll Queen [tiens ben \u00e7a tombe bien, dis donc]","rel":"","context":"Dans &quot;DPC&quot;","block_context":{"text":"DPC","link":"https:\/\/www.wallendorff.com\/belogue\/category\/dpc\/"},"img":{"alt_text":"","src":"https:\/\/i0.wp.com\/www.wallendorff.com\/belogue\/wp-content\/uploads\/2015\/04\/20050719-21.jpg?resize=350%2C200&ssl=1","width":350,"height":200},"classes":[]},{"id":297,"url":"https:\/\/www.wallendorff.com\/belogue\/2005\/08\/06\/binche-est-bien-mes-crochets-crocs\/","url_meta":{"origin":4053,"position":5},"title":"[Binche est bien] Mes crochets crocs.","author":"dpc","date":"6 ao\u00fbt 2005","format":false,"excerpt":"Salle communale, St-Privat-la-Montagne1, 30 juillet. \u00a0TV on the Radio \u2013 New Health Rock _____ 1 Je suis tout \u00e0 fait d'accord. On a quand m\u00eame des destinations rock n'roll, dans la vie, des fois.","rel":"","context":"Dans &quot;DPC&quot;","block_context":{"text":"DPC","link":"https:\/\/www.wallendorff.com\/belogue\/category\/dpc\/"},"img":{"alt_text":"","src":"https:\/\/i0.wp.com\/www.wallendorff.com\/belogue\/wp-content\/uploads\/2015\/04\/200508061.jpg?resize=350%2C200&ssl=1","width":350,"height":200},"classes":[]}],"_links":{"self":[{"href":"https:\/\/www.wallendorff.com\/belogue\/wp-json\/wp\/v2\/posts\/4053","targetHints":{"allow":["GET"]}}],"collection":[{"href":"https:\/\/www.wallendorff.com\/belogue\/wp-json\/wp\/v2\/posts"}],"about":[{"href":"https:\/\/www.wallendorff.com\/belogue\/wp-json\/wp\/v2\/types\/post"}],"author":[{"embeddable":true,"href":"https:\/\/www.wallendorff.com\/belogue\/wp-json\/wp\/v2\/users\/1"}],"replies":[{"embeddable":true,"href":"https:\/\/www.wallendorff.com\/belogue\/wp-json\/wp\/v2\/comments?post=4053"}],"version-history":[{"count":3,"href":"https:\/\/www.wallendorff.com\/belogue\/wp-json\/wp\/v2\/posts\/4053\/revisions"}],"predecessor-version":[{"id":16067,"href":"https:\/\/www.wallendorff.com\/belogue\/wp-json\/wp\/v2\/posts\/4053\/revisions\/16067"}],"wp:featuredmedia":[{"embeddable":true,"href":"https:\/\/www.wallendorff.com\/belogue\/wp-json\/wp\/v2\/media\/25394"}],"wp:attachment":[{"href":"https:\/\/www.wallendorff.com\/belogue\/wp-json\/wp\/v2\/media?parent=4053"}],"wp:term":[{"taxonomy":"category","embeddable":true,"href":"https:\/\/www.wallendorff.com\/belogue\/wp-json\/wp\/v2\/categories?post=4053"},{"taxonomy":"post_tag","embeddable":true,"href":"https:\/\/www.wallendorff.com\/belogue\/wp-json\/wp\/v2\/tags?post=4053"}],"curies":[{"name":"wp","href":"https:\/\/api.w.org\/{rel}","templated":true}]}}