{"id":4045,"date":"2009-03-17T09:44:49","date_gmt":"2009-03-17T08:44:49","guid":{"rendered":"http:\/\/www.po-l.com\/belogue\/?p=4045"},"modified":"2013-09-09T12:43:16","modified_gmt":"2013-09-09T10:43:16","slug":"ta-nielle-darc","status":"publish","type":"post","link":"https:\/\/www.wallendorff.com\/belogue\/2009\/03\/17\/ta-nielle-darc\/","title":{"rendered":"Ta nielle d&rsquo;arc."},"content":{"rendered":"<div id=\"photo\">\n<p><img decoding=\"async\" src=\"https:\/\/www.wallendorff.com\/belogue\/photo\/2009\/03\/20090317.jpg\" \/><br \/>\nArc de Triomphe du Carrousel, Paris, 7 f&eacute;vrier.<\/p>\n<\/div>\n<p style=\"text-align:right\"><a href=\"http:\/\/www.mainsquarefestival.fr\">Arras<\/a> et <a href=\"http:\/\/www.rockwerchter.be\/\">Ou&egrave;rt&egrave;re<\/a>, ou comment l&rsquo;union fait l&rsquo;&eacute;conomie de charte grasphique.<\/p>\n<div id=\"bandeson\">\n<p><img decoding=\"async\" src=\"https:\/\/www.wallendorff.com\/belogue\/photo\/pochettes\/p\/paybacks_the-knock_loud.jpg\" align=\"left\" \/> <a href=\"http:\/\/www.myspace.com\/thepaybacks\">The Paybacks<\/a> &ndash; <em>Hot Shot<\/em><\/p>\n<\/div>\n","protected":false},"excerpt":{"rendered":"<p>Arc de Triomphe du Carrousel, Paris, 7 f&eacute;vrier. Arras et Ou&egrave;rt&egrave;re, ou comment l&rsquo;union fait l&rsquo;&eacute;conomie de charte grasphique. The Paybacks &ndash; Hot Shot<\/p>\n","protected":false},"author":1,"featured_media":25390,"comment_status":"open","ping_status":"open","sticky":false,"template":"","format":"standard","meta":{"_acf_changed":false,"ngg_post_thumbnail":0,"jetpack_post_was_ever_published":false,"_jetpack_newsletter_access":"","_jetpack_dont_email_post_to_subs":false,"_jetpack_newsletter_tier_id":0,"_jetpack_memberships_contains_paywalled_content":false,"_jetpack_memberships_contains_paid_content":false,"footnotes":"","jetpack_publicize_message":"","jetpack_publicize_feature_enabled":true,"jetpack_social_post_already_shared":false,"jetpack_social_options":{"image_generator_settings":{"template":"highway","default_image_id":0,"font":"","enabled":false},"version":2}},"categories":[3],"tags":[10182,708,2502,2615,10120,2740,10121,10308,10098,170,82],"class_list":["post-4045","post","type-post","status-publish","format-standard","has-post-thumbnail","hentry","category-dpc","tag-10182","tag-arc-de-triomphe","tag-arc-de-triomphe-du-carrousel","tag-eos-5d-mark-ii","tag-france","tag-hot-shot","tag-ile-de-france","tag-maquette","tag-paris","tag-sigma-70-300-mm-f4-56-dg-apo-macro","tag-the-paybacks"],"acf":[],"geo":{"latitude":48.8611031,"longitude":2.336601,"description":"Mus\u00e9e du Louvre, 75001 Paris, France"},"jetpack_publicize_connections":[],"jetpack_featured_media_url":"https:\/\/www.wallendorff.com\/belogue\/wp-content\/uploads\/2015\/04\/200903171.jpg","jetpack_shortlink":"https:\/\/wp.me\/p3b35P-13f","jetpack_sharing_enabled":true,"jetpack-related-posts":[{"id":13052,"url":"https:\/\/www.wallendorff.com\/belogue\/2011\/07\/25\/palabres-a-seules-et-flots\/","url_meta":{"origin":4045,"position":0},"title":"Palabres \u00e0 seules et flots.","author":"dpc","date":"25 juillet 2011","format":false,"excerpt":"Le Louvre, Paris, 15 juin. La vid\u00e9o du nouveau Noel Gallagher est en ligne et, entre nous, c'est un peu trop dans la lign\u00e9e de The Importance of Being Idle \u00e0 mon go\u00fbt. L'album Noel Gallagher's High Flying Birds sort le 11 octobre. \u00a0The Joy Formidable \u2013 Austere (The Naked\u2026","rel":"","context":"Dans &quot;DPC&quot;","block_context":{"text":"DPC","link":"https:\/\/www.wallendorff.com\/belogue\/category\/dpc\/"},"img":{"alt_text":"","src":"https:\/\/i0.wp.com\/www.wallendorff.com\/belogue\/wp-content\/uploads\/2015\/04\/201107251.jpg?resize=350%2C200&ssl=1","width":350,"height":200},"classes":[]},{"id":129867,"url":"https:\/\/www.wallendorff.com\/belogue\/2024\/08\/06\/bulle-tint-mais-tres-haut\/","url_meta":{"origin":4045,"position":1},"title":"Bulle tint [mais tr\u00e8s haut].","author":"dpc","date":"6 ao\u00fbt 2024","format":false,"excerpt":"Elle a de la gueule, cette vasque, et elle fait presque l'unanimit\u00e9. Sur place je n'ai vu que des gens heureux d'\u00eatre l\u00e0, sans aucune manifestation d\u00e9sapprobatoire des anti-vasques.[Pardon.]","rel":"","context":"Dans &quot;DPC&quot;","block_context":{"text":"DPC","link":"https:\/\/www.wallendorff.com\/belogue\/category\/dpc\/"},"img":{"alt_text":"","src":"https:\/\/i0.wp.com\/www.wallendorff.com\/belogue\/wp-content\/uploads\/2024\/08\/20240806-17.jpg?resize=350%2C200&ssl=1","width":350,"height":200,"srcset":"https:\/\/i0.wp.com\/www.wallendorff.com\/belogue\/wp-content\/uploads\/2024\/08\/20240806-17.jpg?resize=350%2C200&ssl=1 1x, https:\/\/i0.wp.com\/www.wallendorff.com\/belogue\/wp-content\/uploads\/2024\/08\/20240806-17.jpg?resize=525%2C300&ssl=1 1.5x, https:\/\/i0.wp.com\/www.wallendorff.com\/belogue\/wp-content\/uploads\/2024\/08\/20240806-17.jpg?resize=700%2C400&ssl=1 2x, https:\/\/i0.wp.com\/www.wallendorff.com\/belogue\/wp-content\/uploads\/2024\/08\/20240806-17.jpg?resize=1050%2C600&ssl=1 3x"},"classes":[]},{"id":1277,"url":"https:\/\/www.wallendorff.com\/belogue\/2008\/07\/24\/grand-concours-du-jeudi\/","url_meta":{"origin":4045,"position":2},"title":"Grand concours du jeudi.","author":"dpc","date":"24 juillet 2008","format":false,"excerpt":"Place du Carrousel, Paris, 23 juin. \u00a0\u00a0Interpol \u2013 Pioneer to the Falls (orchestral)1 Comme je n'arrive pas \u00e0 choisir le titre d'aujourd'hui, je m'en remets au vote du peuple parce que rien de tel que la d\u00e9mocratie participative appliqu\u00e9e au bel\u00f6guage. Ins\u00e8re en commentaire ton choix parmi les trois propositions\u2026","rel":"","context":"Dans &quot;DPC&quot;","block_context":{"text":"DPC","link":"https:\/\/www.wallendorff.com\/belogue\/category\/dpc\/"},"img":{"alt_text":"","src":"https:\/\/i0.wp.com\/www.wallendorff.com\/belogue\/wp-content\/uploads\/2015\/04\/200807241.jpg?resize=350%2C200&ssl=1","width":350,"height":200},"classes":[]},{"id":429,"url":"https:\/\/www.wallendorff.com\/belogue\/2005\/03\/26\/camps-des-labres\/","url_meta":{"origin":4045,"position":3},"title":"Camps des labres\u00b9.","author":"dpc","date":"26 mars 2005","format":false,"excerpt":"Le Louvre, Paris, 22 mars. \u00a0Pearl Jam \u2013 Better Man _____ 1 Bien s\u00fbr que si, \u00e7a existe, un labre. C'est un \u00ab\u00a0poisson marin \u00e0 dentition double et l\u00e8vres \u00e9paisses2, aux couleurs vives (en particulier le m\u00e2le), comestible mais peu estim\u00e9, vivant dans les eaux peu profondes des c\u00f4tes rocheuses.\u00a0\u00bb\u2026","rel":"","context":"Dans &quot;DPC&quot;","block_context":{"text":"DPC","link":"https:\/\/www.wallendorff.com\/belogue\/category\/dpc\/"},"img":{"alt_text":"","src":"https:\/\/i0.wp.com\/www.wallendorff.com\/belogue\/wp-content\/uploads\/2015\/04\/20050326-011.jpg?resize=350%2C200&ssl=1","width":350,"height":200},"classes":[]},{"id":12331,"url":"https:\/\/www.wallendorff.com\/belogue\/2011\/02\/22\/un-parthe-houpa-lhaut-cintre\/","url_meta":{"origin":4045,"position":4},"title":"Un Parthe houpa l&rsquo;haut cintre.","author":"dpc","date":"22 f\u00e9vrier 2011","format":false,"excerpt":"Arc de Triomphe de l'\u00c9toile, Paris, 17 janvier. C'est magnifique. Je n'avais jamais post\u00e9 une telle photo. [Absolument jamais.] \u00a0The Dandy Warhols \u2013 Hells Bells (AC\/DC cover)","rel":"","context":"Dans &quot;DPC&quot;","block_context":{"text":"DPC","link":"https:\/\/www.wallendorff.com\/belogue\/category\/dpc\/"},"img":{"alt_text":"","src":"https:\/\/i0.wp.com\/www.wallendorff.com\/belogue\/wp-content\/uploads\/2015\/04\/201102221.jpg?resize=350%2C200&ssl=1","width":350,"height":200,"srcset":"https:\/\/i0.wp.com\/www.wallendorff.com\/belogue\/wp-content\/uploads\/2015\/04\/201102221.jpg?resize=350%2C200&ssl=1 1x, https:\/\/i0.wp.com\/www.wallendorff.com\/belogue\/wp-content\/uploads\/2015\/04\/201102221.jpg?resize=525%2C300&ssl=1 1.5x, https:\/\/i0.wp.com\/www.wallendorff.com\/belogue\/wp-content\/uploads\/2015\/04\/201102221.jpg?resize=700%2C400&ssl=1 2x"},"classes":[]},{"id":1147,"url":"https:\/\/www.wallendorff.com\/belogue\/2008\/01\/25\/aux-arcs-on-rit\/","url_meta":{"origin":4045,"position":5},"title":"Aux arcs on rit.","author":"dpc","date":"25 janvier 2008","format":false,"excerpt":"Arc de Triomphe de l'\u00c9toile, Paris, 8 janvier. Arcade Fire nous refait le coup de la vid\u00e9o interactive. \u00a0Eddie Vedder \u2013 Long Nights","rel":"","context":"Dans &quot;DPC&quot;","block_context":{"text":"DPC","link":"https:\/\/www.wallendorff.com\/belogue\/category\/dpc\/"},"img":{"alt_text":"","src":"https:\/\/i0.wp.com\/www.wallendorff.com\/belogue\/wp-content\/uploads\/2015\/04\/200801251.jpg?resize=350%2C200&ssl=1","width":350,"height":200},"classes":[]}],"_links":{"self":[{"href":"https:\/\/www.wallendorff.com\/belogue\/wp-json\/wp\/v2\/posts\/4045","targetHints":{"allow":["GET"]}}],"collection":[{"href":"https:\/\/www.wallendorff.com\/belogue\/wp-json\/wp\/v2\/posts"}],"about":[{"href":"https:\/\/www.wallendorff.com\/belogue\/wp-json\/wp\/v2\/types\/post"}],"author":[{"embeddable":true,"href":"https:\/\/www.wallendorff.com\/belogue\/wp-json\/wp\/v2\/users\/1"}],"replies":[{"embeddable":true,"href":"https:\/\/www.wallendorff.com\/belogue\/wp-json\/wp\/v2\/comments?post=4045"}],"version-history":[{"count":3,"href":"https:\/\/www.wallendorff.com\/belogue\/wp-json\/wp\/v2\/posts\/4045\/revisions"}],"predecessor-version":[{"id":21574,"href":"https:\/\/www.wallendorff.com\/belogue\/wp-json\/wp\/v2\/posts\/4045\/revisions\/21574"}],"wp:featuredmedia":[{"embeddable":true,"href":"https:\/\/www.wallendorff.com\/belogue\/wp-json\/wp\/v2\/media\/25390"}],"wp:attachment":[{"href":"https:\/\/www.wallendorff.com\/belogue\/wp-json\/wp\/v2\/media?parent=4045"}],"wp:term":[{"taxonomy":"category","embeddable":true,"href":"https:\/\/www.wallendorff.com\/belogue\/wp-json\/wp\/v2\/categories?post=4045"},{"taxonomy":"post_tag","embeddable":true,"href":"https:\/\/www.wallendorff.com\/belogue\/wp-json\/wp\/v2\/tags?post=4045"}],"curies":[{"name":"wp","href":"https:\/\/api.w.org\/{rel}","templated":true}]}}