{"id":40404,"date":"2018-11-09T15:47:02","date_gmt":"2018-11-09T13:47:02","guid":{"rendered":"http:\/\/www.wallendorff.com\/belogue\/?p=40404"},"modified":"2019-04-25T13:09:15","modified_gmt":"2019-04-25T11:09:15","slug":"love-mitaines-dheures-love-mi-trous","status":"publish","type":"post","link":"https:\/\/www.wallendorff.com\/belogue\/2018\/11\/09\/love-mitaines-dheures-love-mi-trous\/","title":{"rendered":"Love mitaines d&rsquo;heures, love mi-trous."},"content":{"rendered":"<div id=\"photo\">\n<p><img decoding=\"async\" src=\"https:\/\/www.wallendorff.com\/belogue\/wp-content\/uploads\/2018\/11\/20181109.jpg\"><br \/>\nRue du Cardinal-Dubois, Paris, 22 ao&ucirc;t 2018.<\/p>\n<\/div>\n<p style=\"text-align: right;\">Ils &eacute;taient pos&eacute;s comme &ccedil;a quand je les ai vus de loin. Je me suis approch&eacute; d&rsquo;eux le plus discr&egrave;tement possible, ne m&rsquo;arr&ecirc;tant qu&rsquo;une seconde pour faire une premi&egrave;re photo pas tr&egrave;s bien cadr&eacute;e, au cas o&ugrave; ils bougeraient avant que j&rsquo;eusse le temps de bien me placer. Quand je me suis remis en marche&#8230; ils ont boug&eacute; avant que j&rsquo;aie le temps de bien me placer.<\/p>\n<p style=\"text-align: right;\">On ne peut pas &ecirc;tre <a href=\"https:\/\/www.wallendorff.com\/belogue\/2008\/07\/25\/shooting-people-32\/\">chanceux tous les jours<\/a>.<\/p>\n<p style=\"text-align: right;\">Reste cette photo pas tr&egrave;s optimale, et un nouveau souvenir de butte. &Agrave; ranger avec <a href=\"https:\/\/www.wallendorff.com\/belogue\/2009\/01\/05\/lacs-et-phares-abiment\/\">celui-l&agrave;<\/a>.<\/p>\n<p style=\"text-align: right;\">Mais \u00e0 part \u00e7a, rien.<\/p>\n<div id=\"bandeson\">\n<p><img decoding=\"async\" src=\"https:\/\/www.wallendorff.com\/belogue\/photo\/pochettes\/b\/bad_sounds-get_better.jpg\" align=\"left\"><em><a href=\"https:\/\/www.youtube.com\/watch?v=LsrzFGcqjmw\">Banger<\/a><\/em><br \/>\n<a href=\"https:\/\/www.realbadsounds.com\/\">Bad Sounds<\/a><\/p>\n<\/div>\n","protected":false},"excerpt":{"rendered":"<p>Rue du Cardinal-Dubois, Paris, 22 ao&ucirc;t 2018. Ils &eacute;taient pos&eacute;s comme &ccedil;a quand je les ai vus de loin. Je me suis approch&eacute; d&rsquo;eux le plus discr&egrave;tement possible, ne m&rsquo;arr&ecirc;tant qu&rsquo;une seconde pour faire une premi&egrave;re photo pas tr&egrave;s bien cadr&eacute;e, au cas o&ugrave; ils bougeraient avant que j&rsquo;eusse le temps de bien me placer.&hellip;<\/p>\n","protected":false},"author":1,"featured_media":40405,"comment_status":"open","ping_status":"open","sticky":false,"template":"","format":"standard","meta":{"_acf_changed":false,"ngg_post_thumbnail":0,"jetpack_post_was_ever_published":false,"_jetpack_newsletter_access":"","_jetpack_dont_email_post_to_subs":false,"_jetpack_newsletter_tier_id":0,"_jetpack_memberships_contains_paywalled_content":false,"_jetpack_memberships_contains_paid_content":false,"footnotes":"","jetpack_publicize_message":"","jetpack_publicize_feature_enabled":true,"jetpack_social_post_already_shared":true,"jetpack_social_options":{"image_generator_settings":{"template":"highway","default_image_id":0,"font":"","enabled":false},"version":2}},"categories":[3],"tags":[10143,13494,15205,10359,10326,10120,14271,14268,10121,10278,10151,10142,143,10098,7452],"class_list":["post-40404","post","type-post","status-publish","format-standard","has-post-thumbnail","hentry","category-dpc","tag-10143","tag-bad-sounds","tag-banger","tag-couple","tag-crepuscule","tag-france","tag-fujifilm-x-t2","tag-fujinon-xf-18-mm-f2-0","tag-ile-de-france","tag-lampadaire","tag-lune","tag-montmartre","tag-noir-et-blanc","tag-paris","tag-rue-du-cardinal-dubois"],"acf":[],"geo":{"latitude":48.8859062,"longitude":2.3432281,"description":null},"jetpack_publicize_connections":[],"jetpack_featured_media_url":"https:\/\/www.wallendorff.com\/belogue\/wp-content\/uploads\/2018\/11\/20181109.jpg","jetpack_shortlink":"https:\/\/wp.me\/p3b35P-avG","jetpack_sharing_enabled":true,"jetpack-related-posts":[{"id":268,"url":"https:\/\/www.wallendorff.com\/belogue\/2005\/11\/17\/qu-est-ce-qui-s-case-a-caisses-qui-s-cassent\/","url_meta":{"origin":40404,"position":0},"title":"Qu&rsquo;est-ce qui s&rsquo;case \u00e0 caisses qui s&rsquo;cassent ?","author":"dpc","date":"17 novembre 2005","format":false,"excerpt":"Rue Fondary, Paris, 9 novembre. Vu qu'on me l'a demand\u00e9 \u00e7\u00e0 et l\u00e0, je m'\u00e9x\u00e9cute. Profitez-en avant que je l'enl\u00e8ve, on sait jamais. Ma premi\u00e8re galette \u00e9thylique fut livr\u00e9e \u00e0 l\u2019occasion du Beaujolais nouveau 2000 dans mes toilettes de la rue du Pont des Morts \u00e0 Metz. Elle suivait d\u2019\u00e0\u2026","rel":"","context":"Dans &quot;DPC&quot;","block_context":{"text":"DPC","link":"https:\/\/www.wallendorff.com\/belogue\/category\/dpc\/"},"img":{"alt_text":"","src":"https:\/\/i0.wp.com\/www.wallendorff.com\/belogue\/wp-content\/uploads\/2015\/04\/200511171.jpg?resize=350%2C200&ssl=1","width":350,"height":200},"classes":[]},{"id":12174,"url":"https:\/\/www.wallendorff.com\/belogue\/2011\/02\/03\/red-death-at-20h04\/","url_meta":{"origin":40404,"position":1},"title":"Red Death at 20h04.","author":"dpc","date":"3 f\u00e9vrier 2011","format":false,"excerpt":"Quand j'ai lu la nouvelle, j'ai pleur\u00e9. Puis j'ai refus\u00e9 d'y croire. Puis j'ai rejet\u00e9 la faute sur les mafieux mexicains qui squattent nuit et jour devant Third Man pour faire du trafic de disques rares et sur les fans de fouteballe qui ont fait de l'insupportable Seven Nation Army\u2026","rel":"","context":"Dans &quot;Alive&quot;","block_context":{"text":"Alive","link":"https:\/\/www.wallendorff.com\/belogue\/category\/alive\/"},"img":{"alt_text":"","src":"https:\/\/i0.wp.com\/www.wallendorff.com\/belogue\/wp-content\/uploads\/2015\/04\/201102031.jpg?resize=350%2C200&ssl=1","width":350,"height":200,"srcset":"https:\/\/i0.wp.com\/www.wallendorff.com\/belogue\/wp-content\/uploads\/2015\/04\/201102031.jpg?resize=350%2C200&ssl=1 1x, https:\/\/i0.wp.com\/www.wallendorff.com\/belogue\/wp-content\/uploads\/2015\/04\/201102031.jpg?resize=525%2C300&ssl=1 1.5x, https:\/\/i0.wp.com\/www.wallendorff.com\/belogue\/wp-content\/uploads\/2015\/04\/201102031.jpg?resize=700%2C400&ssl=1 2x"},"classes":[]},{"id":29669,"url":"https:\/\/www.wallendorff.com\/belogue\/2015\/11\/16\/704\/","url_meta":{"origin":40404,"position":2},"title":"704.","author":"dpc","date":"16 novembre 2015","format":false,"excerpt":"J'ai cru \u00e0 des p\u00e9tards, comme tout le monde. Puis un bonhomme nous a bouscul\u00e9, cette amie-ci, cet ami-l\u00e0 et moi, puis il a bien fallu se rendre \u00e0 l'\u00e9vidence, se jeter par terre au hasard, sans r\u00e9fl\u00e9chir, prostr\u00e9, sans savoir que faire. Ma part logique comprend vite que je\u2026","rel":"","context":"Dans &quot;Alive&quot;","block_context":{"text":"Alive","link":"https:\/\/www.wallendorff.com\/belogue\/category\/alive\/"},"img":{"alt_text":"","src":"","width":0,"height":0},"classes":[]},{"id":3692,"url":"https:\/\/www.wallendorff.com\/belogue\/2008\/12\/19\/astonvilla-subway-le-bataclan-paris\/","url_meta":{"origin":40404,"position":3},"title":"Astonvilla + Subway @ le Bataclan, Paris.","author":"dpc","date":"19 d\u00e9cembre 2008","format":false,"excerpt":"Je pourrais faire un long article racontant \u00e0 quel point le 5D Mark II est un vrai bonheur de la vie, mais le Rod s'en \u00e9tant d\u00e9j\u00e0 occup\u00e9 avant-hier, je m'en tiendrai \u00e0 une liste de pour\/contre rapide, histoire de gagner du temps\u00a0: Contre\u00a0: L'autofocus patine effectivement. Pas bien meilleur\u2026","rel":"","context":"Dans &quot;Alive&quot;","block_context":{"text":"Alive","link":"https:\/\/www.wallendorff.com\/belogue\/category\/alive\/"},"img":{"alt_text":"","src":"https:\/\/i0.wp.com\/www.wallendorff.com\/belogue\/wp-content\/uploads\/2015\/04\/200812191.jpg?resize=350%2C200&ssl=1","width":350,"height":200,"srcset":"https:\/\/i0.wp.com\/www.wallendorff.com\/belogue\/wp-content\/uploads\/2015\/04\/200812191.jpg?resize=350%2C200&ssl=1 1x, https:\/\/i0.wp.com\/www.wallendorff.com\/belogue\/wp-content\/uploads\/2015\/04\/200812191.jpg?resize=525%2C300&ssl=1 1.5x, https:\/\/i0.wp.com\/www.wallendorff.com\/belogue\/wp-content\/uploads\/2015\/04\/200812191.jpg?resize=700%2C400&ssl=1 2x"},"classes":[]},{"id":6798,"url":"https:\/\/www.wallendorff.com\/belogue\/2010\/02\/17\/le-petit-bonhomme-en-moufles\/","url_meta":{"origin":40404,"position":4},"title":"Le petit bonhomme en moufles.","author":"dpc","date":"17 f\u00e9vrier 2010","format":false,"excerpt":"Place Franz-Liszt, Paris, 9 janvier. Je sais, on lui voit mal les moufles. Je ne me rappelle la t\u00eate des gens qu'une fois que je les ai pris en photo. Tant que ce n'est pas fait, j'oublie leur visage \u2015\u00a0et leur nom aussi, d'ailleurs, pratique pour se d\u00e9velopper une vie\u2026","rel":"","context":"Dans &quot;DPC&quot;","block_context":{"text":"DPC","link":"https:\/\/www.wallendorff.com\/belogue\/category\/dpc\/"},"img":{"alt_text":"","src":"https:\/\/i0.wp.com\/www.wallendorff.com\/belogue\/wp-content\/uploads\/2015\/04\/201002171.jpg?resize=350%2C200&ssl=1","width":350,"height":200},"classes":[]},{"id":130417,"url":"https:\/\/www.wallendorff.com\/belogue\/2024\/08\/29\/there-we-were-now-here-we-are\/","url_meta":{"origin":40404,"position":5},"title":"There we were, now here we are.","author":"dpc","date":"29 ao\u00fbt 2024","format":false,"excerpt":"Rock en Seine, Domaine national de Saint-Cloud, 28 ao\u00fbt 2009.J\u2019ai photographi\u00e9 ces trois jeunes filles du premier rang du public de Rock en Seine le 28 ao\u00fbt 2009 \u00e0 21 h 59 min 41 s, juste avant le concert d\u2019Oasis, juste avant l\u2019annonce de la plus fameuse baston-\u00e0-coups-de-guitares-en- loges\u00b9 de\u2026","rel":"","context":"Dans &quot;Alive&quot;","block_context":{"text":"Alive","link":"https:\/\/www.wallendorff.com\/belogue\/category\/alive\/"},"img":{"alt_text":"","src":"https:\/\/i0.wp.com\/www.wallendorff.com\/belogue\/wp-content\/uploads\/2024\/08\/20240829-01.jpg?resize=350%2C200&ssl=1","width":350,"height":200,"srcset":"https:\/\/i0.wp.com\/www.wallendorff.com\/belogue\/wp-content\/uploads\/2024\/08\/20240829-01.jpg?resize=350%2C200&ssl=1 1x, https:\/\/i0.wp.com\/www.wallendorff.com\/belogue\/wp-content\/uploads\/2024\/08\/20240829-01.jpg?resize=525%2C300&ssl=1 1.5x, https:\/\/i0.wp.com\/www.wallendorff.com\/belogue\/wp-content\/uploads\/2024\/08\/20240829-01.jpg?resize=700%2C400&ssl=1 2x, https:\/\/i0.wp.com\/www.wallendorff.com\/belogue\/wp-content\/uploads\/2024\/08\/20240829-01.jpg?resize=1050%2C600&ssl=1 3x"},"classes":[]}],"_links":{"self":[{"href":"https:\/\/www.wallendorff.com\/belogue\/wp-json\/wp\/v2\/posts\/40404","targetHints":{"allow":["GET"]}}],"collection":[{"href":"https:\/\/www.wallendorff.com\/belogue\/wp-json\/wp\/v2\/posts"}],"about":[{"href":"https:\/\/www.wallendorff.com\/belogue\/wp-json\/wp\/v2\/types\/post"}],"author":[{"embeddable":true,"href":"https:\/\/www.wallendorff.com\/belogue\/wp-json\/wp\/v2\/users\/1"}],"replies":[{"embeddable":true,"href":"https:\/\/www.wallendorff.com\/belogue\/wp-json\/wp\/v2\/comments?post=40404"}],"version-history":[{"count":4,"href":"https:\/\/www.wallendorff.com\/belogue\/wp-json\/wp\/v2\/posts\/40404\/revisions"}],"predecessor-version":[{"id":40409,"href":"https:\/\/www.wallendorff.com\/belogue\/wp-json\/wp\/v2\/posts\/40404\/revisions\/40409"}],"wp:featuredmedia":[{"embeddable":true,"href":"https:\/\/www.wallendorff.com\/belogue\/wp-json\/wp\/v2\/media\/40405"}],"wp:attachment":[{"href":"https:\/\/www.wallendorff.com\/belogue\/wp-json\/wp\/v2\/media?parent=40404"}],"wp:term":[{"taxonomy":"category","embeddable":true,"href":"https:\/\/www.wallendorff.com\/belogue\/wp-json\/wp\/v2\/categories?post=40404"},{"taxonomy":"post_tag","embeddable":true,"href":"https:\/\/www.wallendorff.com\/belogue\/wp-json\/wp\/v2\/tags?post=40404"}],"curies":[{"name":"wp","href":"https:\/\/api.w.org\/{rel}","templated":true}]}}