{"id":4019,"date":"2009-03-14T12:23:07","date_gmt":"2009-03-14T11:23:07","guid":{"rendered":"http:\/\/www.po-l.com\/belogue\/?p=4019"},"modified":"2012-02-20T11:36:40","modified_gmt":"2012-02-20T09:36:40","slug":"drou-the-candy-kid-le-vieux-leon-paris","status":"publish","type":"post","link":"https:\/\/www.wallendorff.com\/belogue\/2009\/03\/14\/drou-the-candy-kid-le-vieux-leon-paris\/","title":{"rendered":"Drou &#038; the Candy Kid @ le Vieux L\u00e9on, Paris."},"content":{"rendered":"<div id=\"photo\">\n<p><img decoding=\"async\" src=\"https:\/\/www.wallendorff.com\/belogue\/photo\/2009\/03\/20090314.jpg\" \/><\/p>\n<\/div>\n<div id=\"bandeson\">\n<p><img decoding=\"async\" src=\"https:\/\/www.wallendorff.com\/belogue\/photo\/pochettes\/v\/veils_the-sun_gangs.jpg\" align=\"left\" \/>&nbsp;<a href=\"http:\/\/www.theveils.com\/\"> The Veils <\/a>&ndash; <em>Three Sisters<\/em><\/p>\n<\/div>\n<p style=\"text-align:right\">[Je sais, \u00e7a manque de Candy Kid. Mais je me rattraperai.]<\/p>\n","protected":false},"excerpt":{"rendered":"<p>&nbsp; The Veils &ndash; Three Sisters [Je sais, \u00e7a manque de Candy Kid. Mais je me rattraperai.]<\/p>\n","protected":false},"author":1,"featured_media":25388,"comment_status":"open","ping_status":"open","sticky":false,"template":"","format":"standard","meta":{"_acf_changed":false,"ngg_post_thumbnail":0,"jetpack_post_was_ever_published":false,"_jetpack_newsletter_access":"","_jetpack_dont_email_post_to_subs":false,"_jetpack_newsletter_tier_id":0,"_jetpack_memberships_contains_paywalled_content":false,"_jetpack_memberships_contains_paid_content":false,"footnotes":"","jetpack_publicize_message":"","jetpack_publicize_feature_enabled":true,"jetpack_social_post_already_shared":false,"jetpack_social_options":{"image_generator_settings":{"template":"highway","default_image_id":0,"font":"","enabled":false},"version":2}},"categories":[7],"tags":[10508,10182,10084,1438,2615,2737,10120,10121,2738,143,10098,811,2739],"class_list":["post-4019","post","type-post","status-publish","format-standard","has-post-thumbnail","hentry","category-alive","tag-10508","tag-10182","tag-alive","tag-ef-50-mm-f14-usm","tag-eos-5d-mark-ii","tag-drou-the-candy-kid","tag-france","tag-ile-de-france","tag-le-vieux-leon","tag-noir-et-blanc","tag-paris","tag-the-veils","tag-three-sisters"],"acf":[],"geo":{"latitude":48.8628769,"longitude":2.3488586,"description":null},"jetpack_publicize_connections":[],"jetpack_featured_media_url":"https:\/\/www.wallendorff.com\/belogue\/wp-content\/uploads\/2015\/04\/200903141.jpg","jetpack_shortlink":"https:\/\/wp.me\/p3b35P-12P","jetpack_sharing_enabled":true,"jetpack-related-posts":[{"id":809,"url":"https:\/\/www.wallendorff.com\/belogue\/2006\/10\/20\/tiens-voila-tu-boudes-hein\/","url_meta":{"origin":4019,"position":0},"title":"Tiens, voil\u00e0 tu boudes, hein ?","author":"dpc","date":"20 octobre 2006","format":false,"excerpt":"Dolf \u00ab\u00a0Rage against les limiteurs de d\u00e9cibels qui emp\u00eachent de jouer MF From Hell \u00e0 462\u00a0dB en rond\u00a0\u00bb Datsun, La Boule Noire, Paris, 17 octobre. J'aurais pu en faire un Shooting people, \u00e0 bien y r\u00e9fl\u00e9chir, mais\u00a0: \u00c0 force, c'est prise de t\u00eate les trucs en s\u00e9rie. Un bon vieux\u2026","rel":"","context":"Dans &quot;DPC&quot;","block_context":{"text":"DPC","link":"https:\/\/www.wallendorff.com\/belogue\/category\/dpc\/"},"img":{"alt_text":"","src":"https:\/\/i0.wp.com\/www.wallendorff.com\/belogue\/wp-content\/uploads\/2015\/04\/200610201.jpg?resize=350%2C200&ssl=1","width":350,"height":200},"classes":[]},{"id":994,"url":"https:\/\/www.wallendorff.com\/belogue\/2007\/07\/16\/shooting-people-12\/","url_meta":{"origin":4019,"position":1},"title":"Shooting people #12.","author":"dpc","date":"16 juillet 2007","format":false,"excerpt":"POP Bercy, Paris, 30 mai. Alors que la France enti\u00e8re se remet doucement de la c\u00e9l\u00e9bration du 10e anniversaire des White Stripes de samedi \u2015\u00a0une c\u00e9l\u00e9bration par ailleurs \u00e9tonnante d'ampleur et dont les nombreux et spontan\u00e9s feux d'artifices de joie firent grand plaisir \u00e0 voir, m\u00eame si je me demande\u2026","rel":"","context":"Dans &quot;Portraits&quot;","block_context":{"text":"Portraits","link":"https:\/\/www.wallendorff.com\/belogue\/category\/portraits\/"},"img":{"alt_text":"","src":"https:\/\/i0.wp.com\/www.wallendorff.com\/belogue\/wp-content\/uploads\/2015\/04\/200707161.jpg?resize=350%2C200&ssl=1","width":350,"height":200},"classes":[]},{"id":3404,"url":"https:\/\/www.wallendorff.com\/belogue\/2008\/09\/08\/lit-lit-lit\/","url_meta":{"origin":4019,"position":2},"title":"Lit lit lit.","author":"dpc","date":"8 septembre 2008","format":false,"excerpt":"Cour carr\u00e9e du Louvre, Paris, 6 ao\u00fbt. The Veils \u2013 Drive (R.E.M. cover) \u2013 (Drive XV) C'est quand m\u00eame chouette de faire dans le dynamique motivant d\u00e8s le lundi matin.","rel":"","context":"Dans &quot;DPC&quot;","block_context":{"text":"DPC","link":"https:\/\/www.wallendorff.com\/belogue\/category\/dpc\/"},"img":{"alt_text":"","src":"https:\/\/i0.wp.com\/www.wallendorff.com\/belogue\/wp-content\/uploads\/2015\/04\/200809081.jpg?resize=350%2C200&ssl=1","width":350,"height":200},"classes":[]},{"id":922,"url":"https:\/\/www.wallendorff.com\/belogue\/2007\/03\/28\/cafard-n-a-homme\/","url_meta":{"origin":4019,"position":3},"title":"Cafard n&rsquo;a homme.","author":"dpc","date":"28 mars 2007","format":false,"excerpt":"Le Grand Rex, Paris, 19 mars. \u201cAll my fears will come to me in dreams Maybe the end ain't as far as it seems Not yet revived but not yet mourned Not quite denied just not yet born.\u201d \u00a0The Veils \u2013 Not Yet","rel":"","context":"Dans &quot;DPC&quot;","block_context":{"text":"DPC","link":"https:\/\/www.wallendorff.com\/belogue\/category\/dpc\/"},"img":{"alt_text":"","src":"https:\/\/i0.wp.com\/www.wallendorff.com\/belogue\/wp-content\/uploads\/2015\/04\/200703281.jpg?resize=350%2C200&ssl=1","width":350,"height":200},"classes":[]},{"id":1020,"url":"https:\/\/www.wallendorff.com\/belogue\/2007\/08\/22\/previously-unreleased-69\/","url_meta":{"origin":4019,"position":4},"title":"Previously unreleased #69\u00b9","author":"dpc","date":"22 ao\u00fbt 2007","format":false,"excerpt":"Kings of Leon, le Bataclan, Paris, 26 juin. Et oui les enfants, il fut une \u00e9poque pas si lointaine o\u00f9 le Caleb Followill arbora fi\u00e8rement sur ses amples esgourdes une crini\u00e8re [de L\u00e9on, ahah] suscitant l'envie et le respect m\u00eame chez ses ennemis les plus mortels, tout en le pr\u00e9munissant\u2026","rel":"","context":"Dans &quot;Previously unreleased&quot;","block_context":{"text":"Previously unreleased","link":"https:\/\/www.wallendorff.com\/belogue\/category\/previously-unreleased\/"},"img":{"alt_text":"","src":"https:\/\/i0.wp.com\/www.wallendorff.com\/belogue\/wp-content\/uploads\/2015\/04\/20070822-11.jpg?resize=350%2C200&ssl=1","width":350,"height":200},"classes":[]},{"id":7381,"url":"https:\/\/www.wallendorff.com\/belogue\/2010\/04\/14\/frightened-rabbit-candy-clash-la-fleche-dor-paris\/","url_meta":{"origin":4019,"position":5},"title":"Frightened Rabbit + Candy Clash @ la Fl\u00e8che d&rsquo;Or, Paris.","author":"dpc","date":"14 avril 2010","format":false,"excerpt":"[Va falloir que je pense s\u00e9rieusement \u00e0 arr\u00eater la Fl\u00e8che d'Or et ses lumi\u00e8res moisies.] Candy Clash n'\u00e9volue pas vraiment dans ma ligue, mais plut\u00f4t dans ce genre musical o\u00f9 le chanteur finit invariablement pendu dans sa cuisine avec une corde \u00e0 linge1 la veille de son d\u00e9part en tourn\u00e9e\u2026","rel":"","context":"Dans &quot;Alive&quot;","block_context":{"text":"Alive","link":"https:\/\/www.wallendorff.com\/belogue\/category\/alive\/"},"img":{"alt_text":"","src":"https:\/\/i0.wp.com\/www.wallendorff.com\/belogue\/wp-content\/uploads\/2015\/04\/201004141.jpg?resize=350%2C200&ssl=1","width":350,"height":200,"srcset":"https:\/\/i0.wp.com\/www.wallendorff.com\/belogue\/wp-content\/uploads\/2015\/04\/201004141.jpg?resize=350%2C200&ssl=1 1x, https:\/\/i0.wp.com\/www.wallendorff.com\/belogue\/wp-content\/uploads\/2015\/04\/201004141.jpg?resize=525%2C300&ssl=1 1.5x, https:\/\/i0.wp.com\/www.wallendorff.com\/belogue\/wp-content\/uploads\/2015\/04\/201004141.jpg?resize=700%2C400&ssl=1 2x"},"classes":[]}],"_links":{"self":[{"href":"https:\/\/www.wallendorff.com\/belogue\/wp-json\/wp\/v2\/posts\/4019","targetHints":{"allow":["GET"]}}],"collection":[{"href":"https:\/\/www.wallendorff.com\/belogue\/wp-json\/wp\/v2\/posts"}],"about":[{"href":"https:\/\/www.wallendorff.com\/belogue\/wp-json\/wp\/v2\/types\/post"}],"author":[{"embeddable":true,"href":"https:\/\/www.wallendorff.com\/belogue\/wp-json\/wp\/v2\/users\/1"}],"replies":[{"embeddable":true,"href":"https:\/\/www.wallendorff.com\/belogue\/wp-json\/wp\/v2\/comments?post=4019"}],"version-history":[{"count":3,"href":"https:\/\/www.wallendorff.com\/belogue\/wp-json\/wp\/v2\/posts\/4019\/revisions"}],"predecessor-version":[{"id":15960,"href":"https:\/\/www.wallendorff.com\/belogue\/wp-json\/wp\/v2\/posts\/4019\/revisions\/15960"}],"wp:featuredmedia":[{"embeddable":true,"href":"https:\/\/www.wallendorff.com\/belogue\/wp-json\/wp\/v2\/media\/25388"}],"wp:attachment":[{"href":"https:\/\/www.wallendorff.com\/belogue\/wp-json\/wp\/v2\/media?parent=4019"}],"wp:term":[{"taxonomy":"category","embeddable":true,"href":"https:\/\/www.wallendorff.com\/belogue\/wp-json\/wp\/v2\/categories?post=4019"},{"taxonomy":"post_tag","embeddable":true,"href":"https:\/\/www.wallendorff.com\/belogue\/wp-json\/wp\/v2\/tags?post=4019"}],"curies":[{"name":"wp","href":"https:\/\/api.w.org\/{rel}","templated":true}]}}