{"id":40088,"date":"2018-10-08T17:44:49","date_gmt":"2018-10-08T15:44:49","guid":{"rendered":"http:\/\/www.wallendorff.com\/belogue\/?p=40088"},"modified":"2019-04-25T12:56:03","modified_gmt":"2019-04-25T10:56:03","slug":"the-importance-of-boeing-idle","status":"publish","type":"post","link":"https:\/\/www.wallendorff.com\/belogue\/2018\/10\/08\/the-importance-of-boeing-idle\/","title":{"rendered":"The importance of Boeing idle."},"content":{"rendered":"<div id=\"photo\">\n<p><img decoding=\"async\" src=\"https:\/\/www.wallendorff.com\/belogue\/wp-content\/uploads\/2018\/10\/20181008.jpg\"><br \/>\nTerminal 2E, a&eacute;roport Paris-Charles-de-Gaulle, 4 ao&ucirc;t 2018.<\/p>\n<\/div>\n<p style=\"text-align: right;\">Le Boeing 777-328 F-GZNL assurant le vof AF943 en provenance de La Havane atterrit &agrave; 14&nbsp;h 27 avec 8 minute d&rsquo;avance sur la piste 26R.<\/p>\n<p style=\"text-align: right;\">[Je voulais &ecirc;tre plus pr&eacute;cis mais je n&rsquo;ai pas trouv&eacute; le menu du repas servi &agrave; bord.]<\/p>\n<div id=\"bandeson\">\n<p><img decoding=\"async\" src=\"https:\/\/www.wallendorff.com\/belogue\/photo\/pochettes\/r\/rat_boy-civil_disorder.jpg\" align=\"left\"><a id=\"lienmp3\" style=\"font-weight: normal;\" href=\"https:\/\/www.youtube.com\/watch?v=J16IAGuibrs\"><em>Reactions<\/em><\/a><br \/>\n<a href=\"http:\/\/www.ratboy.co.uk\">RAT BOY<\/a><\/p>\n<\/div>\n","protected":false},"excerpt":{"rendered":"<p>Terminal 2E, a&eacute;roport Paris-Charles-de-Gaulle, 4 ao&ucirc;t 2018. Le Boeing 777-328 F-GZNL assurant le vof AF943 en provenance de La Havane atterrit &agrave; 14&nbsp;h 27 avec 8 minute d&rsquo;avance sur la piste 26R. [Je voulais &ecirc;tre plus pr&eacute;cis mais je n&rsquo;ai pas trouv&eacute; le menu du repas servi &agrave; bord.] Reactions RAT BOY<\/p>\n","protected":false},"author":1,"featured_media":40089,"comment_status":"open","ping_status":"open","sticky":false,"template":"","format":"standard","meta":{"_acf_changed":false,"ngg_post_thumbnail":0,"jetpack_post_was_ever_published":false,"_jetpack_newsletter_access":"","_jetpack_dont_email_post_to_subs":false,"_jetpack_newsletter_tier_id":0,"_jetpack_memberships_contains_paywalled_content":false,"_jetpack_memberships_contains_paid_content":false,"footnotes":"","jetpack_publicize_message":"","jetpack_publicize_feature_enabled":true,"jetpack_social_post_already_shared":true,"jetpack_social_options":{"image_generator_settings":{"template":"highway","default_image_id":0,"font":"","enabled":false},"version":2}},"categories":[3],"tags":[10177,10259,10176,7471,10120,14271,14272,10121,13188,15120,10260,2361,948],"class_list":["post-40088","post","type-post","status-publish","format-standard","has-post-thumbnail","hentry","category-dpc","tag-aeroport","tag-aeroport-paris-charles-de-gaulle","tag-avion","tag-boeing-777","tag-france","tag-fujifilm-x-t2","tag-fujinon-xf-18-55-mm-f2-8-4-r-lm-ois","tag-ile-de-france","tag-rat-boy","tag-reactions","tag-roissy-en-france","tag-terminal-2e","tag-val-doise"],"acf":[],"geo":{"latitude":49.0010414,"longitude":2.5852842,"description":"Le Mesnil-Amelot, \u00cele-de-France, 77990, FR"},"jetpack_publicize_connections":[],"jetpack_featured_media_url":"https:\/\/www.wallendorff.com\/belogue\/wp-content\/uploads\/2018\/10\/20181008.jpg","jetpack_shortlink":"https:\/\/wp.me\/p3b35P-aqA","jetpack_sharing_enabled":true,"jetpack-related-posts":[{"id":135080,"url":"https:\/\/www.wallendorff.com\/belogue\/2026\/01\/19\/piste-1\/","url_meta":{"origin":40088,"position":0},"title":"Piste 1.","author":"dpc","date":"19 janvier 2026","format":false,"excerpt":"Chantier de r\u00e9fection de la piste 1 de l'a\u00e9roport de Paris-Charles-de-Gaulle.\u00a0Merci aux \u00e9quipes ADP et Colas pour leur accueil.","rel":"","context":"Dans &quot;DPC&quot;","block_context":{"text":"DPC","link":"https:\/\/www.wallendorff.com\/belogue\/category\/dpc\/"},"img":{"alt_text":"","src":"https:\/\/i0.wp.com\/www.wallendorff.com\/belogue\/wp-content\/uploads\/2026\/01\/20260119-15.jpg?resize=350%2C200&ssl=1","width":350,"height":200,"srcset":"https:\/\/i0.wp.com\/www.wallendorff.com\/belogue\/wp-content\/uploads\/2026\/01\/20260119-15.jpg?resize=350%2C200&ssl=1 1x, https:\/\/i0.wp.com\/www.wallendorff.com\/belogue\/wp-content\/uploads\/2026\/01\/20260119-15.jpg?resize=525%2C300&ssl=1 1.5x, https:\/\/i0.wp.com\/www.wallendorff.com\/belogue\/wp-content\/uploads\/2026\/01\/20260119-15.jpg?resize=700%2C400&ssl=1 2x, https:\/\/i0.wp.com\/www.wallendorff.com\/belogue\/wp-content\/uploads\/2026\/01\/20260119-15.jpg?resize=1050%2C600&ssl=1 3x"},"classes":[]},{"id":20693,"url":"https:\/\/www.wallendorff.com\/belogue\/2013\/03\/26\/navion-ii\/","url_meta":{"origin":40088,"position":1},"title":"Navion [II].","author":"dpc","date":"26 mars 2013","format":false,"excerpt":"A\u00e9roport Paris-Charles-de-Gaulle, 8 f\u00e9vrier. [Joyeux anniversaire.] Through the Deep, Dark WoodsThe Veils","rel":"","context":"Dans &quot;DPC&quot;","block_context":{"text":"DPC","link":"https:\/\/www.wallendorff.com\/belogue\/category\/dpc\/"},"img":{"alt_text":"","src":"https:\/\/i0.wp.com\/www.wallendorff.com\/belogue\/wp-content\/uploads\/2015\/04\/20130326.jpg?resize=350%2C200&ssl=1","width":350,"height":200,"srcset":"https:\/\/i0.wp.com\/www.wallendorff.com\/belogue\/wp-content\/uploads\/2015\/04\/20130326.jpg?resize=350%2C200&ssl=1 1x, https:\/\/i0.wp.com\/www.wallendorff.com\/belogue\/wp-content\/uploads\/2015\/04\/20130326.jpg?resize=525%2C300&ssl=1 1.5x"},"classes":[]},{"id":50323,"url":"https:\/\/www.wallendorff.com\/belogue\/2021\/12\/20\/cdf-2e\/","url_meta":{"origin":40088,"position":2},"title":"CDG 2E.","author":"dpc","date":"20 d\u00e9cembre 2021","format":false,"excerpt":"Reportage pour R\u00c9A sur le tarmac de l'a\u00e9roport avec les \u00e9quipes techniques. Merci \u00e0 Air France pour son accueil.","rel":"","context":"Dans &quot;DPC&quot;","block_context":{"text":"DPC","link":"https:\/\/www.wallendorff.com\/belogue\/category\/dpc\/"},"img":{"alt_text":"","src":"https:\/\/i0.wp.com\/www.wallendorff.com\/belogue\/wp-content\/uploads\/2021\/12\/20211220-25.jpg?resize=350%2C200&ssl=1","width":350,"height":200,"srcset":"https:\/\/i0.wp.com\/www.wallendorff.com\/belogue\/wp-content\/uploads\/2021\/12\/20211220-25.jpg?resize=350%2C200&ssl=1 1x, https:\/\/i0.wp.com\/www.wallendorff.com\/belogue\/wp-content\/uploads\/2021\/12\/20211220-25.jpg?resize=525%2C300&ssl=1 1.5x, https:\/\/i0.wp.com\/www.wallendorff.com\/belogue\/wp-content\/uploads\/2021\/12\/20211220-25.jpg?resize=700%2C400&ssl=1 2x, https:\/\/i0.wp.com\/www.wallendorff.com\/belogue\/wp-content\/uploads\/2021\/12\/20211220-25.jpg?resize=1050%2C600&ssl=1 3x"},"classes":[]},{"id":135273,"url":"https:\/\/www.wallendorff.com\/belogue\/2026\/02\/12\/siege-28a-2\/","url_meta":{"origin":40088,"position":3},"title":"Si\u00e8ge 28A.","author":"dpc","date":"12 f\u00e9vrier 2026","format":false,"excerpt":"","rel":"","context":"Dans &quot;DPC&quot;","block_context":{"text":"DPC","link":"https:\/\/www.wallendorff.com\/belogue\/category\/dpc\/"},"img":{"alt_text":"","src":"https:\/\/i0.wp.com\/www.wallendorff.com\/belogue\/wp-content\/uploads\/2026\/02\/20260212-02.jpg?resize=350%2C200&ssl=1","width":350,"height":200,"srcset":"https:\/\/i0.wp.com\/www.wallendorff.com\/belogue\/wp-content\/uploads\/2026\/02\/20260212-02.jpg?resize=350%2C200&ssl=1 1x, https:\/\/i0.wp.com\/www.wallendorff.com\/belogue\/wp-content\/uploads\/2026\/02\/20260212-02.jpg?resize=525%2C300&ssl=1 1.5x, https:\/\/i0.wp.com\/www.wallendorff.com\/belogue\/wp-content\/uploads\/2026\/02\/20260212-02.jpg?resize=700%2C400&ssl=1 2x, https:\/\/i0.wp.com\/www.wallendorff.com\/belogue\/wp-content\/uploads\/2026\/02\/20260212-02.jpg?resize=1050%2C600&ssl=1 3x"},"classes":[]},{"id":3469,"url":"https:\/\/www.wallendorff.com\/belogue\/2008\/10\/01\/begues-arts-banquette\/","url_meta":{"origin":40088,"position":4},"title":"B\u00e8gues arts-banquette.","author":"dpc","date":"1 octobre 2008","format":false,"excerpt":"Terminal 2E, a\u00e9roport Charles de Gaulle, 14 septembre. Oasis \u2013 To Be Where There's Life Je vais finir par l'\u00e9pouser, mon 10-22.","rel":"","context":"Dans &quot;DPC&quot;","block_context":{"text":"DPC","link":"https:\/\/www.wallendorff.com\/belogue\/category\/dpc\/"},"img":{"alt_text":"","src":"https:\/\/i0.wp.com\/www.wallendorff.com\/belogue\/wp-content\/uploads\/2015\/04\/200810011.jpg?resize=350%2C200&ssl=1","width":350,"height":200,"srcset":"https:\/\/i0.wp.com\/www.wallendorff.com\/belogue\/wp-content\/uploads\/2015\/04\/200810011.jpg?resize=350%2C200&ssl=1 1x, https:\/\/i0.wp.com\/www.wallendorff.com\/belogue\/wp-content\/uploads\/2015\/04\/200810011.jpg?resize=525%2C300&ssl=1 1.5x"},"classes":[]},{"id":129376,"url":"https:\/\/www.wallendorff.com\/belogue\/2024\/07\/22\/terminal-1-aeroport-de-paris-charles-de-gaulle-roissy-en-france-17-juillet-2024\/","url_meta":{"origin":40088,"position":5},"title":"Terminal 1 @ a\u00e9roport de Paris-Charles-de-Gaulle, Roissy-en-France, 17 juillet 2024.","author":"dpc","date":"22 juillet 2024","format":false,"excerpt":"","rel":"","context":"Dans &quot;Alive&quot;","block_context":{"text":"Alive","link":"https:\/\/www.wallendorff.com\/belogue\/category\/alive\/"},"img":{"alt_text":"","src":"https:\/\/i0.wp.com\/www.wallendorff.com\/belogue\/wp-content\/uploads\/2024\/07\/20240722-42.jpg?resize=350%2C200&ssl=1","width":350,"height":200,"srcset":"https:\/\/i0.wp.com\/www.wallendorff.com\/belogue\/wp-content\/uploads\/2024\/07\/20240722-42.jpg?resize=350%2C200&ssl=1 1x, https:\/\/i0.wp.com\/www.wallendorff.com\/belogue\/wp-content\/uploads\/2024\/07\/20240722-42.jpg?resize=525%2C300&ssl=1 1.5x, https:\/\/i0.wp.com\/www.wallendorff.com\/belogue\/wp-content\/uploads\/2024\/07\/20240722-42.jpg?resize=700%2C400&ssl=1 2x, https:\/\/i0.wp.com\/www.wallendorff.com\/belogue\/wp-content\/uploads\/2024\/07\/20240722-42.jpg?resize=1050%2C600&ssl=1 3x"},"classes":[]}],"_links":{"self":[{"href":"https:\/\/www.wallendorff.com\/belogue\/wp-json\/wp\/v2\/posts\/40088","targetHints":{"allow":["GET"]}}],"collection":[{"href":"https:\/\/www.wallendorff.com\/belogue\/wp-json\/wp\/v2\/posts"}],"about":[{"href":"https:\/\/www.wallendorff.com\/belogue\/wp-json\/wp\/v2\/types\/post"}],"author":[{"embeddable":true,"href":"https:\/\/www.wallendorff.com\/belogue\/wp-json\/wp\/v2\/users\/1"}],"replies":[{"embeddable":true,"href":"https:\/\/www.wallendorff.com\/belogue\/wp-json\/wp\/v2\/comments?post=40088"}],"version-history":[{"count":4,"href":"https:\/\/www.wallendorff.com\/belogue\/wp-json\/wp\/v2\/posts\/40088\/revisions"}],"predecessor-version":[{"id":40093,"href":"https:\/\/www.wallendorff.com\/belogue\/wp-json\/wp\/v2\/posts\/40088\/revisions\/40093"}],"wp:featuredmedia":[{"embeddable":true,"href":"https:\/\/www.wallendorff.com\/belogue\/wp-json\/wp\/v2\/media\/40089"}],"wp:attachment":[{"href":"https:\/\/www.wallendorff.com\/belogue\/wp-json\/wp\/v2\/media?parent=40088"}],"wp:term":[{"taxonomy":"category","embeddable":true,"href":"https:\/\/www.wallendorff.com\/belogue\/wp-json\/wp\/v2\/categories?post=40088"},{"taxonomy":"post_tag","embeddable":true,"href":"https:\/\/www.wallendorff.com\/belogue\/wp-json\/wp\/v2\/tags?post=40088"}],"curies":[{"name":"wp","href":"https:\/\/api.w.org\/{rel}","templated":true}]}}