{"id":40061,"date":"2018-10-04T16:42:32","date_gmt":"2018-10-04T14:42:32","guid":{"rendered":"http:\/\/www.wallendorff.com\/belogue\/?p=40061"},"modified":"2019-04-25T12:55:37","modified_gmt":"2019-04-25T10:55:37","slug":"revenir-partir","status":"publish","type":"post","link":"https:\/\/www.wallendorff.com\/belogue\/2018\/10\/04\/revenir-partir\/","title":{"rendered":"Revenir, partir."},"content":{"rendered":"<div id=\"photo\">\n<p><img decoding=\"async\" src=\"https:\/\/www.wallendorff.com\/belogue\/wp-content\/uploads\/2018\/10\/20181004.jpg\"><br \/>Vol OS411, 4 ao\u00fbt 2018.<\/p>\n<\/div>\n<div id=\"bandeson\">\n<p><img decoding=\"async\" src=\"https:\/\/www.wallendorff.com\/belogue\/photo\/pochettes\/s\/snow_patrol-wildness.jpg\" align=\"left\"><a href=\"http:\/\/www.youtube.com\/watch?v=WAkY4WJe3Ww\"><em>Life on Earth<\/em> (alternate version)<\/a><br \/>\n<a href=\"http:\/\/www.snowpatrol.com\">Snow Patrol<\/a><\/p>\n<\/div>\n","protected":false},"excerpt":{"rendered":"<p>Vol OS411, 4 ao\u00fbt 2018. Life on Earth (alternate version) Snow Patrol<\/p>\n","protected":false},"author":1,"featured_media":40064,"comment_status":"open","ping_status":"open","sticky":false,"template":"","format":"standard","meta":{"_acf_changed":false,"ngg_post_thumbnail":0,"jetpack_post_was_ever_published":false,"_jetpack_newsletter_access":"","_jetpack_dont_email_post_to_subs":false,"_jetpack_newsletter_tier_id":0,"_jetpack_memberships_contains_paywalled_content":false,"_jetpack_memberships_contains_paid_content":false,"footnotes":"","jetpack_publicize_message":"","jetpack_publicize_feature_enabled":true,"jetpack_social_post_already_shared":true,"jetpack_social_options":{"image_generator_settings":{"template":"highway","default_image_id":0,"font":"","enabled":false},"version":2}},"categories":[3],"tags":[10176,10120,14271,14890,10121,15119,10098,250],"class_list":["post-40061","post","type-post","status-publish","format-standard","has-post-thumbnail","hentry","category-dpc","tag-avion","tag-france","tag-fujifilm-x-t2","tag-fujinon-xf-10-24-mm-f-4-r-ois","tag-ile-de-france","tag-life-on-earth","tag-paris","tag-snow-patrol"],"acf":[],"geo":{"latitude":48.9063416,"longitude":2.3039026,"description":"Clichy, \u00cele-de-France, 92110, FR"},"jetpack_publicize_connections":[],"jetpack_featured_media_url":"https:\/\/www.wallendorff.com\/belogue\/wp-content\/uploads\/2018\/10\/20181004.jpg","jetpack_shortlink":"https:\/\/wp.me\/p3b35P-aq9","jetpack_sharing_enabled":true,"jetpack-related-posts":[{"id":131679,"url":"https:\/\/www.wallendorff.com\/belogue\/2025\/02\/04\/snow-patrol-lolympia-paris-30-janvier-2025\/","url_meta":{"origin":40061,"position":0},"title":"Snow Patrol @ l&rsquo;Olympia, Paris, 30 janvier 2025.","author":"dpc","date":"4 f\u00e9vrier 2025","format":false,"excerpt":"Snow Patrol @ l\u2019Olympia, Paris, 30\/01\/2025 Snow Patrol @ l\u2019Olympia, Paris, 30\/01\/2025 Snow Patrol @ l\u2019Olympia, Paris, 30\/01\/2025 Snow Patrol @ l\u2019Olympia, Paris, 30\/01\/2025 Snow Patrol @ l\u2019Olympia, Paris, 30\/01\/2025 Snow Patrol @ l\u2019Olympia, Paris, 30\/01\/2025 Snow Patrol @ l\u2019Olympia, Paris, 30\/01\/2025 Snow Patrol @ l\u2019Olympia, Paris, 30\/01\/2025 Snow Patrol\u2026","rel":"","context":"Dans &quot;Alive&quot;","block_context":{"text":"Alive","link":"https:\/\/www.wallendorff.com\/belogue\/category\/alive\/"},"img":{"alt_text":"","src":"https:\/\/i0.wp.com\/www.wallendorff.com\/belogue\/wp-content\/uploads\/2025\/02\/20250204-13.jpg?resize=350%2C200&ssl=1","width":350,"height":200,"srcset":"https:\/\/i0.wp.com\/www.wallendorff.com\/belogue\/wp-content\/uploads\/2025\/02\/20250204-13.jpg?resize=350%2C200&ssl=1 1x, https:\/\/i0.wp.com\/www.wallendorff.com\/belogue\/wp-content\/uploads\/2025\/02\/20250204-13.jpg?resize=525%2C300&ssl=1 1.5x, https:\/\/i0.wp.com\/www.wallendorff.com\/belogue\/wp-content\/uploads\/2025\/02\/20250204-13.jpg?resize=700%2C400&ssl=1 2x, https:\/\/i0.wp.com\/www.wallendorff.com\/belogue\/wp-content\/uploads\/2025\/02\/20250204-13.jpg?resize=1050%2C600&ssl=1 3x"},"classes":[]},{"id":653,"url":"https:\/\/www.wallendorff.com\/belogue\/2004\/09\/19\/snow-patrol-eisley-st-andrew-s-hall-detroit\/","url_meta":{"origin":40061,"position":1},"title":"Snow Patrol + Eisley @ St. Andrew&rsquo;s Hall, D\u00e9troit.","author":"dpc","date":"19 septembre 2004","format":false,"excerpt":"Snow Patrol est content d'\u00eatre l\u00e0 et joue tout sourire. J'ai \u00e9t\u00e9 compl\u00e8tement conquis. Leurs titres fonctionnent tout de suite, et c'est une heure enti\u00e8re de joie des masses en pr\u00e9sence. En ouverture, on a Eisley, un groupe avec plein de filles. La chanteuse, assise derri\u00e8re son piano, rappelle vaguement\u2026","rel":"","context":"Dans &quot;Alive&quot;","block_context":{"text":"Alive","link":"https:\/\/www.wallendorff.com\/belogue\/category\/alive\/"},"img":{"alt_text":"","src":"https:\/\/i0.wp.com\/www.wallendorff.com\/belogue\/wp-content\/uploads\/2015\/04\/283.jpg?resize=350%2C200&ssl=1","width":350,"height":200},"classes":[]},{"id":453,"url":"https:\/\/www.wallendorff.com\/belogue\/2005\/02\/28\/de-butte-en-blanc\/","url_meta":{"origin":40061,"position":2},"title":"De Butte-En-Blanc.","author":"dpc","date":"28 f\u00e9vrier 2005","format":false,"excerpt":"Montmartre, Paris, 23 f\u00e9vrier. \"This could be the very minute I'm aware I'm alive All these places feel like home...\" \u00a0Snow Patrol \u2013 Chocolate","rel":"","context":"Dans &quot;DPC&quot;","block_context":{"text":"DPC","link":"https:\/\/www.wallendorff.com\/belogue\/category\/dpc\/"},"img":{"alt_text":"","src":"https:\/\/i0.wp.com\/www.wallendorff.com\/belogue\/wp-content\/uploads\/2015\/04\/20050228-011.jpg?resize=350%2C200&ssl=1","width":350,"height":200},"classes":[]},{"id":362,"url":"https:\/\/www.wallendorff.com\/belogue\/2005\/05\/28\/doutes-peines-m-heritent-sale-air\/","url_meta":{"origin":40061,"position":3},"title":"Doutes, peines&#8230; m&rsquo;h\u00e9ritent sale air.","author":"dpc","date":"28 mai 2005","format":false,"excerpt":"Boulevard de M\u00e9nilmontant, Paris, 24 mai. \"I'm trying not to stare, it's too late\" \u00a0Snow Patrol \u2013 Grazed Knees","rel":"","context":"Dans &quot;DPC&quot;","block_context":{"text":"DPC","link":"https:\/\/www.wallendorff.com\/belogue\/category\/dpc\/"},"img":{"alt_text":"","src":"https:\/\/i0.wp.com\/www.wallendorff.com\/belogue\/wp-content\/uploads\/2015\/04\/200505281.jpg?resize=350%2C200&ssl=1","width":350,"height":200},"classes":[]},{"id":98,"url":"https:\/\/www.wallendorff.com\/belogue\/2006\/03\/11\/snow-patrol-le-nouveau-casino-paris-10-mars\/","url_meta":{"origin":40061,"position":4},"title":"Snow Patrol @ Le Nouveau Casino, Paris, 10 mars.","author":"dpc","date":"11 mars 2006","format":false,"excerpt":"Dans l\u2019intimit\u00e9 du Nouveau Casino, les Irlandais pr\u00e9sentent leur nouvel album Eyes Open (sortie le 1er mai) devant un parterre de fans qui attend manifestement \u00e7a depuis des mois. Snow Patrol entame avec Wow et Chocolate pour chauffer l\u2019ambiance, tente un Beginning to Get to Me encore inconnu au bataillon,\u2026","rel":"","context":"Dans &quot;Alive&quot;","block_context":{"text":"Alive","link":"https:\/\/www.wallendorff.com\/belogue\/category\/alive\/"},"img":{"alt_text":"","src":"https:\/\/i0.wp.com\/www.wallendorff.com\/belogue\/wp-content\/uploads\/2015\/04\/200603111.jpg?resize=350%2C200&ssl=1","width":350,"height":200},"classes":[]},{"id":777,"url":"https:\/\/www.wallendorff.com\/belogue\/2006\/08\/31\/c-pas-sin-vedder-2\/","url_meta":{"origin":40061,"position":5},"title":"C&rsquo;pas sin Vedder #2\u00b9.","author":"dpc","date":"31 ao\u00fbt 2006","format":false,"excerpt":"Poste du Louvre, Paris, 29 ao\u00fbt. Un avion d\u00e9colle, La f\u00eate est moins folle. \u00a0Snow Patrol \u2013 Somewhere a Clock Is Ticking _____ 1Le n\u00b01 c'\u00e9tait l\u00e0.","rel":"","context":"Dans &quot;DPC&quot;","block_context":{"text":"DPC","link":"https:\/\/www.wallendorff.com\/belogue\/category\/dpc\/"},"img":{"alt_text":"","src":"https:\/\/i0.wp.com\/www.wallendorff.com\/belogue\/wp-content\/uploads\/2015\/04\/200608311.jpg?resize=350%2C200&ssl=1","width":350,"height":200},"classes":[]}],"_links":{"self":[{"href":"https:\/\/www.wallendorff.com\/belogue\/wp-json\/wp\/v2\/posts\/40061","targetHints":{"allow":["GET"]}}],"collection":[{"href":"https:\/\/www.wallendorff.com\/belogue\/wp-json\/wp\/v2\/posts"}],"about":[{"href":"https:\/\/www.wallendorff.com\/belogue\/wp-json\/wp\/v2\/types\/post"}],"author":[{"embeddable":true,"href":"https:\/\/www.wallendorff.com\/belogue\/wp-json\/wp\/v2\/users\/1"}],"replies":[{"embeddable":true,"href":"https:\/\/www.wallendorff.com\/belogue\/wp-json\/wp\/v2\/comments?post=40061"}],"version-history":[{"count":2,"href":"https:\/\/www.wallendorff.com\/belogue\/wp-json\/wp\/v2\/posts\/40061\/revisions"}],"predecessor-version":[{"id":40066,"href":"https:\/\/www.wallendorff.com\/belogue\/wp-json\/wp\/v2\/posts\/40061\/revisions\/40066"}],"wp:featuredmedia":[{"embeddable":true,"href":"https:\/\/www.wallendorff.com\/belogue\/wp-json\/wp\/v2\/media\/40064"}],"wp:attachment":[{"href":"https:\/\/www.wallendorff.com\/belogue\/wp-json\/wp\/v2\/media?parent=40061"}],"wp:term":[{"taxonomy":"category","embeddable":true,"href":"https:\/\/www.wallendorff.com\/belogue\/wp-json\/wp\/v2\/categories?post=40061"},{"taxonomy":"post_tag","embeddable":true,"href":"https:\/\/www.wallendorff.com\/belogue\/wp-json\/wp\/v2\/tags?post=40061"}],"curies":[{"name":"wp","href":"https:\/\/api.w.org\/{rel}","templated":true}]}}