{"id":40056,"date":"2018-10-02T14:13:57","date_gmt":"2018-10-02T12:13:57","guid":{"rendered":"http:\/\/www.wallendorff.com\/belogue\/?p=40056"},"modified":"2019-04-25T12:55:13","modified_gmt":"2019-04-25T10:55:13","slug":"into-the-wide-159","status":"publish","type":"post","link":"https:\/\/www.wallendorff.com\/belogue\/2018\/10\/02\/into-the-wide-159\/","title":{"rendered":"Into the wide #159."},"content":{"rendered":"<div id=\"photo\">\n<p><img decoding=\"async\" src=\"https:\/\/www.wallendorff.com\/belogue\/wp-content\/uploads\/2018\/10\/20181002.jpg\"><br \/>\nSkopje, 2 ao&ucirc;t 2018.<\/p>\n<\/div>\n<div id=\"bandeson\">\n<p><img decoding=\"async\" src=\"https:\/\/www.wallendorff.com\/belogue\/photo\/pochettes\/s\/spring_king-a_better_life.jpg\" align=\"left\"><a id=\"lienmp3\" style=\"font-weight: normal;\" href=\"#\"><em>Thunder<\/em><\/a><br \/>\n<a href=\"https:\/\/www.springkingband.com\/\">Spring King<\/a><\/p>\n<\/div>\n","protected":false},"excerpt":{"rendered":"<p>Skopje, 2 ao&ucirc;t 2018. Thunder Spring King<\/p>\n","protected":false},"author":1,"featured_media":40057,"comment_status":"open","ping_status":"open","sticky":false,"template":"","format":"standard","meta":{"_acf_changed":false,"ngg_post_thumbnail":0,"jetpack_post_was_ever_published":false,"_jetpack_newsletter_access":"","_jetpack_dont_email_post_to_subs":false,"_jetpack_newsletter_tier_id":0,"_jetpack_memberships_contains_paywalled_content":false,"_jetpack_memberships_contains_paid_content":false,"footnotes":"","jetpack_publicize_message":"","jetpack_publicize_feature_enabled":true,"jetpack_social_post_already_shared":true,"jetpack_social_options":{"image_generator_settings":{"template":"highway","default_image_id":0,"font":"","enabled":false},"version":2}},"categories":[7356],"tags":[15295,10326,14271,14268,15012,10232,15048,11323,15117,10592,15029,12946,15118],"class_list":["post-40056","post","type-post","status-publish","format-standard","has-post-thumbnail","hentry","category-into-the-wide","tag-a-better-life","tag-crepuscule","tag-fujifilm-x-t2","tag-fujinon-xf-18-mm-f2-0","tag-macedoine","tag-musee","tag-musee-archeologique-de-macedoine","tag-panoramique","tag-pont-de-pierre-de-skopje","tag-pose-longue","tag-skopje","tag-spring-king","tag-thunder"],"acf":[],"geo":{"latitude":41.9966812,"longitude":21.4327316,"description":"Skopje, , 1010, MK"},"jetpack_publicize_connections":[],"jetpack_featured_media_url":"https:\/\/www.wallendorff.com\/belogue\/wp-content\/uploads\/2018\/10\/20181002.jpg","jetpack_shortlink":"https:\/\/wp.me\/p3b35P-aq4","jetpack_sharing_enabled":true,"jetpack-related-posts":[{"id":39866,"url":"https:\/\/www.wallendorff.com\/belogue\/2018\/09\/05\/into-the-wide-157\/","url_meta":{"origin":40056,"position":0},"title":"Into the wide #157.","author":"dpc","date":"5 septembre 2018","format":false,"excerpt":"Pont des Civilisations, Skopje, 30 juillet 2018. Nothingness Editors","rel":"","context":"Dans &quot;Into the wide&quot;","block_context":{"text":"Into the wide","link":"https:\/\/www.wallendorff.com\/belogue\/category\/into-the-wide\/"},"img":{"alt_text":"Pont des Civilisations, Skopje, 30 juillet 2018.","src":"https:\/\/i0.wp.com\/www.wallendorff.com\/belogue\/wp-content\/uploads\/2018\/09\/20180905.jpg?resize=350%2C200&ssl=1","width":350,"height":200,"srcset":"https:\/\/i0.wp.com\/www.wallendorff.com\/belogue\/wp-content\/uploads\/2018\/09\/20180905.jpg?resize=350%2C200&ssl=1 1x, https:\/\/i0.wp.com\/www.wallendorff.com\/belogue\/wp-content\/uploads\/2018\/09\/20180905.jpg?resize=525%2C300&ssl=1 1.5x, https:\/\/i0.wp.com\/www.wallendorff.com\/belogue\/wp-content\/uploads\/2018\/09\/20180905.jpg?resize=700%2C400&ssl=1 2x, https:\/\/i0.wp.com\/www.wallendorff.com\/belogue\/wp-content\/uploads\/2018\/09\/20180905.jpg?resize=1050%2C600&ssl=1 3x"},"classes":[]},{"id":39879,"url":"https:\/\/www.wallendorff.com\/belogue\/2018\/08\/31\/aout-2018\/","url_meta":{"origin":40056,"position":1},"title":"Ao\u00fbt 2018.","author":"dpc","date":"31 ao\u00fbt 2018","format":false,"excerpt":"Une plage, un lac, un monast\u00e8re, un lac, une plage, une ruelle, un concert, un lac, un village, une route, un libraire, une forteresse, un chien, une bi\u00e8re, un minaret, une statue, un a\u00e9roport, une aurore, un terminal, un avion, un chat, une plage, une casbah, une chaussure, une ruelle,\u2026","rel":"","context":"Dans &quot;Blog-note&quot;","block_context":{"text":"Blog-note","link":"https:\/\/www.wallendorff.com\/belogue\/category\/blog-note\/"},"img":{"alt_text":"","src":"https:\/\/i0.wp.com\/www.wallendorff.com\/belogue\/wp-content\/uploads\/2018\/09\/20180910-02.jpg?resize=350%2C200&ssl=1","width":350,"height":200,"srcset":"https:\/\/i0.wp.com\/www.wallendorff.com\/belogue\/wp-content\/uploads\/2018\/09\/20180910-02.jpg?resize=350%2C200&ssl=1 1x, https:\/\/i0.wp.com\/www.wallendorff.com\/belogue\/wp-content\/uploads\/2018\/09\/20180910-02.jpg?resize=525%2C300&ssl=1 1.5x, https:\/\/i0.wp.com\/www.wallendorff.com\/belogue\/wp-content\/uploads\/2018\/09\/20180910-02.jpg?resize=700%2C400&ssl=1 2x, https:\/\/i0.wp.com\/www.wallendorff.com\/belogue\/wp-content\/uploads\/2018\/09\/20180910-02.jpg?resize=1050%2C600&ssl=1 3x"},"classes":[]},{"id":39578,"url":"https:\/\/www.wallendorff.com\/belogue\/2018\/07\/31\/juillet-2018\/","url_meta":{"origin":40056,"position":2},"title":"Juillet 2018.","author":"dpc","date":"31 juillet 2018","format":false,"excerpt":"Une chambre, une mouette, une plage, un restaurant, un match de foteballe, un rase-motte, un orage, un quart de finale, un concert, un concert, des photographes, un concert, une demi-finale, un cimeti\u00e8re, un feu d'artifice, une finale, une route, un chat pr\u00e9nomm\u00e9 Porridge, un lac, un concert, un public, un\u2026","rel":"","context":"Dans &quot;Blog-note&quot;","block_context":{"text":"Blog-note","link":"https:\/\/www.wallendorff.com\/belogue\/category\/blog-note\/"},"img":{"alt_text":"","src":"https:\/\/i0.wp.com\/www.wallendorff.com\/belogue\/wp-content\/uploads\/2018\/08\/20180814-62.jpg?resize=350%2C200&ssl=1","width":350,"height":200,"srcset":"https:\/\/i0.wp.com\/www.wallendorff.com\/belogue\/wp-content\/uploads\/2018\/08\/20180814-62.jpg?resize=350%2C200&ssl=1 1x, https:\/\/i0.wp.com\/www.wallendorff.com\/belogue\/wp-content\/uploads\/2018\/08\/20180814-62.jpg?resize=525%2C300&ssl=1 1.5x, https:\/\/i0.wp.com\/www.wallendorff.com\/belogue\/wp-content\/uploads\/2018\/08\/20180814-62.jpg?resize=700%2C400&ssl=1 2x, https:\/\/i0.wp.com\/www.wallendorff.com\/belogue\/wp-content\/uploads\/2018\/08\/20180814-62.jpg?resize=1050%2C600&ssl=1 3x"},"classes":[]},{"id":39993,"url":"https:\/\/www.wallendorff.com\/belogue\/2018\/09\/18\/into-the-wide-158\/","url_meta":{"origin":40056,"position":3},"title":"Into the wide #158.","author":"dpc","date":"18 septembre 2018","format":false,"excerpt":"Ohrid, 31 juillet 2018. Mountain ChildInterpol","rel":"","context":"Dans &quot;Into the wide&quot;","block_context":{"text":"Into the wide","link":"https:\/\/www.wallendorff.com\/belogue\/category\/into-the-wide\/"},"img":{"alt_text":"Ohrid, 31 juillet 2018.","src":"https:\/\/i0.wp.com\/www.wallendorff.com\/belogue\/wp-content\/uploads\/2018\/09\/20180918.jpg?resize=350%2C200&ssl=1","width":350,"height":200,"srcset":"https:\/\/i0.wp.com\/www.wallendorff.com\/belogue\/wp-content\/uploads\/2018\/09\/20180918.jpg?resize=350%2C200&ssl=1 1x, https:\/\/i0.wp.com\/www.wallendorff.com\/belogue\/wp-content\/uploads\/2018\/09\/20180918.jpg?resize=525%2C300&ssl=1 1.5x, https:\/\/i0.wp.com\/www.wallendorff.com\/belogue\/wp-content\/uploads\/2018\/09\/20180918.jpg?resize=700%2C400&ssl=1 2x, https:\/\/i0.wp.com\/www.wallendorff.com\/belogue\/wp-content\/uploads\/2018\/09\/20180918.jpg?resize=1050%2C600&ssl=1 3x"},"classes":[]},{"id":40051,"url":"https:\/\/www.wallendorff.com\/belogue\/2018\/10\/01\/greve-sur-le-tard\/","url_meta":{"origin":40056,"position":4},"title":"Gr\u00e8ve sur le tard.","author":"dpc","date":"1 octobre 2018","format":false,"excerpt":"Ohrid, 1er ao\u00fbt 2018. Sugarcoat George Ezra","rel":"","context":"Dans &quot;DPC&quot;","block_context":{"text":"DPC","link":"https:\/\/www.wallendorff.com\/belogue\/category\/dpc\/"},"img":{"alt_text":"Ohrid, 01\/08\/2018","src":"https:\/\/i0.wp.com\/www.wallendorff.com\/belogue\/wp-content\/uploads\/2018\/10\/20181001.jpg?resize=350%2C200&ssl=1","width":350,"height":200,"srcset":"https:\/\/i0.wp.com\/www.wallendorff.com\/belogue\/wp-content\/uploads\/2018\/10\/20181001.jpg?resize=350%2C200&ssl=1 1x, https:\/\/i0.wp.com\/www.wallendorff.com\/belogue\/wp-content\/uploads\/2018\/10\/20181001.jpg?resize=525%2C300&ssl=1 1.5x, https:\/\/i0.wp.com\/www.wallendorff.com\/belogue\/wp-content\/uploads\/2018\/10\/20181001.jpg?resize=700%2C400&ssl=1 2x, https:\/\/i0.wp.com\/www.wallendorff.com\/belogue\/wp-content\/uploads\/2018\/10\/20181001.jpg?resize=1050%2C600&ssl=1 3x"},"classes":[]},{"id":39985,"url":"https:\/\/www.wallendorff.com\/belogue\/2018\/09\/11\/roc-et-clercs\/","url_meta":{"origin":40056,"position":5},"title":"Roc et clercs.","author":"dpc","date":"11 septembre 2018","format":false,"excerpt":"Monast\u00e8re Saint-Jean Bigorski, 31 juillet 2018. Wild HorsesSnow Patrol","rel":"","context":"Dans &quot;DPC&quot;","block_context":{"text":"DPC","link":"https:\/\/www.wallendorff.com\/belogue\/category\/dpc\/"},"img":{"alt_text":"Monast&egrave;re Saint-Jean Bigorski, 31 juillet 2018.","src":"https:\/\/i0.wp.com\/www.wallendorff.com\/belogue\/wp-content\/uploads\/2018\/09\/20180911.jpg?resize=350%2C200&ssl=1","width":350,"height":200,"srcset":"https:\/\/i0.wp.com\/www.wallendorff.com\/belogue\/wp-content\/uploads\/2018\/09\/20180911.jpg?resize=350%2C200&ssl=1 1x, https:\/\/i0.wp.com\/www.wallendorff.com\/belogue\/wp-content\/uploads\/2018\/09\/20180911.jpg?resize=525%2C300&ssl=1 1.5x, https:\/\/i0.wp.com\/www.wallendorff.com\/belogue\/wp-content\/uploads\/2018\/09\/20180911.jpg?resize=700%2C400&ssl=1 2x, https:\/\/i0.wp.com\/www.wallendorff.com\/belogue\/wp-content\/uploads\/2018\/09\/20180911.jpg?resize=1050%2C600&ssl=1 3x"},"classes":[]}],"_links":{"self":[{"href":"https:\/\/www.wallendorff.com\/belogue\/wp-json\/wp\/v2\/posts\/40056","targetHints":{"allow":["GET"]}}],"collection":[{"href":"https:\/\/www.wallendorff.com\/belogue\/wp-json\/wp\/v2\/posts"}],"about":[{"href":"https:\/\/www.wallendorff.com\/belogue\/wp-json\/wp\/v2\/types\/post"}],"author":[{"embeddable":true,"href":"https:\/\/www.wallendorff.com\/belogue\/wp-json\/wp\/v2\/users\/1"}],"replies":[{"embeddable":true,"href":"https:\/\/www.wallendorff.com\/belogue\/wp-json\/wp\/v2\/comments?post=40056"}],"version-history":[{"count":3,"href":"https:\/\/www.wallendorff.com\/belogue\/wp-json\/wp\/v2\/posts\/40056\/revisions"}],"predecessor-version":[{"id":40060,"href":"https:\/\/www.wallendorff.com\/belogue\/wp-json\/wp\/v2\/posts\/40056\/revisions\/40060"}],"wp:featuredmedia":[{"embeddable":true,"href":"https:\/\/www.wallendorff.com\/belogue\/wp-json\/wp\/v2\/media\/40057"}],"wp:attachment":[{"href":"https:\/\/www.wallendorff.com\/belogue\/wp-json\/wp\/v2\/media?parent=40056"}],"wp:term":[{"taxonomy":"category","embeddable":true,"href":"https:\/\/www.wallendorff.com\/belogue\/wp-json\/wp\/v2\/categories?post=40056"},{"taxonomy":"post_tag","embeddable":true,"href":"https:\/\/www.wallendorff.com\/belogue\/wp-json\/wp\/v2\/tags?post=40056"}],"curies":[{"name":"wp","href":"https:\/\/api.w.org\/{rel}","templated":true}]}}