{"id":40047,"date":"2018-09-27T13:05:53","date_gmt":"2018-09-27T11:05:53","guid":{"rendered":"http:\/\/www.wallendorff.com\/belogue\/?p=40047"},"modified":"2019-04-25T11:56:21","modified_gmt":"2019-04-25T09:56:21","slug":"falaise-blaise","status":"publish","type":"post","link":"https:\/\/www.wallendorff.com\/belogue\/2018\/09\/27\/falaise-blaise\/","title":{"rendered":"Falaise, Blaise."},"content":{"rendered":"<div id=\"photo\">\n<p><img decoding=\"async\" src=\"https:\/\/www.wallendorff.com\/belogue\/wp-content\/uploads\/2018\/09\/20180927.jpg\"><br \/>\nOhrid, 1<sup>er<\/sup> ao\u00fbt 2018.<\/p>\n<\/div>\n<div id=\"bandeson\">\n<p><img decoding=\"async\" src=\"https:\/\/www.wallendorff.com\/belogue\/photo\/pochettes\/b\/beths_the-future_me_hates_me.jpg\" align=\"left\"><em><a href=\"http:\/\/www.youtube.com\/watch?v=IEp9i8Xv9rs\">Not Running<\/a><\/em><br \/>\n<a href=\"https:\/\/thebethsnz.bandcamp.com\/\">The Beths<\/a><\/p>\n<\/div>\n","protected":false},"excerpt":{"rendered":"<p>Ohrid, 1er ao\u00fbt 2018. Not Running The Beths<\/p>\n","protected":false},"author":1,"featured_media":40048,"comment_status":"open","ping_status":"open","sticky":false,"template":"","format":"standard","meta":{"_acf_changed":false,"ngg_post_thumbnail":0,"jetpack_post_was_ever_published":false,"_jetpack_newsletter_access":"","_jetpack_dont_email_post_to_subs":false,"_jetpack_newsletter_tier_id":0,"_jetpack_memberships_contains_paywalled_content":false,"_jetpack_memberships_contains_paid_content":false,"footnotes":"","jetpack_publicize_message":"","jetpack_publicize_feature_enabled":true,"jetpack_social_post_already_shared":true,"jetpack_social_options":{"image_generator_settings":{"template":"highway","default_image_id":0,"font":"","enabled":false},"version":2}},"categories":[3],"tags":[10246,11022,15001,14271,14272,15298,15009,15012,15115,15018,793,15087,10407,15114],"class_list":["post-40047","post","type-post","status-publish","format-standard","has-post-thumbnail","hentry","category-dpc","tag-contre-jour","tag-coucher-de-soleil","tag-eglise-saint-jean-de-kaneo","tag-fujifilm-x-t2","tag-fujinon-xf-18-55-mm-f2-8-4-r-lm-ois","tag-future-me-hates-me","tag-lac-dohrid","tag-macedoine","tag-not-running","tag-ohrid","tag-orange","tag-plage-de-kaneo","tag-silhouette","tag-the-beths"],"acf":[],"geo":{"latitude":41.1107216,"longitude":20.7918663,"description":"Ohrid, , 6322, MK"},"jetpack_publicize_connections":[],"jetpack_featured_media_url":"https:\/\/www.wallendorff.com\/belogue\/wp-content\/uploads\/2018\/09\/20180927.jpg","jetpack_shortlink":"https:\/\/wp.me\/p3b35P-apV","jetpack_sharing_enabled":true,"jetpack-related-posts":[{"id":39993,"url":"https:\/\/www.wallendorff.com\/belogue\/2018\/09\/18\/into-the-wide-158\/","url_meta":{"origin":40047,"position":0},"title":"Into the wide #158.","author":"dpc","date":"18 septembre 2018","format":false,"excerpt":"Ohrid, 31 juillet 2018. Mountain ChildInterpol","rel":"","context":"Dans &quot;Into the wide&quot;","block_context":{"text":"Into the wide","link":"https:\/\/www.wallendorff.com\/belogue\/category\/into-the-wide\/"},"img":{"alt_text":"Ohrid, 31 juillet 2018.","src":"https:\/\/i0.wp.com\/www.wallendorff.com\/belogue\/wp-content\/uploads\/2018\/09\/20180918.jpg?resize=350%2C200&ssl=1","width":350,"height":200,"srcset":"https:\/\/i0.wp.com\/www.wallendorff.com\/belogue\/wp-content\/uploads\/2018\/09\/20180918.jpg?resize=350%2C200&ssl=1 1x, https:\/\/i0.wp.com\/www.wallendorff.com\/belogue\/wp-content\/uploads\/2018\/09\/20180918.jpg?resize=525%2C300&ssl=1 1.5x, https:\/\/i0.wp.com\/www.wallendorff.com\/belogue\/wp-content\/uploads\/2018\/09\/20180918.jpg?resize=700%2C400&ssl=1 2x, https:\/\/i0.wp.com\/www.wallendorff.com\/belogue\/wp-content\/uploads\/2018\/09\/20180918.jpg?resize=1050%2C600&ssl=1 3x"},"classes":[]},{"id":39989,"url":"https:\/\/www.wallendorff.com\/belogue\/2018\/09\/12\/litterale-la-terre-hale-lateral-littoral-lit-oral-lis-tes-rales\/","url_meta":{"origin":40047,"position":1},"title":"Litt\u00e9rale, la terre h\u00e2le. Lat\u00e9ral littoral ? Lit oral, lis tes r\u00e2les.","author":"dpc","date":"12 septembre 2018","format":false,"excerpt":"Ohrid, 31 juillet 2018. Lullaby Nick Mulvey","rel":"","context":"Dans &quot;DPC&quot;","block_context":{"text":"DPC","link":"https:\/\/www.wallendorff.com\/belogue\/category\/dpc\/"},"img":{"alt_text":"Ohrid, 31 juillet 2018.","src":"https:\/\/i0.wp.com\/www.wallendorff.com\/belogue\/wp-content\/uploads\/2018\/09\/20180912.jpg?resize=350%2C200&ssl=1","width":350,"height":200,"srcset":"https:\/\/i0.wp.com\/www.wallendorff.com\/belogue\/wp-content\/uploads\/2018\/09\/20180912.jpg?resize=350%2C200&ssl=1 1x, https:\/\/i0.wp.com\/www.wallendorff.com\/belogue\/wp-content\/uploads\/2018\/09\/20180912.jpg?resize=525%2C300&ssl=1 1.5x, https:\/\/i0.wp.com\/www.wallendorff.com\/belogue\/wp-content\/uploads\/2018\/09\/20180912.jpg?resize=700%2C400&ssl=1 2x, https:\/\/i0.wp.com\/www.wallendorff.com\/belogue\/wp-content\/uploads\/2018\/09\/20180912.jpg?resize=1050%2C600&ssl=1 3x"},"classes":[]},{"id":40051,"url":"https:\/\/www.wallendorff.com\/belogue\/2018\/10\/01\/greve-sur-le-tard\/","url_meta":{"origin":40047,"position":2},"title":"Gr\u00e8ve sur le tard.","author":"dpc","date":"1 octobre 2018","format":false,"excerpt":"Ohrid, 1er ao\u00fbt 2018. Sugarcoat George Ezra","rel":"","context":"Dans &quot;DPC&quot;","block_context":{"text":"DPC","link":"https:\/\/www.wallendorff.com\/belogue\/category\/dpc\/"},"img":{"alt_text":"Ohrid, 01\/08\/2018","src":"https:\/\/i0.wp.com\/www.wallendorff.com\/belogue\/wp-content\/uploads\/2018\/10\/20181001.jpg?resize=350%2C200&ssl=1","width":350,"height":200,"srcset":"https:\/\/i0.wp.com\/www.wallendorff.com\/belogue\/wp-content\/uploads\/2018\/10\/20181001.jpg?resize=350%2C200&ssl=1 1x, https:\/\/i0.wp.com\/www.wallendorff.com\/belogue\/wp-content\/uploads\/2018\/10\/20181001.jpg?resize=525%2C300&ssl=1 1.5x, https:\/\/i0.wp.com\/www.wallendorff.com\/belogue\/wp-content\/uploads\/2018\/10\/20181001.jpg?resize=700%2C400&ssl=1 2x, https:\/\/i0.wp.com\/www.wallendorff.com\/belogue\/wp-content\/uploads\/2018\/10\/20181001.jpg?resize=1050%2C600&ssl=1 3x"},"classes":[]},{"id":39997,"url":"https:\/\/www.wallendorff.com\/belogue\/2018\/09\/20\/golden-bath\/","url_meta":{"origin":40047,"position":3},"title":"Golden bath.","author":"dpc","date":"20 septembre 2018","format":false,"excerpt":"Plage de Potpe\u0161, Ohrid, 1er ao\u00fbt 2018. Mind Over Money Turin Brakes","rel":"","context":"Dans &quot;DPC&quot;","block_context":{"text":"DPC","link":"https:\/\/www.wallendorff.com\/belogue\/category\/dpc\/"},"img":{"alt_text":"Plage de Potpe\u0161, Ohrid, 1er ao\u00fbt 2018.","src":"https:\/\/i0.wp.com\/www.wallendorff.com\/belogue\/wp-content\/uploads\/2018\/09\/20180920.jpg?resize=350%2C200&ssl=1","width":350,"height":200,"srcset":"https:\/\/i0.wp.com\/www.wallendorff.com\/belogue\/wp-content\/uploads\/2018\/09\/20180920.jpg?resize=350%2C200&ssl=1 1x, https:\/\/i0.wp.com\/www.wallendorff.com\/belogue\/wp-content\/uploads\/2018\/09\/20180920.jpg?resize=525%2C300&ssl=1 1.5x, https:\/\/i0.wp.com\/www.wallendorff.com\/belogue\/wp-content\/uploads\/2018\/09\/20180920.jpg?resize=700%2C400&ssl=1 2x, https:\/\/i0.wp.com\/www.wallendorff.com\/belogue\/wp-content\/uploads\/2018\/09\/20180920.jpg?resize=1050%2C600&ssl=1 3x"},"classes":[]},{"id":128699,"url":"https:\/\/www.wallendorff.com\/belogue\/2024\/06\/26\/cetait-2018\/","url_meta":{"origin":40047,"position":4},"title":"C&rsquo;\u00e9tait 2018.","author":"dpc","date":"26 juin 2024","format":false,"excerpt":"2018, latitudes. Alt-J @ Bercy Ar\u00e9na, Paris, 11\/01\/2018 Stockholm, 11 f\u00e9vrier 2018. Langsele, 14 f\u00e9vrier 2018. George Ezra, Paris, 19 f\u00e9vrier 2018 The Wombats @ Pias Nite, la Maroquinerie, Paris, 08 mars 2018 Shaka Ponk @ Bercy Ar\u00e9na, Paris, 22 mars 2018 Phoenix @ la Ga\u00eet\u00e9-Lyrique, Paris, 29 mai 2018\u2026","rel":"","context":"Dans &quot;DPC&quot;","block_context":{"text":"DPC","link":"https:\/\/www.wallendorff.com\/belogue\/category\/dpc\/"},"img":{"alt_text":"","src":"https:\/\/i0.wp.com\/www.wallendorff.com\/belogue\/wp-content\/uploads\/2024\/06\/20240626-11.jpg?resize=350%2C200&ssl=1","width":350,"height":200,"srcset":"https:\/\/i0.wp.com\/www.wallendorff.com\/belogue\/wp-content\/uploads\/2024\/06\/20240626-11.jpg?resize=350%2C200&ssl=1 1x, https:\/\/i0.wp.com\/www.wallendorff.com\/belogue\/wp-content\/uploads\/2024\/06\/20240626-11.jpg?resize=525%2C300&ssl=1 1.5x, https:\/\/i0.wp.com\/www.wallendorff.com\/belogue\/wp-content\/uploads\/2024\/06\/20240626-11.jpg?resize=700%2C400&ssl=1 2x, https:\/\/i0.wp.com\/www.wallendorff.com\/belogue\/wp-content\/uploads\/2024\/06\/20240626-11.jpg?resize=1050%2C600&ssl=1 3x"},"classes":[]},{"id":39578,"url":"https:\/\/www.wallendorff.com\/belogue\/2018\/07\/31\/juillet-2018\/","url_meta":{"origin":40047,"position":5},"title":"Juillet 2018.","author":"dpc","date":"31 juillet 2018","format":false,"excerpt":"Une chambre, une mouette, une plage, un restaurant, un match de foteballe, un rase-motte, un orage, un quart de finale, un concert, un concert, des photographes, un concert, une demi-finale, un cimeti\u00e8re, un feu d'artifice, une finale, une route, un chat pr\u00e9nomm\u00e9 Porridge, un lac, un concert, un public, un\u2026","rel":"","context":"Dans &quot;Blog-note&quot;","block_context":{"text":"Blog-note","link":"https:\/\/www.wallendorff.com\/belogue\/category\/blog-note\/"},"img":{"alt_text":"","src":"https:\/\/i0.wp.com\/www.wallendorff.com\/belogue\/wp-content\/uploads\/2018\/08\/20180814-62.jpg?resize=350%2C200&ssl=1","width":350,"height":200,"srcset":"https:\/\/i0.wp.com\/www.wallendorff.com\/belogue\/wp-content\/uploads\/2018\/08\/20180814-62.jpg?resize=350%2C200&ssl=1 1x, https:\/\/i0.wp.com\/www.wallendorff.com\/belogue\/wp-content\/uploads\/2018\/08\/20180814-62.jpg?resize=525%2C300&ssl=1 1.5x, https:\/\/i0.wp.com\/www.wallendorff.com\/belogue\/wp-content\/uploads\/2018\/08\/20180814-62.jpg?resize=700%2C400&ssl=1 2x, https:\/\/i0.wp.com\/www.wallendorff.com\/belogue\/wp-content\/uploads\/2018\/08\/20180814-62.jpg?resize=1050%2C600&ssl=1 3x"},"classes":[]}],"_links":{"self":[{"href":"https:\/\/www.wallendorff.com\/belogue\/wp-json\/wp\/v2\/posts\/40047","targetHints":{"allow":["GET"]}}],"collection":[{"href":"https:\/\/www.wallendorff.com\/belogue\/wp-json\/wp\/v2\/posts"}],"about":[{"href":"https:\/\/www.wallendorff.com\/belogue\/wp-json\/wp\/v2\/types\/post"}],"author":[{"embeddable":true,"href":"https:\/\/www.wallendorff.com\/belogue\/wp-json\/wp\/v2\/users\/1"}],"replies":[{"embeddable":true,"href":"https:\/\/www.wallendorff.com\/belogue\/wp-json\/wp\/v2\/comments?post=40047"}],"version-history":[{"count":2,"href":"https:\/\/www.wallendorff.com\/belogue\/wp-json\/wp\/v2\/posts\/40047\/revisions"}],"predecessor-version":[{"id":40050,"href":"https:\/\/www.wallendorff.com\/belogue\/wp-json\/wp\/v2\/posts\/40047\/revisions\/40050"}],"wp:featuredmedia":[{"embeddable":true,"href":"https:\/\/www.wallendorff.com\/belogue\/wp-json\/wp\/v2\/media\/40048"}],"wp:attachment":[{"href":"https:\/\/www.wallendorff.com\/belogue\/wp-json\/wp\/v2\/media?parent=40047"}],"wp:term":[{"taxonomy":"category","embeddable":true,"href":"https:\/\/www.wallendorff.com\/belogue\/wp-json\/wp\/v2\/categories?post=40047"},{"taxonomy":"post_tag","embeddable":true,"href":"https:\/\/www.wallendorff.com\/belogue\/wp-json\/wp\/v2\/tags?post=40047"}],"curies":[{"name":"wp","href":"https:\/\/api.w.org\/{rel}","templated":true}]}}