{"id":40,"date":"2005-10-26T00:22:58","date_gmt":"2005-10-26T00:22:58","guid":{"rendered":"http:\/\/www.po-l.com\/wordpress\/?p=40"},"modified":"2018-05-23T08:08:29","modified_gmt":"2018-05-23T06:08:29","slug":"l-ivre-et-son-tas-d-os-missiles","status":"publish","type":"post","link":"https:\/\/www.wallendorff.com\/belogue\/2005\/10\/26\/l-ivre-et-son-tas-d-os-missiles\/","title":{"rendered":"L&rsquo;ivre et son tas d&rsquo;os-missiles."},"content":{"rendered":"<p style=\"text-align:center\">J&rsquo;ai rien &agrave; raconter. D&rsquo;un c&ocirc;t&eacute; &ccedil;a tombe bien, note, parce que ce bel&ouml;gue est quand m&ecirc;me un photo-bel&ouml;gue, &agrave; la base.<\/p>\n<p style=\"text-align:center\">N&#8217;emp&ecirc;che que.<\/p>\n<p>J&rsquo;ai m&ecirc;me pas de trucs de fran&ccedil;ais sur lesquels d&eacute;blat&eacute;rer. Pourtant j&#8217;aime bien d&eacute;blat&eacute;rer sur des trucs de fran&ccedil;ais. Ce genre de truc qui n&rsquo;int&eacute;resse que moi, du genre &laquo;&nbsp;H&eacute;, les copains, c&#8217;est fou, bossa nova vient de l&rsquo;espagnol \u201cbosse neuve\u201d, en raison des moultes<sup>1<\/sup> excroissances post-traumatiques qui couvraient le corps des n&eacute;ophytes qui s&rsquo;essayaient &agrave; cette danse<sup>2<\/sup> nouvelle, au XVII<sup>e<\/sup> si&egrave;cle. L&acirc;chez vos comm&#8217; !&nbsp;&raquo;<\/p>\n<p style=\"text-align:center\">Pourtant je pourrais, hein. Surtout depuis que je travaille chez les Schtroumpfs<sup>3<\/sup>. Ils pratiquent le franglais &agrave; haute dose, les Schtroumpfs. Ils ont des <em>issues<\/em> avec leurs logiciels mais heureusement, leurs coll&egrave;gues les <em>supportent<\/em>. L&#8217;autre jour, pendant que mon voisin me parlait de ses probl&egrave;mes d&#8217;insertion de rh&ocirc; dans un tableau, j&#8217;ai cru pendant 10 minutes qu&#8217;il me causait masse volumique avant de m&#8217;apercevoir que non, il parlait juste d&#8217;ins&eacute;rer des lignes. B&ecirc;tement.<\/p>\n<p style=\"text-align:center\">Bon.<\/p>\n<p style=\"text-align:center\">Je relis tout &ccedil;a.<\/p>\n<p style=\"text-align:center\">C&rsquo;est follement int&eacute;ressant, dis-moi.<\/p>\n<p style=\"text-align:center\">Finalement, un photo-bel&ouml;gue digne de ce nom, c&#8217;est avant tout un bel&ouml;gue o&ugrave; le gros, il ferme sa g&#8217;le plut&ocirc;t que de raconter des conneries et il poste une photo.<\/p>\n<p style=\"text-align:center\">Je vais tenter de me rattraper en postant une bande-son super-longue, tiens.<\/p>\n<div id=\"photo\">\n<p><img decoding=\"async\" src=\"http:\/\/www.po-L.com\/belogue\/photo\/2005\/10\/20051026.jpg\"><br \/>\n    Le Louvre, Paris, 29 septembre.<\/p>\n<\/div>\n<div id=\"bandeson\">\n<p><img decoding=\"async\" src=\"https:\/\/www.wallendorff.com\/belogue\/photo\/pochettes\/f\/frames_the-set_list.jpg\" align=\"left\" \/>&nbsp;<a href=\"http:\/\/www.theframes.ie\/\">The Frames<\/a> &ndash; <em>Santa Maria<\/em> (live)<\/p>\n<\/p><\/div>\n<div id=\"bas_note\">\n<p>_____<\/p>\n<p><sup>1<\/sup> J&#8217;en profite pour pr&eacute;ciser que Word&#8482; ne reconna&icirc;t pas l&#8217;accord de l&#8217;adjectif &laquo;&nbsp;moult&nbsp;&raquo;. Le rustre.<\/p>\n<p><sup>2<\/sup> parce qu&#8217;&agrave; l&#8217;&eacute;poque, et oui, messieurs-dames, c&#8217;&eacute;tait une danse.<\/p>\n<p><sup>e<\/sup> Cette note de bas de note est l&agrave; juste au cas o&ugrave; quelques lecteurs en &eacute;tat d&rsquo;&eacute;bri&eacute;t&eacute; auraient pris le petit <sup>e<\/sup> de XVII<sup>e<\/sup> pour un renvoi de note de bas de note, ce qui serait follement compr&eacute;hensible, quand on consid&egrave;re ma propension naturelle &agrave; mettre des renvois de notes de bas de note partout.<\/p>\n<p><sup>3<\/sup>&nbsp;<a href=\"http:\/\/www.20six.fr\/callisto\" target=\"blank_\">Callisto<\/a> bosse chez Puceau, moi chez les Schtroumpfs, on utilise les codes qu&#8217;on peut, hein.<\/p>\n<\/div>\n","protected":false},"excerpt":{"rendered":"<p>J&rsquo;ai rien &agrave; raconter. D&rsquo;un c&ocirc;t&eacute; &ccedil;a tombe bien, note, parce que ce bel&ouml;gue est quand m&ecirc;me un photo-bel&ouml;gue, &agrave; la base. N&#8217;emp&ecirc;che que. J&rsquo;ai m&ecirc;me pas de trucs de fran&ccedil;ais sur lesquels d&eacute;blat&eacute;rer. Pourtant j&#8217;aime bien d&eacute;blat&eacute;rer sur des trucs de fran&ccedil;ais. Ce genre de truc qui n&rsquo;int&eacute;resse que moi, du genre &laquo;&nbsp;H&eacute;, les&hellip;<\/p>\n","protected":false},"author":1,"featured_media":23977,"comment_status":"open","ping_status":"open","sticky":false,"template":"","format":"standard","meta":{"_acf_changed":false,"ngg_post_thumbnail":0,"jetpack_post_was_ever_published":false,"_jetpack_newsletter_access":"","_jetpack_dont_email_post_to_subs":false,"_jetpack_newsletter_tier_id":0,"_jetpack_memberships_contains_paywalled_content":false,"_jetpack_memberships_contains_paid_content":false,"footnotes":"","jetpack_publicize_message":"","jetpack_publicize_feature_enabled":true,"jetpack_social_post_already_shared":false,"jetpack_social_options":{"image_generator_settings":{"template":"highway","default_image_id":0,"font":"","enabled":false},"version":2}},"categories":[3],"tags":[10182,157,132,10120,10121,143,10147,11237,10098,1278,1280,748],"class_list":["post-40","post","type-post","status-publish","format-standard","has-post-thumbnail","hentry","category-dpc","tag-10182","tag-ef-50-mm-f18-ii","tag-eos-20d","tag-france","tag-ile-de-france","tag-noir-et-blanc","tag-nuit","tag-palais-du-louvre","tag-paris","tag-pyramide","tag-santa-maria","tag-the-frames"],"acf":[],"geo":{"latitude":48.8612289,"longitude":2.3360994,"description":null},"jetpack_publicize_connections":[],"jetpack_featured_media_url":"https:\/\/www.wallendorff.com\/belogue\/wp-content\/uploads\/2015\/04\/200510261.jpg","jetpack_shortlink":"https:\/\/wp.me\/p3b35P-E","jetpack_sharing_enabled":true,"jetpack-related-posts":[{"id":4024,"url":"https:\/\/www.wallendorff.com\/belogue\/2009\/03\/16\/mais-dis-cqua-moi\/","url_meta":{"origin":40,"position":0},"title":"Mais dis c&rsquo;qu&rsquo;a moi.","author":"dpc","date":"16 mars 2009","format":false,"excerpt":"Trude m'avait soumis ce questionnaire il y a quelques mois et je n'ai jamais pris le temps de m'y plier. C'est tr\u00e8s mal et je le regrette am\u00e8rement, \u00e0 en r\u00eaver toutes les nuits sous forme de com\u00e9die musicale cauchemardesque, car souvent mon chiant inconscient chante incessamment et sciemment salement1.\u2026","rel":"","context":"Dans &quot;DPC&quot;","block_context":{"text":"DPC","link":"https:\/\/www.wallendorff.com\/belogue\/category\/dpc\/"},"img":{"alt_text":"","src":"https:\/\/i0.wp.com\/www.wallendorff.com\/belogue\/wp-content\/uploads\/2015\/04\/200903161.jpg?resize=350%2C200&ssl=1","width":350,"height":200},"classes":[]},{"id":881,"url":"https:\/\/www.wallendorff.com\/belogue\/2007\/01\/24\/satan-bout-saint-coin\/","url_meta":{"origin":40,"position":1},"title":"Satan-bout, Saint-coin.","author":"dpc","date":"24 janvier 2007","format":false,"excerpt":"Oui, on me l'avait d\u00e9j\u00e0 demand\u00e9. Et je m'\u00e9tais d'ailleurs pli\u00e9 \u00e0 l'exercice avec \u00e9l\u00e9gance, offrant alors pl\u00e9thore d'anecdotes r\u00e9gurgitoires et exhibitionnistes \u00e0 qui voudrait les lire. Ces \u00e9v\u00e9nement e-pistolaires s'\u00e9tant d\u00e9roul\u00e9s il y a de cela des ann\u00e9es, lors m\u00eame que j'\u00e9voluais au rythme d\u00e9brid\u00e9 d'une folle jeunesse suintant\u2026","rel":"","context":"Dans &quot;Pictureless thoughts&quot;","block_context":{"text":"Pictureless thoughts","link":"https:\/\/www.wallendorff.com\/belogue\/category\/pictureless-thoughts\/"},"img":{"alt_text":"","src":"","width":0,"height":0},"classes":[]},{"id":1050,"url":"https:\/\/www.wallendorff.com\/belogue\/2007\/10\/03\/space-mots-keys-13\/","url_meta":{"origin":40,"position":2},"title":"Space mots-keys #13.","author":"dpc","date":"3 octobre 2007","format":false,"excerpt":"ize proude tou pr\u00e9sente Top 5 18 17 13 \u00a0\u00a06 \u00a0\u00a05 Nos amis les champignons Grosse d\u00e9ception. Malgr\u00e9 tous les app\u00e2ts que j'avais l\u00e2ch\u00e9s le mois dernier, la p\u00e8che est maigre. Toujours autant d'axieuses attentes de voir das folgende gro\u00dfe Ding venir chez soi [, ], de fantasmes [, ],\u2026","rel":"","context":"Dans &quot;Space mots-keys&quot;","block_context":{"text":"Space mots-keys","link":"https:\/\/www.wallendorff.com\/belogue\/category\/space-mots-keys\/"},"img":{"alt_text":"","src":"","width":0,"height":0},"classes":[]},{"id":127166,"url":"https:\/\/www.wallendorff.com\/belogue\/2024\/01\/17\/en-2023\/","url_meta":{"origin":40,"position":3},"title":"En 2023.","author":"dpc","date":"17 janvier 2024","format":false,"excerpt":"En 2023, j'ai parcouru 42\u00a0896\u00a0km, soit 5 881 de plus qu'en 2022... ... mais je n'ai pas r\u00e9ussi \u00e0 privil\u00e9gier le train. En 2023, j'ai visit\u00e9 10 pays, ce qui un tout petit peu mieux qu'en 2022. En 2023 j'ai tap\u00e9 le score dans Paris, en parcourant 6 027 km\u2026","rel":"","context":"Dans &quot;DPC&quot;","block_context":{"text":"DPC","link":"https:\/\/www.wallendorff.com\/belogue\/category\/dpc\/"},"img":{"alt_text":"","src":"https:\/\/i0.wp.com\/www.wallendorff.com\/belogue\/wp-content\/uploads\/2024\/01\/20240117-01.jpg?resize=350%2C200&ssl=1","width":350,"height":200,"srcset":"https:\/\/i0.wp.com\/www.wallendorff.com\/belogue\/wp-content\/uploads\/2024\/01\/20240117-01.jpg?resize=350%2C200&ssl=1 1x, https:\/\/i0.wp.com\/www.wallendorff.com\/belogue\/wp-content\/uploads\/2024\/01\/20240117-01.jpg?resize=525%2C300&ssl=1 1.5x, https:\/\/i0.wp.com\/www.wallendorff.com\/belogue\/wp-content\/uploads\/2024\/01\/20240117-01.jpg?resize=700%2C400&ssl=1 2x"},"classes":[]},{"id":4257,"url":"https:\/\/www.wallendorff.com\/belogue\/2009\/06\/03\/maximo-park-i-heart-hiroshima-le-trabendo-paris\/","url_meta":{"origin":40,"position":4},"title":"Max\u00efmo Park + I Heart Hiroshima @ le Trabendo, Paris.","author":"dpc","date":"3 juin 2009","format":false,"excerpt":"\u00a0White Lies \u2013 To Lose My Life Il faut toujours courir chouter Max\u00efmo Park, parce qu'on est presque s\u00fbr de ressortir de la fosse avec des trucs dans le genre de la photo ci-dessus ou de ces fameuses archives, ici et l\u00e0. Peu importe la salle. \u00c7a marche \u00e0 tous\u2026","rel":"","context":"Dans &quot;Alive&quot;","block_context":{"text":"Alive","link":"https:\/\/www.wallendorff.com\/belogue\/category\/alive\/"},"img":{"alt_text":"","src":"https:\/\/i0.wp.com\/www.wallendorff.com\/belogue\/wp-content\/uploads\/2015\/04\/200906031.jpg?resize=350%2C200&ssl=1","width":350,"height":200,"srcset":"https:\/\/i0.wp.com\/www.wallendorff.com\/belogue\/wp-content\/uploads\/2015\/04\/200906031.jpg?resize=350%2C200&ssl=1 1x, https:\/\/i0.wp.com\/www.wallendorff.com\/belogue\/wp-content\/uploads\/2015\/04\/200906031.jpg?resize=525%2C300&ssl=1 1.5x, https:\/\/i0.wp.com\/www.wallendorff.com\/belogue\/wp-content\/uploads\/2015\/04\/200906031.jpg?resize=700%2C400&ssl=1 2x"},"classes":[]},{"id":12174,"url":"https:\/\/www.wallendorff.com\/belogue\/2011\/02\/03\/red-death-at-20h04\/","url_meta":{"origin":40,"position":5},"title":"Red Death at 20h04.","author":"dpc","date":"3 f\u00e9vrier 2011","format":false,"excerpt":"Quand j'ai lu la nouvelle, j'ai pleur\u00e9. Puis j'ai refus\u00e9 d'y croire. Puis j'ai rejet\u00e9 la faute sur les mafieux mexicains qui squattent nuit et jour devant Third Man pour faire du trafic de disques rares et sur les fans de fouteballe qui ont fait de l'insupportable Seven Nation Army\u2026","rel":"","context":"Dans &quot;Alive&quot;","block_context":{"text":"Alive","link":"https:\/\/www.wallendorff.com\/belogue\/category\/alive\/"},"img":{"alt_text":"","src":"https:\/\/i0.wp.com\/www.wallendorff.com\/belogue\/wp-content\/uploads\/2015\/04\/201102031.jpg?resize=350%2C200&ssl=1","width":350,"height":200,"srcset":"https:\/\/i0.wp.com\/www.wallendorff.com\/belogue\/wp-content\/uploads\/2015\/04\/201102031.jpg?resize=350%2C200&ssl=1 1x, https:\/\/i0.wp.com\/www.wallendorff.com\/belogue\/wp-content\/uploads\/2015\/04\/201102031.jpg?resize=525%2C300&ssl=1 1.5x, https:\/\/i0.wp.com\/www.wallendorff.com\/belogue\/wp-content\/uploads\/2015\/04\/201102031.jpg?resize=700%2C400&ssl=1 2x"},"classes":[]}],"_links":{"self":[{"href":"https:\/\/www.wallendorff.com\/belogue\/wp-json\/wp\/v2\/posts\/40","targetHints":{"allow":["GET"]}}],"collection":[{"href":"https:\/\/www.wallendorff.com\/belogue\/wp-json\/wp\/v2\/posts"}],"about":[{"href":"https:\/\/www.wallendorff.com\/belogue\/wp-json\/wp\/v2\/types\/post"}],"author":[{"embeddable":true,"href":"https:\/\/www.wallendorff.com\/belogue\/wp-json\/wp\/v2\/users\/1"}],"replies":[{"embeddable":true,"href":"https:\/\/www.wallendorff.com\/belogue\/wp-json\/wp\/v2\/comments?post=40"}],"version-history":[{"count":2,"href":"https:\/\/www.wallendorff.com\/belogue\/wp-json\/wp\/v2\/posts\/40\/revisions"}],"predecessor-version":[{"id":35945,"href":"https:\/\/www.wallendorff.com\/belogue\/wp-json\/wp\/v2\/posts\/40\/revisions\/35945"}],"wp:featuredmedia":[{"embeddable":true,"href":"https:\/\/www.wallendorff.com\/belogue\/wp-json\/wp\/v2\/media\/23977"}],"wp:attachment":[{"href":"https:\/\/www.wallendorff.com\/belogue\/wp-json\/wp\/v2\/media?parent=40"}],"wp:term":[{"taxonomy":"category","embeddable":true,"href":"https:\/\/www.wallendorff.com\/belogue\/wp-json\/wp\/v2\/categories?post=40"},{"taxonomy":"post_tag","embeddable":true,"href":"https:\/\/www.wallendorff.com\/belogue\/wp-json\/wp\/v2\/tags?post=40"}],"curies":[{"name":"wp","href":"https:\/\/api.w.org\/{rel}","templated":true}]}}