{"id":39747,"date":"2018-08-28T11:34:41","date_gmt":"2018-08-28T09:34:41","guid":{"rendered":"http:\/\/www.wallendorff.com\/belogue\/?p=39747"},"modified":"2018-08-28T16:22:35","modified_gmt":"2018-08-28T14:22:35","slug":"le-cabaret-vert-2018-jour-3","status":"publish","type":"post","link":"https:\/\/www.wallendorff.com\/belogue\/2018\/08\/28\/le-cabaret-vert-2018-jour-3\/","title":{"rendered":"Le Cabaret Vert 2018, jour 3."},"content":{"rendered":"<div id=\"photo\">\n<p><img decoding=\"async\" src=\"https:\/\/www.wallendorff.com\/belogue\/wp-content\/uploads\/2018\/08\/20180828-54.jpg\"><\/p>\n<\/div>\n<p style=\"text-align: right;\">Les autres jours s(er)ont publi\u00e9s sur <a href=\"https:\/\/www.wallendorff.com\/belogue\/tag\/le-cabaret-vert-2018\">ce lien<\/a>.<\/p>\n<div id='gallery-1' class='gallery galleryid-39747 gallery-columns-3 gallery-size-large'><figure class='gallery-item'>\n\t\t\t<div class='gallery-icon landscape'>\n\t\t\t\t<a href='https:\/\/www.wallendorff.com\/belogue\/2018\/08\/28\/le-cabaret-vert-2018-jour-3\/ron-gallo-le-cabaret-vert-charleville-mezieres-25-08-2018\/'><img fetchpriority=\"high\" decoding=\"async\" width=\"1170\" height=\"780\" src=\"https:\/\/www.wallendorff.com\/belogue\/wp-content\/uploads\/2018\/08\/20180828-01-1170x780.jpg\" class=\"attachment-large size-large\" alt=\"\" aria-describedby=\"gallery-1-39750\" srcset=\"https:\/\/www.wallendorff.com\/belogue\/wp-content\/uploads\/2018\/08\/20180828-01.jpg 1170w, https:\/\/www.wallendorff.com\/belogue\/wp-content\/uploads\/2018\/08\/20180828-01-820x547.jpg 820w, https:\/\/www.wallendorff.com\/belogue\/wp-content\/uploads\/2018\/08\/20180828-01-200x133.jpg 200w, https:\/\/www.wallendorff.com\/belogue\/wp-content\/uploads\/2018\/08\/20180828-01-300x200.jpg 300w, https:\/\/www.wallendorff.com\/belogue\/wp-content\/uploads\/2018\/08\/20180828-01-1116x744.jpg 1116w, https:\/\/www.wallendorff.com\/belogue\/wp-content\/uploads\/2018\/08\/20180828-01-806x537.jpg 806w, https:\/\/www.wallendorff.com\/belogue\/wp-content\/uploads\/2018\/08\/20180828-01-558x372.jpg 558w, https:\/\/www.wallendorff.com\/belogue\/wp-content\/uploads\/2018\/08\/20180828-01-655x437.jpg 655w, https:\/\/www.wallendorff.com\/belogue\/wp-content\/uploads\/2018\/08\/20180828-01-600x400.jpg 600w\" sizes=\"(max-width: 1170px) 100vw, 1170px\" \/><\/a>\n\t\t\t<\/div>\n\t\t\t\t<figcaption class='wp-caption-text gallery-caption' id='gallery-1-39750'>\n\t\t\t\tRon Gallo @ le Cabaret Vert, Charleville-M\u00e9zi\u00e8res, 25\/08\/2018\n\t\t\t\t<\/figcaption><\/figure><figure class='gallery-item'>\n\t\t\t<div class='gallery-icon landscape'>\n\t\t\t\t<a href='https:\/\/www.wallendorff.com\/belogue\/2018\/08\/28\/le-cabaret-vert-2018-jour-3\/ron-gallo-le-cabaret-vert-charleville-mezieres-25-08-2018-2\/'><img decoding=\"async\" width=\"1170\" height=\"780\" src=\"https:\/\/www.wallendorff.com\/belogue\/wp-content\/uploads\/2018\/08\/20180828-02-1170x780.jpg\" class=\"attachment-large size-large\" alt=\"\" aria-describedby=\"gallery-1-39751\" srcset=\"https:\/\/www.wallendorff.com\/belogue\/wp-content\/uploads\/2018\/08\/20180828-02.jpg 1170w, https:\/\/www.wallendorff.com\/belogue\/wp-content\/uploads\/2018\/08\/20180828-02-820x547.jpg 820w, https:\/\/www.wallendorff.com\/belogue\/wp-content\/uploads\/2018\/08\/20180828-02-200x133.jpg 200w, https:\/\/www.wallendorff.com\/belogue\/wp-content\/uploads\/2018\/08\/20180828-02-300x200.jpg 300w, https:\/\/www.wallendorff.com\/belogue\/wp-content\/uploads\/2018\/08\/20180828-02-1116x744.jpg 1116w, https:\/\/www.wallendorff.com\/belogue\/wp-content\/uploads\/2018\/08\/20180828-02-806x537.jpg 806w, https:\/\/www.wallendorff.com\/belogue\/wp-content\/uploads\/2018\/08\/20180828-02-558x372.jpg 558w, https:\/\/www.wallendorff.com\/belogue\/wp-content\/uploads\/2018\/08\/20180828-02-655x437.jpg 655w, https:\/\/www.wallendorff.com\/belogue\/wp-content\/uploads\/2018\/08\/20180828-02-600x400.jpg 600w\" sizes=\"(max-width: 1170px) 100vw, 1170px\" \/><\/a>\n\t\t\t<\/div>\n\t\t\t\t<figcaption class='wp-caption-text gallery-caption' id='gallery-1-39751'>\n\t\t\t\tRon Gallo @ le Cabaret Vert, Charleville-M\u00e9zi\u00e8res, 25\/08\/2018\n\t\t\t\t<\/figcaption><\/figure><figure class='gallery-item'>\n\t\t\t<div class='gallery-icon landscape'>\n\t\t\t\t<a href='https:\/\/www.wallendorff.com\/belogue\/2018\/08\/28\/le-cabaret-vert-2018-jour-3\/ron-gallo-le-cabaret-vert-charleville-mezieres-25-08-2018-3\/'><img decoding=\"async\" width=\"1170\" height=\"780\" src=\"https:\/\/www.wallendorff.com\/belogue\/wp-content\/uploads\/2018\/08\/20180828-03-1170x780.jpg\" class=\"attachment-large size-large\" alt=\"\" aria-describedby=\"gallery-1-39752\" srcset=\"https:\/\/www.wallendorff.com\/belogue\/wp-content\/uploads\/2018\/08\/20180828-03.jpg 1170w, https:\/\/www.wallendorff.com\/belogue\/wp-content\/uploads\/2018\/08\/20180828-03-820x547.jpg 820w, https:\/\/www.wallendorff.com\/belogue\/wp-content\/uploads\/2018\/08\/20180828-03-200x133.jpg 200w, https:\/\/www.wallendorff.com\/belogue\/wp-content\/uploads\/2018\/08\/20180828-03-300x200.jpg 300w, https:\/\/www.wallendorff.com\/belogue\/wp-content\/uploads\/2018\/08\/20180828-03-1116x744.jpg 1116w, https:\/\/www.wallendorff.com\/belogue\/wp-content\/uploads\/2018\/08\/20180828-03-806x537.jpg 806w, https:\/\/www.wallendorff.com\/belogue\/wp-content\/uploads\/2018\/08\/20180828-03-558x372.jpg 558w, https:\/\/www.wallendorff.com\/belogue\/wp-content\/uploads\/2018\/08\/20180828-03-655x437.jpg 655w, https:\/\/www.wallendorff.com\/belogue\/wp-content\/uploads\/2018\/08\/20180828-03-600x400.jpg 600w\" sizes=\"(max-width: 1170px) 100vw, 1170px\" \/><\/a>\n\t\t\t<\/div>\n\t\t\t\t<figcaption class='wp-caption-text gallery-caption' id='gallery-1-39752'>\n\t\t\t\tRon Gallo @ le Cabaret Vert, Charleville-M\u00e9zi\u00e8res, 25\/08\/2018\n\t\t\t\t<\/figcaption><\/figure><figure class='gallery-item'>\n\t\t\t<div class='gallery-icon landscape'>\n\t\t\t\t<a href='https:\/\/www.wallendorff.com\/belogue\/2018\/08\/28\/le-cabaret-vert-2018-jour-3\/ron-gallo-le-cabaret-vert-charleville-mezieres-25-08-2018-4\/'><img loading=\"lazy\" decoding=\"async\" width=\"1170\" height=\"780\" src=\"https:\/\/www.wallendorff.com\/belogue\/wp-content\/uploads\/2018\/08\/20180828-04-1170x780.jpg\" class=\"attachment-large size-large\" alt=\"\" aria-describedby=\"gallery-1-39753\" srcset=\"https:\/\/www.wallendorff.com\/belogue\/wp-content\/uploads\/2018\/08\/20180828-04.jpg 1170w, https:\/\/www.wallendorff.com\/belogue\/wp-content\/uploads\/2018\/08\/20180828-04-820x547.jpg 820w, https:\/\/www.wallendorff.com\/belogue\/wp-content\/uploads\/2018\/08\/20180828-04-200x133.jpg 200w, https:\/\/www.wallendorff.com\/belogue\/wp-content\/uploads\/2018\/08\/20180828-04-300x200.jpg 300w, https:\/\/www.wallendorff.com\/belogue\/wp-content\/uploads\/2018\/08\/20180828-04-1116x744.jpg 1116w, https:\/\/www.wallendorff.com\/belogue\/wp-content\/uploads\/2018\/08\/20180828-04-806x537.jpg 806w, https:\/\/www.wallendorff.com\/belogue\/wp-content\/uploads\/2018\/08\/20180828-04-558x372.jpg 558w, https:\/\/www.wallendorff.com\/belogue\/wp-content\/uploads\/2018\/08\/20180828-04-655x437.jpg 655w, https:\/\/www.wallendorff.com\/belogue\/wp-content\/uploads\/2018\/08\/20180828-04-600x400.jpg 600w\" sizes=\"(max-width: 1170px) 100vw, 1170px\" \/><\/a>\n\t\t\t<\/div>\n\t\t\t\t<figcaption class='wp-caption-text gallery-caption' id='gallery-1-39753'>\n\t\t\t\tRon Gallo @ le Cabaret Vert, Charleville-M\u00e9zi\u00e8res, 25\/08\/2018\n\t\t\t\t<\/figcaption><\/figure><figure class='gallery-item'>\n\t\t\t<div class='gallery-icon landscape'>\n\t\t\t\t<a href='https:\/\/www.wallendorff.com\/belogue\/2018\/08\/28\/le-cabaret-vert-2018-jour-3\/le-cabaret-vert-charleville-mezieres-25-08-2018\/'><img loading=\"lazy\" decoding=\"async\" width=\"1170\" height=\"780\" src=\"https:\/\/www.wallendorff.com\/belogue\/wp-content\/uploads\/2018\/08\/20180828-05-1170x780.jpg\" class=\"attachment-large size-large\" alt=\"\" aria-describedby=\"gallery-1-39754\" srcset=\"https:\/\/www.wallendorff.com\/belogue\/wp-content\/uploads\/2018\/08\/20180828-05.jpg 1170w, https:\/\/www.wallendorff.com\/belogue\/wp-content\/uploads\/2018\/08\/20180828-05-820x547.jpg 820w, https:\/\/www.wallendorff.com\/belogue\/wp-content\/uploads\/2018\/08\/20180828-05-200x133.jpg 200w, https:\/\/www.wallendorff.com\/belogue\/wp-content\/uploads\/2018\/08\/20180828-05-300x200.jpg 300w, https:\/\/www.wallendorff.com\/belogue\/wp-content\/uploads\/2018\/08\/20180828-05-1116x744.jpg 1116w, https:\/\/www.wallendorff.com\/belogue\/wp-content\/uploads\/2018\/08\/20180828-05-806x537.jpg 806w, https:\/\/www.wallendorff.com\/belogue\/wp-content\/uploads\/2018\/08\/20180828-05-558x372.jpg 558w, https:\/\/www.wallendorff.com\/belogue\/wp-content\/uploads\/2018\/08\/20180828-05-655x437.jpg 655w, https:\/\/www.wallendorff.com\/belogue\/wp-content\/uploads\/2018\/08\/20180828-05-600x400.jpg 600w\" sizes=\"(max-width: 1170px) 100vw, 1170px\" \/><\/a>\n\t\t\t<\/div>\n\t\t\t\t<figcaption class='wp-caption-text gallery-caption' id='gallery-1-39754'>\n\t\t\t\tLe Cabaret Vert, Charleville-M\u00e9zi\u00e8res, 25\/08\/2018\n\t\t\t\t<\/figcaption><\/figure><figure class='gallery-item'>\n\t\t\t<div class='gallery-icon landscape'>\n\t\t\t\t<a href='https:\/\/www.wallendorff.com\/belogue\/2018\/08\/28\/le-cabaret-vert-2018-jour-3\/le-cabaret-vert-charleville-mezieres-25-08-2018-2\/'><img loading=\"lazy\" decoding=\"async\" width=\"1170\" height=\"780\" src=\"https:\/\/www.wallendorff.com\/belogue\/wp-content\/uploads\/2018\/08\/20180828-06-1170x780.jpg\" class=\"attachment-large size-large\" alt=\"\" aria-describedby=\"gallery-1-39755\" srcset=\"https:\/\/www.wallendorff.com\/belogue\/wp-content\/uploads\/2018\/08\/20180828-06.jpg 1170w, https:\/\/www.wallendorff.com\/belogue\/wp-content\/uploads\/2018\/08\/20180828-06-820x547.jpg 820w, https:\/\/www.wallendorff.com\/belogue\/wp-content\/uploads\/2018\/08\/20180828-06-200x133.jpg 200w, https:\/\/www.wallendorff.com\/belogue\/wp-content\/uploads\/2018\/08\/20180828-06-300x200.jpg 300w, https:\/\/www.wallendorff.com\/belogue\/wp-content\/uploads\/2018\/08\/20180828-06-1116x744.jpg 1116w, https:\/\/www.wallendorff.com\/belogue\/wp-content\/uploads\/2018\/08\/20180828-06-806x537.jpg 806w, https:\/\/www.wallendorff.com\/belogue\/wp-content\/uploads\/2018\/08\/20180828-06-558x372.jpg 558w, https:\/\/www.wallendorff.com\/belogue\/wp-content\/uploads\/2018\/08\/20180828-06-655x437.jpg 655w, https:\/\/www.wallendorff.com\/belogue\/wp-content\/uploads\/2018\/08\/20180828-06-600x400.jpg 600w\" sizes=\"(max-width: 1170px) 100vw, 1170px\" \/><\/a>\n\t\t\t<\/div>\n\t\t\t\t<figcaption class='wp-caption-text gallery-caption' id='gallery-1-39755'>\n\t\t\t\tLe Cabaret Vert, Charleville-M\u00e9zi\u00e8res, 25\/08\/2018\n\t\t\t\t<\/figcaption><\/figure><figure class='gallery-item'>\n\t\t\t<div class='gallery-icon landscape'>\n\t\t\t\t<a href='https:\/\/www.wallendorff.com\/belogue\/2018\/08\/28\/le-cabaret-vert-2018-jour-3\/le-cabaret-vert-charleville-mezieres-25-08-2018-3\/'><img loading=\"lazy\" decoding=\"async\" width=\"1170\" height=\"780\" src=\"https:\/\/www.wallendorff.com\/belogue\/wp-content\/uploads\/2018\/08\/20180828-07-1170x780.jpg\" class=\"attachment-large size-large\" alt=\"\" aria-describedby=\"gallery-1-39756\" srcset=\"https:\/\/www.wallendorff.com\/belogue\/wp-content\/uploads\/2018\/08\/20180828-07.jpg 1170w, https:\/\/www.wallendorff.com\/belogue\/wp-content\/uploads\/2018\/08\/20180828-07-820x547.jpg 820w, https:\/\/www.wallendorff.com\/belogue\/wp-content\/uploads\/2018\/08\/20180828-07-200x133.jpg 200w, https:\/\/www.wallendorff.com\/belogue\/wp-content\/uploads\/2018\/08\/20180828-07-300x200.jpg 300w, https:\/\/www.wallendorff.com\/belogue\/wp-content\/uploads\/2018\/08\/20180828-07-1116x744.jpg 1116w, https:\/\/www.wallendorff.com\/belogue\/wp-content\/uploads\/2018\/08\/20180828-07-806x537.jpg 806w, https:\/\/www.wallendorff.com\/belogue\/wp-content\/uploads\/2018\/08\/20180828-07-558x372.jpg 558w, https:\/\/www.wallendorff.com\/belogue\/wp-content\/uploads\/2018\/08\/20180828-07-655x437.jpg 655w, https:\/\/www.wallendorff.com\/belogue\/wp-content\/uploads\/2018\/08\/20180828-07-600x400.jpg 600w\" sizes=\"(max-width: 1170px) 100vw, 1170px\" \/><\/a>\n\t\t\t<\/div>\n\t\t\t\t<figcaption class='wp-caption-text gallery-caption' id='gallery-1-39756'>\n\t\t\t\tLe Cabaret Vert, Charleville-M\u00e9zi\u00e8res, 25\/08\/2018\n\t\t\t\t<\/figcaption><\/figure><figure class='gallery-item'>\n\t\t\t<div class='gallery-icon landscape'>\n\t\t\t\t<a href='https:\/\/www.wallendorff.com\/belogue\/2018\/08\/28\/le-cabaret-vert-2018-jour-3\/le-cabaret-vert-charleville-mezieres-25-08-2018-4\/'><img loading=\"lazy\" decoding=\"async\" width=\"1170\" height=\"780\" src=\"https:\/\/www.wallendorff.com\/belogue\/wp-content\/uploads\/2018\/08\/20180828-08-1170x780.jpg\" class=\"attachment-large size-large\" alt=\"\" aria-describedby=\"gallery-1-39757\" srcset=\"https:\/\/www.wallendorff.com\/belogue\/wp-content\/uploads\/2018\/08\/20180828-08.jpg 1170w, https:\/\/www.wallendorff.com\/belogue\/wp-content\/uploads\/2018\/08\/20180828-08-820x547.jpg 820w, https:\/\/www.wallendorff.com\/belogue\/wp-content\/uploads\/2018\/08\/20180828-08-200x133.jpg 200w, https:\/\/www.wallendorff.com\/belogue\/wp-content\/uploads\/2018\/08\/20180828-08-300x200.jpg 300w, https:\/\/www.wallendorff.com\/belogue\/wp-content\/uploads\/2018\/08\/20180828-08-1116x744.jpg 1116w, https:\/\/www.wallendorff.com\/belogue\/wp-content\/uploads\/2018\/08\/20180828-08-806x537.jpg 806w, https:\/\/www.wallendorff.com\/belogue\/wp-content\/uploads\/2018\/08\/20180828-08-558x372.jpg 558w, https:\/\/www.wallendorff.com\/belogue\/wp-content\/uploads\/2018\/08\/20180828-08-655x437.jpg 655w, https:\/\/www.wallendorff.com\/belogue\/wp-content\/uploads\/2018\/08\/20180828-08-600x400.jpg 600w\" sizes=\"(max-width: 1170px) 100vw, 1170px\" \/><\/a>\n\t\t\t<\/div>\n\t\t\t\t<figcaption class='wp-caption-text gallery-caption' id='gallery-1-39757'>\n\t\t\t\tLe Cabaret Vert, Charleville-M\u00e9zi\u00e8res, 25\/08\/2018\n\t\t\t\t<\/figcaption><\/figure><figure class='gallery-item'>\n\t\t\t<div class='gallery-icon landscape'>\n\t\t\t\t<a href='https:\/\/www.wallendorff.com\/belogue\/2018\/08\/28\/le-cabaret-vert-2018-jour-3\/le-cabaret-vert-charleville-mezieres-25-08-2018-5\/'><img loading=\"lazy\" decoding=\"async\" width=\"1170\" height=\"780\" src=\"https:\/\/www.wallendorff.com\/belogue\/wp-content\/uploads\/2018\/08\/20180828-09-1170x780.jpg\" class=\"attachment-large size-large\" alt=\"\" aria-describedby=\"gallery-1-39758\" srcset=\"https:\/\/www.wallendorff.com\/belogue\/wp-content\/uploads\/2018\/08\/20180828-09.jpg 1170w, https:\/\/www.wallendorff.com\/belogue\/wp-content\/uploads\/2018\/08\/20180828-09-820x547.jpg 820w, https:\/\/www.wallendorff.com\/belogue\/wp-content\/uploads\/2018\/08\/20180828-09-200x133.jpg 200w, https:\/\/www.wallendorff.com\/belogue\/wp-content\/uploads\/2018\/08\/20180828-09-300x200.jpg 300w, https:\/\/www.wallendorff.com\/belogue\/wp-content\/uploads\/2018\/08\/20180828-09-1116x744.jpg 1116w, https:\/\/www.wallendorff.com\/belogue\/wp-content\/uploads\/2018\/08\/20180828-09-806x537.jpg 806w, https:\/\/www.wallendorff.com\/belogue\/wp-content\/uploads\/2018\/08\/20180828-09-558x372.jpg 558w, https:\/\/www.wallendorff.com\/belogue\/wp-content\/uploads\/2018\/08\/20180828-09-655x437.jpg 655w, https:\/\/www.wallendorff.com\/belogue\/wp-content\/uploads\/2018\/08\/20180828-09-600x400.jpg 600w\" sizes=\"(max-width: 1170px) 100vw, 1170px\" \/><\/a>\n\t\t\t<\/div>\n\t\t\t\t<figcaption class='wp-caption-text gallery-caption' id='gallery-1-39758'>\n\t\t\t\tLe Cabaret Vert, Charleville-M\u00e9zi\u00e8res, 25\/08\/2018\n\t\t\t\t<\/figcaption><\/figure><figure class='gallery-item'>\n\t\t\t<div class='gallery-icon landscape'>\n\t\t\t\t<a href='https:\/\/www.wallendorff.com\/belogue\/2018\/08\/28\/le-cabaret-vert-2018-jour-3\/le-cabaret-vert-charleville-mezieres-25-08-2018-6\/'><img loading=\"lazy\" decoding=\"async\" width=\"1170\" height=\"780\" src=\"https:\/\/www.wallendorff.com\/belogue\/wp-content\/uploads\/2018\/08\/20180828-10-1170x780.jpg\" class=\"attachment-large size-large\" alt=\"\" aria-describedby=\"gallery-1-39759\" srcset=\"https:\/\/www.wallendorff.com\/belogue\/wp-content\/uploads\/2018\/08\/20180828-10.jpg 1170w, https:\/\/www.wallendorff.com\/belogue\/wp-content\/uploads\/2018\/08\/20180828-10-820x547.jpg 820w, https:\/\/www.wallendorff.com\/belogue\/wp-content\/uploads\/2018\/08\/20180828-10-200x133.jpg 200w, https:\/\/www.wallendorff.com\/belogue\/wp-content\/uploads\/2018\/08\/20180828-10-300x200.jpg 300w, https:\/\/www.wallendorff.com\/belogue\/wp-content\/uploads\/2018\/08\/20180828-10-1116x744.jpg 1116w, https:\/\/www.wallendorff.com\/belogue\/wp-content\/uploads\/2018\/08\/20180828-10-806x537.jpg 806w, https:\/\/www.wallendorff.com\/belogue\/wp-content\/uploads\/2018\/08\/20180828-10-558x372.jpg 558w, https:\/\/www.wallendorff.com\/belogue\/wp-content\/uploads\/2018\/08\/20180828-10-655x437.jpg 655w, https:\/\/www.wallendorff.com\/belogue\/wp-content\/uploads\/2018\/08\/20180828-10-600x400.jpg 600w\" sizes=\"(max-width: 1170px) 100vw, 1170px\" \/><\/a>\n\t\t\t<\/div>\n\t\t\t\t<figcaption class='wp-caption-text gallery-caption' id='gallery-1-39759'>\n\t\t\t\tLe Cabaret Vert, Charleville-M\u00e9zi\u00e8res, 25\/08\/2018\n\t\t\t\t<\/figcaption><\/figure><figure class='gallery-item'>\n\t\t\t<div class='gallery-icon landscape'>\n\t\t\t\t<a href='https:\/\/www.wallendorff.com\/belogue\/2018\/08\/28\/le-cabaret-vert-2018-jour-3\/le-cabaret-vert-charleville-mezieres-25-08-2018-7\/'><img loading=\"lazy\" decoding=\"async\" width=\"1170\" height=\"780\" src=\"https:\/\/www.wallendorff.com\/belogue\/wp-content\/uploads\/2018\/08\/20180828-11-1170x780.jpg\" class=\"attachment-large size-large\" alt=\"\" aria-describedby=\"gallery-1-39760\" srcset=\"https:\/\/www.wallendorff.com\/belogue\/wp-content\/uploads\/2018\/08\/20180828-11.jpg 1170w, https:\/\/www.wallendorff.com\/belogue\/wp-content\/uploads\/2018\/08\/20180828-11-820x547.jpg 820w, https:\/\/www.wallendorff.com\/belogue\/wp-content\/uploads\/2018\/08\/20180828-11-200x133.jpg 200w, https:\/\/www.wallendorff.com\/belogue\/wp-content\/uploads\/2018\/08\/20180828-11-300x200.jpg 300w, https:\/\/www.wallendorff.com\/belogue\/wp-content\/uploads\/2018\/08\/20180828-11-1116x744.jpg 1116w, https:\/\/www.wallendorff.com\/belogue\/wp-content\/uploads\/2018\/08\/20180828-11-806x537.jpg 806w, https:\/\/www.wallendorff.com\/belogue\/wp-content\/uploads\/2018\/08\/20180828-11-558x372.jpg 558w, https:\/\/www.wallendorff.com\/belogue\/wp-content\/uploads\/2018\/08\/20180828-11-655x437.jpg 655w, https:\/\/www.wallendorff.com\/belogue\/wp-content\/uploads\/2018\/08\/20180828-11-600x400.jpg 600w\" sizes=\"(max-width: 1170px) 100vw, 1170px\" \/><\/a>\n\t\t\t<\/div>\n\t\t\t\t<figcaption class='wp-caption-text gallery-caption' id='gallery-1-39760'>\n\t\t\t\tLe Cabaret Vert, Charleville-M\u00e9zi\u00e8res, 25\/08\/2018\n\t\t\t\t<\/figcaption><\/figure><figure class='gallery-item'>\n\t\t\t<div class='gallery-icon landscape'>\n\t\t\t\t<a href='https:\/\/www.wallendorff.com\/belogue\/2018\/08\/28\/le-cabaret-vert-2018-jour-3\/le-cabaret-vert-charleville-mezieres-25-08-2018-8\/'><img loading=\"lazy\" decoding=\"async\" width=\"1170\" height=\"780\" src=\"https:\/\/www.wallendorff.com\/belogue\/wp-content\/uploads\/2018\/08\/20180828-12-1170x780.jpg\" class=\"attachment-large size-large\" alt=\"\" aria-describedby=\"gallery-1-39761\" srcset=\"https:\/\/www.wallendorff.com\/belogue\/wp-content\/uploads\/2018\/08\/20180828-12.jpg 1170w, https:\/\/www.wallendorff.com\/belogue\/wp-content\/uploads\/2018\/08\/20180828-12-820x547.jpg 820w, https:\/\/www.wallendorff.com\/belogue\/wp-content\/uploads\/2018\/08\/20180828-12-200x133.jpg 200w, https:\/\/www.wallendorff.com\/belogue\/wp-content\/uploads\/2018\/08\/20180828-12-300x200.jpg 300w, https:\/\/www.wallendorff.com\/belogue\/wp-content\/uploads\/2018\/08\/20180828-12-1116x744.jpg 1116w, https:\/\/www.wallendorff.com\/belogue\/wp-content\/uploads\/2018\/08\/20180828-12-806x537.jpg 806w, https:\/\/www.wallendorff.com\/belogue\/wp-content\/uploads\/2018\/08\/20180828-12-558x372.jpg 558w, https:\/\/www.wallendorff.com\/belogue\/wp-content\/uploads\/2018\/08\/20180828-12-655x437.jpg 655w, https:\/\/www.wallendorff.com\/belogue\/wp-content\/uploads\/2018\/08\/20180828-12-600x400.jpg 600w\" sizes=\"(max-width: 1170px) 100vw, 1170px\" \/><\/a>\n\t\t\t<\/div>\n\t\t\t\t<figcaption class='wp-caption-text gallery-caption' id='gallery-1-39761'>\n\t\t\t\tLe Cabaret Vert, Charleville-M\u00e9zi\u00e8res, 25\/08\/2018\n\t\t\t\t<\/figcaption><\/figure><figure class='gallery-item'>\n\t\t\t<div class='gallery-icon portrait'>\n\t\t\t\t<a href='https:\/\/www.wallendorff.com\/belogue\/2018\/08\/28\/le-cabaret-vert-2018-jour-3\/protomartyr-le-cabaret-vert-charleville-mezieres-25-08-2018\/'><img loading=\"lazy\" decoding=\"async\" width=\"683\" height=\"1024\" src=\"https:\/\/www.wallendorff.com\/belogue\/wp-content\/uploads\/2018\/08\/20180828-13-683x1024.jpg\" class=\"attachment-large size-large\" alt=\"\" aria-describedby=\"gallery-1-39762\" srcset=\"https:\/\/www.wallendorff.com\/belogue\/wp-content\/uploads\/2018\/08\/20180828-13-683x1024.jpg 683w, https:\/\/www.wallendorff.com\/belogue\/wp-content\/uploads\/2018\/08\/20180828-13-133x200.jpg 133w, https:\/\/www.wallendorff.com\/belogue\/wp-content\/uploads\/2018\/08\/20180828-13-200x300.jpg 200w, https:\/\/www.wallendorff.com\/belogue\/wp-content\/uploads\/2018\/08\/20180828-13-558x837.jpg 558w, https:\/\/www.wallendorff.com\/belogue\/wp-content\/uploads\/2018\/08\/20180828-13-655x983.jpg 655w, https:\/\/www.wallendorff.com\/belogue\/wp-content\/uploads\/2018\/08\/20180828-13-600x900.jpg 600w, https:\/\/www.wallendorff.com\/belogue\/wp-content\/uploads\/2018\/08\/20180828-13.jpg 780w\" sizes=\"(max-width: 683px) 100vw, 683px\" \/><\/a>\n\t\t\t<\/div>\n\t\t\t\t<figcaption class='wp-caption-text gallery-caption' id='gallery-1-39762'>\n\t\t\t\tProtomartyr @ le Cabaret Vert, Charleville-M\u00e9zi\u00e8res, 25\/08\/2018\n\t\t\t\t<\/figcaption><\/figure><figure class='gallery-item'>\n\t\t\t<div class='gallery-icon landscape'>\n\t\t\t\t<a href='https:\/\/www.wallendorff.com\/belogue\/2018\/08\/28\/le-cabaret-vert-2018-jour-3\/protomartyr-le-cabaret-vert-charleville-mezieres-25-08-2018-2\/'><img loading=\"lazy\" decoding=\"async\" width=\"1170\" height=\"780\" src=\"https:\/\/www.wallendorff.com\/belogue\/wp-content\/uploads\/2018\/08\/20180828-14-1170x780.jpg\" class=\"attachment-large size-large\" alt=\"\" aria-describedby=\"gallery-1-39763\" srcset=\"https:\/\/www.wallendorff.com\/belogue\/wp-content\/uploads\/2018\/08\/20180828-14.jpg 1170w, https:\/\/www.wallendorff.com\/belogue\/wp-content\/uploads\/2018\/08\/20180828-14-820x547.jpg 820w, https:\/\/www.wallendorff.com\/belogue\/wp-content\/uploads\/2018\/08\/20180828-14-200x133.jpg 200w, https:\/\/www.wallendorff.com\/belogue\/wp-content\/uploads\/2018\/08\/20180828-14-300x200.jpg 300w, https:\/\/www.wallendorff.com\/belogue\/wp-content\/uploads\/2018\/08\/20180828-14-1116x744.jpg 1116w, https:\/\/www.wallendorff.com\/belogue\/wp-content\/uploads\/2018\/08\/20180828-14-806x537.jpg 806w, https:\/\/www.wallendorff.com\/belogue\/wp-content\/uploads\/2018\/08\/20180828-14-558x372.jpg 558w, https:\/\/www.wallendorff.com\/belogue\/wp-content\/uploads\/2018\/08\/20180828-14-655x437.jpg 655w, https:\/\/www.wallendorff.com\/belogue\/wp-content\/uploads\/2018\/08\/20180828-14-600x400.jpg 600w\" sizes=\"(max-width: 1170px) 100vw, 1170px\" \/><\/a>\n\t\t\t<\/div>\n\t\t\t\t<figcaption class='wp-caption-text gallery-caption' id='gallery-1-39763'>\n\t\t\t\tProtomartyr @ le Cabaret Vert, Charleville-M\u00e9zi\u00e8res, 25\/08\/2018\n\t\t\t\t<\/figcaption><\/figure><figure class='gallery-item'>\n\t\t\t<div class='gallery-icon landscape'>\n\t\t\t\t<a href='https:\/\/www.wallendorff.com\/belogue\/2018\/08\/28\/le-cabaret-vert-2018-jour-3\/protomartyr-le-cabaret-vert-charleville-mezieres-25-08-2018-3\/'><img loading=\"lazy\" decoding=\"async\" width=\"1170\" height=\"780\" src=\"https:\/\/www.wallendorff.com\/belogue\/wp-content\/uploads\/2018\/08\/20180828-15-1170x780.jpg\" class=\"attachment-large size-large\" alt=\"\" aria-describedby=\"gallery-1-39764\" srcset=\"https:\/\/www.wallendorff.com\/belogue\/wp-content\/uploads\/2018\/08\/20180828-15.jpg 1170w, https:\/\/www.wallendorff.com\/belogue\/wp-content\/uploads\/2018\/08\/20180828-15-820x547.jpg 820w, https:\/\/www.wallendorff.com\/belogue\/wp-content\/uploads\/2018\/08\/20180828-15-200x133.jpg 200w, https:\/\/www.wallendorff.com\/belogue\/wp-content\/uploads\/2018\/08\/20180828-15-300x200.jpg 300w, https:\/\/www.wallendorff.com\/belogue\/wp-content\/uploads\/2018\/08\/20180828-15-1116x744.jpg 1116w, https:\/\/www.wallendorff.com\/belogue\/wp-content\/uploads\/2018\/08\/20180828-15-806x537.jpg 806w, https:\/\/www.wallendorff.com\/belogue\/wp-content\/uploads\/2018\/08\/20180828-15-558x372.jpg 558w, https:\/\/www.wallendorff.com\/belogue\/wp-content\/uploads\/2018\/08\/20180828-15-655x437.jpg 655w, https:\/\/www.wallendorff.com\/belogue\/wp-content\/uploads\/2018\/08\/20180828-15-600x400.jpg 600w\" sizes=\"(max-width: 1170px) 100vw, 1170px\" \/><\/a>\n\t\t\t<\/div>\n\t\t\t\t<figcaption class='wp-caption-text gallery-caption' id='gallery-1-39764'>\n\t\t\t\tProtomartyr @ le Cabaret Vert, Charleville-M\u00e9zi\u00e8res, 25\/08\/2018\n\t\t\t\t<\/figcaption><\/figure><figure class='gallery-item'>\n\t\t\t<div class='gallery-icon landscape'>\n\t\t\t\t<a href='https:\/\/www.wallendorff.com\/belogue\/2018\/08\/28\/le-cabaret-vert-2018-jour-3\/protomartyr-le-cabaret-vert-charleville-mezieres-25-08-2018-4\/'><img loading=\"lazy\" decoding=\"async\" width=\"1170\" height=\"780\" src=\"https:\/\/www.wallendorff.com\/belogue\/wp-content\/uploads\/2018\/08\/20180828-16-1170x780.jpg\" class=\"attachment-large size-large\" alt=\"\" aria-describedby=\"gallery-1-39765\" srcset=\"https:\/\/www.wallendorff.com\/belogue\/wp-content\/uploads\/2018\/08\/20180828-16.jpg 1170w, https:\/\/www.wallendorff.com\/belogue\/wp-content\/uploads\/2018\/08\/20180828-16-820x547.jpg 820w, https:\/\/www.wallendorff.com\/belogue\/wp-content\/uploads\/2018\/08\/20180828-16-200x133.jpg 200w, https:\/\/www.wallendorff.com\/belogue\/wp-content\/uploads\/2018\/08\/20180828-16-300x200.jpg 300w, https:\/\/www.wallendorff.com\/belogue\/wp-content\/uploads\/2018\/08\/20180828-16-1116x744.jpg 1116w, https:\/\/www.wallendorff.com\/belogue\/wp-content\/uploads\/2018\/08\/20180828-16-806x537.jpg 806w, https:\/\/www.wallendorff.com\/belogue\/wp-content\/uploads\/2018\/08\/20180828-16-558x372.jpg 558w, https:\/\/www.wallendorff.com\/belogue\/wp-content\/uploads\/2018\/08\/20180828-16-655x437.jpg 655w, https:\/\/www.wallendorff.com\/belogue\/wp-content\/uploads\/2018\/08\/20180828-16-600x400.jpg 600w\" sizes=\"(max-width: 1170px) 100vw, 1170px\" \/><\/a>\n\t\t\t<\/div>\n\t\t\t\t<figcaption class='wp-caption-text gallery-caption' id='gallery-1-39765'>\n\t\t\t\tProtomartyr @ le Cabaret Vert, Charleville-M\u00e9zi\u00e8res, 25\/08\/2018\n\t\t\t\t<\/figcaption><\/figure><figure class='gallery-item'>\n\t\t\t<div class='gallery-icon landscape'>\n\t\t\t\t<a href='https:\/\/www.wallendorff.com\/belogue\/2018\/08\/28\/le-cabaret-vert-2018-jour-3\/protomartyr-le-cabaret-vert-charleville-mezieres-25-08-2018-5\/'><img loading=\"lazy\" decoding=\"async\" width=\"1170\" height=\"780\" src=\"https:\/\/www.wallendorff.com\/belogue\/wp-content\/uploads\/2018\/08\/20180828-17-1170x780.jpg\" class=\"attachment-large size-large\" alt=\"\" aria-describedby=\"gallery-1-39766\" srcset=\"https:\/\/www.wallendorff.com\/belogue\/wp-content\/uploads\/2018\/08\/20180828-17.jpg 1170w, https:\/\/www.wallendorff.com\/belogue\/wp-content\/uploads\/2018\/08\/20180828-17-820x547.jpg 820w, https:\/\/www.wallendorff.com\/belogue\/wp-content\/uploads\/2018\/08\/20180828-17-200x133.jpg 200w, https:\/\/www.wallendorff.com\/belogue\/wp-content\/uploads\/2018\/08\/20180828-17-300x200.jpg 300w, https:\/\/www.wallendorff.com\/belogue\/wp-content\/uploads\/2018\/08\/20180828-17-1116x744.jpg 1116w, https:\/\/www.wallendorff.com\/belogue\/wp-content\/uploads\/2018\/08\/20180828-17-806x537.jpg 806w, https:\/\/www.wallendorff.com\/belogue\/wp-content\/uploads\/2018\/08\/20180828-17-558x372.jpg 558w, https:\/\/www.wallendorff.com\/belogue\/wp-content\/uploads\/2018\/08\/20180828-17-655x437.jpg 655w, https:\/\/www.wallendorff.com\/belogue\/wp-content\/uploads\/2018\/08\/20180828-17-600x400.jpg 600w\" sizes=\"(max-width: 1170px) 100vw, 1170px\" \/><\/a>\n\t\t\t<\/div>\n\t\t\t\t<figcaption class='wp-caption-text gallery-caption' id='gallery-1-39766'>\n\t\t\t\tProtomartyr @ le Cabaret Vert, Charleville-M\u00e9zi\u00e8res, 25\/08\/2018\n\t\t\t\t<\/figcaption><\/figure><figure class='gallery-item'>\n\t\t\t<div class='gallery-icon landscape'>\n\t\t\t\t<a href='https:\/\/www.wallendorff.com\/belogue\/2018\/08\/28\/le-cabaret-vert-2018-jour-3\/protomartyr-le-cabaret-vert-charleville-mezieres-25-08-2018-6\/'><img loading=\"lazy\" decoding=\"async\" width=\"1170\" height=\"780\" src=\"https:\/\/www.wallendorff.com\/belogue\/wp-content\/uploads\/2018\/08\/20180828-18-1170x780.jpg\" class=\"attachment-large size-large\" alt=\"\" aria-describedby=\"gallery-1-39767\" srcset=\"https:\/\/www.wallendorff.com\/belogue\/wp-content\/uploads\/2018\/08\/20180828-18.jpg 1170w, https:\/\/www.wallendorff.com\/belogue\/wp-content\/uploads\/2018\/08\/20180828-18-820x547.jpg 820w, https:\/\/www.wallendorff.com\/belogue\/wp-content\/uploads\/2018\/08\/20180828-18-200x133.jpg 200w, https:\/\/www.wallendorff.com\/belogue\/wp-content\/uploads\/2018\/08\/20180828-18-300x200.jpg 300w, https:\/\/www.wallendorff.com\/belogue\/wp-content\/uploads\/2018\/08\/20180828-18-1116x744.jpg 1116w, https:\/\/www.wallendorff.com\/belogue\/wp-content\/uploads\/2018\/08\/20180828-18-806x537.jpg 806w, https:\/\/www.wallendorff.com\/belogue\/wp-content\/uploads\/2018\/08\/20180828-18-558x372.jpg 558w, https:\/\/www.wallendorff.com\/belogue\/wp-content\/uploads\/2018\/08\/20180828-18-655x437.jpg 655w, https:\/\/www.wallendorff.com\/belogue\/wp-content\/uploads\/2018\/08\/20180828-18-600x400.jpg 600w\" sizes=\"(max-width: 1170px) 100vw, 1170px\" \/><\/a>\n\t\t\t<\/div>\n\t\t\t\t<figcaption class='wp-caption-text gallery-caption' id='gallery-1-39767'>\n\t\t\t\tProtomartyr @ le Cabaret Vert, Charleville-M\u00e9zi\u00e8res, 25\/08\/2018\n\t\t\t\t<\/figcaption><\/figure><figure class='gallery-item'>\n\t\t\t<div class='gallery-icon landscape'>\n\t\t\t\t<a href='https:\/\/www.wallendorff.com\/belogue\/2018\/08\/28\/le-cabaret-vert-2018-jour-3\/le-cabaret-vert-charleville-mezieres-25-08-2018-9\/'><img loading=\"lazy\" decoding=\"async\" width=\"1170\" height=\"780\" src=\"https:\/\/www.wallendorff.com\/belogue\/wp-content\/uploads\/2018\/08\/20180828-19-1170x780.jpg\" class=\"attachment-large size-large\" alt=\"\" aria-describedby=\"gallery-1-39768\" srcset=\"https:\/\/www.wallendorff.com\/belogue\/wp-content\/uploads\/2018\/08\/20180828-19.jpg 1170w, https:\/\/www.wallendorff.com\/belogue\/wp-content\/uploads\/2018\/08\/20180828-19-820x547.jpg 820w, https:\/\/www.wallendorff.com\/belogue\/wp-content\/uploads\/2018\/08\/20180828-19-200x133.jpg 200w, https:\/\/www.wallendorff.com\/belogue\/wp-content\/uploads\/2018\/08\/20180828-19-300x200.jpg 300w, https:\/\/www.wallendorff.com\/belogue\/wp-content\/uploads\/2018\/08\/20180828-19-1116x744.jpg 1116w, https:\/\/www.wallendorff.com\/belogue\/wp-content\/uploads\/2018\/08\/20180828-19-806x537.jpg 806w, https:\/\/www.wallendorff.com\/belogue\/wp-content\/uploads\/2018\/08\/20180828-19-558x372.jpg 558w, https:\/\/www.wallendorff.com\/belogue\/wp-content\/uploads\/2018\/08\/20180828-19-655x437.jpg 655w, https:\/\/www.wallendorff.com\/belogue\/wp-content\/uploads\/2018\/08\/20180828-19-600x400.jpg 600w\" sizes=\"(max-width: 1170px) 100vw, 1170px\" \/><\/a>\n\t\t\t<\/div>\n\t\t\t\t<figcaption class='wp-caption-text gallery-caption' id='gallery-1-39768'>\n\t\t\t\tLe Cabaret Vert, Charleville-M\u00e9zi\u00e8res, 25\/08\/2018\n\t\t\t\t<\/figcaption><\/figure><figure class='gallery-item'>\n\t\t\t<div class='gallery-icon landscape'>\n\t\t\t\t<a href='https:\/\/www.wallendorff.com\/belogue\/2018\/08\/28\/le-cabaret-vert-2018-jour-3\/le-cabaret-vert-charleville-mezieres-25-08-2018-10\/'><img loading=\"lazy\" decoding=\"async\" width=\"1170\" height=\"780\" src=\"https:\/\/www.wallendorff.com\/belogue\/wp-content\/uploads\/2018\/08\/20180828-20-1170x780.jpg\" class=\"attachment-large size-large\" alt=\"\" aria-describedby=\"gallery-1-39769\" srcset=\"https:\/\/www.wallendorff.com\/belogue\/wp-content\/uploads\/2018\/08\/20180828-20.jpg 1170w, https:\/\/www.wallendorff.com\/belogue\/wp-content\/uploads\/2018\/08\/20180828-20-820x547.jpg 820w, https:\/\/www.wallendorff.com\/belogue\/wp-content\/uploads\/2018\/08\/20180828-20-200x133.jpg 200w, https:\/\/www.wallendorff.com\/belogue\/wp-content\/uploads\/2018\/08\/20180828-20-300x200.jpg 300w, https:\/\/www.wallendorff.com\/belogue\/wp-content\/uploads\/2018\/08\/20180828-20-1116x744.jpg 1116w, https:\/\/www.wallendorff.com\/belogue\/wp-content\/uploads\/2018\/08\/20180828-20-806x537.jpg 806w, https:\/\/www.wallendorff.com\/belogue\/wp-content\/uploads\/2018\/08\/20180828-20-558x372.jpg 558w, https:\/\/www.wallendorff.com\/belogue\/wp-content\/uploads\/2018\/08\/20180828-20-655x437.jpg 655w, https:\/\/www.wallendorff.com\/belogue\/wp-content\/uploads\/2018\/08\/20180828-20-600x400.jpg 600w\" sizes=\"(max-width: 1170px) 100vw, 1170px\" \/><\/a>\n\t\t\t<\/div>\n\t\t\t\t<figcaption class='wp-caption-text gallery-caption' id='gallery-1-39769'>\n\t\t\t\tLe Cabaret Vert, Charleville-M\u00e9zi\u00e8res, 25\/08\/2018\n\t\t\t\t<\/figcaption><\/figure><figure class='gallery-item'>\n\t\t\t<div class='gallery-icon landscape'>\n\t\t\t\t<a href='https:\/\/www.wallendorff.com\/belogue\/2018\/08\/28\/le-cabaret-vert-2018-jour-3\/idles-le-cabaret-vert-charleville-mezieres-25-08-2018\/'><img loading=\"lazy\" decoding=\"async\" width=\"1170\" height=\"780\" src=\"https:\/\/www.wallendorff.com\/belogue\/wp-content\/uploads\/2018\/08\/20180828-21-1170x780.jpg\" class=\"attachment-large size-large\" alt=\"\" aria-describedby=\"gallery-1-39770\" srcset=\"https:\/\/www.wallendorff.com\/belogue\/wp-content\/uploads\/2018\/08\/20180828-21.jpg 1170w, https:\/\/www.wallendorff.com\/belogue\/wp-content\/uploads\/2018\/08\/20180828-21-820x547.jpg 820w, https:\/\/www.wallendorff.com\/belogue\/wp-content\/uploads\/2018\/08\/20180828-21-200x133.jpg 200w, https:\/\/www.wallendorff.com\/belogue\/wp-content\/uploads\/2018\/08\/20180828-21-300x200.jpg 300w, https:\/\/www.wallendorff.com\/belogue\/wp-content\/uploads\/2018\/08\/20180828-21-1116x744.jpg 1116w, https:\/\/www.wallendorff.com\/belogue\/wp-content\/uploads\/2018\/08\/20180828-21-806x537.jpg 806w, https:\/\/www.wallendorff.com\/belogue\/wp-content\/uploads\/2018\/08\/20180828-21-558x372.jpg 558w, https:\/\/www.wallendorff.com\/belogue\/wp-content\/uploads\/2018\/08\/20180828-21-655x437.jpg 655w, https:\/\/www.wallendorff.com\/belogue\/wp-content\/uploads\/2018\/08\/20180828-21-600x400.jpg 600w\" sizes=\"(max-width: 1170px) 100vw, 1170px\" \/><\/a>\n\t\t\t<\/div>\n\t\t\t\t<figcaption class='wp-caption-text gallery-caption' id='gallery-1-39770'>\n\t\t\t\tIDLES @ le Cabaret Vert, Charleville-M\u00e9zi\u00e8res, 25\/08\/2018\n\t\t\t\t<\/figcaption><\/figure><figure class='gallery-item'>\n\t\t\t<div class='gallery-icon landscape'>\n\t\t\t\t<a href='https:\/\/www.wallendorff.com\/belogue\/2018\/08\/28\/le-cabaret-vert-2018-jour-3\/idles-le-cabaret-vert-charleville-mezieres-25-08-2018-2\/'><img loading=\"lazy\" decoding=\"async\" width=\"1170\" height=\"780\" src=\"https:\/\/www.wallendorff.com\/belogue\/wp-content\/uploads\/2018\/08\/20180828-22-1170x780.jpg\" class=\"attachment-large size-large\" alt=\"\" aria-describedby=\"gallery-1-39771\" srcset=\"https:\/\/www.wallendorff.com\/belogue\/wp-content\/uploads\/2018\/08\/20180828-22.jpg 1170w, https:\/\/www.wallendorff.com\/belogue\/wp-content\/uploads\/2018\/08\/20180828-22-820x547.jpg 820w, https:\/\/www.wallendorff.com\/belogue\/wp-content\/uploads\/2018\/08\/20180828-22-200x133.jpg 200w, https:\/\/www.wallendorff.com\/belogue\/wp-content\/uploads\/2018\/08\/20180828-22-300x200.jpg 300w, https:\/\/www.wallendorff.com\/belogue\/wp-content\/uploads\/2018\/08\/20180828-22-1116x744.jpg 1116w, https:\/\/www.wallendorff.com\/belogue\/wp-content\/uploads\/2018\/08\/20180828-22-806x537.jpg 806w, https:\/\/www.wallendorff.com\/belogue\/wp-content\/uploads\/2018\/08\/20180828-22-558x372.jpg 558w, https:\/\/www.wallendorff.com\/belogue\/wp-content\/uploads\/2018\/08\/20180828-22-655x437.jpg 655w, https:\/\/www.wallendorff.com\/belogue\/wp-content\/uploads\/2018\/08\/20180828-22-600x400.jpg 600w\" sizes=\"(max-width: 1170px) 100vw, 1170px\" \/><\/a>\n\t\t\t<\/div>\n\t\t\t\t<figcaption class='wp-caption-text gallery-caption' id='gallery-1-39771'>\n\t\t\t\tIDLES @ le Cabaret Vert, Charleville-M\u00e9zi\u00e8res, 25\/08\/2018\n\t\t\t\t<\/figcaption><\/figure><figure class='gallery-item'>\n\t\t\t<div class='gallery-icon landscape'>\n\t\t\t\t<a href='https:\/\/www.wallendorff.com\/belogue\/2018\/08\/28\/le-cabaret-vert-2018-jour-3\/idles-le-cabaret-vert-charleville-mezieres-25-08-2018-3\/'><img loading=\"lazy\" decoding=\"async\" width=\"1170\" height=\"780\" src=\"https:\/\/www.wallendorff.com\/belogue\/wp-content\/uploads\/2018\/08\/20180828-23-1170x780.jpg\" class=\"attachment-large size-large\" alt=\"\" aria-describedby=\"gallery-1-39772\" srcset=\"https:\/\/www.wallendorff.com\/belogue\/wp-content\/uploads\/2018\/08\/20180828-23.jpg 1170w, https:\/\/www.wallendorff.com\/belogue\/wp-content\/uploads\/2018\/08\/20180828-23-820x547.jpg 820w, https:\/\/www.wallendorff.com\/belogue\/wp-content\/uploads\/2018\/08\/20180828-23-200x133.jpg 200w, https:\/\/www.wallendorff.com\/belogue\/wp-content\/uploads\/2018\/08\/20180828-23-300x200.jpg 300w, https:\/\/www.wallendorff.com\/belogue\/wp-content\/uploads\/2018\/08\/20180828-23-1116x744.jpg 1116w, https:\/\/www.wallendorff.com\/belogue\/wp-content\/uploads\/2018\/08\/20180828-23-806x537.jpg 806w, https:\/\/www.wallendorff.com\/belogue\/wp-content\/uploads\/2018\/08\/20180828-23-558x372.jpg 558w, https:\/\/www.wallendorff.com\/belogue\/wp-content\/uploads\/2018\/08\/20180828-23-655x437.jpg 655w, https:\/\/www.wallendorff.com\/belogue\/wp-content\/uploads\/2018\/08\/20180828-23-600x400.jpg 600w\" sizes=\"(max-width: 1170px) 100vw, 1170px\" \/><\/a>\n\t\t\t<\/div>\n\t\t\t\t<figcaption class='wp-caption-text gallery-caption' id='gallery-1-39772'>\n\t\t\t\tIDLES @ le Cabaret Vert, Charleville-M\u00e9zi\u00e8res, 25\/08\/2018\n\t\t\t\t<\/figcaption><\/figure><figure class='gallery-item'>\n\t\t\t<div class='gallery-icon portrait'>\n\t\t\t\t<a href='https:\/\/www.wallendorff.com\/belogue\/2018\/08\/28\/le-cabaret-vert-2018-jour-3\/idles-le-cabaret-vert-charleville-mezieres-25-08-2018-4\/'><img loading=\"lazy\" decoding=\"async\" width=\"683\" height=\"1024\" src=\"https:\/\/www.wallendorff.com\/belogue\/wp-content\/uploads\/2018\/08\/20180828-24-683x1024.jpg\" class=\"attachment-large size-large\" alt=\"\" aria-describedby=\"gallery-1-39773\" srcset=\"https:\/\/www.wallendorff.com\/belogue\/wp-content\/uploads\/2018\/08\/20180828-24-683x1024.jpg 683w, https:\/\/www.wallendorff.com\/belogue\/wp-content\/uploads\/2018\/08\/20180828-24-133x200.jpg 133w, https:\/\/www.wallendorff.com\/belogue\/wp-content\/uploads\/2018\/08\/20180828-24-200x300.jpg 200w, https:\/\/www.wallendorff.com\/belogue\/wp-content\/uploads\/2018\/08\/20180828-24-558x837.jpg 558w, https:\/\/www.wallendorff.com\/belogue\/wp-content\/uploads\/2018\/08\/20180828-24-655x983.jpg 655w, https:\/\/www.wallendorff.com\/belogue\/wp-content\/uploads\/2018\/08\/20180828-24-600x900.jpg 600w, https:\/\/www.wallendorff.com\/belogue\/wp-content\/uploads\/2018\/08\/20180828-24.jpg 780w\" sizes=\"(max-width: 683px) 100vw, 683px\" \/><\/a>\n\t\t\t<\/div>\n\t\t\t\t<figcaption class='wp-caption-text gallery-caption' id='gallery-1-39773'>\n\t\t\t\tIDLES @ le Cabaret Vert, Charleville-M\u00e9zi\u00e8res, 25\/08\/2018\n\t\t\t\t<\/figcaption><\/figure><figure class='gallery-item'>\n\t\t\t<div class='gallery-icon landscape'>\n\t\t\t\t<a href='https:\/\/www.wallendorff.com\/belogue\/2018\/08\/28\/le-cabaret-vert-2018-jour-3\/idles-le-cabaret-vert-charleville-mezieres-25-08-2018-5\/'><img loading=\"lazy\" decoding=\"async\" width=\"1170\" height=\"780\" src=\"https:\/\/www.wallendorff.com\/belogue\/wp-content\/uploads\/2018\/08\/20180828-25-1170x780.jpg\" class=\"attachment-large size-large\" alt=\"\" aria-describedby=\"gallery-1-39774\" srcset=\"https:\/\/www.wallendorff.com\/belogue\/wp-content\/uploads\/2018\/08\/20180828-25.jpg 1170w, https:\/\/www.wallendorff.com\/belogue\/wp-content\/uploads\/2018\/08\/20180828-25-820x547.jpg 820w, https:\/\/www.wallendorff.com\/belogue\/wp-content\/uploads\/2018\/08\/20180828-25-200x133.jpg 200w, https:\/\/www.wallendorff.com\/belogue\/wp-content\/uploads\/2018\/08\/20180828-25-300x200.jpg 300w, https:\/\/www.wallendorff.com\/belogue\/wp-content\/uploads\/2018\/08\/20180828-25-1116x744.jpg 1116w, https:\/\/www.wallendorff.com\/belogue\/wp-content\/uploads\/2018\/08\/20180828-25-806x537.jpg 806w, https:\/\/www.wallendorff.com\/belogue\/wp-content\/uploads\/2018\/08\/20180828-25-558x372.jpg 558w, https:\/\/www.wallendorff.com\/belogue\/wp-content\/uploads\/2018\/08\/20180828-25-655x437.jpg 655w, https:\/\/www.wallendorff.com\/belogue\/wp-content\/uploads\/2018\/08\/20180828-25-600x400.jpg 600w\" sizes=\"(max-width: 1170px) 100vw, 1170px\" \/><\/a>\n\t\t\t<\/div>\n\t\t\t\t<figcaption class='wp-caption-text gallery-caption' id='gallery-1-39774'>\n\t\t\t\tIDLES @ le Cabaret Vert, Charleville-M\u00e9zi\u00e8res, 25\/08\/2018\n\t\t\t\t<\/figcaption><\/figure><figure class='gallery-item'>\n\t\t\t<div class='gallery-icon portrait'>\n\t\t\t\t<a href='https:\/\/www.wallendorff.com\/belogue\/2018\/08\/28\/le-cabaret-vert-2018-jour-3\/idles-le-cabaret-vert-charleville-mezieres-25-08-2018-6\/'><img loading=\"lazy\" decoding=\"async\" width=\"683\" height=\"1024\" src=\"https:\/\/www.wallendorff.com\/belogue\/wp-content\/uploads\/2018\/08\/20180828-26-683x1024.jpg\" class=\"attachment-large size-large\" alt=\"\" aria-describedby=\"gallery-1-39775\" srcset=\"https:\/\/www.wallendorff.com\/belogue\/wp-content\/uploads\/2018\/08\/20180828-26-683x1024.jpg 683w, https:\/\/www.wallendorff.com\/belogue\/wp-content\/uploads\/2018\/08\/20180828-26-133x200.jpg 133w, https:\/\/www.wallendorff.com\/belogue\/wp-content\/uploads\/2018\/08\/20180828-26-200x300.jpg 200w, https:\/\/www.wallendorff.com\/belogue\/wp-content\/uploads\/2018\/08\/20180828-26-558x837.jpg 558w, https:\/\/www.wallendorff.com\/belogue\/wp-content\/uploads\/2018\/08\/20180828-26-655x983.jpg 655w, https:\/\/www.wallendorff.com\/belogue\/wp-content\/uploads\/2018\/08\/20180828-26-600x900.jpg 600w, https:\/\/www.wallendorff.com\/belogue\/wp-content\/uploads\/2018\/08\/20180828-26.jpg 780w\" sizes=\"(max-width: 683px) 100vw, 683px\" \/><\/a>\n\t\t\t<\/div>\n\t\t\t\t<figcaption class='wp-caption-text gallery-caption' id='gallery-1-39775'>\n\t\t\t\tIDLES @ le Cabaret Vert, Charleville-M\u00e9zi\u00e8res, 25\/08\/2018\n\t\t\t\t<\/figcaption><\/figure><figure class='gallery-item'>\n\t\t\t<div class='gallery-icon landscape'>\n\t\t\t\t<a href='https:\/\/www.wallendorff.com\/belogue\/2018\/08\/28\/le-cabaret-vert-2018-jour-3\/idles-le-cabaret-vert-charleville-mezieres-25-08-2018-7\/'><img loading=\"lazy\" decoding=\"async\" width=\"1170\" height=\"780\" src=\"https:\/\/www.wallendorff.com\/belogue\/wp-content\/uploads\/2018\/08\/20180828-27-1170x780.jpg\" class=\"attachment-large size-large\" alt=\"\" aria-describedby=\"gallery-1-39776\" srcset=\"https:\/\/www.wallendorff.com\/belogue\/wp-content\/uploads\/2018\/08\/20180828-27.jpg 1170w, https:\/\/www.wallendorff.com\/belogue\/wp-content\/uploads\/2018\/08\/20180828-27-820x547.jpg 820w, https:\/\/www.wallendorff.com\/belogue\/wp-content\/uploads\/2018\/08\/20180828-27-200x133.jpg 200w, https:\/\/www.wallendorff.com\/belogue\/wp-content\/uploads\/2018\/08\/20180828-27-300x200.jpg 300w, https:\/\/www.wallendorff.com\/belogue\/wp-content\/uploads\/2018\/08\/20180828-27-1116x744.jpg 1116w, https:\/\/www.wallendorff.com\/belogue\/wp-content\/uploads\/2018\/08\/20180828-27-806x537.jpg 806w, https:\/\/www.wallendorff.com\/belogue\/wp-content\/uploads\/2018\/08\/20180828-27-558x372.jpg 558w, https:\/\/www.wallendorff.com\/belogue\/wp-content\/uploads\/2018\/08\/20180828-27-655x437.jpg 655w, https:\/\/www.wallendorff.com\/belogue\/wp-content\/uploads\/2018\/08\/20180828-27-600x400.jpg 600w\" sizes=\"(max-width: 1170px) 100vw, 1170px\" \/><\/a>\n\t\t\t<\/div>\n\t\t\t\t<figcaption class='wp-caption-text gallery-caption' id='gallery-1-39776'>\n\t\t\t\tIDLES @ le Cabaret Vert, Charleville-M\u00e9zi\u00e8res, 25\/08\/2018\n\t\t\t\t<\/figcaption><\/figure><figure class='gallery-item'>\n\t\t\t<div class='gallery-icon landscape'>\n\t\t\t\t<a href='https:\/\/www.wallendorff.com\/belogue\/2018\/08\/28\/le-cabaret-vert-2018-jour-3\/idles-le-cabaret-vert-charleville-mezieres-25-08-2018-8\/'><img loading=\"lazy\" decoding=\"async\" width=\"1170\" height=\"780\" src=\"https:\/\/www.wallendorff.com\/belogue\/wp-content\/uploads\/2018\/08\/20180828-28-1170x780.jpg\" class=\"attachment-large size-large\" alt=\"\" aria-describedby=\"gallery-1-39777\" srcset=\"https:\/\/www.wallendorff.com\/belogue\/wp-content\/uploads\/2018\/08\/20180828-28.jpg 1170w, https:\/\/www.wallendorff.com\/belogue\/wp-content\/uploads\/2018\/08\/20180828-28-820x547.jpg 820w, https:\/\/www.wallendorff.com\/belogue\/wp-content\/uploads\/2018\/08\/20180828-28-200x133.jpg 200w, https:\/\/www.wallendorff.com\/belogue\/wp-content\/uploads\/2018\/08\/20180828-28-300x200.jpg 300w, https:\/\/www.wallendorff.com\/belogue\/wp-content\/uploads\/2018\/08\/20180828-28-1116x744.jpg 1116w, https:\/\/www.wallendorff.com\/belogue\/wp-content\/uploads\/2018\/08\/20180828-28-806x537.jpg 806w, https:\/\/www.wallendorff.com\/belogue\/wp-content\/uploads\/2018\/08\/20180828-28-558x372.jpg 558w, https:\/\/www.wallendorff.com\/belogue\/wp-content\/uploads\/2018\/08\/20180828-28-655x437.jpg 655w, https:\/\/www.wallendorff.com\/belogue\/wp-content\/uploads\/2018\/08\/20180828-28-600x400.jpg 600w\" sizes=\"(max-width: 1170px) 100vw, 1170px\" \/><\/a>\n\t\t\t<\/div>\n\t\t\t\t<figcaption class='wp-caption-text gallery-caption' id='gallery-1-39777'>\n\t\t\t\tIDLES @ le Cabaret Vert, Charleville-M\u00e9zi\u00e8res, 25\/08\/2018\n\t\t\t\t<\/figcaption><\/figure><figure class='gallery-item'>\n\t\t\t<div class='gallery-icon portrait'>\n\t\t\t\t<a href='https:\/\/www.wallendorff.com\/belogue\/2018\/08\/28\/le-cabaret-vert-2018-jour-3\/idles-le-cabaret-vert-charleville-mezieres-25-08-2018-9\/'><img loading=\"lazy\" decoding=\"async\" width=\"683\" height=\"1024\" src=\"https:\/\/www.wallendorff.com\/belogue\/wp-content\/uploads\/2018\/08\/20180828-29-683x1024.jpg\" class=\"attachment-large size-large\" alt=\"\" aria-describedby=\"gallery-1-39778\" srcset=\"https:\/\/www.wallendorff.com\/belogue\/wp-content\/uploads\/2018\/08\/20180828-29-683x1024.jpg 683w, https:\/\/www.wallendorff.com\/belogue\/wp-content\/uploads\/2018\/08\/20180828-29-133x200.jpg 133w, https:\/\/www.wallendorff.com\/belogue\/wp-content\/uploads\/2018\/08\/20180828-29-200x300.jpg 200w, https:\/\/www.wallendorff.com\/belogue\/wp-content\/uploads\/2018\/08\/20180828-29-558x837.jpg 558w, https:\/\/www.wallendorff.com\/belogue\/wp-content\/uploads\/2018\/08\/20180828-29-655x983.jpg 655w, https:\/\/www.wallendorff.com\/belogue\/wp-content\/uploads\/2018\/08\/20180828-29-600x900.jpg 600w, https:\/\/www.wallendorff.com\/belogue\/wp-content\/uploads\/2018\/08\/20180828-29.jpg 780w\" sizes=\"(max-width: 683px) 100vw, 683px\" \/><\/a>\n\t\t\t<\/div>\n\t\t\t\t<figcaption class='wp-caption-text gallery-caption' id='gallery-1-39778'>\n\t\t\t\tIDLES @ le Cabaret Vert, Charleville-M\u00e9zi\u00e8res, 25\/08\/2018\n\t\t\t\t<\/figcaption><\/figure><figure class='gallery-item'>\n\t\t\t<div class='gallery-icon landscape'>\n\t\t\t\t<a href='https:\/\/www.wallendorff.com\/belogue\/2018\/08\/28\/le-cabaret-vert-2018-jour-3\/idles-le-cabaret-vert-charleville-mezieres-25-08-2018-10\/'><img loading=\"lazy\" decoding=\"async\" width=\"1170\" height=\"780\" src=\"https:\/\/www.wallendorff.com\/belogue\/wp-content\/uploads\/2018\/08\/20180828-30-1170x780.jpg\" class=\"attachment-large size-large\" alt=\"\" aria-describedby=\"gallery-1-39779\" srcset=\"https:\/\/www.wallendorff.com\/belogue\/wp-content\/uploads\/2018\/08\/20180828-30.jpg 1170w, https:\/\/www.wallendorff.com\/belogue\/wp-content\/uploads\/2018\/08\/20180828-30-820x547.jpg 820w, https:\/\/www.wallendorff.com\/belogue\/wp-content\/uploads\/2018\/08\/20180828-30-200x133.jpg 200w, https:\/\/www.wallendorff.com\/belogue\/wp-content\/uploads\/2018\/08\/20180828-30-300x200.jpg 300w, https:\/\/www.wallendorff.com\/belogue\/wp-content\/uploads\/2018\/08\/20180828-30-1116x744.jpg 1116w, https:\/\/www.wallendorff.com\/belogue\/wp-content\/uploads\/2018\/08\/20180828-30-806x537.jpg 806w, https:\/\/www.wallendorff.com\/belogue\/wp-content\/uploads\/2018\/08\/20180828-30-558x372.jpg 558w, https:\/\/www.wallendorff.com\/belogue\/wp-content\/uploads\/2018\/08\/20180828-30-655x437.jpg 655w, https:\/\/www.wallendorff.com\/belogue\/wp-content\/uploads\/2018\/08\/20180828-30-600x400.jpg 600w\" sizes=\"(max-width: 1170px) 100vw, 1170px\" \/><\/a>\n\t\t\t<\/div>\n\t\t\t\t<figcaption class='wp-caption-text gallery-caption' id='gallery-1-39779'>\n\t\t\t\tIDLES @ le Cabaret Vert, Charleville-M\u00e9zi\u00e8res, 25\/08\/2018\n\t\t\t\t<\/figcaption><\/figure><figure class='gallery-item'>\n\t\t\t<div class='gallery-icon landscape'>\n\t\t\t\t<a href='https:\/\/www.wallendorff.com\/belogue\/2018\/08\/28\/le-cabaret-vert-2018-jour-3\/idles-le-cabaret-vert-charleville-mezieres-25-08-2018-11\/'><img loading=\"lazy\" decoding=\"async\" width=\"1170\" height=\"780\" src=\"https:\/\/www.wallendorff.com\/belogue\/wp-content\/uploads\/2018\/08\/20180828-31-1170x780.jpg\" class=\"attachment-large size-large\" alt=\"\" aria-describedby=\"gallery-1-39780\" srcset=\"https:\/\/www.wallendorff.com\/belogue\/wp-content\/uploads\/2018\/08\/20180828-31.jpg 1170w, https:\/\/www.wallendorff.com\/belogue\/wp-content\/uploads\/2018\/08\/20180828-31-820x547.jpg 820w, https:\/\/www.wallendorff.com\/belogue\/wp-content\/uploads\/2018\/08\/20180828-31-200x133.jpg 200w, https:\/\/www.wallendorff.com\/belogue\/wp-content\/uploads\/2018\/08\/20180828-31-300x200.jpg 300w, https:\/\/www.wallendorff.com\/belogue\/wp-content\/uploads\/2018\/08\/20180828-31-1116x744.jpg 1116w, https:\/\/www.wallendorff.com\/belogue\/wp-content\/uploads\/2018\/08\/20180828-31-806x537.jpg 806w, https:\/\/www.wallendorff.com\/belogue\/wp-content\/uploads\/2018\/08\/20180828-31-558x372.jpg 558w, https:\/\/www.wallendorff.com\/belogue\/wp-content\/uploads\/2018\/08\/20180828-31-655x437.jpg 655w, https:\/\/www.wallendorff.com\/belogue\/wp-content\/uploads\/2018\/08\/20180828-31-600x400.jpg 600w\" sizes=\"(max-width: 1170px) 100vw, 1170px\" \/><\/a>\n\t\t\t<\/div>\n\t\t\t\t<figcaption class='wp-caption-text gallery-caption' id='gallery-1-39780'>\n\t\t\t\tIDLES @ le Cabaret Vert, Charleville-M\u00e9zi\u00e8res, 25\/08\/2018\n\t\t\t\t<\/figcaption><\/figure><figure class='gallery-item'>\n\t\t\t<div class='gallery-icon landscape'>\n\t\t\t\t<a href='https:\/\/www.wallendorff.com\/belogue\/2018\/08\/28\/le-cabaret-vert-2018-jour-3\/idles-le-cabaret-vert-charleville-mezieres-25-08-2018-12\/'><img loading=\"lazy\" decoding=\"async\" width=\"1170\" height=\"780\" src=\"https:\/\/www.wallendorff.com\/belogue\/wp-content\/uploads\/2018\/08\/20180828-32-1170x780.jpg\" class=\"attachment-large size-large\" alt=\"\" aria-describedby=\"gallery-1-39781\" srcset=\"https:\/\/www.wallendorff.com\/belogue\/wp-content\/uploads\/2018\/08\/20180828-32.jpg 1170w, https:\/\/www.wallendorff.com\/belogue\/wp-content\/uploads\/2018\/08\/20180828-32-820x547.jpg 820w, https:\/\/www.wallendorff.com\/belogue\/wp-content\/uploads\/2018\/08\/20180828-32-200x133.jpg 200w, https:\/\/www.wallendorff.com\/belogue\/wp-content\/uploads\/2018\/08\/20180828-32-300x200.jpg 300w, https:\/\/www.wallendorff.com\/belogue\/wp-content\/uploads\/2018\/08\/20180828-32-1116x744.jpg 1116w, https:\/\/www.wallendorff.com\/belogue\/wp-content\/uploads\/2018\/08\/20180828-32-806x537.jpg 806w, https:\/\/www.wallendorff.com\/belogue\/wp-content\/uploads\/2018\/08\/20180828-32-558x372.jpg 558w, https:\/\/www.wallendorff.com\/belogue\/wp-content\/uploads\/2018\/08\/20180828-32-655x437.jpg 655w, https:\/\/www.wallendorff.com\/belogue\/wp-content\/uploads\/2018\/08\/20180828-32-600x400.jpg 600w\" sizes=\"(max-width: 1170px) 100vw, 1170px\" \/><\/a>\n\t\t\t<\/div>\n\t\t\t\t<figcaption class='wp-caption-text gallery-caption' id='gallery-1-39781'>\n\t\t\t\tIDLES @ le Cabaret Vert, Charleville-M\u00e9zi\u00e8res, 25\/08\/2018\n\t\t\t\t<\/figcaption><\/figure><figure class='gallery-item'>\n\t\t\t<div class='gallery-icon landscape'>\n\t\t\t\t<a href='https:\/\/www.wallendorff.com\/belogue\/2018\/08\/28\/le-cabaret-vert-2018-jour-3\/le-cabaret-vert-charleville-mezieres-25-08-2018-11\/'><img loading=\"lazy\" decoding=\"async\" width=\"1170\" height=\"780\" src=\"https:\/\/www.wallendorff.com\/belogue\/wp-content\/uploads\/2018\/08\/20180828-33-1170x780.jpg\" class=\"attachment-large size-large\" alt=\"\" aria-describedby=\"gallery-1-39782\" srcset=\"https:\/\/www.wallendorff.com\/belogue\/wp-content\/uploads\/2018\/08\/20180828-33.jpg 1170w, https:\/\/www.wallendorff.com\/belogue\/wp-content\/uploads\/2018\/08\/20180828-33-820x547.jpg 820w, https:\/\/www.wallendorff.com\/belogue\/wp-content\/uploads\/2018\/08\/20180828-33-200x133.jpg 200w, https:\/\/www.wallendorff.com\/belogue\/wp-content\/uploads\/2018\/08\/20180828-33-300x200.jpg 300w, https:\/\/www.wallendorff.com\/belogue\/wp-content\/uploads\/2018\/08\/20180828-33-1116x744.jpg 1116w, https:\/\/www.wallendorff.com\/belogue\/wp-content\/uploads\/2018\/08\/20180828-33-806x537.jpg 806w, https:\/\/www.wallendorff.com\/belogue\/wp-content\/uploads\/2018\/08\/20180828-33-558x372.jpg 558w, https:\/\/www.wallendorff.com\/belogue\/wp-content\/uploads\/2018\/08\/20180828-33-655x437.jpg 655w, https:\/\/www.wallendorff.com\/belogue\/wp-content\/uploads\/2018\/08\/20180828-33-600x400.jpg 600w\" sizes=\"(max-width: 1170px) 100vw, 1170px\" \/><\/a>\n\t\t\t<\/div>\n\t\t\t\t<figcaption class='wp-caption-text gallery-caption' id='gallery-1-39782'>\n\t\t\t\tLe Cabaret Vert, Charleville-M\u00e9zi\u00e8res, 25\/08\/2018\n\t\t\t\t<\/figcaption><\/figure><figure class='gallery-item'>\n\t\t\t<div class='gallery-icon landscape'>\n\t\t\t\t<a href='https:\/\/www.wallendorff.com\/belogue\/2018\/08\/28\/le-cabaret-vert-2018-jour-3\/le-cabaret-vert-charleville-mezieres-25-08-2018-12\/'><img loading=\"lazy\" decoding=\"async\" width=\"1170\" height=\"780\" src=\"https:\/\/www.wallendorff.com\/belogue\/wp-content\/uploads\/2018\/08\/20180828-34-1170x780.jpg\" class=\"attachment-large size-large\" alt=\"\" aria-describedby=\"gallery-1-39783\" srcset=\"https:\/\/www.wallendorff.com\/belogue\/wp-content\/uploads\/2018\/08\/20180828-34.jpg 1170w, https:\/\/www.wallendorff.com\/belogue\/wp-content\/uploads\/2018\/08\/20180828-34-820x547.jpg 820w, https:\/\/www.wallendorff.com\/belogue\/wp-content\/uploads\/2018\/08\/20180828-34-200x133.jpg 200w, https:\/\/www.wallendorff.com\/belogue\/wp-content\/uploads\/2018\/08\/20180828-34-300x200.jpg 300w, https:\/\/www.wallendorff.com\/belogue\/wp-content\/uploads\/2018\/08\/20180828-34-1116x744.jpg 1116w, https:\/\/www.wallendorff.com\/belogue\/wp-content\/uploads\/2018\/08\/20180828-34-806x537.jpg 806w, https:\/\/www.wallendorff.com\/belogue\/wp-content\/uploads\/2018\/08\/20180828-34-558x372.jpg 558w, https:\/\/www.wallendorff.com\/belogue\/wp-content\/uploads\/2018\/08\/20180828-34-655x437.jpg 655w, https:\/\/www.wallendorff.com\/belogue\/wp-content\/uploads\/2018\/08\/20180828-34-600x400.jpg 600w\" sizes=\"(max-width: 1170px) 100vw, 1170px\" \/><\/a>\n\t\t\t<\/div>\n\t\t\t\t<figcaption class='wp-caption-text gallery-caption' id='gallery-1-39783'>\n\t\t\t\tLe Cabaret Vert, Charleville-M\u00e9zi\u00e8res, 25\/08\/2018\n\t\t\t\t<\/figcaption><\/figure><figure class='gallery-item'>\n\t\t\t<div class='gallery-icon landscape'>\n\t\t\t\t<a href='https:\/\/www.wallendorff.com\/belogue\/2018\/08\/28\/le-cabaret-vert-2018-jour-3\/le-cabaret-vert-charleville-mezieres-25-08-2018-13\/'><img loading=\"lazy\" decoding=\"async\" width=\"1170\" height=\"780\" src=\"https:\/\/www.wallendorff.com\/belogue\/wp-content\/uploads\/2018\/08\/20180828-35-1170x780.jpg\" class=\"attachment-large size-large\" alt=\"\" aria-describedby=\"gallery-1-39784\" srcset=\"https:\/\/www.wallendorff.com\/belogue\/wp-content\/uploads\/2018\/08\/20180828-35.jpg 1170w, https:\/\/www.wallendorff.com\/belogue\/wp-content\/uploads\/2018\/08\/20180828-35-820x547.jpg 820w, https:\/\/www.wallendorff.com\/belogue\/wp-content\/uploads\/2018\/08\/20180828-35-200x133.jpg 200w, https:\/\/www.wallendorff.com\/belogue\/wp-content\/uploads\/2018\/08\/20180828-35-300x200.jpg 300w, https:\/\/www.wallendorff.com\/belogue\/wp-content\/uploads\/2018\/08\/20180828-35-1116x744.jpg 1116w, https:\/\/www.wallendorff.com\/belogue\/wp-content\/uploads\/2018\/08\/20180828-35-806x537.jpg 806w, https:\/\/www.wallendorff.com\/belogue\/wp-content\/uploads\/2018\/08\/20180828-35-558x372.jpg 558w, https:\/\/www.wallendorff.com\/belogue\/wp-content\/uploads\/2018\/08\/20180828-35-655x437.jpg 655w, https:\/\/www.wallendorff.com\/belogue\/wp-content\/uploads\/2018\/08\/20180828-35-600x400.jpg 600w\" sizes=\"(max-width: 1170px) 100vw, 1170px\" \/><\/a>\n\t\t\t<\/div>\n\t\t\t\t<figcaption class='wp-caption-text gallery-caption' id='gallery-1-39784'>\n\t\t\t\tLe Cabaret Vert, Charleville-M\u00e9zi\u00e8res, 25\/08\/2018\n\t\t\t\t<\/figcaption><\/figure><figure class='gallery-item'>\n\t\t\t<div class='gallery-icon landscape'>\n\t\t\t\t<a href='https:\/\/www.wallendorff.com\/belogue\/2018\/08\/28\/le-cabaret-vert-2018-jour-3\/phoenix-le-cabaret-vert-charleville-mezieres-25-08-2018\/'><img loading=\"lazy\" decoding=\"async\" width=\"1170\" height=\"780\" src=\"https:\/\/www.wallendorff.com\/belogue\/wp-content\/uploads\/2018\/08\/20180828-36-1170x780.jpg\" class=\"attachment-large size-large\" alt=\"\" aria-describedby=\"gallery-1-39785\" srcset=\"https:\/\/www.wallendorff.com\/belogue\/wp-content\/uploads\/2018\/08\/20180828-36.jpg 1170w, https:\/\/www.wallendorff.com\/belogue\/wp-content\/uploads\/2018\/08\/20180828-36-820x547.jpg 820w, https:\/\/www.wallendorff.com\/belogue\/wp-content\/uploads\/2018\/08\/20180828-36-200x133.jpg 200w, https:\/\/www.wallendorff.com\/belogue\/wp-content\/uploads\/2018\/08\/20180828-36-300x200.jpg 300w, https:\/\/www.wallendorff.com\/belogue\/wp-content\/uploads\/2018\/08\/20180828-36-1116x744.jpg 1116w, https:\/\/www.wallendorff.com\/belogue\/wp-content\/uploads\/2018\/08\/20180828-36-806x537.jpg 806w, https:\/\/www.wallendorff.com\/belogue\/wp-content\/uploads\/2018\/08\/20180828-36-558x372.jpg 558w, https:\/\/www.wallendorff.com\/belogue\/wp-content\/uploads\/2018\/08\/20180828-36-655x437.jpg 655w, https:\/\/www.wallendorff.com\/belogue\/wp-content\/uploads\/2018\/08\/20180828-36-600x400.jpg 600w\" sizes=\"(max-width: 1170px) 100vw, 1170px\" \/><\/a>\n\t\t\t<\/div>\n\t\t\t\t<figcaption class='wp-caption-text gallery-caption' id='gallery-1-39785'>\n\t\t\t\tPhoenix @ le Cabaret Vert, Charleville-M\u00e9zi\u00e8res, 25\/08\/2018\n\t\t\t\t<\/figcaption><\/figure><figure class='gallery-item'>\n\t\t\t<div class='gallery-icon landscape'>\n\t\t\t\t<a href='https:\/\/www.wallendorff.com\/belogue\/2018\/08\/28\/le-cabaret-vert-2018-jour-3\/le-cabaret-vert-charleville-mezieres-25-08-2018-14\/'><img loading=\"lazy\" decoding=\"async\" width=\"1170\" height=\"780\" src=\"https:\/\/www.wallendorff.com\/belogue\/wp-content\/uploads\/2018\/08\/20180828-37-1170x780.jpg\" class=\"attachment-large size-large\" alt=\"\" aria-describedby=\"gallery-1-39786\" srcset=\"https:\/\/www.wallendorff.com\/belogue\/wp-content\/uploads\/2018\/08\/20180828-37.jpg 1170w, https:\/\/www.wallendorff.com\/belogue\/wp-content\/uploads\/2018\/08\/20180828-37-820x547.jpg 820w, https:\/\/www.wallendorff.com\/belogue\/wp-content\/uploads\/2018\/08\/20180828-37-200x133.jpg 200w, https:\/\/www.wallendorff.com\/belogue\/wp-content\/uploads\/2018\/08\/20180828-37-300x200.jpg 300w, https:\/\/www.wallendorff.com\/belogue\/wp-content\/uploads\/2018\/08\/20180828-37-1116x744.jpg 1116w, https:\/\/www.wallendorff.com\/belogue\/wp-content\/uploads\/2018\/08\/20180828-37-806x537.jpg 806w, https:\/\/www.wallendorff.com\/belogue\/wp-content\/uploads\/2018\/08\/20180828-37-558x372.jpg 558w, https:\/\/www.wallendorff.com\/belogue\/wp-content\/uploads\/2018\/08\/20180828-37-655x437.jpg 655w, https:\/\/www.wallendorff.com\/belogue\/wp-content\/uploads\/2018\/08\/20180828-37-600x400.jpg 600w\" sizes=\"(max-width: 1170px) 100vw, 1170px\" \/><\/a>\n\t\t\t<\/div>\n\t\t\t\t<figcaption class='wp-caption-text gallery-caption' id='gallery-1-39786'>\n\t\t\t\tLe Cabaret Vert, Charleville-M\u00e9zi\u00e8res, 25\/08\/2018\n\t\t\t\t<\/figcaption><\/figure><figure class='gallery-item'>\n\t\t\t<div class='gallery-icon portrait'>\n\t\t\t\t<a href='https:\/\/www.wallendorff.com\/belogue\/2018\/08\/28\/le-cabaret-vert-2018-jour-3\/phoenix-le-cabaret-vert-charleville-mezieres-25-08-2018-2\/'><img loading=\"lazy\" decoding=\"async\" width=\"683\" height=\"1024\" src=\"https:\/\/www.wallendorff.com\/belogue\/wp-content\/uploads\/2018\/08\/20180828-38-683x1024.jpg\" class=\"attachment-large size-large\" alt=\"\" aria-describedby=\"gallery-1-39787\" srcset=\"https:\/\/www.wallendorff.com\/belogue\/wp-content\/uploads\/2018\/08\/20180828-38-683x1024.jpg 683w, https:\/\/www.wallendorff.com\/belogue\/wp-content\/uploads\/2018\/08\/20180828-38-133x200.jpg 133w, https:\/\/www.wallendorff.com\/belogue\/wp-content\/uploads\/2018\/08\/20180828-38-200x300.jpg 200w, https:\/\/www.wallendorff.com\/belogue\/wp-content\/uploads\/2018\/08\/20180828-38-558x837.jpg 558w, https:\/\/www.wallendorff.com\/belogue\/wp-content\/uploads\/2018\/08\/20180828-38-655x983.jpg 655w, https:\/\/www.wallendorff.com\/belogue\/wp-content\/uploads\/2018\/08\/20180828-38-600x900.jpg 600w, https:\/\/www.wallendorff.com\/belogue\/wp-content\/uploads\/2018\/08\/20180828-38.jpg 780w\" sizes=\"(max-width: 683px) 100vw, 683px\" \/><\/a>\n\t\t\t<\/div>\n\t\t\t\t<figcaption class='wp-caption-text gallery-caption' id='gallery-1-39787'>\n\t\t\t\tPhoenix @ le Cabaret Vert, Charleville-M\u00e9zi\u00e8res, 25\/08\/2018\n\t\t\t\t<\/figcaption><\/figure><figure class='gallery-item'>\n\t\t\t<div class='gallery-icon landscape'>\n\t\t\t\t<a href='https:\/\/www.wallendorff.com\/belogue\/2018\/08\/28\/le-cabaret-vert-2018-jour-3\/phoenix-le-cabaret-vert-charleville-mezieres-25-08-2018-3\/'><img loading=\"lazy\" decoding=\"async\" width=\"1170\" height=\"780\" src=\"https:\/\/www.wallendorff.com\/belogue\/wp-content\/uploads\/2018\/08\/20180828-39-1170x780.jpg\" class=\"attachment-large size-large\" alt=\"\" aria-describedby=\"gallery-1-39788\" srcset=\"https:\/\/www.wallendorff.com\/belogue\/wp-content\/uploads\/2018\/08\/20180828-39.jpg 1170w, https:\/\/www.wallendorff.com\/belogue\/wp-content\/uploads\/2018\/08\/20180828-39-820x547.jpg 820w, https:\/\/www.wallendorff.com\/belogue\/wp-content\/uploads\/2018\/08\/20180828-39-200x133.jpg 200w, https:\/\/www.wallendorff.com\/belogue\/wp-content\/uploads\/2018\/08\/20180828-39-300x200.jpg 300w, https:\/\/www.wallendorff.com\/belogue\/wp-content\/uploads\/2018\/08\/20180828-39-1116x744.jpg 1116w, https:\/\/www.wallendorff.com\/belogue\/wp-content\/uploads\/2018\/08\/20180828-39-806x537.jpg 806w, https:\/\/www.wallendorff.com\/belogue\/wp-content\/uploads\/2018\/08\/20180828-39-558x372.jpg 558w, https:\/\/www.wallendorff.com\/belogue\/wp-content\/uploads\/2018\/08\/20180828-39-655x437.jpg 655w, https:\/\/www.wallendorff.com\/belogue\/wp-content\/uploads\/2018\/08\/20180828-39-600x400.jpg 600w\" sizes=\"(max-width: 1170px) 100vw, 1170px\" \/><\/a>\n\t\t\t<\/div>\n\t\t\t\t<figcaption class='wp-caption-text gallery-caption' id='gallery-1-39788'>\n\t\t\t\tPhoenix @ le Cabaret Vert, Charleville-M\u00e9zi\u00e8res, 25\/08\/2018\n\t\t\t\t<\/figcaption><\/figure><figure class='gallery-item'>\n\t\t\t<div class='gallery-icon landscape'>\n\t\t\t\t<a href='https:\/\/www.wallendorff.com\/belogue\/2018\/08\/28\/le-cabaret-vert-2018-jour-3\/le-cabaret-vert-charleville-mezieres-25-08-2018-15\/'><img loading=\"lazy\" decoding=\"async\" width=\"1170\" height=\"780\" src=\"https:\/\/www.wallendorff.com\/belogue\/wp-content\/uploads\/2018\/08\/20180828-40-1170x780.jpg\" class=\"attachment-large size-large\" alt=\"\" aria-describedby=\"gallery-1-39789\" srcset=\"https:\/\/www.wallendorff.com\/belogue\/wp-content\/uploads\/2018\/08\/20180828-40.jpg 1170w, https:\/\/www.wallendorff.com\/belogue\/wp-content\/uploads\/2018\/08\/20180828-40-820x547.jpg 820w, https:\/\/www.wallendorff.com\/belogue\/wp-content\/uploads\/2018\/08\/20180828-40-200x133.jpg 200w, https:\/\/www.wallendorff.com\/belogue\/wp-content\/uploads\/2018\/08\/20180828-40-300x200.jpg 300w, https:\/\/www.wallendorff.com\/belogue\/wp-content\/uploads\/2018\/08\/20180828-40-1116x744.jpg 1116w, https:\/\/www.wallendorff.com\/belogue\/wp-content\/uploads\/2018\/08\/20180828-40-806x537.jpg 806w, https:\/\/www.wallendorff.com\/belogue\/wp-content\/uploads\/2018\/08\/20180828-40-558x372.jpg 558w, https:\/\/www.wallendorff.com\/belogue\/wp-content\/uploads\/2018\/08\/20180828-40-655x437.jpg 655w, https:\/\/www.wallendorff.com\/belogue\/wp-content\/uploads\/2018\/08\/20180828-40-600x400.jpg 600w\" sizes=\"(max-width: 1170px) 100vw, 1170px\" \/><\/a>\n\t\t\t<\/div>\n\t\t\t\t<figcaption class='wp-caption-text gallery-caption' id='gallery-1-39789'>\n\t\t\t\tLe Cabaret Vert, Charleville-M\u00e9zi\u00e8res, 25\/08\/2018\n\t\t\t\t<\/figcaption><\/figure><figure class='gallery-item'>\n\t\t\t<div class='gallery-icon landscape'>\n\t\t\t\t<a href='https:\/\/www.wallendorff.com\/belogue\/2018\/08\/28\/le-cabaret-vert-2018-jour-3\/phoenix-le-cabaret-vert-charleville-mezieres-25-08-2018-4\/'><img loading=\"lazy\" decoding=\"async\" width=\"1170\" height=\"780\" src=\"https:\/\/www.wallendorff.com\/belogue\/wp-content\/uploads\/2018\/08\/20180828-41-1170x780.jpg\" class=\"attachment-large size-large\" alt=\"\" aria-describedby=\"gallery-1-39790\" srcset=\"https:\/\/www.wallendorff.com\/belogue\/wp-content\/uploads\/2018\/08\/20180828-41.jpg 1170w, https:\/\/www.wallendorff.com\/belogue\/wp-content\/uploads\/2018\/08\/20180828-41-820x547.jpg 820w, https:\/\/www.wallendorff.com\/belogue\/wp-content\/uploads\/2018\/08\/20180828-41-200x133.jpg 200w, https:\/\/www.wallendorff.com\/belogue\/wp-content\/uploads\/2018\/08\/20180828-41-300x200.jpg 300w, https:\/\/www.wallendorff.com\/belogue\/wp-content\/uploads\/2018\/08\/20180828-41-1116x744.jpg 1116w, https:\/\/www.wallendorff.com\/belogue\/wp-content\/uploads\/2018\/08\/20180828-41-806x537.jpg 806w, https:\/\/www.wallendorff.com\/belogue\/wp-content\/uploads\/2018\/08\/20180828-41-558x372.jpg 558w, https:\/\/www.wallendorff.com\/belogue\/wp-content\/uploads\/2018\/08\/20180828-41-655x437.jpg 655w, https:\/\/www.wallendorff.com\/belogue\/wp-content\/uploads\/2018\/08\/20180828-41-600x400.jpg 600w\" sizes=\"(max-width: 1170px) 100vw, 1170px\" \/><\/a>\n\t\t\t<\/div>\n\t\t\t\t<figcaption class='wp-caption-text gallery-caption' id='gallery-1-39790'>\n\t\t\t\tPhoenix @ le Cabaret Vert, Charleville-M\u00e9zi\u00e8res, 25\/08\/2018\n\t\t\t\t<\/figcaption><\/figure><figure class='gallery-item'>\n\t\t\t<div class='gallery-icon landscape'>\n\t\t\t\t<a href='https:\/\/www.wallendorff.com\/belogue\/2018\/08\/28\/le-cabaret-vert-2018-jour-3\/phoenix-le-cabaret-vert-charleville-mezieres-25-08-2018-5\/'><img loading=\"lazy\" decoding=\"async\" width=\"1170\" height=\"780\" src=\"https:\/\/www.wallendorff.com\/belogue\/wp-content\/uploads\/2018\/08\/20180828-42-1170x780.jpg\" class=\"attachment-large size-large\" alt=\"\" aria-describedby=\"gallery-1-39791\" srcset=\"https:\/\/www.wallendorff.com\/belogue\/wp-content\/uploads\/2018\/08\/20180828-42.jpg 1170w, https:\/\/www.wallendorff.com\/belogue\/wp-content\/uploads\/2018\/08\/20180828-42-820x547.jpg 820w, https:\/\/www.wallendorff.com\/belogue\/wp-content\/uploads\/2018\/08\/20180828-42-200x133.jpg 200w, https:\/\/www.wallendorff.com\/belogue\/wp-content\/uploads\/2018\/08\/20180828-42-300x200.jpg 300w, https:\/\/www.wallendorff.com\/belogue\/wp-content\/uploads\/2018\/08\/20180828-42-1116x744.jpg 1116w, https:\/\/www.wallendorff.com\/belogue\/wp-content\/uploads\/2018\/08\/20180828-42-806x537.jpg 806w, https:\/\/www.wallendorff.com\/belogue\/wp-content\/uploads\/2018\/08\/20180828-42-558x372.jpg 558w, https:\/\/www.wallendorff.com\/belogue\/wp-content\/uploads\/2018\/08\/20180828-42-655x437.jpg 655w, https:\/\/www.wallendorff.com\/belogue\/wp-content\/uploads\/2018\/08\/20180828-42-600x400.jpg 600w\" sizes=\"(max-width: 1170px) 100vw, 1170px\" \/><\/a>\n\t\t\t<\/div>\n\t\t\t\t<figcaption class='wp-caption-text gallery-caption' id='gallery-1-39791'>\n\t\t\t\tPhoenix @ le Cabaret Vert, Charleville-M\u00e9zi\u00e8res, 25\/08\/2018\n\t\t\t\t<\/figcaption><\/figure><figure class='gallery-item'>\n\t\t\t<div class='gallery-icon landscape'>\n\t\t\t\t<a href='https:\/\/www.wallendorff.com\/belogue\/2018\/08\/28\/le-cabaret-vert-2018-jour-3\/le-cabaret-vert-charleville-mezieres-25-08-2018-16\/'><img loading=\"lazy\" decoding=\"async\" width=\"1170\" height=\"780\" src=\"https:\/\/www.wallendorff.com\/belogue\/wp-content\/uploads\/2018\/08\/20180828-43-1170x780.jpg\" class=\"attachment-large size-large\" alt=\"\" aria-describedby=\"gallery-1-39792\" srcset=\"https:\/\/www.wallendorff.com\/belogue\/wp-content\/uploads\/2018\/08\/20180828-43.jpg 1170w, https:\/\/www.wallendorff.com\/belogue\/wp-content\/uploads\/2018\/08\/20180828-43-820x547.jpg 820w, https:\/\/www.wallendorff.com\/belogue\/wp-content\/uploads\/2018\/08\/20180828-43-200x133.jpg 200w, https:\/\/www.wallendorff.com\/belogue\/wp-content\/uploads\/2018\/08\/20180828-43-300x200.jpg 300w, https:\/\/www.wallendorff.com\/belogue\/wp-content\/uploads\/2018\/08\/20180828-43-1116x744.jpg 1116w, https:\/\/www.wallendorff.com\/belogue\/wp-content\/uploads\/2018\/08\/20180828-43-806x537.jpg 806w, https:\/\/www.wallendorff.com\/belogue\/wp-content\/uploads\/2018\/08\/20180828-43-558x372.jpg 558w, https:\/\/www.wallendorff.com\/belogue\/wp-content\/uploads\/2018\/08\/20180828-43-655x437.jpg 655w, https:\/\/www.wallendorff.com\/belogue\/wp-content\/uploads\/2018\/08\/20180828-43-600x400.jpg 600w\" sizes=\"(max-width: 1170px) 100vw, 1170px\" \/><\/a>\n\t\t\t<\/div>\n\t\t\t\t<figcaption class='wp-caption-text gallery-caption' id='gallery-1-39792'>\n\t\t\t\tLe Cabaret Vert, Charleville-M\u00e9zi\u00e8res, 25\/08\/2018\n\t\t\t\t<\/figcaption><\/figure><figure class='gallery-item'>\n\t\t\t<div class='gallery-icon landscape'>\n\t\t\t\t<a href='https:\/\/www.wallendorff.com\/belogue\/2018\/08\/28\/le-cabaret-vert-2018-jour-3\/phoenix-le-cabaret-vert-charleville-mezieres-25-08-2018-6\/'><img loading=\"lazy\" decoding=\"async\" width=\"1170\" height=\"780\" src=\"https:\/\/www.wallendorff.com\/belogue\/wp-content\/uploads\/2018\/08\/20180828-44-1170x780.jpg\" class=\"attachment-large size-large\" alt=\"\" aria-describedby=\"gallery-1-39793\" srcset=\"https:\/\/www.wallendorff.com\/belogue\/wp-content\/uploads\/2018\/08\/20180828-44.jpg 1170w, https:\/\/www.wallendorff.com\/belogue\/wp-content\/uploads\/2018\/08\/20180828-44-820x547.jpg 820w, https:\/\/www.wallendorff.com\/belogue\/wp-content\/uploads\/2018\/08\/20180828-44-200x133.jpg 200w, https:\/\/www.wallendorff.com\/belogue\/wp-content\/uploads\/2018\/08\/20180828-44-300x200.jpg 300w, https:\/\/www.wallendorff.com\/belogue\/wp-content\/uploads\/2018\/08\/20180828-44-1116x744.jpg 1116w, https:\/\/www.wallendorff.com\/belogue\/wp-content\/uploads\/2018\/08\/20180828-44-806x537.jpg 806w, https:\/\/www.wallendorff.com\/belogue\/wp-content\/uploads\/2018\/08\/20180828-44-558x372.jpg 558w, https:\/\/www.wallendorff.com\/belogue\/wp-content\/uploads\/2018\/08\/20180828-44-655x437.jpg 655w, https:\/\/www.wallendorff.com\/belogue\/wp-content\/uploads\/2018\/08\/20180828-44-600x400.jpg 600w\" sizes=\"(max-width: 1170px) 100vw, 1170px\" \/><\/a>\n\t\t\t<\/div>\n\t\t\t\t<figcaption class='wp-caption-text gallery-caption' id='gallery-1-39793'>\n\t\t\t\tPhoenix @ le Cabaret Vert, Charleville-M\u00e9zi\u00e8res, 25\/08\/2018\n\t\t\t\t<\/figcaption><\/figure><figure class='gallery-item'>\n\t\t\t<div class='gallery-icon landscape'>\n\t\t\t\t<a href='https:\/\/www.wallendorff.com\/belogue\/2018\/08\/28\/le-cabaret-vert-2018-jour-3\/le-cabaret-vert-charleville-mezieres-25-08-2018-17\/'><img loading=\"lazy\" decoding=\"async\" width=\"1170\" height=\"780\" src=\"https:\/\/www.wallendorff.com\/belogue\/wp-content\/uploads\/2018\/08\/20180828-45-1170x780.jpg\" class=\"attachment-large size-large\" alt=\"\" aria-describedby=\"gallery-1-39794\" srcset=\"https:\/\/www.wallendorff.com\/belogue\/wp-content\/uploads\/2018\/08\/20180828-45.jpg 1170w, https:\/\/www.wallendorff.com\/belogue\/wp-content\/uploads\/2018\/08\/20180828-45-820x547.jpg 820w, https:\/\/www.wallendorff.com\/belogue\/wp-content\/uploads\/2018\/08\/20180828-45-200x133.jpg 200w, https:\/\/www.wallendorff.com\/belogue\/wp-content\/uploads\/2018\/08\/20180828-45-300x200.jpg 300w, https:\/\/www.wallendorff.com\/belogue\/wp-content\/uploads\/2018\/08\/20180828-45-1116x744.jpg 1116w, https:\/\/www.wallendorff.com\/belogue\/wp-content\/uploads\/2018\/08\/20180828-45-806x537.jpg 806w, https:\/\/www.wallendorff.com\/belogue\/wp-content\/uploads\/2018\/08\/20180828-45-558x372.jpg 558w, https:\/\/www.wallendorff.com\/belogue\/wp-content\/uploads\/2018\/08\/20180828-45-655x437.jpg 655w, https:\/\/www.wallendorff.com\/belogue\/wp-content\/uploads\/2018\/08\/20180828-45-600x400.jpg 600w\" sizes=\"(max-width: 1170px) 100vw, 1170px\" \/><\/a>\n\t\t\t<\/div>\n\t\t\t\t<figcaption class='wp-caption-text gallery-caption' id='gallery-1-39794'>\n\t\t\t\tLe Cabaret Vert, Charleville-M\u00e9zi\u00e8res, 25\/08\/2018\n\t\t\t\t<\/figcaption><\/figure><figure class='gallery-item'>\n\t\t\t<div class='gallery-icon landscape'>\n\t\t\t\t<a href='https:\/\/www.wallendorff.com\/belogue\/2018\/08\/28\/le-cabaret-vert-2018-jour-3\/moha-la-squale-le-cabaret-vert-charleville-mezieres-25-08-2018\/'><img loading=\"lazy\" decoding=\"async\" width=\"1170\" height=\"780\" src=\"https:\/\/www.wallendorff.com\/belogue\/wp-content\/uploads\/2018\/08\/20180828-46-1170x780.jpg\" class=\"attachment-large size-large\" alt=\"\" aria-describedby=\"gallery-1-39795\" srcset=\"https:\/\/www.wallendorff.com\/belogue\/wp-content\/uploads\/2018\/08\/20180828-46.jpg 1170w, https:\/\/www.wallendorff.com\/belogue\/wp-content\/uploads\/2018\/08\/20180828-46-820x547.jpg 820w, https:\/\/www.wallendorff.com\/belogue\/wp-content\/uploads\/2018\/08\/20180828-46-200x133.jpg 200w, https:\/\/www.wallendorff.com\/belogue\/wp-content\/uploads\/2018\/08\/20180828-46-300x200.jpg 300w, https:\/\/www.wallendorff.com\/belogue\/wp-content\/uploads\/2018\/08\/20180828-46-1116x744.jpg 1116w, https:\/\/www.wallendorff.com\/belogue\/wp-content\/uploads\/2018\/08\/20180828-46-806x537.jpg 806w, https:\/\/www.wallendorff.com\/belogue\/wp-content\/uploads\/2018\/08\/20180828-46-558x372.jpg 558w, https:\/\/www.wallendorff.com\/belogue\/wp-content\/uploads\/2018\/08\/20180828-46-655x437.jpg 655w, https:\/\/www.wallendorff.com\/belogue\/wp-content\/uploads\/2018\/08\/20180828-46-600x400.jpg 600w\" sizes=\"(max-width: 1170px) 100vw, 1170px\" \/><\/a>\n\t\t\t<\/div>\n\t\t\t\t<figcaption class='wp-caption-text gallery-caption' id='gallery-1-39795'>\n\t\t\t\tMoha la Squale @ le Cabaret Vert, Charleville-M\u00e9zi\u00e8res, 25\/08\/2018\n\t\t\t\t<\/figcaption><\/figure><figure class='gallery-item'>\n\t\t\t<div class='gallery-icon landscape'>\n\t\t\t\t<a href='https:\/\/www.wallendorff.com\/belogue\/2018\/08\/28\/le-cabaret-vert-2018-jour-3\/le-cabaret-vert-charleville-mezieres-25-08-2018-18\/'><img loading=\"lazy\" decoding=\"async\" width=\"1170\" height=\"780\" src=\"https:\/\/www.wallendorff.com\/belogue\/wp-content\/uploads\/2018\/08\/20180828-47-1170x780.jpg\" class=\"attachment-large size-large\" alt=\"\" aria-describedby=\"gallery-1-39796\" srcset=\"https:\/\/www.wallendorff.com\/belogue\/wp-content\/uploads\/2018\/08\/20180828-47.jpg 1170w, https:\/\/www.wallendorff.com\/belogue\/wp-content\/uploads\/2018\/08\/20180828-47-820x547.jpg 820w, https:\/\/www.wallendorff.com\/belogue\/wp-content\/uploads\/2018\/08\/20180828-47-200x133.jpg 200w, https:\/\/www.wallendorff.com\/belogue\/wp-content\/uploads\/2018\/08\/20180828-47-300x200.jpg 300w, https:\/\/www.wallendorff.com\/belogue\/wp-content\/uploads\/2018\/08\/20180828-47-1116x744.jpg 1116w, https:\/\/www.wallendorff.com\/belogue\/wp-content\/uploads\/2018\/08\/20180828-47-806x537.jpg 806w, https:\/\/www.wallendorff.com\/belogue\/wp-content\/uploads\/2018\/08\/20180828-47-558x372.jpg 558w, https:\/\/www.wallendorff.com\/belogue\/wp-content\/uploads\/2018\/08\/20180828-47-655x437.jpg 655w, https:\/\/www.wallendorff.com\/belogue\/wp-content\/uploads\/2018\/08\/20180828-47-600x400.jpg 600w\" sizes=\"(max-width: 1170px) 100vw, 1170px\" \/><\/a>\n\t\t\t<\/div>\n\t\t\t\t<figcaption class='wp-caption-text gallery-caption' id='gallery-1-39796'>\n\t\t\t\tLe Cabaret Vert, Charleville-M\u00e9zi\u00e8res, 25\/08\/2018\n\t\t\t\t<\/figcaption><\/figure><figure class='gallery-item'>\n\t\t\t<div class='gallery-icon landscape'>\n\t\t\t\t<a href='https:\/\/www.wallendorff.com\/belogue\/2018\/08\/28\/le-cabaret-vert-2018-jour-3\/le-cabaret-vert-charleville-mezieres-25-08-2018-19\/'><img loading=\"lazy\" decoding=\"async\" width=\"1170\" height=\"780\" src=\"https:\/\/www.wallendorff.com\/belogue\/wp-content\/uploads\/2018\/08\/20180828-48-1170x780.jpg\" class=\"attachment-large size-large\" alt=\"\" aria-describedby=\"gallery-1-39797\" srcset=\"https:\/\/www.wallendorff.com\/belogue\/wp-content\/uploads\/2018\/08\/20180828-48.jpg 1170w, https:\/\/www.wallendorff.com\/belogue\/wp-content\/uploads\/2018\/08\/20180828-48-820x547.jpg 820w, https:\/\/www.wallendorff.com\/belogue\/wp-content\/uploads\/2018\/08\/20180828-48-200x133.jpg 200w, https:\/\/www.wallendorff.com\/belogue\/wp-content\/uploads\/2018\/08\/20180828-48-300x200.jpg 300w, https:\/\/www.wallendorff.com\/belogue\/wp-content\/uploads\/2018\/08\/20180828-48-1116x744.jpg 1116w, https:\/\/www.wallendorff.com\/belogue\/wp-content\/uploads\/2018\/08\/20180828-48-806x537.jpg 806w, https:\/\/www.wallendorff.com\/belogue\/wp-content\/uploads\/2018\/08\/20180828-48-558x372.jpg 558w, https:\/\/www.wallendorff.com\/belogue\/wp-content\/uploads\/2018\/08\/20180828-48-655x437.jpg 655w, https:\/\/www.wallendorff.com\/belogue\/wp-content\/uploads\/2018\/08\/20180828-48-600x400.jpg 600w\" sizes=\"(max-width: 1170px) 100vw, 1170px\" \/><\/a>\n\t\t\t<\/div>\n\t\t\t\t<figcaption class='wp-caption-text gallery-caption' id='gallery-1-39797'>\n\t\t\t\tLe Cabaret Vert, Charleville-M\u00e9zi\u00e8res, 25\/08\/2018\n\t\t\t\t<\/figcaption><\/figure><figure class='gallery-item'>\n\t\t\t<div class='gallery-icon landscape'>\n\t\t\t\t<a href='https:\/\/www.wallendorff.com\/belogue\/2018\/08\/28\/le-cabaret-vert-2018-jour-3\/moha-la-squale-le-cabaret-vert-charleville-mezieres-25-08-2018-2\/'><img loading=\"lazy\" decoding=\"async\" width=\"1170\" height=\"780\" src=\"https:\/\/www.wallendorff.com\/belogue\/wp-content\/uploads\/2018\/08\/20180828-49-1170x780.jpg\" class=\"attachment-large size-large\" alt=\"\" aria-describedby=\"gallery-1-39798\" srcset=\"https:\/\/www.wallendorff.com\/belogue\/wp-content\/uploads\/2018\/08\/20180828-49.jpg 1170w, https:\/\/www.wallendorff.com\/belogue\/wp-content\/uploads\/2018\/08\/20180828-49-820x547.jpg 820w, https:\/\/www.wallendorff.com\/belogue\/wp-content\/uploads\/2018\/08\/20180828-49-200x133.jpg 200w, https:\/\/www.wallendorff.com\/belogue\/wp-content\/uploads\/2018\/08\/20180828-49-300x200.jpg 300w, https:\/\/www.wallendorff.com\/belogue\/wp-content\/uploads\/2018\/08\/20180828-49-1116x744.jpg 1116w, https:\/\/www.wallendorff.com\/belogue\/wp-content\/uploads\/2018\/08\/20180828-49-806x537.jpg 806w, https:\/\/www.wallendorff.com\/belogue\/wp-content\/uploads\/2018\/08\/20180828-49-558x372.jpg 558w, https:\/\/www.wallendorff.com\/belogue\/wp-content\/uploads\/2018\/08\/20180828-49-655x437.jpg 655w, https:\/\/www.wallendorff.com\/belogue\/wp-content\/uploads\/2018\/08\/20180828-49-600x400.jpg 600w\" sizes=\"(max-width: 1170px) 100vw, 1170px\" \/><\/a>\n\t\t\t<\/div>\n\t\t\t\t<figcaption class='wp-caption-text gallery-caption' id='gallery-1-39798'>\n\t\t\t\tMoha la Squale @ le Cabaret Vert, Charleville-M\u00e9zi\u00e8res, 25\/08\/2018\n\t\t\t\t<\/figcaption><\/figure><figure class='gallery-item'>\n\t\t\t<div class='gallery-icon landscape'>\n\t\t\t\t<a href='https:\/\/www.wallendorff.com\/belogue\/2018\/08\/28\/le-cabaret-vert-2018-jour-3\/shaka-ponk-le-cabaret-vert-charleville-mezieres-25-08-2018\/'><img loading=\"lazy\" decoding=\"async\" width=\"1170\" height=\"780\" src=\"https:\/\/www.wallendorff.com\/belogue\/wp-content\/uploads\/2018\/08\/20180828-50-1170x780.jpg\" class=\"attachment-large size-large\" alt=\"\" aria-describedby=\"gallery-1-39799\" srcset=\"https:\/\/www.wallendorff.com\/belogue\/wp-content\/uploads\/2018\/08\/20180828-50.jpg 1170w, https:\/\/www.wallendorff.com\/belogue\/wp-content\/uploads\/2018\/08\/20180828-50-820x547.jpg 820w, https:\/\/www.wallendorff.com\/belogue\/wp-content\/uploads\/2018\/08\/20180828-50-200x133.jpg 200w, https:\/\/www.wallendorff.com\/belogue\/wp-content\/uploads\/2018\/08\/20180828-50-300x200.jpg 300w, https:\/\/www.wallendorff.com\/belogue\/wp-content\/uploads\/2018\/08\/20180828-50-1116x744.jpg 1116w, https:\/\/www.wallendorff.com\/belogue\/wp-content\/uploads\/2018\/08\/20180828-50-806x537.jpg 806w, https:\/\/www.wallendorff.com\/belogue\/wp-content\/uploads\/2018\/08\/20180828-50-558x372.jpg 558w, https:\/\/www.wallendorff.com\/belogue\/wp-content\/uploads\/2018\/08\/20180828-50-655x437.jpg 655w, https:\/\/www.wallendorff.com\/belogue\/wp-content\/uploads\/2018\/08\/20180828-50-600x400.jpg 600w\" sizes=\"(max-width: 1170px) 100vw, 1170px\" \/><\/a>\n\t\t\t<\/div>\n\t\t\t\t<figcaption class='wp-caption-text gallery-caption' id='gallery-1-39799'>\n\t\t\t\tShaka Ponk @ le Cabaret Vert, Charleville-M\u00e9zi\u00e8res, 25\/08\/2018\n\t\t\t\t<\/figcaption><\/figure><figure class='gallery-item'>\n\t\t\t<div class='gallery-icon landscape'>\n\t\t\t\t<a href='https:\/\/www.wallendorff.com\/belogue\/2018\/08\/28\/le-cabaret-vert-2018-jour-3\/shaka-ponk-le-cabaret-vert-charleville-mezieres-25-08-2018-2\/'><img loading=\"lazy\" decoding=\"async\" width=\"1170\" height=\"780\" src=\"https:\/\/www.wallendorff.com\/belogue\/wp-content\/uploads\/2018\/08\/20180828-51-1170x780.jpg\" class=\"attachment-large size-large\" alt=\"\" aria-describedby=\"gallery-1-39800\" srcset=\"https:\/\/www.wallendorff.com\/belogue\/wp-content\/uploads\/2018\/08\/20180828-51.jpg 1170w, https:\/\/www.wallendorff.com\/belogue\/wp-content\/uploads\/2018\/08\/20180828-51-820x547.jpg 820w, https:\/\/www.wallendorff.com\/belogue\/wp-content\/uploads\/2018\/08\/20180828-51-200x133.jpg 200w, https:\/\/www.wallendorff.com\/belogue\/wp-content\/uploads\/2018\/08\/20180828-51-300x200.jpg 300w, https:\/\/www.wallendorff.com\/belogue\/wp-content\/uploads\/2018\/08\/20180828-51-1116x744.jpg 1116w, https:\/\/www.wallendorff.com\/belogue\/wp-content\/uploads\/2018\/08\/20180828-51-806x537.jpg 806w, https:\/\/www.wallendorff.com\/belogue\/wp-content\/uploads\/2018\/08\/20180828-51-558x372.jpg 558w, https:\/\/www.wallendorff.com\/belogue\/wp-content\/uploads\/2018\/08\/20180828-51-655x437.jpg 655w, https:\/\/www.wallendorff.com\/belogue\/wp-content\/uploads\/2018\/08\/20180828-51-600x400.jpg 600w\" sizes=\"(max-width: 1170px) 100vw, 1170px\" \/><\/a>\n\t\t\t<\/div>\n\t\t\t\t<figcaption class='wp-caption-text gallery-caption' id='gallery-1-39800'>\n\t\t\t\tShaka Ponk @ le Cabaret Vert, Charleville-M\u00e9zi\u00e8res, 25\/08\/2018\n\t\t\t\t<\/figcaption><\/figure><figure class='gallery-item'>\n\t\t\t<div class='gallery-icon landscape'>\n\t\t\t\t<a href='https:\/\/www.wallendorff.com\/belogue\/2018\/08\/28\/le-cabaret-vert-2018-jour-3\/shaka-ponk-le-cabaret-vert-charleville-mezieres-25-08-2018-3\/'><img loading=\"lazy\" decoding=\"async\" width=\"1170\" height=\"780\" src=\"https:\/\/www.wallendorff.com\/belogue\/wp-content\/uploads\/2018\/08\/20180828-52-1170x780.jpg\" class=\"attachment-large size-large\" alt=\"\" aria-describedby=\"gallery-1-39801\" srcset=\"https:\/\/www.wallendorff.com\/belogue\/wp-content\/uploads\/2018\/08\/20180828-52.jpg 1170w, https:\/\/www.wallendorff.com\/belogue\/wp-content\/uploads\/2018\/08\/20180828-52-820x547.jpg 820w, https:\/\/www.wallendorff.com\/belogue\/wp-content\/uploads\/2018\/08\/20180828-52-200x133.jpg 200w, https:\/\/www.wallendorff.com\/belogue\/wp-content\/uploads\/2018\/08\/20180828-52-300x200.jpg 300w, https:\/\/www.wallendorff.com\/belogue\/wp-content\/uploads\/2018\/08\/20180828-52-1116x744.jpg 1116w, https:\/\/www.wallendorff.com\/belogue\/wp-content\/uploads\/2018\/08\/20180828-52-806x537.jpg 806w, https:\/\/www.wallendorff.com\/belogue\/wp-content\/uploads\/2018\/08\/20180828-52-558x372.jpg 558w, https:\/\/www.wallendorff.com\/belogue\/wp-content\/uploads\/2018\/08\/20180828-52-655x437.jpg 655w, https:\/\/www.wallendorff.com\/belogue\/wp-content\/uploads\/2018\/08\/20180828-52-600x400.jpg 600w\" sizes=\"(max-width: 1170px) 100vw, 1170px\" \/><\/a>\n\t\t\t<\/div>\n\t\t\t\t<figcaption class='wp-caption-text gallery-caption' id='gallery-1-39801'>\n\t\t\t\tShaka Ponk @ le Cabaret Vert, Charleville-M\u00e9zi\u00e8res, 25\/08\/2018\n\t\t\t\t<\/figcaption><\/figure><figure class='gallery-item'>\n\t\t\t<div class='gallery-icon landscape'>\n\t\t\t\t<a href='https:\/\/www.wallendorff.com\/belogue\/2018\/08\/28\/le-cabaret-vert-2018-jour-3\/shaka-ponk-le-cabaret-vert-charleville-mezieres-25-08-2018-4\/'><img loading=\"lazy\" decoding=\"async\" width=\"1170\" height=\"780\" src=\"https:\/\/www.wallendorff.com\/belogue\/wp-content\/uploads\/2018\/08\/20180828-53-1170x780.jpg\" class=\"attachment-large size-large\" alt=\"\" aria-describedby=\"gallery-1-39802\" srcset=\"https:\/\/www.wallendorff.com\/belogue\/wp-content\/uploads\/2018\/08\/20180828-53.jpg 1170w, https:\/\/www.wallendorff.com\/belogue\/wp-content\/uploads\/2018\/08\/20180828-53-820x547.jpg 820w, https:\/\/www.wallendorff.com\/belogue\/wp-content\/uploads\/2018\/08\/20180828-53-200x133.jpg 200w, https:\/\/www.wallendorff.com\/belogue\/wp-content\/uploads\/2018\/08\/20180828-53-300x200.jpg 300w, https:\/\/www.wallendorff.com\/belogue\/wp-content\/uploads\/2018\/08\/20180828-53-1116x744.jpg 1116w, https:\/\/www.wallendorff.com\/belogue\/wp-content\/uploads\/2018\/08\/20180828-53-806x537.jpg 806w, https:\/\/www.wallendorff.com\/belogue\/wp-content\/uploads\/2018\/08\/20180828-53-558x372.jpg 558w, https:\/\/www.wallendorff.com\/belogue\/wp-content\/uploads\/2018\/08\/20180828-53-655x437.jpg 655w, https:\/\/www.wallendorff.com\/belogue\/wp-content\/uploads\/2018\/08\/20180828-53-600x400.jpg 600w\" sizes=\"(max-width: 1170px) 100vw, 1170px\" \/><\/a>\n\t\t\t<\/div>\n\t\t\t\t<figcaption class='wp-caption-text gallery-caption' id='gallery-1-39802'>\n\t\t\t\tShaka Ponk @ le Cabaret Vert, Charleville-M\u00e9zi\u00e8res, 25\/08\/2018\n\t\t\t\t<\/figcaption><\/figure><figure class='gallery-item'>\n\t\t\t<div class='gallery-icon landscape'>\n\t\t\t\t<a href='https:\/\/www.wallendorff.com\/belogue\/2018\/08\/28\/le-cabaret-vert-2018-jour-3\/shaka-ponk-le-cabaret-vert-charleville-mezieres-25-08-2018-5\/'><img loading=\"lazy\" decoding=\"async\" width=\"1170\" height=\"780\" src=\"https:\/\/www.wallendorff.com\/belogue\/wp-content\/uploads\/2018\/08\/20180828-54-1170x780.jpg\" class=\"attachment-large size-large\" alt=\"\" aria-describedby=\"gallery-1-39803\" srcset=\"https:\/\/www.wallendorff.com\/belogue\/wp-content\/uploads\/2018\/08\/20180828-54.jpg 1170w, https:\/\/www.wallendorff.com\/belogue\/wp-content\/uploads\/2018\/08\/20180828-54-820x547.jpg 820w, https:\/\/www.wallendorff.com\/belogue\/wp-content\/uploads\/2018\/08\/20180828-54-200x133.jpg 200w, https:\/\/www.wallendorff.com\/belogue\/wp-content\/uploads\/2018\/08\/20180828-54-300x200.jpg 300w, https:\/\/www.wallendorff.com\/belogue\/wp-content\/uploads\/2018\/08\/20180828-54-1116x744.jpg 1116w, https:\/\/www.wallendorff.com\/belogue\/wp-content\/uploads\/2018\/08\/20180828-54-806x537.jpg 806w, https:\/\/www.wallendorff.com\/belogue\/wp-content\/uploads\/2018\/08\/20180828-54-558x372.jpg 558w, https:\/\/www.wallendorff.com\/belogue\/wp-content\/uploads\/2018\/08\/20180828-54-655x437.jpg 655w, https:\/\/www.wallendorff.com\/belogue\/wp-content\/uploads\/2018\/08\/20180828-54-600x400.jpg 600w\" sizes=\"(max-width: 1170px) 100vw, 1170px\" \/><\/a>\n\t\t\t<\/div>\n\t\t\t\t<figcaption class='wp-caption-text gallery-caption' id='gallery-1-39803'>\n\t\t\t\tShaka Ponk @ le Cabaret Vert, Charleville-M\u00e9zi\u00e8res, 25\/08\/2018\n\t\t\t\t<\/figcaption><\/figure><figure class='gallery-item'>\n\t\t\t<div class='gallery-icon landscape'>\n\t\t\t\t<a href='https:\/\/www.wallendorff.com\/belogue\/2018\/08\/28\/le-cabaret-vert-2018-jour-3\/shaka-ponk-le-cabaret-vert-charleville-mezieres-25-08-2018-6\/'><img loading=\"lazy\" decoding=\"async\" width=\"1170\" height=\"780\" src=\"https:\/\/www.wallendorff.com\/belogue\/wp-content\/uploads\/2018\/08\/20180828-55-1170x780.jpg\" class=\"attachment-large size-large\" alt=\"\" aria-describedby=\"gallery-1-39804\" srcset=\"https:\/\/www.wallendorff.com\/belogue\/wp-content\/uploads\/2018\/08\/20180828-55.jpg 1170w, https:\/\/www.wallendorff.com\/belogue\/wp-content\/uploads\/2018\/08\/20180828-55-820x547.jpg 820w, https:\/\/www.wallendorff.com\/belogue\/wp-content\/uploads\/2018\/08\/20180828-55-200x133.jpg 200w, https:\/\/www.wallendorff.com\/belogue\/wp-content\/uploads\/2018\/08\/20180828-55-300x200.jpg 300w, https:\/\/www.wallendorff.com\/belogue\/wp-content\/uploads\/2018\/08\/20180828-55-1116x744.jpg 1116w, https:\/\/www.wallendorff.com\/belogue\/wp-content\/uploads\/2018\/08\/20180828-55-806x537.jpg 806w, https:\/\/www.wallendorff.com\/belogue\/wp-content\/uploads\/2018\/08\/20180828-55-558x372.jpg 558w, https:\/\/www.wallendorff.com\/belogue\/wp-content\/uploads\/2018\/08\/20180828-55-655x437.jpg 655w, https:\/\/www.wallendorff.com\/belogue\/wp-content\/uploads\/2018\/08\/20180828-55-600x400.jpg 600w\" sizes=\"(max-width: 1170px) 100vw, 1170px\" \/><\/a>\n\t\t\t<\/div>\n\t\t\t\t<figcaption class='wp-caption-text gallery-caption' id='gallery-1-39804'>\n\t\t\t\tShaka Ponk @ le Cabaret Vert, Charleville-M\u00e9zi\u00e8res, 25\/08\/2018\n\t\t\t\t<\/figcaption><\/figure><figure class='gallery-item'>\n\t\t\t<div class='gallery-icon landscape'>\n\t\t\t\t<a href='https:\/\/www.wallendorff.com\/belogue\/2018\/08\/28\/le-cabaret-vert-2018-jour-3\/shaka-ponk-le-cabaret-vert-charleville-mezieres-25-08-2018-7\/'><img loading=\"lazy\" decoding=\"async\" width=\"1170\" height=\"780\" src=\"https:\/\/www.wallendorff.com\/belogue\/wp-content\/uploads\/2018\/08\/20180828-56-1170x780.jpg\" class=\"attachment-large size-large\" alt=\"\" aria-describedby=\"gallery-1-39805\" srcset=\"https:\/\/www.wallendorff.com\/belogue\/wp-content\/uploads\/2018\/08\/20180828-56.jpg 1170w, https:\/\/www.wallendorff.com\/belogue\/wp-content\/uploads\/2018\/08\/20180828-56-820x547.jpg 820w, https:\/\/www.wallendorff.com\/belogue\/wp-content\/uploads\/2018\/08\/20180828-56-200x133.jpg 200w, https:\/\/www.wallendorff.com\/belogue\/wp-content\/uploads\/2018\/08\/20180828-56-300x200.jpg 300w, https:\/\/www.wallendorff.com\/belogue\/wp-content\/uploads\/2018\/08\/20180828-56-1116x744.jpg 1116w, https:\/\/www.wallendorff.com\/belogue\/wp-content\/uploads\/2018\/08\/20180828-56-806x537.jpg 806w, https:\/\/www.wallendorff.com\/belogue\/wp-content\/uploads\/2018\/08\/20180828-56-558x372.jpg 558w, https:\/\/www.wallendorff.com\/belogue\/wp-content\/uploads\/2018\/08\/20180828-56-655x437.jpg 655w, https:\/\/www.wallendorff.com\/belogue\/wp-content\/uploads\/2018\/08\/20180828-56-600x400.jpg 600w\" sizes=\"(max-width: 1170px) 100vw, 1170px\" \/><\/a>\n\t\t\t<\/div>\n\t\t\t\t<figcaption class='wp-caption-text gallery-caption' id='gallery-1-39805'>\n\t\t\t\tShaka Ponk @ le Cabaret Vert, Charleville-M\u00e9zi\u00e8res, 25\/08\/2018\n\t\t\t\t<\/figcaption><\/figure><figure class='gallery-item'>\n\t\t\t<div class='gallery-icon portrait'>\n\t\t\t\t<a href='https:\/\/www.wallendorff.com\/belogue\/2018\/08\/28\/le-cabaret-vert-2018-jour-3\/shaka-ponk-le-cabaret-vert-charleville-mezieres-25-08-2018-8\/'><img loading=\"lazy\" decoding=\"async\" width=\"683\" height=\"1024\" src=\"https:\/\/www.wallendorff.com\/belogue\/wp-content\/uploads\/2018\/08\/20180828-57-683x1024.jpg\" class=\"attachment-large size-large\" alt=\"\" aria-describedby=\"gallery-1-39806\" srcset=\"https:\/\/www.wallendorff.com\/belogue\/wp-content\/uploads\/2018\/08\/20180828-57-683x1024.jpg 683w, https:\/\/www.wallendorff.com\/belogue\/wp-content\/uploads\/2018\/08\/20180828-57-133x200.jpg 133w, https:\/\/www.wallendorff.com\/belogue\/wp-content\/uploads\/2018\/08\/20180828-57-200x300.jpg 200w, https:\/\/www.wallendorff.com\/belogue\/wp-content\/uploads\/2018\/08\/20180828-57-558x837.jpg 558w, https:\/\/www.wallendorff.com\/belogue\/wp-content\/uploads\/2018\/08\/20180828-57-655x983.jpg 655w, https:\/\/www.wallendorff.com\/belogue\/wp-content\/uploads\/2018\/08\/20180828-57-600x900.jpg 600w, https:\/\/www.wallendorff.com\/belogue\/wp-content\/uploads\/2018\/08\/20180828-57.jpg 780w\" sizes=\"(max-width: 683px) 100vw, 683px\" \/><\/a>\n\t\t\t<\/div>\n\t\t\t\t<figcaption class='wp-caption-text gallery-caption' id='gallery-1-39806'>\n\t\t\t\tShaka Ponk @ le Cabaret Vert, Charleville-M\u00e9zi\u00e8res, 25\/08\/2018\n\t\t\t\t<\/figcaption><\/figure><figure class='gallery-item'>\n\t\t\t<div class='gallery-icon landscape'>\n\t\t\t\t<a href='https:\/\/www.wallendorff.com\/belogue\/2018\/08\/28\/le-cabaret-vert-2018-jour-3\/le-cabaret-vert-charleville-mezieres-25-08-2018-20\/'><img loading=\"lazy\" decoding=\"async\" width=\"1170\" height=\"780\" src=\"https:\/\/www.wallendorff.com\/belogue\/wp-content\/uploads\/2018\/08\/20180828-58-1170x780.jpg\" class=\"attachment-large size-large\" alt=\"\" aria-describedby=\"gallery-1-39807\" srcset=\"https:\/\/www.wallendorff.com\/belogue\/wp-content\/uploads\/2018\/08\/20180828-58.jpg 1170w, https:\/\/www.wallendorff.com\/belogue\/wp-content\/uploads\/2018\/08\/20180828-58-820x547.jpg 820w, https:\/\/www.wallendorff.com\/belogue\/wp-content\/uploads\/2018\/08\/20180828-58-200x133.jpg 200w, https:\/\/www.wallendorff.com\/belogue\/wp-content\/uploads\/2018\/08\/20180828-58-300x200.jpg 300w, https:\/\/www.wallendorff.com\/belogue\/wp-content\/uploads\/2018\/08\/20180828-58-1116x744.jpg 1116w, https:\/\/www.wallendorff.com\/belogue\/wp-content\/uploads\/2018\/08\/20180828-58-806x537.jpg 806w, https:\/\/www.wallendorff.com\/belogue\/wp-content\/uploads\/2018\/08\/20180828-58-558x372.jpg 558w, https:\/\/www.wallendorff.com\/belogue\/wp-content\/uploads\/2018\/08\/20180828-58-655x437.jpg 655w, https:\/\/www.wallendorff.com\/belogue\/wp-content\/uploads\/2018\/08\/20180828-58-600x400.jpg 600w\" sizes=\"(max-width: 1170px) 100vw, 1170px\" \/><\/a>\n\t\t\t<\/div>\n\t\t\t\t<figcaption class='wp-caption-text gallery-caption' id='gallery-1-39807'>\n\t\t\t\tLe Cabaret Vert, Charleville-M\u00e9zi\u00e8res, 25\/08\/2018\n\t\t\t\t<\/figcaption><\/figure><figure class='gallery-item'>\n\t\t\t<div class='gallery-icon landscape'>\n\t\t\t\t<a href='https:\/\/www.wallendorff.com\/belogue\/2018\/08\/28\/le-cabaret-vert-2018-jour-3\/shaka-ponk-le-cabaret-vert-charleville-mezieres-25-08-2018-9\/'><img loading=\"lazy\" decoding=\"async\" width=\"1170\" height=\"780\" src=\"https:\/\/www.wallendorff.com\/belogue\/wp-content\/uploads\/2018\/08\/20180828-59-1170x780.jpg\" class=\"attachment-large size-large\" alt=\"\" aria-describedby=\"gallery-1-39808\" srcset=\"https:\/\/www.wallendorff.com\/belogue\/wp-content\/uploads\/2018\/08\/20180828-59.jpg 1170w, https:\/\/www.wallendorff.com\/belogue\/wp-content\/uploads\/2018\/08\/20180828-59-820x547.jpg 820w, https:\/\/www.wallendorff.com\/belogue\/wp-content\/uploads\/2018\/08\/20180828-59-200x133.jpg 200w, https:\/\/www.wallendorff.com\/belogue\/wp-content\/uploads\/2018\/08\/20180828-59-300x200.jpg 300w, https:\/\/www.wallendorff.com\/belogue\/wp-content\/uploads\/2018\/08\/20180828-59-1116x744.jpg 1116w, https:\/\/www.wallendorff.com\/belogue\/wp-content\/uploads\/2018\/08\/20180828-59-806x537.jpg 806w, https:\/\/www.wallendorff.com\/belogue\/wp-content\/uploads\/2018\/08\/20180828-59-558x372.jpg 558w, https:\/\/www.wallendorff.com\/belogue\/wp-content\/uploads\/2018\/08\/20180828-59-655x437.jpg 655w, https:\/\/www.wallendorff.com\/belogue\/wp-content\/uploads\/2018\/08\/20180828-59-600x400.jpg 600w\" sizes=\"(max-width: 1170px) 100vw, 1170px\" \/><\/a>\n\t\t\t<\/div>\n\t\t\t\t<figcaption class='wp-caption-text gallery-caption' id='gallery-1-39808'>\n\t\t\t\tShaka Ponk @ le Cabaret Vert, Charleville-M\u00e9zi\u00e8res, 25\/08\/2018\n\t\t\t\t<\/figcaption><\/figure><figure class='gallery-item'>\n\t\t\t<div class='gallery-icon landscape'>\n\t\t\t\t<a href='https:\/\/www.wallendorff.com\/belogue\/2018\/08\/28\/le-cabaret-vert-2018-jour-3\/le-cabaret-vert-charleville-mezieres-25-08-2018-21\/'><img loading=\"lazy\" decoding=\"async\" width=\"1170\" height=\"780\" src=\"https:\/\/www.wallendorff.com\/belogue\/wp-content\/uploads\/2018\/08\/20180828-60-1170x780.jpg\" class=\"attachment-large size-large\" alt=\"\" aria-describedby=\"gallery-1-39809\" srcset=\"https:\/\/www.wallendorff.com\/belogue\/wp-content\/uploads\/2018\/08\/20180828-60.jpg 1170w, https:\/\/www.wallendorff.com\/belogue\/wp-content\/uploads\/2018\/08\/20180828-60-820x547.jpg 820w, https:\/\/www.wallendorff.com\/belogue\/wp-content\/uploads\/2018\/08\/20180828-60-200x133.jpg 200w, https:\/\/www.wallendorff.com\/belogue\/wp-content\/uploads\/2018\/08\/20180828-60-300x200.jpg 300w, https:\/\/www.wallendorff.com\/belogue\/wp-content\/uploads\/2018\/08\/20180828-60-1116x744.jpg 1116w, https:\/\/www.wallendorff.com\/belogue\/wp-content\/uploads\/2018\/08\/20180828-60-806x537.jpg 806w, https:\/\/www.wallendorff.com\/belogue\/wp-content\/uploads\/2018\/08\/20180828-60-558x372.jpg 558w, https:\/\/www.wallendorff.com\/belogue\/wp-content\/uploads\/2018\/08\/20180828-60-655x437.jpg 655w, https:\/\/www.wallendorff.com\/belogue\/wp-content\/uploads\/2018\/08\/20180828-60-600x400.jpg 600w\" sizes=\"(max-width: 1170px) 100vw, 1170px\" \/><\/a>\n\t\t\t<\/div>\n\t\t\t\t<figcaption class='wp-caption-text gallery-caption' id='gallery-1-39809'>\n\t\t\t\tLe Cabaret Vert, Charleville-M\u00e9zi\u00e8res, 25\/08\/2018\n\t\t\t\t<\/figcaption><\/figure>\n\t\t<\/div>\n\n","protected":false},"excerpt":{"rendered":"<p>Les autres jours s(er)ont publi\u00e9s sur ce lien.<\/p>\n","protected":false},"author":1,"featured_media":39803,"comment_status":"open","ping_status":"open","sticky":false,"template":"","format":"standard","meta":{"_acf_changed":false,"ngg_post_thumbnail":0,"jetpack_post_was_ever_published":false,"_jetpack_newsletter_access":"","_jetpack_dont_email_post_to_subs":false,"_jetpack_newsletter_tier_id":0,"_jetpack_memberships_contains_paywalled_content":false,"_jetpack_memberships_contains_paid_content":false,"footnotes":"","jetpack_publicize_message":"","jetpack_publicize_feature_enabled":true,"jetpack_social_post_already_shared":true,"jetpack_social_options":{"image_generator_settings":{"template":"highway","default_image_id":0,"font":"","enabled":false},"version":2}},"categories":[7],"tags":[14460,10084,6103,10255,8170,181,6766,8351,10254,10321,10136,10120,14271,14890,14084,14145,15037,15039,10172,15040,10135,13650,14274,10910,14147],"class_list":["post-39747","post","type-post","status-publish","format-standard","has-post-thumbnail","hentry","category-alive","tag-14460","tag-alive","tag-ambiance-2","tag-ardenne","tag-ef-24-70-mm-f2-8l-ii-usm","tag-ef-70-200-mm-f28l-usm","tag-eos-5d-mark-iii","tag-eos-6d","tag-champagne-ardenne","tag-charleville-mezieres","tag-festival","tag-france","tag-fujifilm-x-t2","tag-fujinon-xf-10-24-mm-f-4-r-ois","tag-idles","tag-le-cabaret-vert","tag-le-cabaret-vert-2018","tag-moha-la-squale","tag-phoenix","tag-protomartyr","tag-public","tag-ron-gallo","tag-samyang-8-mm-f2-8-umc-fisheye-ii","tag-shaka-ponk","tag-square-bayard"],"acf":[],"geo":{"latitude":49.7627487,"longitude":4.715404,"description":"Charleville-M\u00e9zi\u00e8res, Grand-Est, 08000, FR"},"jetpack_publicize_connections":[],"jetpack_featured_media_url":"https:\/\/www.wallendorff.com\/belogue\/wp-content\/uploads\/2018\/08\/20180828-54.jpg","jetpack_shortlink":"https:\/\/wp.me\/p3b35P-al5","jetpack_sharing_enabled":true,"jetpack-related-posts":[{"id":13190,"url":"https:\/\/www.wallendorff.com\/belogue\/2011\/08\/31\/the-wombats-le-cabaret-vert-charleville-mezieres-26-aout\/","url_meta":{"origin":39747,"position":0},"title":"The Wombats @ le Cabaret Vert, Charleville-M\u00e9zi\u00e8res, 26 ao\u00fbt.","author":"dpc","date":"31 ao\u00fbt 2011","format":false,"excerpt":"\u00a0The Wombats \u2013 1996 [youtube]http:\/\/www.youtube.com\/watch?v=m3ZwhfIG6cw[\/youtube]","rel":"","context":"Dans &quot;Alive&quot;","block_context":{"text":"Alive","link":"https:\/\/www.wallendorff.com\/belogue\/category\/alive\/"},"img":{"alt_text":"","src":"https:\/\/i0.wp.com\/www.wallendorff.com\/belogue\/wp-content\/uploads\/2015\/04\/201108311.jpg?resize=350%2C200&ssl=1","width":350,"height":200,"srcset":"https:\/\/i0.wp.com\/www.wallendorff.com\/belogue\/wp-content\/uploads\/2015\/04\/201108311.jpg?resize=350%2C200&ssl=1 1x, https:\/\/i0.wp.com\/www.wallendorff.com\/belogue\/wp-content\/uploads\/2015\/04\/201108311.jpg?resize=525%2C300&ssl=1 1.5x, https:\/\/i0.wp.com\/www.wallendorff.com\/belogue\/wp-content\/uploads\/2015\/04\/201108311.jpg?resize=700%2C400&ssl=1 2x"},"classes":[]},{"id":35561,"url":"https:\/\/www.wallendorff.com\/belogue\/2017\/08\/25\/le-cabaret-vert-2017-jour-1\/","url_meta":{"origin":39747,"position":1},"title":"Le Cabaret Vert 2017, jour 1.","author":"dpc","date":"25 ao\u00fbt 2017","format":false,"excerpt":"","rel":"","context":"Dans &quot;Alive&quot;","block_context":{"text":"Alive","link":"https:\/\/www.wallendorff.com\/belogue\/category\/alive\/"},"img":{"alt_text":"","src":"https:\/\/i0.wp.com\/www.wallendorff.com\/belogue\/wp-content\/uploads\/2017\/08\/20170825-39.jpg?resize=350%2C200&ssl=1","width":350,"height":200,"srcset":"https:\/\/i0.wp.com\/www.wallendorff.com\/belogue\/wp-content\/uploads\/2017\/08\/20170825-39.jpg?resize=350%2C200&ssl=1 1x, https:\/\/i0.wp.com\/www.wallendorff.com\/belogue\/wp-content\/uploads\/2017\/08\/20170825-39.jpg?resize=525%2C300&ssl=1 1.5x, https:\/\/i0.wp.com\/www.wallendorff.com\/belogue\/wp-content\/uploads\/2017\/08\/20170825-39.jpg?resize=700%2C400&ssl=1 2x"},"classes":[]},{"id":35698,"url":"https:\/\/www.wallendorff.com\/belogue\/2017\/08\/27\/le-cabaret-vert-2017-jour-3\/","url_meta":{"origin":39747,"position":2},"title":"Le Cabaret Vert 2017, jour 3.","author":"dpc","date":"27 ao\u00fbt 2017","format":false,"excerpt":"","rel":"","context":"Dans &quot;Alive&quot;","block_context":{"text":"Alive","link":"https:\/\/www.wallendorff.com\/belogue\/category\/alive\/"},"img":{"alt_text":"","src":"https:\/\/i0.wp.com\/www.wallendorff.com\/belogue\/wp-content\/uploads\/2017\/08\/20170827-28.jpg?resize=350%2C200&ssl=1","width":350,"height":200,"srcset":"https:\/\/i0.wp.com\/www.wallendorff.com\/belogue\/wp-content\/uploads\/2017\/08\/20170827-28.jpg?resize=350%2C200&ssl=1 1x, https:\/\/i0.wp.com\/www.wallendorff.com\/belogue\/wp-content\/uploads\/2017\/08\/20170827-28.jpg?resize=525%2C300&ssl=1 1.5x, https:\/\/i0.wp.com\/www.wallendorff.com\/belogue\/wp-content\/uploads\/2017\/08\/20170827-28.jpg?resize=700%2C400&ssl=1 2x"},"classes":[]},{"id":35752,"url":"https:\/\/www.wallendorff.com\/belogue\/2017\/08\/28\/le-cabaret-vert-2017-jour-4\/","url_meta":{"origin":39747,"position":3},"title":"Le Cabaret Vert 2017, jour 4.","author":"dpc","date":"28 ao\u00fbt 2017","format":false,"excerpt":"","rel":"","context":"Dans &quot;Alive&quot;","block_context":{"text":"Alive","link":"https:\/\/www.wallendorff.com\/belogue\/category\/alive\/"},"img":{"alt_text":"","src":"https:\/\/i0.wp.com\/www.wallendorff.com\/belogue\/wp-content\/uploads\/2017\/08\/20170828-06.jpg?resize=350%2C200&ssl=1","width":350,"height":200,"srcset":"https:\/\/i0.wp.com\/www.wallendorff.com\/belogue\/wp-content\/uploads\/2017\/08\/20170828-06.jpg?resize=350%2C200&ssl=1 1x, https:\/\/i0.wp.com\/www.wallendorff.com\/belogue\/wp-content\/uploads\/2017\/08\/20170828-06.jpg?resize=525%2C300&ssl=1 1.5x, https:\/\/i0.wp.com\/www.wallendorff.com\/belogue\/wp-content\/uploads\/2017\/08\/20170828-06.jpg?resize=700%2C400&ssl=1 2x"},"classes":[]},{"id":39689,"url":"https:\/\/www.wallendorff.com\/belogue\/2018\/08\/27\/le-cabaret-vert-2018-jour-1\/","url_meta":{"origin":39747,"position":4},"title":"Le Cabaret Vert 2018, jour 2.","author":"dpc","date":"27 ao\u00fbt 2018","format":false,"excerpt":"Les autres jours s(er)ont publi\u00e9s sur ce lien.","rel":"","context":"Dans &quot;Alive&quot;","block_context":{"text":"Alive","link":"https:\/\/www.wallendorff.com\/belogue\/category\/alive\/"},"img":{"alt_text":"","src":"https:\/\/i0.wp.com\/www.wallendorff.com\/belogue\/wp-content\/uploads\/2018\/08\/20180827-44.jpg?resize=350%2C200&ssl=1","width":350,"height":200,"srcset":"https:\/\/i0.wp.com\/www.wallendorff.com\/belogue\/wp-content\/uploads\/2018\/08\/20180827-44.jpg?resize=350%2C200&ssl=1 1x, https:\/\/i0.wp.com\/www.wallendorff.com\/belogue\/wp-content\/uploads\/2018\/08\/20180827-44.jpg?resize=525%2C300&ssl=1 1.5x, https:\/\/i0.wp.com\/www.wallendorff.com\/belogue\/wp-content\/uploads\/2018\/08\/20180827-44.jpg?resize=700%2C400&ssl=1 2x, https:\/\/i0.wp.com\/www.wallendorff.com\/belogue\/wp-content\/uploads\/2018\/08\/20180827-44.jpg?resize=1050%2C600&ssl=1 3x"},"classes":[]},{"id":43562,"url":"https:\/\/www.wallendorff.com\/belogue\/2019\/08\/25\/le-cabaret-vert-2019-charleville-mezieres-jour-2\/","url_meta":{"origin":39747,"position":5},"title":"Le Cabaret Vert 2019, Charleville-M\u00e9zi\u00e8res, jour 2","author":"dpc","date":"25 ao\u00fbt 2019","format":false,"excerpt":"","rel":"","context":"Dans &quot;Alive&quot;","block_context":{"text":"Alive","link":"https:\/\/www.wallendorff.com\/belogue\/category\/alive\/"},"img":{"alt_text":"","src":"https:\/\/i0.wp.com\/www.wallendorff.com\/belogue\/wp-content\/uploads\/2019\/08\/20190825-84.jpg?resize=350%2C200&ssl=1","width":350,"height":200,"srcset":"https:\/\/i0.wp.com\/www.wallendorff.com\/belogue\/wp-content\/uploads\/2019\/08\/20190825-84.jpg?resize=350%2C200&ssl=1 1x, https:\/\/i0.wp.com\/www.wallendorff.com\/belogue\/wp-content\/uploads\/2019\/08\/20190825-84.jpg?resize=525%2C300&ssl=1 1.5x, https:\/\/i0.wp.com\/www.wallendorff.com\/belogue\/wp-content\/uploads\/2019\/08\/20190825-84.jpg?resize=700%2C400&ssl=1 2x, https:\/\/i0.wp.com\/www.wallendorff.com\/belogue\/wp-content\/uploads\/2019\/08\/20190825-84.jpg?resize=1050%2C600&ssl=1 3x"},"classes":[]}],"_links":{"self":[{"href":"https:\/\/www.wallendorff.com\/belogue\/wp-json\/wp\/v2\/posts\/39747","targetHints":{"allow":["GET"]}}],"collection":[{"href":"https:\/\/www.wallendorff.com\/belogue\/wp-json\/wp\/v2\/posts"}],"about":[{"href":"https:\/\/www.wallendorff.com\/belogue\/wp-json\/wp\/v2\/types\/post"}],"author":[{"embeddable":true,"href":"https:\/\/www.wallendorff.com\/belogue\/wp-json\/wp\/v2\/users\/1"}],"replies":[{"embeddable":true,"href":"https:\/\/www.wallendorff.com\/belogue\/wp-json\/wp\/v2\/comments?post=39747"}],"version-history":[{"count":4,"href":"https:\/\/www.wallendorff.com\/belogue\/wp-json\/wp\/v2\/posts\/39747\/revisions"}],"predecessor-version":[{"id":39811,"href":"https:\/\/www.wallendorff.com\/belogue\/wp-json\/wp\/v2\/posts\/39747\/revisions\/39811"}],"wp:featuredmedia":[{"embeddable":true,"href":"https:\/\/www.wallendorff.com\/belogue\/wp-json\/wp\/v2\/media\/39803"}],"wp:attachment":[{"href":"https:\/\/www.wallendorff.com\/belogue\/wp-json\/wp\/v2\/media?parent=39747"}],"wp:term":[{"taxonomy":"category","embeddable":true,"href":"https:\/\/www.wallendorff.com\/belogue\/wp-json\/wp\/v2\/categories?post=39747"},{"taxonomy":"post_tag","embeddable":true,"href":"https:\/\/www.wallendorff.com\/belogue\/wp-json\/wp\/v2\/tags?post=39747"}],"curies":[{"name":"wp","href":"https:\/\/api.w.org\/{rel}","templated":true}]}}