{"id":397,"date":"2005-04-21T00:06:20","date_gmt":"2005-04-21T00:06:20","guid":{"rendered":"http:\/\/www.po-l.com\/wordpress\/?p=397"},"modified":"2012-03-22T11:45:09","modified_gmt":"2012-03-22T09:45:09","slug":"orchidee-bleue","status":"publish","type":"post","link":"https:\/\/www.wallendorff.com\/belogue\/2005\/04\/21\/orchidee-bleue\/","title":{"rendered":"Orchid&eacute;e bleue."},"content":{"rendered":"\n<div id=\"photo\">\n<p><img decoding=\"async\" src=\"http:\/\/www.po-L.com\/belogue\/photo\/2005\/04\/20050421.jpg\" \/><br \/>\n          Boulevard Beaumarchais, Paris, 12 avril.<\/p>\n<\/p><\/div>\n<p style=\"text-align:right\">[orchid&eacute;e bleue, parce que sur la photo y a une bande blanche.]<\/p>\n<p style=\"text-align:right\">[ah]<\/p>\n<p style=\"text-align:right\">[ah]<\/p>\n<p style=\"text-align:right\">[ah]<\/p>\n<p style=\"text-align:right\">[plus &ccedil;a va, plus l&rsquo;humour devient pourri, ici.]<\/p>\n<div id=\"bandeson\">\n<p><img decoding=\"async\" src=\"https:\/\/www.wallendorff.com\/belogue\/photo\/pochettes\/w\/wiseguys_the-the_antidote.jpg\" align=\"left\" \/>&nbsp;The Wiseguys &mdash; <em>Oh La La<\/em><\/p>\n<\/p><\/div>\n","protected":false},"excerpt":{"rendered":"<p>Boulevard Beaumarchais, Paris, 12 avril. [orchid&eacute;e bleue, parce que sur la photo y a une bande blanche.] [ah] [ah] [ah] [plus &ccedil;a va, plus l&rsquo;humour devient pourri, ici.] &nbsp;The Wiseguys &mdash; Oh La La<\/p>\n","protected":false},"author":1,"featured_media":24337,"comment_status":"open","ping_status":"open","sticky":false,"template":"","format":"standard","meta":{"_acf_changed":false,"ngg_post_thumbnail":0,"jetpack_post_was_ever_published":false,"_jetpack_newsletter_access":"","_jetpack_dont_email_post_to_subs":false,"_jetpack_newsletter_tier_id":0,"_jetpack_memberships_contains_paywalled_content":false,"_jetpack_memberships_contains_paid_content":false,"footnotes":"","jetpack_publicize_message":"","jetpack_publicize_feature_enabled":true,"jetpack_social_post_already_shared":false,"jetpack_social_options":{"image_generator_settings":{"template":"highway","default_image_id":0,"font":"","enabled":false},"version":2}},"categories":[3],"tags":[10183,737,10264,155,132,10120,10121,970,10098,10688,10564,969],"class_list":["post-397","post","type-post","status-publish","format-standard","has-post-thumbnail","hentry","category-dpc","tag-10183","tag-bleu","tag-boulevard-beaumarchais","tag-ef-s-18-55-mm-f35-56-ii","tag-eos-20d","tag-france","tag-ile-de-france","tag-ooh-la-la","tag-paris","tag-paves","tag-poteau","tag-wiseguys"],"acf":[],"geo":{"latitude":48.8568573,"longitude":2.368042,"description":"33-47 Boulevard Beaumarchais, 75003 Paris, France"},"jetpack_publicize_connections":[],"jetpack_featured_media_url":"https:\/\/www.wallendorff.com\/belogue\/wp-content\/uploads\/2015\/04\/200504211.jpg","jetpack_shortlink":"https:\/\/wp.me\/p3b35P-6p","jetpack_sharing_enabled":true,"jetpack-related-posts":[{"id":1215,"url":"https:\/\/www.wallendorff.com\/belogue\/2008\/04\/24\/al-en-verra-l-an-d-rat\/","url_meta":{"origin":397,"position":0},"title":"Al en verra l&rsquo;an d&rsquo;rat.","author":"dpc","date":"24 avril 2008","format":false,"excerpt":"Boulevard Beaumarchais, Paris, 30 mars. Encore subi entendu Saez hier soir. \u00ab\u00a0Comme an \u00e9clat de rire viant consolet tristesse Comme an sauffle avenir viant raviver les brinses Comme un porfum de sauffre qui fait na\u00eetre la flomme. Jeunesse l\u00e8ve-toi.\u00a0\u00bb J'h\u00e9site entre lancer une souscription nationale pour lui payer un orthophoniste\u2026","rel":"","context":"Dans &quot;DPC&quot;","block_context":{"text":"DPC","link":"https:\/\/www.wallendorff.com\/belogue\/category\/dpc\/"},"img":{"alt_text":"","src":"https:\/\/i0.wp.com\/www.wallendorff.com\/belogue\/wp-content\/uploads\/2015\/04\/200804241.jpg?resize=350%2C200&ssl=1","width":350,"height":200},"classes":[]},{"id":13062,"url":"https:\/\/www.wallendorff.com\/belogue\/2011\/07\/27\/bord-daile-de-merle\/","url_meta":{"origin":397,"position":1},"title":"Bord d&rsquo;aile [de merle].","author":"dpc","date":"27 juillet 2011","format":false,"excerpt":"Merci, Paris, 18 juin. \u00a0The Horrors \u2013 Still Life","rel":"","context":"Dans &quot;DPC&quot;","block_context":{"text":"DPC","link":"https:\/\/www.wallendorff.com\/belogue\/category\/dpc\/"},"img":{"alt_text":"","src":"https:\/\/i0.wp.com\/www.wallendorff.com\/belogue\/wp-content\/uploads\/2015\/04\/201107271.jpg?resize=350%2C200&ssl=1","width":350,"height":200},"classes":[]},{"id":124500,"url":"https:\/\/www.wallendorff.com\/belogue\/2023\/04\/30\/avril-2023\/","url_meta":{"origin":397,"position":2},"title":"Avril 2023.","author":"dpc","date":"30 avril 2023","format":false,"excerpt":"Un chat pr\u00e9nomm\u00e9 Paupiette, un coucher de soleil, un \u00e2ne pr\u00e9nomm\u00e9 Ramette, un ap\u00e9ro, une lampe, des ombres, un immeuble, une clope, un m\u00e9tro, un mur, un chat pr\u00e9nomm\u00e9 \u00c7a-va-l\u2019Chalet, un quai de gare, un escalier de gare, un quai de gare, un resto, un chat pr\u00e9nomm\u00e9 Paupiette, un bar,\u2026","rel":"","context":"Dans &quot;Blog-note&quot;","block_context":{"text":"Blog-note","link":"https:\/\/www.wallendorff.com\/belogue\/category\/blog-note\/"},"img":{"alt_text":"","src":"https:\/\/i0.wp.com\/www.wallendorff.com\/belogue\/wp-content\/uploads\/2023\/05\/20230522-49.jpg?resize=350%2C200&ssl=1","width":350,"height":200,"srcset":"https:\/\/i0.wp.com\/www.wallendorff.com\/belogue\/wp-content\/uploads\/2023\/05\/20230522-49.jpg?resize=350%2C200&ssl=1 1x, https:\/\/i0.wp.com\/www.wallendorff.com\/belogue\/wp-content\/uploads\/2023\/05\/20230522-49.jpg?resize=525%2C300&ssl=1 1.5x, https:\/\/i0.wp.com\/www.wallendorff.com\/belogue\/wp-content\/uploads\/2023\/05\/20230522-49.jpg?resize=700%2C400&ssl=1 2x, https:\/\/i0.wp.com\/www.wallendorff.com\/belogue\/wp-content\/uploads\/2023\/05\/20230522-49.jpg?resize=1050%2C600&ssl=1 3x"},"classes":[]},{"id":351,"url":"https:\/\/www.wallendorff.com\/belogue\/2005\/06\/07\/ce-vert-severe-cerbere-se-verse-ses-verres-savere-de-vair\/","url_meta":{"origin":397,"position":3},"title":"Ce vert s&eacute;v&egrave;re Cerb&egrave;re se verse ses verres, s&rsquo;av&egrave;re de vair&sup1;.","author":"dpc","date":"7 juin 2005","format":false,"excerpt":"Forum des Halles, Paris, 19 mai. \u201cI'm having trouble just finding my soul in this town But I'll keep on trying I keep on trying.\u201d _____ 1 Titre tr\u00e8s bien choisi pour une photo \u00e0 dominante bleue. \u00a0Oasis \u2013 Part of the Queue","rel":"","context":"Dans &quot;DPC&quot;","block_context":{"text":"DPC","link":"https:\/\/www.wallendorff.com\/belogue\/category\/dpc\/"},"img":{"alt_text":"","src":"https:\/\/i0.wp.com\/www.wallendorff.com\/belogue\/wp-content\/uploads\/2015\/04\/200506071.jpg?resize=350%2C200&ssl=1","width":350,"height":200},"classes":[]},{"id":9435,"url":"https:\/\/www.wallendorff.com\/belogue\/2010\/09\/22\/sad-day-for-puppets-the-yolks-la-boule-noire-paris\/","url_meta":{"origin":397,"position":4},"title":"Sad Day for Puppets + The Yolks @ la Boule Noire, Paris.","author":"dpc","date":"22 septembre 2010","format":false,"excerpt":"Rarement vu passage \u00e0 l'acte plus d\u00e9cevant. Venu en esp\u00e9rant d\u00e9couvrir Sad Day for Puppets d\u00e9gag\u00e9 des nu\u00e9es d'\u00e9ther qui baignent leurs deux albums (Cf. bande-son), plus brut, plus direct, je suis tomb\u00e9 sur un groupe tout mou, pas aid\u00e9 du tout par un son d\u00e9plorable, tentant de sauver les\u2026","rel":"","context":"Dans &quot;Alive&quot;","block_context":{"text":"Alive","link":"https:\/\/www.wallendorff.com\/belogue\/category\/alive\/"},"img":{"alt_text":"","src":"https:\/\/i0.wp.com\/www.wallendorff.com\/belogue\/wp-content\/uploads\/2015\/04\/201009221.jpg?resize=350%2C200&ssl=1","width":350,"height":200,"srcset":"https:\/\/i0.wp.com\/www.wallendorff.com\/belogue\/wp-content\/uploads\/2015\/04\/201009221.jpg?resize=350%2C200&ssl=1 1x, https:\/\/i0.wp.com\/www.wallendorff.com\/belogue\/wp-content\/uploads\/2015\/04\/201009221.jpg?resize=525%2C300&ssl=1 1.5x, https:\/\/i0.wp.com\/www.wallendorff.com\/belogue\/wp-content\/uploads\/2015\/04\/201009221.jpg?resize=700%2C400&ssl=1 2x"},"classes":[]},{"id":9637,"url":"https:\/\/www.wallendorff.com\/belogue\/2010\/10\/11\/peu-noie-chaises\/","url_meta":{"origin":397,"position":5},"title":"Peu noie chaises.","author":"dpc","date":"11 octobre 2010","format":false,"excerpt":"\u00c9glise Saint-Sulpice, Paris, 21 ao\u00fbt. Ah et sans vouloir pol\u00e9miquer, Je tiens \u00e0 dire qu'il est quand m\u00eame curieux d'interdire l'expo de Larry Clark aux mineurs chiliens alors qu'on sait tr\u00e8s bien que le jour o\u00f9 ils sortiront, les mineurs chiliens, ils pr\u00e9f\u00e8reront aller boire des bi\u00e8res au bar de\u2026","rel":"","context":"Dans &quot;DPC&quot;","block_context":{"text":"DPC","link":"https:\/\/www.wallendorff.com\/belogue\/category\/dpc\/"},"img":{"alt_text":"","src":"https:\/\/i0.wp.com\/www.wallendorff.com\/belogue\/wp-content\/uploads\/2015\/04\/201010111.jpg?resize=350%2C200&ssl=1","width":350,"height":200},"classes":[]}],"_links":{"self":[{"href":"https:\/\/www.wallendorff.com\/belogue\/wp-json\/wp\/v2\/posts\/397","targetHints":{"allow":["GET"]}}],"collection":[{"href":"https:\/\/www.wallendorff.com\/belogue\/wp-json\/wp\/v2\/posts"}],"about":[{"href":"https:\/\/www.wallendorff.com\/belogue\/wp-json\/wp\/v2\/types\/post"}],"author":[{"embeddable":true,"href":"https:\/\/www.wallendorff.com\/belogue\/wp-json\/wp\/v2\/users\/1"}],"replies":[{"embeddable":true,"href":"https:\/\/www.wallendorff.com\/belogue\/wp-json\/wp\/v2\/comments?post=397"}],"version-history":[{"count":1,"href":"https:\/\/www.wallendorff.com\/belogue\/wp-json\/wp\/v2\/posts\/397\/revisions"}],"predecessor-version":[{"id":16478,"href":"https:\/\/www.wallendorff.com\/belogue\/wp-json\/wp\/v2\/posts\/397\/revisions\/16478"}],"wp:featuredmedia":[{"embeddable":true,"href":"https:\/\/www.wallendorff.com\/belogue\/wp-json\/wp\/v2\/media\/24337"}],"wp:attachment":[{"href":"https:\/\/www.wallendorff.com\/belogue\/wp-json\/wp\/v2\/media?parent=397"}],"wp:term":[{"taxonomy":"category","embeddable":true,"href":"https:\/\/www.wallendorff.com\/belogue\/wp-json\/wp\/v2\/categories?post=397"},{"taxonomy":"post_tag","embeddable":true,"href":"https:\/\/www.wallendorff.com\/belogue\/wp-json\/wp\/v2\/tags?post=397"}],"curies":[{"name":"wp","href":"https:\/\/api.w.org\/{rel}","templated":true}]}}