{"id":39689,"date":"2018-08-27T16:16:22","date_gmt":"2018-08-27T14:16:22","guid":{"rendered":"http:\/\/www.wallendorff.com\/belogue\/?p=39689"},"modified":"2018-08-28T11:01:15","modified_gmt":"2018-08-28T09:01:15","slug":"le-cabaret-vert-2018-jour-1","status":"publish","type":"post","link":"https:\/\/www.wallendorff.com\/belogue\/2018\/08\/27\/le-cabaret-vert-2018-jour-1\/","title":{"rendered":"Le Cabaret Vert 2018, jour 2."},"content":{"rendered":"<div id=\"photo\">\n<p><img decoding=\"async\" src=\"https:\/\/www.wallendorff.com\/belogue\/wp-content\/uploads\/2018\/08\/20180827-44.jpg\"><\/p>\n<\/div>\n<p style=\"text-align: right;\">Les autres jours s(er)ont publi\u00e9s sur <a href=\"https:\/\/www.wallendorff.com\/belogue\/tag\/le-cabaret-vert-2018\">ce lien<\/a>.<\/p>\n<div id='gallery-1' class='gallery galleryid-39689 gallery-columns-3 gallery-size-large'><figure class='gallery-item'>\n\t\t\t<div class='gallery-icon landscape'>\n\t\t\t\t<a href='https:\/\/www.wallendorff.com\/belogue\/2018\/08\/27\/le-cabaret-vert-2018-jour-1\/le-cabaret-vert-charleville-mezieres-24-08-2018\/'><img fetchpriority=\"high\" decoding=\"async\" width=\"1170\" height=\"780\" src=\"https:\/\/www.wallendorff.com\/belogue\/wp-content\/uploads\/2018\/08\/20180827-01-1170x780.jpg\" class=\"attachment-large size-large\" alt=\"\" aria-describedby=\"gallery-1-39690\" srcset=\"https:\/\/www.wallendorff.com\/belogue\/wp-content\/uploads\/2018\/08\/20180827-01.jpg 1170w, https:\/\/www.wallendorff.com\/belogue\/wp-content\/uploads\/2018\/08\/20180827-01-820x547.jpg 820w, https:\/\/www.wallendorff.com\/belogue\/wp-content\/uploads\/2018\/08\/20180827-01-200x133.jpg 200w, https:\/\/www.wallendorff.com\/belogue\/wp-content\/uploads\/2018\/08\/20180827-01-300x200.jpg 300w, https:\/\/www.wallendorff.com\/belogue\/wp-content\/uploads\/2018\/08\/20180827-01-1116x744.jpg 1116w, https:\/\/www.wallendorff.com\/belogue\/wp-content\/uploads\/2018\/08\/20180827-01-806x537.jpg 806w, https:\/\/www.wallendorff.com\/belogue\/wp-content\/uploads\/2018\/08\/20180827-01-558x372.jpg 558w, https:\/\/www.wallendorff.com\/belogue\/wp-content\/uploads\/2018\/08\/20180827-01-655x437.jpg 655w, https:\/\/www.wallendorff.com\/belogue\/wp-content\/uploads\/2018\/08\/20180827-01-600x400.jpg 600w\" sizes=\"(max-width: 1170px) 100vw, 1170px\" \/><\/a>\n\t\t\t<\/div>\n\t\t\t\t<figcaption class='wp-caption-text gallery-caption' id='gallery-1-39690'>\n\t\t\t\tLe Cabaret Vert, Charleville-M\u00e9zi\u00e8res, 24\/08\/2018\n\t\t\t\t<\/figcaption><\/figure><figure class='gallery-item'>\n\t\t\t<div class='gallery-icon landscape'>\n\t\t\t\t<a href='https:\/\/www.wallendorff.com\/belogue\/2018\/08\/27\/le-cabaret-vert-2018-jour-1\/bonaventure-et-dieumerci-le-cabaret-vert-charleville-mezieres-24-08-2018\/'><img decoding=\"async\" width=\"1170\" height=\"780\" src=\"https:\/\/www.wallendorff.com\/belogue\/wp-content\/uploads\/2018\/08\/20180827-02-1170x780.jpg\" class=\"attachment-large size-large\" alt=\"\" aria-describedby=\"gallery-1-39691\" srcset=\"https:\/\/www.wallendorff.com\/belogue\/wp-content\/uploads\/2018\/08\/20180827-02.jpg 1170w, https:\/\/www.wallendorff.com\/belogue\/wp-content\/uploads\/2018\/08\/20180827-02-820x547.jpg 820w, https:\/\/www.wallendorff.com\/belogue\/wp-content\/uploads\/2018\/08\/20180827-02-200x133.jpg 200w, https:\/\/www.wallendorff.com\/belogue\/wp-content\/uploads\/2018\/08\/20180827-02-300x200.jpg 300w, https:\/\/www.wallendorff.com\/belogue\/wp-content\/uploads\/2018\/08\/20180827-02-1116x744.jpg 1116w, https:\/\/www.wallendorff.com\/belogue\/wp-content\/uploads\/2018\/08\/20180827-02-806x537.jpg 806w, https:\/\/www.wallendorff.com\/belogue\/wp-content\/uploads\/2018\/08\/20180827-02-558x372.jpg 558w, https:\/\/www.wallendorff.com\/belogue\/wp-content\/uploads\/2018\/08\/20180827-02-655x437.jpg 655w, https:\/\/www.wallendorff.com\/belogue\/wp-content\/uploads\/2018\/08\/20180827-02-600x400.jpg 600w\" sizes=\"(max-width: 1170px) 100vw, 1170px\" \/><\/a>\n\t\t\t<\/div>\n\t\t\t\t<figcaption class='wp-caption-text gallery-caption' id='gallery-1-39691'>\n\t\t\t\tBonaventure &amp; Dieumerci @ le Cabaret Vert, Charleville-M\u00e9zi\u00e8res, 24\/08\/2018\n\t\t\t\t<\/figcaption><\/figure><figure class='gallery-item'>\n\t\t\t<div class='gallery-icon landscape'>\n\t\t\t\t<a href='https:\/\/www.wallendorff.com\/belogue\/2018\/08\/27\/le-cabaret-vert-2018-jour-1\/le-cabaret-vert-charleville-mezieres-24-08-2018-2\/'><img decoding=\"async\" width=\"1170\" height=\"780\" src=\"https:\/\/www.wallendorff.com\/belogue\/wp-content\/uploads\/2018\/08\/20180827-03-1170x780.jpg\" class=\"attachment-large size-large\" alt=\"\" aria-describedby=\"gallery-1-39692\" srcset=\"https:\/\/www.wallendorff.com\/belogue\/wp-content\/uploads\/2018\/08\/20180827-03.jpg 1170w, https:\/\/www.wallendorff.com\/belogue\/wp-content\/uploads\/2018\/08\/20180827-03-820x547.jpg 820w, https:\/\/www.wallendorff.com\/belogue\/wp-content\/uploads\/2018\/08\/20180827-03-200x133.jpg 200w, https:\/\/www.wallendorff.com\/belogue\/wp-content\/uploads\/2018\/08\/20180827-03-300x200.jpg 300w, https:\/\/www.wallendorff.com\/belogue\/wp-content\/uploads\/2018\/08\/20180827-03-1116x744.jpg 1116w, https:\/\/www.wallendorff.com\/belogue\/wp-content\/uploads\/2018\/08\/20180827-03-806x537.jpg 806w, https:\/\/www.wallendorff.com\/belogue\/wp-content\/uploads\/2018\/08\/20180827-03-558x372.jpg 558w, https:\/\/www.wallendorff.com\/belogue\/wp-content\/uploads\/2018\/08\/20180827-03-655x437.jpg 655w, https:\/\/www.wallendorff.com\/belogue\/wp-content\/uploads\/2018\/08\/20180827-03-600x400.jpg 600w\" sizes=\"(max-width: 1170px) 100vw, 1170px\" \/><\/a>\n\t\t\t<\/div>\n\t\t\t\t<figcaption class='wp-caption-text gallery-caption' id='gallery-1-39692'>\n\t\t\t\tLe Cabaret Vert, Charleville-M\u00e9zi\u00e8res, 24\/08\/2018\n\t\t\t\t<\/figcaption><\/figure><figure class='gallery-item'>\n\t\t\t<div class='gallery-icon landscape'>\n\t\t\t\t<a href='https:\/\/www.wallendorff.com\/belogue\/2018\/08\/27\/le-cabaret-vert-2018-jour-1\/bonaventure-et-dieumerci-le-cabaret-vert-charleville-mezieres-24-08-2018-2\/'><img loading=\"lazy\" decoding=\"async\" width=\"1170\" height=\"780\" src=\"https:\/\/www.wallendorff.com\/belogue\/wp-content\/uploads\/2018\/08\/20180827-04-1170x780.jpg\" class=\"attachment-large size-large\" alt=\"\" aria-describedby=\"gallery-1-39693\" srcset=\"https:\/\/www.wallendorff.com\/belogue\/wp-content\/uploads\/2018\/08\/20180827-04.jpg 1170w, https:\/\/www.wallendorff.com\/belogue\/wp-content\/uploads\/2018\/08\/20180827-04-820x547.jpg 820w, https:\/\/www.wallendorff.com\/belogue\/wp-content\/uploads\/2018\/08\/20180827-04-200x133.jpg 200w, https:\/\/www.wallendorff.com\/belogue\/wp-content\/uploads\/2018\/08\/20180827-04-300x200.jpg 300w, https:\/\/www.wallendorff.com\/belogue\/wp-content\/uploads\/2018\/08\/20180827-04-1116x744.jpg 1116w, https:\/\/www.wallendorff.com\/belogue\/wp-content\/uploads\/2018\/08\/20180827-04-806x537.jpg 806w, https:\/\/www.wallendorff.com\/belogue\/wp-content\/uploads\/2018\/08\/20180827-04-558x372.jpg 558w, https:\/\/www.wallendorff.com\/belogue\/wp-content\/uploads\/2018\/08\/20180827-04-655x437.jpg 655w, https:\/\/www.wallendorff.com\/belogue\/wp-content\/uploads\/2018\/08\/20180827-04-600x400.jpg 600w\" sizes=\"(max-width: 1170px) 100vw, 1170px\" \/><\/a>\n\t\t\t<\/div>\n\t\t\t\t<figcaption class='wp-caption-text gallery-caption' id='gallery-1-39693'>\n\t\t\t\tBonaventure &amp; Dieumerci @ le Cabaret Vert, Charleville-M\u00e9zi\u00e8res, 24\/08\/2018\n\t\t\t\t<\/figcaption><\/figure><figure class='gallery-item'>\n\t\t\t<div class='gallery-icon landscape'>\n\t\t\t\t<a href='https:\/\/www.wallendorff.com\/belogue\/2018\/08\/27\/le-cabaret-vert-2018-jour-1\/le-cabaret-vert-charleville-mezieres-24-08-2018-3\/'><img loading=\"lazy\" decoding=\"async\" width=\"1170\" height=\"780\" src=\"https:\/\/www.wallendorff.com\/belogue\/wp-content\/uploads\/2018\/08\/20180827-05-1170x780.jpg\" class=\"attachment-large size-large\" alt=\"\" aria-describedby=\"gallery-1-39694\" srcset=\"https:\/\/www.wallendorff.com\/belogue\/wp-content\/uploads\/2018\/08\/20180827-05.jpg 1170w, https:\/\/www.wallendorff.com\/belogue\/wp-content\/uploads\/2018\/08\/20180827-05-820x547.jpg 820w, https:\/\/www.wallendorff.com\/belogue\/wp-content\/uploads\/2018\/08\/20180827-05-200x133.jpg 200w, https:\/\/www.wallendorff.com\/belogue\/wp-content\/uploads\/2018\/08\/20180827-05-300x200.jpg 300w, https:\/\/www.wallendorff.com\/belogue\/wp-content\/uploads\/2018\/08\/20180827-05-1116x744.jpg 1116w, https:\/\/www.wallendorff.com\/belogue\/wp-content\/uploads\/2018\/08\/20180827-05-806x537.jpg 806w, https:\/\/www.wallendorff.com\/belogue\/wp-content\/uploads\/2018\/08\/20180827-05-558x372.jpg 558w, https:\/\/www.wallendorff.com\/belogue\/wp-content\/uploads\/2018\/08\/20180827-05-655x437.jpg 655w, https:\/\/www.wallendorff.com\/belogue\/wp-content\/uploads\/2018\/08\/20180827-05-600x400.jpg 600w\" sizes=\"(max-width: 1170px) 100vw, 1170px\" \/><\/a>\n\t\t\t<\/div>\n\t\t\t\t<figcaption class='wp-caption-text gallery-caption' id='gallery-1-39694'>\n\t\t\t\tLe Cabaret Vert, Charleville-M\u00e9zi\u00e8res, 24\/08\/2018\n\t\t\t\t<\/figcaption><\/figure><figure class='gallery-item'>\n\t\t\t<div class='gallery-icon landscape'>\n\t\t\t\t<a href='https:\/\/www.wallendorff.com\/belogue\/2018\/08\/27\/le-cabaret-vert-2018-jour-1\/le-cabaret-vert-charleville-mezieres-24-08-2018-4\/'><img loading=\"lazy\" decoding=\"async\" width=\"1170\" height=\"780\" src=\"https:\/\/www.wallendorff.com\/belogue\/wp-content\/uploads\/2018\/08\/20180827-06-1170x780.jpg\" class=\"attachment-large size-large\" alt=\"\" aria-describedby=\"gallery-1-39695\" srcset=\"https:\/\/www.wallendorff.com\/belogue\/wp-content\/uploads\/2018\/08\/20180827-06.jpg 1170w, https:\/\/www.wallendorff.com\/belogue\/wp-content\/uploads\/2018\/08\/20180827-06-820x547.jpg 820w, https:\/\/www.wallendorff.com\/belogue\/wp-content\/uploads\/2018\/08\/20180827-06-200x133.jpg 200w, https:\/\/www.wallendorff.com\/belogue\/wp-content\/uploads\/2018\/08\/20180827-06-300x200.jpg 300w, https:\/\/www.wallendorff.com\/belogue\/wp-content\/uploads\/2018\/08\/20180827-06-1116x744.jpg 1116w, https:\/\/www.wallendorff.com\/belogue\/wp-content\/uploads\/2018\/08\/20180827-06-806x537.jpg 806w, https:\/\/www.wallendorff.com\/belogue\/wp-content\/uploads\/2018\/08\/20180827-06-558x372.jpg 558w, https:\/\/www.wallendorff.com\/belogue\/wp-content\/uploads\/2018\/08\/20180827-06-655x437.jpg 655w, https:\/\/www.wallendorff.com\/belogue\/wp-content\/uploads\/2018\/08\/20180827-06-600x400.jpg 600w\" sizes=\"(max-width: 1170px) 100vw, 1170px\" \/><\/a>\n\t\t\t<\/div>\n\t\t\t\t<figcaption class='wp-caption-text gallery-caption' id='gallery-1-39695'>\n\t\t\t\tLe Cabaret Vert, Charleville-M\u00e9zi\u00e8res, 24\/08\/2018\n\t\t\t\t<\/figcaption><\/figure><figure class='gallery-item'>\n\t\t\t<div class='gallery-icon landscape'>\n\t\t\t\t<a href='https:\/\/www.wallendorff.com\/belogue\/2018\/08\/27\/le-cabaret-vert-2018-jour-1\/svinkels-le-cabaret-vert-charleville-mezieres-24-08-2018\/'><img loading=\"lazy\" decoding=\"async\" width=\"1170\" height=\"780\" src=\"https:\/\/www.wallendorff.com\/belogue\/wp-content\/uploads\/2018\/08\/20180827-07-1170x780.jpg\" class=\"attachment-large size-large\" alt=\"\" aria-describedby=\"gallery-1-39696\" srcset=\"https:\/\/www.wallendorff.com\/belogue\/wp-content\/uploads\/2018\/08\/20180827-07.jpg 1170w, https:\/\/www.wallendorff.com\/belogue\/wp-content\/uploads\/2018\/08\/20180827-07-820x547.jpg 820w, https:\/\/www.wallendorff.com\/belogue\/wp-content\/uploads\/2018\/08\/20180827-07-200x133.jpg 200w, https:\/\/www.wallendorff.com\/belogue\/wp-content\/uploads\/2018\/08\/20180827-07-300x200.jpg 300w, https:\/\/www.wallendorff.com\/belogue\/wp-content\/uploads\/2018\/08\/20180827-07-1116x744.jpg 1116w, https:\/\/www.wallendorff.com\/belogue\/wp-content\/uploads\/2018\/08\/20180827-07-806x537.jpg 806w, https:\/\/www.wallendorff.com\/belogue\/wp-content\/uploads\/2018\/08\/20180827-07-558x372.jpg 558w, https:\/\/www.wallendorff.com\/belogue\/wp-content\/uploads\/2018\/08\/20180827-07-655x437.jpg 655w, https:\/\/www.wallendorff.com\/belogue\/wp-content\/uploads\/2018\/08\/20180827-07-600x400.jpg 600w\" sizes=\"(max-width: 1170px) 100vw, 1170px\" \/><\/a>\n\t\t\t<\/div>\n\t\t\t\t<figcaption class='wp-caption-text gallery-caption' id='gallery-1-39696'>\n\t\t\t\tSvinkels @ le Cabaret Vert, Charleville-M\u00e9zi\u00e8res, 24\/08\/2018\n\t\t\t\t<\/figcaption><\/figure><figure class='gallery-item'>\n\t\t\t<div class='gallery-icon landscape'>\n\t\t\t\t<a href='https:\/\/www.wallendorff.com\/belogue\/2018\/08\/27\/le-cabaret-vert-2018-jour-1\/le-cabaret-vert-charleville-mezieres-24-08-2018-5\/'><img loading=\"lazy\" decoding=\"async\" width=\"1170\" height=\"780\" src=\"https:\/\/www.wallendorff.com\/belogue\/wp-content\/uploads\/2018\/08\/20180827-08-1170x780.jpg\" class=\"attachment-large size-large\" alt=\"\" aria-describedby=\"gallery-1-39697\" srcset=\"https:\/\/www.wallendorff.com\/belogue\/wp-content\/uploads\/2018\/08\/20180827-08.jpg 1170w, https:\/\/www.wallendorff.com\/belogue\/wp-content\/uploads\/2018\/08\/20180827-08-820x547.jpg 820w, https:\/\/www.wallendorff.com\/belogue\/wp-content\/uploads\/2018\/08\/20180827-08-200x133.jpg 200w, https:\/\/www.wallendorff.com\/belogue\/wp-content\/uploads\/2018\/08\/20180827-08-300x200.jpg 300w, https:\/\/www.wallendorff.com\/belogue\/wp-content\/uploads\/2018\/08\/20180827-08-1116x744.jpg 1116w, https:\/\/www.wallendorff.com\/belogue\/wp-content\/uploads\/2018\/08\/20180827-08-806x537.jpg 806w, https:\/\/www.wallendorff.com\/belogue\/wp-content\/uploads\/2018\/08\/20180827-08-558x372.jpg 558w, https:\/\/www.wallendorff.com\/belogue\/wp-content\/uploads\/2018\/08\/20180827-08-655x437.jpg 655w, https:\/\/www.wallendorff.com\/belogue\/wp-content\/uploads\/2018\/08\/20180827-08-600x400.jpg 600w\" sizes=\"(max-width: 1170px) 100vw, 1170px\" \/><\/a>\n\t\t\t<\/div>\n\t\t\t\t<figcaption class='wp-caption-text gallery-caption' id='gallery-1-39697'>\n\t\t\t\tLe Cabaret Vert, Charleville-M\u00e9zi\u00e8res, 24\/08\/2018\n\t\t\t\t<\/figcaption><\/figure><figure class='gallery-item'>\n\t\t\t<div class='gallery-icon landscape'>\n\t\t\t\t<a href='https:\/\/www.wallendorff.com\/belogue\/2018\/08\/27\/le-cabaret-vert-2018-jour-1\/svinkels-le-cabaret-vert-charleville-mezieres-24-08-2018-2\/'><img loading=\"lazy\" decoding=\"async\" width=\"1170\" height=\"780\" src=\"https:\/\/www.wallendorff.com\/belogue\/wp-content\/uploads\/2018\/08\/20180827-09-1170x780.jpg\" class=\"attachment-large size-large\" alt=\"\" aria-describedby=\"gallery-1-39698\" srcset=\"https:\/\/www.wallendorff.com\/belogue\/wp-content\/uploads\/2018\/08\/20180827-09.jpg 1170w, https:\/\/www.wallendorff.com\/belogue\/wp-content\/uploads\/2018\/08\/20180827-09-820x547.jpg 820w, https:\/\/www.wallendorff.com\/belogue\/wp-content\/uploads\/2018\/08\/20180827-09-200x133.jpg 200w, https:\/\/www.wallendorff.com\/belogue\/wp-content\/uploads\/2018\/08\/20180827-09-300x200.jpg 300w, https:\/\/www.wallendorff.com\/belogue\/wp-content\/uploads\/2018\/08\/20180827-09-1116x744.jpg 1116w, https:\/\/www.wallendorff.com\/belogue\/wp-content\/uploads\/2018\/08\/20180827-09-806x537.jpg 806w, https:\/\/www.wallendorff.com\/belogue\/wp-content\/uploads\/2018\/08\/20180827-09-558x372.jpg 558w, https:\/\/www.wallendorff.com\/belogue\/wp-content\/uploads\/2018\/08\/20180827-09-655x437.jpg 655w, https:\/\/www.wallendorff.com\/belogue\/wp-content\/uploads\/2018\/08\/20180827-09-600x400.jpg 600w\" sizes=\"(max-width: 1170px) 100vw, 1170px\" \/><\/a>\n\t\t\t<\/div>\n\t\t\t\t<figcaption class='wp-caption-text gallery-caption' id='gallery-1-39698'>\n\t\t\t\tSvinkels @ le Cabaret Vert, Charleville-M\u00e9zi\u00e8res, 24\/08\/2018\n\t\t\t\t<\/figcaption><\/figure><figure class='gallery-item'>\n\t\t\t<div class='gallery-icon landscape'>\n\t\t\t\t<a href='https:\/\/www.wallendorff.com\/belogue\/2018\/08\/27\/le-cabaret-vert-2018-jour-1\/svinkels-le-cabaret-vert-charleville-mezieres-24-08-2018-3\/'><img loading=\"lazy\" decoding=\"async\" width=\"1170\" height=\"780\" src=\"https:\/\/www.wallendorff.com\/belogue\/wp-content\/uploads\/2018\/08\/20180827-10-1170x780.jpg\" class=\"attachment-large size-large\" alt=\"\" aria-describedby=\"gallery-1-39699\" srcset=\"https:\/\/www.wallendorff.com\/belogue\/wp-content\/uploads\/2018\/08\/20180827-10.jpg 1170w, https:\/\/www.wallendorff.com\/belogue\/wp-content\/uploads\/2018\/08\/20180827-10-820x547.jpg 820w, https:\/\/www.wallendorff.com\/belogue\/wp-content\/uploads\/2018\/08\/20180827-10-200x133.jpg 200w, https:\/\/www.wallendorff.com\/belogue\/wp-content\/uploads\/2018\/08\/20180827-10-300x200.jpg 300w, https:\/\/www.wallendorff.com\/belogue\/wp-content\/uploads\/2018\/08\/20180827-10-1116x744.jpg 1116w, https:\/\/www.wallendorff.com\/belogue\/wp-content\/uploads\/2018\/08\/20180827-10-806x537.jpg 806w, https:\/\/www.wallendorff.com\/belogue\/wp-content\/uploads\/2018\/08\/20180827-10-558x372.jpg 558w, https:\/\/www.wallendorff.com\/belogue\/wp-content\/uploads\/2018\/08\/20180827-10-655x437.jpg 655w, https:\/\/www.wallendorff.com\/belogue\/wp-content\/uploads\/2018\/08\/20180827-10-600x400.jpg 600w\" sizes=\"(max-width: 1170px) 100vw, 1170px\" \/><\/a>\n\t\t\t<\/div>\n\t\t\t\t<figcaption class='wp-caption-text gallery-caption' id='gallery-1-39699'>\n\t\t\t\tSvinkels @ le Cabaret Vert, Charleville-M\u00e9zi\u00e8res, 24\/08\/2018\n\t\t\t\t<\/figcaption><\/figure><figure class='gallery-item'>\n\t\t\t<div class='gallery-icon landscape'>\n\t\t\t\t<a href='https:\/\/www.wallendorff.com\/belogue\/2018\/08\/27\/le-cabaret-vert-2018-jour-1\/svinkels-le-cabaret-vert-charleville-mezieres-24-08-2018-4\/'><img loading=\"lazy\" decoding=\"async\" width=\"1170\" height=\"780\" src=\"https:\/\/www.wallendorff.com\/belogue\/wp-content\/uploads\/2018\/08\/20180827-11-1170x780.jpg\" class=\"attachment-large size-large\" alt=\"\" aria-describedby=\"gallery-1-39700\" srcset=\"https:\/\/www.wallendorff.com\/belogue\/wp-content\/uploads\/2018\/08\/20180827-11.jpg 1170w, https:\/\/www.wallendorff.com\/belogue\/wp-content\/uploads\/2018\/08\/20180827-11-820x547.jpg 820w, https:\/\/www.wallendorff.com\/belogue\/wp-content\/uploads\/2018\/08\/20180827-11-200x133.jpg 200w, https:\/\/www.wallendorff.com\/belogue\/wp-content\/uploads\/2018\/08\/20180827-11-300x200.jpg 300w, https:\/\/www.wallendorff.com\/belogue\/wp-content\/uploads\/2018\/08\/20180827-11-1116x744.jpg 1116w, https:\/\/www.wallendorff.com\/belogue\/wp-content\/uploads\/2018\/08\/20180827-11-806x537.jpg 806w, https:\/\/www.wallendorff.com\/belogue\/wp-content\/uploads\/2018\/08\/20180827-11-558x372.jpg 558w, https:\/\/www.wallendorff.com\/belogue\/wp-content\/uploads\/2018\/08\/20180827-11-655x437.jpg 655w, https:\/\/www.wallendorff.com\/belogue\/wp-content\/uploads\/2018\/08\/20180827-11-600x400.jpg 600w\" sizes=\"(max-width: 1170px) 100vw, 1170px\" \/><\/a>\n\t\t\t<\/div>\n\t\t\t\t<figcaption class='wp-caption-text gallery-caption' id='gallery-1-39700'>\n\t\t\t\tSvinkels @ le Cabaret Vert, Charleville-M\u00e9zi\u00e8res, 24\/08\/2018\n\t\t\t\t<\/figcaption><\/figure><figure class='gallery-item'>\n\t\t\t<div class='gallery-icon landscape'>\n\t\t\t\t<a href='https:\/\/www.wallendorff.com\/belogue\/2018\/08\/27\/le-cabaret-vert-2018-jour-1\/le-cabaret-vert-charleville-mezieres-24-08-2018-6\/'><img loading=\"lazy\" decoding=\"async\" width=\"1170\" height=\"780\" src=\"https:\/\/www.wallendorff.com\/belogue\/wp-content\/uploads\/2018\/08\/20180827-12-1170x780.jpg\" class=\"attachment-large size-large\" alt=\"\" aria-describedby=\"gallery-1-39701\" srcset=\"https:\/\/www.wallendorff.com\/belogue\/wp-content\/uploads\/2018\/08\/20180827-12.jpg 1170w, https:\/\/www.wallendorff.com\/belogue\/wp-content\/uploads\/2018\/08\/20180827-12-820x547.jpg 820w, https:\/\/www.wallendorff.com\/belogue\/wp-content\/uploads\/2018\/08\/20180827-12-200x133.jpg 200w, https:\/\/www.wallendorff.com\/belogue\/wp-content\/uploads\/2018\/08\/20180827-12-300x200.jpg 300w, https:\/\/www.wallendorff.com\/belogue\/wp-content\/uploads\/2018\/08\/20180827-12-1116x744.jpg 1116w, https:\/\/www.wallendorff.com\/belogue\/wp-content\/uploads\/2018\/08\/20180827-12-806x537.jpg 806w, https:\/\/www.wallendorff.com\/belogue\/wp-content\/uploads\/2018\/08\/20180827-12-558x372.jpg 558w, https:\/\/www.wallendorff.com\/belogue\/wp-content\/uploads\/2018\/08\/20180827-12-655x437.jpg 655w, https:\/\/www.wallendorff.com\/belogue\/wp-content\/uploads\/2018\/08\/20180827-12-600x400.jpg 600w\" sizes=\"(max-width: 1170px) 100vw, 1170px\" \/><\/a>\n\t\t\t<\/div>\n\t\t\t\t<figcaption class='wp-caption-text gallery-caption' id='gallery-1-39701'>\n\t\t\t\tLe Cabaret Vert, Charleville-M\u00e9zi\u00e8res, 24\/08\/2018\n\t\t\t\t<\/figcaption><\/figure><figure class='gallery-item'>\n\t\t\t<div class='gallery-icon landscape'>\n\t\t\t\t<a href='https:\/\/www.wallendorff.com\/belogue\/2018\/08\/27\/le-cabaret-vert-2018-jour-1\/le-cabaret-vert-charleville-mezieres-24-08-2018-7\/'><img loading=\"lazy\" decoding=\"async\" width=\"1170\" height=\"780\" src=\"https:\/\/www.wallendorff.com\/belogue\/wp-content\/uploads\/2018\/08\/20180827-13-1170x780.jpg\" class=\"attachment-large size-large\" alt=\"\" aria-describedby=\"gallery-1-39702\" srcset=\"https:\/\/www.wallendorff.com\/belogue\/wp-content\/uploads\/2018\/08\/20180827-13.jpg 1170w, https:\/\/www.wallendorff.com\/belogue\/wp-content\/uploads\/2018\/08\/20180827-13-820x547.jpg 820w, https:\/\/www.wallendorff.com\/belogue\/wp-content\/uploads\/2018\/08\/20180827-13-200x133.jpg 200w, https:\/\/www.wallendorff.com\/belogue\/wp-content\/uploads\/2018\/08\/20180827-13-300x200.jpg 300w, https:\/\/www.wallendorff.com\/belogue\/wp-content\/uploads\/2018\/08\/20180827-13-1116x744.jpg 1116w, https:\/\/www.wallendorff.com\/belogue\/wp-content\/uploads\/2018\/08\/20180827-13-806x537.jpg 806w, https:\/\/www.wallendorff.com\/belogue\/wp-content\/uploads\/2018\/08\/20180827-13-558x372.jpg 558w, https:\/\/www.wallendorff.com\/belogue\/wp-content\/uploads\/2018\/08\/20180827-13-655x437.jpg 655w, https:\/\/www.wallendorff.com\/belogue\/wp-content\/uploads\/2018\/08\/20180827-13-600x400.jpg 600w\" sizes=\"(max-width: 1170px) 100vw, 1170px\" \/><\/a>\n\t\t\t<\/div>\n\t\t\t\t<figcaption class='wp-caption-text gallery-caption' id='gallery-1-39702'>\n\t\t\t\tLe Cabaret Vert, Charleville-M\u00e9zi\u00e8res, 24\/08\/2018\n\t\t\t\t<\/figcaption><\/figure><figure class='gallery-item'>\n\t\t\t<div class='gallery-icon landscape'>\n\t\t\t\t<a href='https:\/\/www.wallendorff.com\/belogue\/2018\/08\/27\/le-cabaret-vert-2018-jour-1\/kevin-morby-le-cabaret-vert-charleville-mezieres-24-08-2018\/'><img loading=\"lazy\" decoding=\"async\" width=\"1170\" height=\"780\" src=\"https:\/\/www.wallendorff.com\/belogue\/wp-content\/uploads\/2018\/08\/20180827-14-1170x780.jpg\" class=\"attachment-large size-large\" alt=\"\" aria-describedby=\"gallery-1-39703\" srcset=\"https:\/\/www.wallendorff.com\/belogue\/wp-content\/uploads\/2018\/08\/20180827-14.jpg 1170w, https:\/\/www.wallendorff.com\/belogue\/wp-content\/uploads\/2018\/08\/20180827-14-820x547.jpg 820w, https:\/\/www.wallendorff.com\/belogue\/wp-content\/uploads\/2018\/08\/20180827-14-200x133.jpg 200w, https:\/\/www.wallendorff.com\/belogue\/wp-content\/uploads\/2018\/08\/20180827-14-300x200.jpg 300w, https:\/\/www.wallendorff.com\/belogue\/wp-content\/uploads\/2018\/08\/20180827-14-1116x744.jpg 1116w, https:\/\/www.wallendorff.com\/belogue\/wp-content\/uploads\/2018\/08\/20180827-14-806x537.jpg 806w, https:\/\/www.wallendorff.com\/belogue\/wp-content\/uploads\/2018\/08\/20180827-14-558x372.jpg 558w, https:\/\/www.wallendorff.com\/belogue\/wp-content\/uploads\/2018\/08\/20180827-14-655x437.jpg 655w, https:\/\/www.wallendorff.com\/belogue\/wp-content\/uploads\/2018\/08\/20180827-14-600x400.jpg 600w\" sizes=\"(max-width: 1170px) 100vw, 1170px\" \/><\/a>\n\t\t\t<\/div>\n\t\t\t\t<figcaption class='wp-caption-text gallery-caption' id='gallery-1-39703'>\n\t\t\t\tKevin Morby @ le Cabaret Vert, Charleville-M\u00e9zi\u00e8res, 24\/08\/2018\n\t\t\t\t<\/figcaption><\/figure><figure class='gallery-item'>\n\t\t\t<div class='gallery-icon landscape'>\n\t\t\t\t<a href='https:\/\/www.wallendorff.com\/belogue\/2018\/08\/27\/le-cabaret-vert-2018-jour-1\/kevin-morby-le-cabaret-vert-charleville-mezieres-24-08-2018-2\/'><img loading=\"lazy\" decoding=\"async\" width=\"1170\" height=\"780\" src=\"https:\/\/www.wallendorff.com\/belogue\/wp-content\/uploads\/2018\/08\/20180827-15-1170x780.jpg\" class=\"attachment-large size-large\" alt=\"\" aria-describedby=\"gallery-1-39704\" srcset=\"https:\/\/www.wallendorff.com\/belogue\/wp-content\/uploads\/2018\/08\/20180827-15.jpg 1170w, https:\/\/www.wallendorff.com\/belogue\/wp-content\/uploads\/2018\/08\/20180827-15-820x547.jpg 820w, https:\/\/www.wallendorff.com\/belogue\/wp-content\/uploads\/2018\/08\/20180827-15-200x133.jpg 200w, https:\/\/www.wallendorff.com\/belogue\/wp-content\/uploads\/2018\/08\/20180827-15-300x200.jpg 300w, https:\/\/www.wallendorff.com\/belogue\/wp-content\/uploads\/2018\/08\/20180827-15-1116x744.jpg 1116w, https:\/\/www.wallendorff.com\/belogue\/wp-content\/uploads\/2018\/08\/20180827-15-806x537.jpg 806w, https:\/\/www.wallendorff.com\/belogue\/wp-content\/uploads\/2018\/08\/20180827-15-558x372.jpg 558w, https:\/\/www.wallendorff.com\/belogue\/wp-content\/uploads\/2018\/08\/20180827-15-655x437.jpg 655w, https:\/\/www.wallendorff.com\/belogue\/wp-content\/uploads\/2018\/08\/20180827-15-600x400.jpg 600w\" sizes=\"(max-width: 1170px) 100vw, 1170px\" \/><\/a>\n\t\t\t<\/div>\n\t\t\t\t<figcaption class='wp-caption-text gallery-caption' id='gallery-1-39704'>\n\t\t\t\tKevin Morby @ le Cabaret Vert, Charleville-M\u00e9zi\u00e8res, 24\/08\/2018\n\t\t\t\t<\/figcaption><\/figure><figure class='gallery-item'>\n\t\t\t<div class='gallery-icon landscape'>\n\t\t\t\t<a href='https:\/\/www.wallendorff.com\/belogue\/2018\/08\/27\/le-cabaret-vert-2018-jour-1\/kevin-morby-le-cabaret-vert-charleville-mezieres-24-08-2018-3\/'><img loading=\"lazy\" decoding=\"async\" width=\"1170\" height=\"780\" src=\"https:\/\/www.wallendorff.com\/belogue\/wp-content\/uploads\/2018\/08\/20180827-16-1170x780.jpg\" class=\"attachment-large size-large\" alt=\"\" aria-describedby=\"gallery-1-39705\" srcset=\"https:\/\/www.wallendorff.com\/belogue\/wp-content\/uploads\/2018\/08\/20180827-16.jpg 1170w, https:\/\/www.wallendorff.com\/belogue\/wp-content\/uploads\/2018\/08\/20180827-16-820x547.jpg 820w, https:\/\/www.wallendorff.com\/belogue\/wp-content\/uploads\/2018\/08\/20180827-16-200x133.jpg 200w, https:\/\/www.wallendorff.com\/belogue\/wp-content\/uploads\/2018\/08\/20180827-16-300x200.jpg 300w, https:\/\/www.wallendorff.com\/belogue\/wp-content\/uploads\/2018\/08\/20180827-16-1116x744.jpg 1116w, https:\/\/www.wallendorff.com\/belogue\/wp-content\/uploads\/2018\/08\/20180827-16-806x537.jpg 806w, https:\/\/www.wallendorff.com\/belogue\/wp-content\/uploads\/2018\/08\/20180827-16-558x372.jpg 558w, https:\/\/www.wallendorff.com\/belogue\/wp-content\/uploads\/2018\/08\/20180827-16-655x437.jpg 655w, https:\/\/www.wallendorff.com\/belogue\/wp-content\/uploads\/2018\/08\/20180827-16-600x400.jpg 600w\" sizes=\"(max-width: 1170px) 100vw, 1170px\" \/><\/a>\n\t\t\t<\/div>\n\t\t\t\t<figcaption class='wp-caption-text gallery-caption' id='gallery-1-39705'>\n\t\t\t\tKevin Morby @ le Cabaret Vert, Charleville-M\u00e9zi\u00e8res, 24\/08\/2018\n\t\t\t\t<\/figcaption><\/figure><figure class='gallery-item'>\n\t\t\t<div class='gallery-icon landscape'>\n\t\t\t\t<a href='https:\/\/www.wallendorff.com\/belogue\/2018\/08\/27\/le-cabaret-vert-2018-jour-1\/kevin-morby-le-cabaret-vert-charleville-mezieres-24-08-2018-4\/'><img loading=\"lazy\" decoding=\"async\" width=\"1170\" height=\"780\" src=\"https:\/\/www.wallendorff.com\/belogue\/wp-content\/uploads\/2018\/08\/20180827-17-1170x780.jpg\" class=\"attachment-large size-large\" alt=\"\" aria-describedby=\"gallery-1-39706\" srcset=\"https:\/\/www.wallendorff.com\/belogue\/wp-content\/uploads\/2018\/08\/20180827-17.jpg 1170w, https:\/\/www.wallendorff.com\/belogue\/wp-content\/uploads\/2018\/08\/20180827-17-820x547.jpg 820w, https:\/\/www.wallendorff.com\/belogue\/wp-content\/uploads\/2018\/08\/20180827-17-200x133.jpg 200w, https:\/\/www.wallendorff.com\/belogue\/wp-content\/uploads\/2018\/08\/20180827-17-300x200.jpg 300w, https:\/\/www.wallendorff.com\/belogue\/wp-content\/uploads\/2018\/08\/20180827-17-1116x744.jpg 1116w, https:\/\/www.wallendorff.com\/belogue\/wp-content\/uploads\/2018\/08\/20180827-17-806x537.jpg 806w, https:\/\/www.wallendorff.com\/belogue\/wp-content\/uploads\/2018\/08\/20180827-17-558x372.jpg 558w, https:\/\/www.wallendorff.com\/belogue\/wp-content\/uploads\/2018\/08\/20180827-17-655x437.jpg 655w, https:\/\/www.wallendorff.com\/belogue\/wp-content\/uploads\/2018\/08\/20180827-17-600x400.jpg 600w\" sizes=\"(max-width: 1170px) 100vw, 1170px\" \/><\/a>\n\t\t\t<\/div>\n\t\t\t\t<figcaption class='wp-caption-text gallery-caption' id='gallery-1-39706'>\n\t\t\t\tKevin Morby @ le Cabaret Vert, Charleville-M\u00e9zi\u00e8res, 24\/08\/2018\n\t\t\t\t<\/figcaption><\/figure><figure class='gallery-item'>\n\t\t\t<div class='gallery-icon landscape'>\n\t\t\t\t<a href='https:\/\/www.wallendorff.com\/belogue\/2018\/08\/27\/le-cabaret-vert-2018-jour-1\/kevin-morby-le-cabaret-vert-charleville-mezieres-24-08-2018-5\/'><img loading=\"lazy\" decoding=\"async\" width=\"1170\" height=\"780\" src=\"https:\/\/www.wallendorff.com\/belogue\/wp-content\/uploads\/2018\/08\/20180827-18-1170x780.jpg\" class=\"attachment-large size-large\" alt=\"\" aria-describedby=\"gallery-1-39707\" srcset=\"https:\/\/www.wallendorff.com\/belogue\/wp-content\/uploads\/2018\/08\/20180827-18.jpg 1170w, https:\/\/www.wallendorff.com\/belogue\/wp-content\/uploads\/2018\/08\/20180827-18-820x547.jpg 820w, https:\/\/www.wallendorff.com\/belogue\/wp-content\/uploads\/2018\/08\/20180827-18-200x133.jpg 200w, https:\/\/www.wallendorff.com\/belogue\/wp-content\/uploads\/2018\/08\/20180827-18-300x200.jpg 300w, https:\/\/www.wallendorff.com\/belogue\/wp-content\/uploads\/2018\/08\/20180827-18-1116x744.jpg 1116w, https:\/\/www.wallendorff.com\/belogue\/wp-content\/uploads\/2018\/08\/20180827-18-806x537.jpg 806w, https:\/\/www.wallendorff.com\/belogue\/wp-content\/uploads\/2018\/08\/20180827-18-558x372.jpg 558w, https:\/\/www.wallendorff.com\/belogue\/wp-content\/uploads\/2018\/08\/20180827-18-655x437.jpg 655w, https:\/\/www.wallendorff.com\/belogue\/wp-content\/uploads\/2018\/08\/20180827-18-600x400.jpg 600w\" sizes=\"(max-width: 1170px) 100vw, 1170px\" \/><\/a>\n\t\t\t<\/div>\n\t\t\t\t<figcaption class='wp-caption-text gallery-caption' id='gallery-1-39707'>\n\t\t\t\tKevin Morby @ le Cabaret Vert, Charleville-M\u00e9zi\u00e8res, 24\/08\/2018\n\t\t\t\t<\/figcaption><\/figure><figure class='gallery-item'>\n\t\t\t<div class='gallery-icon landscape'>\n\t\t\t\t<a href='https:\/\/www.wallendorff.com\/belogue\/2018\/08\/27\/le-cabaret-vert-2018-jour-1\/seasick-steve-le-cabaret-vert-charleville-mezieres-24-08-2018\/'><img loading=\"lazy\" decoding=\"async\" width=\"1170\" height=\"780\" src=\"https:\/\/www.wallendorff.com\/belogue\/wp-content\/uploads\/2018\/08\/20180827-19-1170x780.jpg\" class=\"attachment-large size-large\" alt=\"\" aria-describedby=\"gallery-1-39708\" srcset=\"https:\/\/www.wallendorff.com\/belogue\/wp-content\/uploads\/2018\/08\/20180827-19.jpg 1170w, https:\/\/www.wallendorff.com\/belogue\/wp-content\/uploads\/2018\/08\/20180827-19-820x547.jpg 820w, https:\/\/www.wallendorff.com\/belogue\/wp-content\/uploads\/2018\/08\/20180827-19-200x133.jpg 200w, https:\/\/www.wallendorff.com\/belogue\/wp-content\/uploads\/2018\/08\/20180827-19-300x200.jpg 300w, https:\/\/www.wallendorff.com\/belogue\/wp-content\/uploads\/2018\/08\/20180827-19-1116x744.jpg 1116w, https:\/\/www.wallendorff.com\/belogue\/wp-content\/uploads\/2018\/08\/20180827-19-806x537.jpg 806w, https:\/\/www.wallendorff.com\/belogue\/wp-content\/uploads\/2018\/08\/20180827-19-558x372.jpg 558w, https:\/\/www.wallendorff.com\/belogue\/wp-content\/uploads\/2018\/08\/20180827-19-655x437.jpg 655w, https:\/\/www.wallendorff.com\/belogue\/wp-content\/uploads\/2018\/08\/20180827-19-600x400.jpg 600w\" sizes=\"(max-width: 1170px) 100vw, 1170px\" \/><\/a>\n\t\t\t<\/div>\n\t\t\t\t<figcaption class='wp-caption-text gallery-caption' id='gallery-1-39708'>\n\t\t\t\tSeasick Steve @ le Cabaret Vert, Charleville-M\u00e9zi\u00e8res, 24\/08\/2018\n\t\t\t\t<\/figcaption><\/figure><figure class='gallery-item'>\n\t\t\t<div class='gallery-icon landscape'>\n\t\t\t\t<a href='https:\/\/www.wallendorff.com\/belogue\/2018\/08\/27\/le-cabaret-vert-2018-jour-1\/le-cabaret-vert-charleville-mezieres-24-08-2018-8\/'><img loading=\"lazy\" decoding=\"async\" width=\"1170\" height=\"780\" src=\"https:\/\/www.wallendorff.com\/belogue\/wp-content\/uploads\/2018\/08\/20180827-20-1170x780.jpg\" class=\"attachment-large size-large\" alt=\"\" aria-describedby=\"gallery-1-39709\" srcset=\"https:\/\/www.wallendorff.com\/belogue\/wp-content\/uploads\/2018\/08\/20180827-20.jpg 1170w, https:\/\/www.wallendorff.com\/belogue\/wp-content\/uploads\/2018\/08\/20180827-20-820x547.jpg 820w, https:\/\/www.wallendorff.com\/belogue\/wp-content\/uploads\/2018\/08\/20180827-20-200x133.jpg 200w, https:\/\/www.wallendorff.com\/belogue\/wp-content\/uploads\/2018\/08\/20180827-20-300x200.jpg 300w, https:\/\/www.wallendorff.com\/belogue\/wp-content\/uploads\/2018\/08\/20180827-20-1116x744.jpg 1116w, https:\/\/www.wallendorff.com\/belogue\/wp-content\/uploads\/2018\/08\/20180827-20-806x537.jpg 806w, https:\/\/www.wallendorff.com\/belogue\/wp-content\/uploads\/2018\/08\/20180827-20-558x372.jpg 558w, https:\/\/www.wallendorff.com\/belogue\/wp-content\/uploads\/2018\/08\/20180827-20-655x437.jpg 655w, https:\/\/www.wallendorff.com\/belogue\/wp-content\/uploads\/2018\/08\/20180827-20-600x400.jpg 600w\" sizes=\"(max-width: 1170px) 100vw, 1170px\" \/><\/a>\n\t\t\t<\/div>\n\t\t\t\t<figcaption class='wp-caption-text gallery-caption' id='gallery-1-39709'>\n\t\t\t\tLe Cabaret Vert, Charleville-M\u00e9zi\u00e8res, 24\/08\/2018\n\t\t\t\t<\/figcaption><\/figure><figure class='gallery-item'>\n\t\t\t<div class='gallery-icon portrait'>\n\t\t\t\t<a href='https:\/\/www.wallendorff.com\/belogue\/2018\/08\/27\/le-cabaret-vert-2018-jour-1\/seasick-steve-le-cabaret-vert-charleville-mezieres-24-08-2018-2\/'><img loading=\"lazy\" decoding=\"async\" width=\"683\" height=\"1024\" src=\"https:\/\/www.wallendorff.com\/belogue\/wp-content\/uploads\/2018\/08\/20180827-21-683x1024.jpg\" class=\"attachment-large size-large\" alt=\"\" aria-describedby=\"gallery-1-39710\" srcset=\"https:\/\/www.wallendorff.com\/belogue\/wp-content\/uploads\/2018\/08\/20180827-21-683x1024.jpg 683w, https:\/\/www.wallendorff.com\/belogue\/wp-content\/uploads\/2018\/08\/20180827-21-133x200.jpg 133w, https:\/\/www.wallendorff.com\/belogue\/wp-content\/uploads\/2018\/08\/20180827-21-200x300.jpg 200w, https:\/\/www.wallendorff.com\/belogue\/wp-content\/uploads\/2018\/08\/20180827-21-558x837.jpg 558w, https:\/\/www.wallendorff.com\/belogue\/wp-content\/uploads\/2018\/08\/20180827-21-655x983.jpg 655w, https:\/\/www.wallendorff.com\/belogue\/wp-content\/uploads\/2018\/08\/20180827-21-600x900.jpg 600w, https:\/\/www.wallendorff.com\/belogue\/wp-content\/uploads\/2018\/08\/20180827-21.jpg 780w\" sizes=\"(max-width: 683px) 100vw, 683px\" \/><\/a>\n\t\t\t<\/div>\n\t\t\t\t<figcaption class='wp-caption-text gallery-caption' id='gallery-1-39710'>\n\t\t\t\tSeasick Steve @ le Cabaret Vert, Charleville-M\u00e9zi\u00e8res, 24\/08\/2018\n\t\t\t\t<\/figcaption><\/figure><figure class='gallery-item'>\n\t\t\t<div class='gallery-icon landscape'>\n\t\t\t\t<a href='https:\/\/www.wallendorff.com\/belogue\/2018\/08\/27\/le-cabaret-vert-2018-jour-1\/le-cabaret-vert-charleville-mezieres-24-08-2018-9\/'><img loading=\"lazy\" decoding=\"async\" width=\"1170\" height=\"780\" src=\"https:\/\/www.wallendorff.com\/belogue\/wp-content\/uploads\/2018\/08\/20180827-22-1170x780.jpg\" class=\"attachment-large size-large\" alt=\"\" aria-describedby=\"gallery-1-39711\" srcset=\"https:\/\/www.wallendorff.com\/belogue\/wp-content\/uploads\/2018\/08\/20180827-22.jpg 1170w, https:\/\/www.wallendorff.com\/belogue\/wp-content\/uploads\/2018\/08\/20180827-22-820x547.jpg 820w, https:\/\/www.wallendorff.com\/belogue\/wp-content\/uploads\/2018\/08\/20180827-22-200x133.jpg 200w, https:\/\/www.wallendorff.com\/belogue\/wp-content\/uploads\/2018\/08\/20180827-22-300x200.jpg 300w, https:\/\/www.wallendorff.com\/belogue\/wp-content\/uploads\/2018\/08\/20180827-22-1116x744.jpg 1116w, https:\/\/www.wallendorff.com\/belogue\/wp-content\/uploads\/2018\/08\/20180827-22-806x537.jpg 806w, https:\/\/www.wallendorff.com\/belogue\/wp-content\/uploads\/2018\/08\/20180827-22-558x372.jpg 558w, https:\/\/www.wallendorff.com\/belogue\/wp-content\/uploads\/2018\/08\/20180827-22-655x437.jpg 655w, https:\/\/www.wallendorff.com\/belogue\/wp-content\/uploads\/2018\/08\/20180827-22-600x400.jpg 600w\" sizes=\"(max-width: 1170px) 100vw, 1170px\" \/><\/a>\n\t\t\t<\/div>\n\t\t\t\t<figcaption class='wp-caption-text gallery-caption' id='gallery-1-39711'>\n\t\t\t\tLe Cabaret Vert, Charleville-M\u00e9zi\u00e8res, 24\/08\/2018\n\t\t\t\t<\/figcaption><\/figure><figure class='gallery-item'>\n\t\t\t<div class='gallery-icon landscape'>\n\t\t\t\t<a href='https:\/\/www.wallendorff.com\/belogue\/2018\/08\/27\/le-cabaret-vert-2018-jour-1\/le-cabaret-vert-charleville-mezieres-24-08-2018-10\/'><img loading=\"lazy\" decoding=\"async\" width=\"1170\" height=\"780\" src=\"https:\/\/www.wallendorff.com\/belogue\/wp-content\/uploads\/2018\/08\/20180827-23-1170x780.jpg\" class=\"attachment-large size-large\" alt=\"\" aria-describedby=\"gallery-1-39712\" srcset=\"https:\/\/www.wallendorff.com\/belogue\/wp-content\/uploads\/2018\/08\/20180827-23.jpg 1170w, https:\/\/www.wallendorff.com\/belogue\/wp-content\/uploads\/2018\/08\/20180827-23-820x547.jpg 820w, https:\/\/www.wallendorff.com\/belogue\/wp-content\/uploads\/2018\/08\/20180827-23-200x133.jpg 200w, https:\/\/www.wallendorff.com\/belogue\/wp-content\/uploads\/2018\/08\/20180827-23-300x200.jpg 300w, https:\/\/www.wallendorff.com\/belogue\/wp-content\/uploads\/2018\/08\/20180827-23-1116x744.jpg 1116w, https:\/\/www.wallendorff.com\/belogue\/wp-content\/uploads\/2018\/08\/20180827-23-806x537.jpg 806w, https:\/\/www.wallendorff.com\/belogue\/wp-content\/uploads\/2018\/08\/20180827-23-558x372.jpg 558w, https:\/\/www.wallendorff.com\/belogue\/wp-content\/uploads\/2018\/08\/20180827-23-655x437.jpg 655w, https:\/\/www.wallendorff.com\/belogue\/wp-content\/uploads\/2018\/08\/20180827-23-600x400.jpg 600w\" sizes=\"(max-width: 1170px) 100vw, 1170px\" \/><\/a>\n\t\t\t<\/div>\n\t\t\t\t<figcaption class='wp-caption-text gallery-caption' id='gallery-1-39712'>\n\t\t\t\tLe Cabaret Vert, Charleville-M\u00e9zi\u00e8res, 24\/08\/2018\n\t\t\t\t<\/figcaption><\/figure><figure class='gallery-item'>\n\t\t\t<div class='gallery-icon landscape'>\n\t\t\t\t<a href='https:\/\/www.wallendorff.com\/belogue\/2018\/08\/27\/le-cabaret-vert-2018-jour-1\/seasick-steve-le-cabaret-vert-charleville-mezieres-24-08-2018-3\/'><img loading=\"lazy\" decoding=\"async\" width=\"1170\" height=\"780\" src=\"https:\/\/www.wallendorff.com\/belogue\/wp-content\/uploads\/2018\/08\/20180827-24-1170x780.jpg\" class=\"attachment-large size-large\" alt=\"\" aria-describedby=\"gallery-1-39713\" srcset=\"https:\/\/www.wallendorff.com\/belogue\/wp-content\/uploads\/2018\/08\/20180827-24.jpg 1170w, https:\/\/www.wallendorff.com\/belogue\/wp-content\/uploads\/2018\/08\/20180827-24-820x547.jpg 820w, https:\/\/www.wallendorff.com\/belogue\/wp-content\/uploads\/2018\/08\/20180827-24-200x133.jpg 200w, https:\/\/www.wallendorff.com\/belogue\/wp-content\/uploads\/2018\/08\/20180827-24-300x200.jpg 300w, https:\/\/www.wallendorff.com\/belogue\/wp-content\/uploads\/2018\/08\/20180827-24-1116x744.jpg 1116w, https:\/\/www.wallendorff.com\/belogue\/wp-content\/uploads\/2018\/08\/20180827-24-806x537.jpg 806w, https:\/\/www.wallendorff.com\/belogue\/wp-content\/uploads\/2018\/08\/20180827-24-558x372.jpg 558w, https:\/\/www.wallendorff.com\/belogue\/wp-content\/uploads\/2018\/08\/20180827-24-655x437.jpg 655w, https:\/\/www.wallendorff.com\/belogue\/wp-content\/uploads\/2018\/08\/20180827-24-600x400.jpg 600w\" sizes=\"(max-width: 1170px) 100vw, 1170px\" \/><\/a>\n\t\t\t<\/div>\n\t\t\t\t<figcaption class='wp-caption-text gallery-caption' id='gallery-1-39713'>\n\t\t\t\tSeasick Steve @ le Cabaret Vert, Charleville-M\u00e9zi\u00e8res, 24\/08\/2018\n\t\t\t\t<\/figcaption><\/figure><figure class='gallery-item'>\n\t\t\t<div class='gallery-icon landscape'>\n\t\t\t\t<a href='https:\/\/www.wallendorff.com\/belogue\/2018\/08\/27\/le-cabaret-vert-2018-jour-1\/le-cabaret-vert-charleville-mezieres-24-08-2018-11\/'><img loading=\"lazy\" decoding=\"async\" width=\"1170\" height=\"780\" src=\"https:\/\/www.wallendorff.com\/belogue\/wp-content\/uploads\/2018\/08\/20180827-25-1170x780.jpg\" class=\"attachment-large size-large\" alt=\"\" aria-describedby=\"gallery-1-39714\" srcset=\"https:\/\/www.wallendorff.com\/belogue\/wp-content\/uploads\/2018\/08\/20180827-25.jpg 1170w, https:\/\/www.wallendorff.com\/belogue\/wp-content\/uploads\/2018\/08\/20180827-25-820x547.jpg 820w, https:\/\/www.wallendorff.com\/belogue\/wp-content\/uploads\/2018\/08\/20180827-25-200x133.jpg 200w, https:\/\/www.wallendorff.com\/belogue\/wp-content\/uploads\/2018\/08\/20180827-25-300x200.jpg 300w, https:\/\/www.wallendorff.com\/belogue\/wp-content\/uploads\/2018\/08\/20180827-25-1116x744.jpg 1116w, https:\/\/www.wallendorff.com\/belogue\/wp-content\/uploads\/2018\/08\/20180827-25-806x537.jpg 806w, https:\/\/www.wallendorff.com\/belogue\/wp-content\/uploads\/2018\/08\/20180827-25-558x372.jpg 558w, https:\/\/www.wallendorff.com\/belogue\/wp-content\/uploads\/2018\/08\/20180827-25-655x437.jpg 655w, https:\/\/www.wallendorff.com\/belogue\/wp-content\/uploads\/2018\/08\/20180827-25-600x400.jpg 600w\" sizes=\"(max-width: 1170px) 100vw, 1170px\" \/><\/a>\n\t\t\t<\/div>\n\t\t\t\t<figcaption class='wp-caption-text gallery-caption' id='gallery-1-39714'>\n\t\t\t\tLe Cabaret Vert, Charleville-M\u00e9zi\u00e8res, 24\/08\/2018\n\t\t\t\t<\/figcaption><\/figure><figure class='gallery-item'>\n\t\t\t<div class='gallery-icon landscape'>\n\t\t\t\t<a href='https:\/\/www.wallendorff.com\/belogue\/2018\/08\/27\/le-cabaret-vert-2018-jour-1\/le-cabaret-vert-charleville-mezieres-24-08-2018-12\/'><img loading=\"lazy\" decoding=\"async\" width=\"1170\" height=\"780\" src=\"https:\/\/www.wallendorff.com\/belogue\/wp-content\/uploads\/2018\/08\/20180827-26-1170x780.jpg\" class=\"attachment-large size-large\" alt=\"\" aria-describedby=\"gallery-1-39715\" srcset=\"https:\/\/www.wallendorff.com\/belogue\/wp-content\/uploads\/2018\/08\/20180827-26.jpg 1170w, https:\/\/www.wallendorff.com\/belogue\/wp-content\/uploads\/2018\/08\/20180827-26-820x547.jpg 820w, https:\/\/www.wallendorff.com\/belogue\/wp-content\/uploads\/2018\/08\/20180827-26-200x133.jpg 200w, https:\/\/www.wallendorff.com\/belogue\/wp-content\/uploads\/2018\/08\/20180827-26-300x200.jpg 300w, https:\/\/www.wallendorff.com\/belogue\/wp-content\/uploads\/2018\/08\/20180827-26-1116x744.jpg 1116w, https:\/\/www.wallendorff.com\/belogue\/wp-content\/uploads\/2018\/08\/20180827-26-806x537.jpg 806w, https:\/\/www.wallendorff.com\/belogue\/wp-content\/uploads\/2018\/08\/20180827-26-558x372.jpg 558w, https:\/\/www.wallendorff.com\/belogue\/wp-content\/uploads\/2018\/08\/20180827-26-655x437.jpg 655w, https:\/\/www.wallendorff.com\/belogue\/wp-content\/uploads\/2018\/08\/20180827-26-600x400.jpg 600w\" sizes=\"(max-width: 1170px) 100vw, 1170px\" \/><\/a>\n\t\t\t<\/div>\n\t\t\t\t<figcaption class='wp-caption-text gallery-caption' id='gallery-1-39715'>\n\t\t\t\tLe Cabaret Vert, Charleville-M\u00e9zi\u00e8res, 24\/08\/2018\n\t\t\t\t<\/figcaption><\/figure><figure class='gallery-item'>\n\t\t\t<div class='gallery-icon landscape'>\n\t\t\t\t<a href='https:\/\/www.wallendorff.com\/belogue\/2018\/08\/27\/le-cabaret-vert-2018-jour-1\/seasick-steve-le-cabaret-vert-charleville-mezieres-24-08-2018-4\/'><img loading=\"lazy\" decoding=\"async\" width=\"1170\" height=\"780\" src=\"https:\/\/www.wallendorff.com\/belogue\/wp-content\/uploads\/2018\/08\/20180827-27-1170x780.jpg\" class=\"attachment-large size-large\" alt=\"\" aria-describedby=\"gallery-1-39716\" srcset=\"https:\/\/www.wallendorff.com\/belogue\/wp-content\/uploads\/2018\/08\/20180827-27.jpg 1170w, https:\/\/www.wallendorff.com\/belogue\/wp-content\/uploads\/2018\/08\/20180827-27-820x547.jpg 820w, https:\/\/www.wallendorff.com\/belogue\/wp-content\/uploads\/2018\/08\/20180827-27-200x133.jpg 200w, https:\/\/www.wallendorff.com\/belogue\/wp-content\/uploads\/2018\/08\/20180827-27-300x200.jpg 300w, https:\/\/www.wallendorff.com\/belogue\/wp-content\/uploads\/2018\/08\/20180827-27-1116x744.jpg 1116w, https:\/\/www.wallendorff.com\/belogue\/wp-content\/uploads\/2018\/08\/20180827-27-806x537.jpg 806w, https:\/\/www.wallendorff.com\/belogue\/wp-content\/uploads\/2018\/08\/20180827-27-558x372.jpg 558w, https:\/\/www.wallendorff.com\/belogue\/wp-content\/uploads\/2018\/08\/20180827-27-655x437.jpg 655w, https:\/\/www.wallendorff.com\/belogue\/wp-content\/uploads\/2018\/08\/20180827-27-600x400.jpg 600w\" sizes=\"(max-width: 1170px) 100vw, 1170px\" \/><\/a>\n\t\t\t<\/div>\n\t\t\t\t<figcaption class='wp-caption-text gallery-caption' id='gallery-1-39716'>\n\t\t\t\tSeasick Steve @ le Cabaret Vert, Charleville-M\u00e9zi\u00e8res, 24\/08\/2018\n\t\t\t\t<\/figcaption><\/figure><figure class='gallery-item'>\n\t\t\t<div class='gallery-icon landscape'>\n\t\t\t\t<a href='https:\/\/www.wallendorff.com\/belogue\/2018\/08\/27\/le-cabaret-vert-2018-jour-1\/le-cabaret-vert-charleville-mezieres-24-08-2018-13\/'><img loading=\"lazy\" decoding=\"async\" width=\"1170\" height=\"780\" src=\"https:\/\/www.wallendorff.com\/belogue\/wp-content\/uploads\/2018\/08\/20180827-28-1170x780.jpg\" class=\"attachment-large size-large\" alt=\"\" aria-describedby=\"gallery-1-39717\" srcset=\"https:\/\/www.wallendorff.com\/belogue\/wp-content\/uploads\/2018\/08\/20180827-28.jpg 1170w, https:\/\/www.wallendorff.com\/belogue\/wp-content\/uploads\/2018\/08\/20180827-28-820x547.jpg 820w, https:\/\/www.wallendorff.com\/belogue\/wp-content\/uploads\/2018\/08\/20180827-28-200x133.jpg 200w, https:\/\/www.wallendorff.com\/belogue\/wp-content\/uploads\/2018\/08\/20180827-28-300x200.jpg 300w, https:\/\/www.wallendorff.com\/belogue\/wp-content\/uploads\/2018\/08\/20180827-28-1116x744.jpg 1116w, https:\/\/www.wallendorff.com\/belogue\/wp-content\/uploads\/2018\/08\/20180827-28-806x537.jpg 806w, https:\/\/www.wallendorff.com\/belogue\/wp-content\/uploads\/2018\/08\/20180827-28-558x372.jpg 558w, https:\/\/www.wallendorff.com\/belogue\/wp-content\/uploads\/2018\/08\/20180827-28-655x437.jpg 655w, https:\/\/www.wallendorff.com\/belogue\/wp-content\/uploads\/2018\/08\/20180827-28-600x400.jpg 600w\" sizes=\"(max-width: 1170px) 100vw, 1170px\" \/><\/a>\n\t\t\t<\/div>\n\t\t\t\t<figcaption class='wp-caption-text gallery-caption' id='gallery-1-39717'>\n\t\t\t\tLe Cabaret Vert, Charleville-M\u00e9zi\u00e8res, 24\/08\/2018\n\t\t\t\t<\/figcaption><\/figure><figure class='gallery-item'>\n\t\t\t<div class='gallery-icon landscape'>\n\t\t\t\t<a href='https:\/\/www.wallendorff.com\/belogue\/2018\/08\/27\/le-cabaret-vert-2018-jour-1\/seasick-steve-le-cabaret-vert-charleville-mezieres-24-08-2018-5\/'><img loading=\"lazy\" decoding=\"async\" width=\"1170\" height=\"780\" src=\"https:\/\/www.wallendorff.com\/belogue\/wp-content\/uploads\/2018\/08\/20180827-29-1170x780.jpg\" class=\"attachment-large size-large\" alt=\"\" aria-describedby=\"gallery-1-39718\" srcset=\"https:\/\/www.wallendorff.com\/belogue\/wp-content\/uploads\/2018\/08\/20180827-29.jpg 1170w, https:\/\/www.wallendorff.com\/belogue\/wp-content\/uploads\/2018\/08\/20180827-29-820x547.jpg 820w, https:\/\/www.wallendorff.com\/belogue\/wp-content\/uploads\/2018\/08\/20180827-29-200x133.jpg 200w, https:\/\/www.wallendorff.com\/belogue\/wp-content\/uploads\/2018\/08\/20180827-29-300x200.jpg 300w, https:\/\/www.wallendorff.com\/belogue\/wp-content\/uploads\/2018\/08\/20180827-29-1116x744.jpg 1116w, https:\/\/www.wallendorff.com\/belogue\/wp-content\/uploads\/2018\/08\/20180827-29-806x537.jpg 806w, https:\/\/www.wallendorff.com\/belogue\/wp-content\/uploads\/2018\/08\/20180827-29-558x372.jpg 558w, https:\/\/www.wallendorff.com\/belogue\/wp-content\/uploads\/2018\/08\/20180827-29-655x437.jpg 655w, https:\/\/www.wallendorff.com\/belogue\/wp-content\/uploads\/2018\/08\/20180827-29-600x400.jpg 600w\" sizes=\"(max-width: 1170px) 100vw, 1170px\" \/><\/a>\n\t\t\t<\/div>\n\t\t\t\t<figcaption class='wp-caption-text gallery-caption' id='gallery-1-39718'>\n\t\t\t\tSeasick Steve @ le Cabaret Vert, Charleville-M\u00e9zi\u00e8res, 24\/08\/2018\n\t\t\t\t<\/figcaption><\/figure><figure class='gallery-item'>\n\t\t\t<div class='gallery-icon landscape'>\n\t\t\t\t<a href='https:\/\/www.wallendorff.com\/belogue\/2018\/08\/27\/le-cabaret-vert-2018-jour-1\/le-cabaret-vert-charleville-mezieres-24-08-2018-14\/'><img loading=\"lazy\" decoding=\"async\" width=\"1170\" height=\"780\" src=\"https:\/\/www.wallendorff.com\/belogue\/wp-content\/uploads\/2018\/08\/20180827-30-1170x780.jpg\" class=\"attachment-large size-large\" alt=\"\" aria-describedby=\"gallery-1-39719\" srcset=\"https:\/\/www.wallendorff.com\/belogue\/wp-content\/uploads\/2018\/08\/20180827-30.jpg 1170w, https:\/\/www.wallendorff.com\/belogue\/wp-content\/uploads\/2018\/08\/20180827-30-820x547.jpg 820w, https:\/\/www.wallendorff.com\/belogue\/wp-content\/uploads\/2018\/08\/20180827-30-200x133.jpg 200w, https:\/\/www.wallendorff.com\/belogue\/wp-content\/uploads\/2018\/08\/20180827-30-300x200.jpg 300w, https:\/\/www.wallendorff.com\/belogue\/wp-content\/uploads\/2018\/08\/20180827-30-1116x744.jpg 1116w, https:\/\/www.wallendorff.com\/belogue\/wp-content\/uploads\/2018\/08\/20180827-30-806x537.jpg 806w, https:\/\/www.wallendorff.com\/belogue\/wp-content\/uploads\/2018\/08\/20180827-30-558x372.jpg 558w, https:\/\/www.wallendorff.com\/belogue\/wp-content\/uploads\/2018\/08\/20180827-30-655x437.jpg 655w, https:\/\/www.wallendorff.com\/belogue\/wp-content\/uploads\/2018\/08\/20180827-30-600x400.jpg 600w\" sizes=\"(max-width: 1170px) 100vw, 1170px\" \/><\/a>\n\t\t\t<\/div>\n\t\t\t\t<figcaption class='wp-caption-text gallery-caption' id='gallery-1-39719'>\n\t\t\t\tLe Cabaret Vert, Charleville-M\u00e9zi\u00e8res, 24\/08\/2018\n\t\t\t\t<\/figcaption><\/figure><figure class='gallery-item'>\n\t\t\t<div class='gallery-icon portrait'>\n\t\t\t\t<a href='https:\/\/www.wallendorff.com\/belogue\/2018\/08\/27\/le-cabaret-vert-2018-jour-1\/seasick-steve-le-cabaret-vert-charleville-mezieres-24-08-2018-6\/'><img loading=\"lazy\" decoding=\"async\" width=\"683\" height=\"1024\" src=\"https:\/\/www.wallendorff.com\/belogue\/wp-content\/uploads\/2018\/08\/20180827-31-683x1024.jpg\" class=\"attachment-large size-large\" alt=\"\" aria-describedby=\"gallery-1-39720\" srcset=\"https:\/\/www.wallendorff.com\/belogue\/wp-content\/uploads\/2018\/08\/20180827-31-683x1024.jpg 683w, https:\/\/www.wallendorff.com\/belogue\/wp-content\/uploads\/2018\/08\/20180827-31-133x200.jpg 133w, https:\/\/www.wallendorff.com\/belogue\/wp-content\/uploads\/2018\/08\/20180827-31-200x300.jpg 200w, https:\/\/www.wallendorff.com\/belogue\/wp-content\/uploads\/2018\/08\/20180827-31-558x837.jpg 558w, https:\/\/www.wallendorff.com\/belogue\/wp-content\/uploads\/2018\/08\/20180827-31-655x983.jpg 655w, https:\/\/www.wallendorff.com\/belogue\/wp-content\/uploads\/2018\/08\/20180827-31-600x900.jpg 600w, https:\/\/www.wallendorff.com\/belogue\/wp-content\/uploads\/2018\/08\/20180827-31.jpg 780w\" sizes=\"(max-width: 683px) 100vw, 683px\" \/><\/a>\n\t\t\t<\/div>\n\t\t\t\t<figcaption class='wp-caption-text gallery-caption' id='gallery-1-39720'>\n\t\t\t\tSeasick Steve @ le Cabaret Vert, Charleville-M\u00e9zi\u00e8res, 24\/08\/2018\n\t\t\t\t<\/figcaption><\/figure><figure class='gallery-item'>\n\t\t\t<div class='gallery-icon portrait'>\n\t\t\t\t<a href='https:\/\/www.wallendorff.com\/belogue\/2018\/08\/27\/le-cabaret-vert-2018-jour-1\/le-cabaret-vert-charleville-mezieres-24-08-2018-15\/'><img loading=\"lazy\" decoding=\"async\" width=\"683\" height=\"1024\" src=\"https:\/\/www.wallendorff.com\/belogue\/wp-content\/uploads\/2018\/08\/20180827-32-683x1024.jpg\" class=\"attachment-large size-large\" alt=\"\" aria-describedby=\"gallery-1-39721\" srcset=\"https:\/\/www.wallendorff.com\/belogue\/wp-content\/uploads\/2018\/08\/20180827-32-683x1024.jpg 683w, https:\/\/www.wallendorff.com\/belogue\/wp-content\/uploads\/2018\/08\/20180827-32-133x200.jpg 133w, https:\/\/www.wallendorff.com\/belogue\/wp-content\/uploads\/2018\/08\/20180827-32-200x300.jpg 200w, https:\/\/www.wallendorff.com\/belogue\/wp-content\/uploads\/2018\/08\/20180827-32-558x837.jpg 558w, https:\/\/www.wallendorff.com\/belogue\/wp-content\/uploads\/2018\/08\/20180827-32-655x983.jpg 655w, https:\/\/www.wallendorff.com\/belogue\/wp-content\/uploads\/2018\/08\/20180827-32-600x900.jpg 600w, https:\/\/www.wallendorff.com\/belogue\/wp-content\/uploads\/2018\/08\/20180827-32.jpg 780w\" sizes=\"(max-width: 683px) 100vw, 683px\" \/><\/a>\n\t\t\t<\/div>\n\t\t\t\t<figcaption class='wp-caption-text gallery-caption' id='gallery-1-39721'>\n\t\t\t\tLe Cabaret Vert, Charleville-M\u00e9zi\u00e8res, 24\/08\/2018\n\t\t\t\t<\/figcaption><\/figure><figure class='gallery-item'>\n\t\t\t<div class='gallery-icon landscape'>\n\t\t\t\t<a href='https:\/\/www.wallendorff.com\/belogue\/2018\/08\/27\/le-cabaret-vert-2018-jour-1\/le-cabaret-vert-charleville-mezieres-24-08-2018-16\/'><img loading=\"lazy\" decoding=\"async\" width=\"1170\" height=\"780\" src=\"https:\/\/www.wallendorff.com\/belogue\/wp-content\/uploads\/2018\/08\/20180827-33-1170x780.jpg\" class=\"attachment-large size-large\" alt=\"\" aria-describedby=\"gallery-1-39722\" srcset=\"https:\/\/www.wallendorff.com\/belogue\/wp-content\/uploads\/2018\/08\/20180827-33.jpg 1170w, https:\/\/www.wallendorff.com\/belogue\/wp-content\/uploads\/2018\/08\/20180827-33-820x547.jpg 820w, https:\/\/www.wallendorff.com\/belogue\/wp-content\/uploads\/2018\/08\/20180827-33-200x133.jpg 200w, https:\/\/www.wallendorff.com\/belogue\/wp-content\/uploads\/2018\/08\/20180827-33-300x200.jpg 300w, https:\/\/www.wallendorff.com\/belogue\/wp-content\/uploads\/2018\/08\/20180827-33-1116x744.jpg 1116w, https:\/\/www.wallendorff.com\/belogue\/wp-content\/uploads\/2018\/08\/20180827-33-806x537.jpg 806w, https:\/\/www.wallendorff.com\/belogue\/wp-content\/uploads\/2018\/08\/20180827-33-558x372.jpg 558w, https:\/\/www.wallendorff.com\/belogue\/wp-content\/uploads\/2018\/08\/20180827-33-655x437.jpg 655w, https:\/\/www.wallendorff.com\/belogue\/wp-content\/uploads\/2018\/08\/20180827-33-600x400.jpg 600w\" sizes=\"(max-width: 1170px) 100vw, 1170px\" \/><\/a>\n\t\t\t<\/div>\n\t\t\t\t<figcaption class='wp-caption-text gallery-caption' id='gallery-1-39722'>\n\t\t\t\tLe Cabaret Vert, Charleville-M\u00e9zi\u00e8res, 24\/08\/2018\n\t\t\t\t<\/figcaption><\/figure><figure class='gallery-item'>\n\t\t\t<div class='gallery-icon landscape'>\n\t\t\t\t<a href='https:\/\/www.wallendorff.com\/belogue\/2018\/08\/27\/le-cabaret-vert-2018-jour-1\/le-cabaret-vert-charleville-mezieres-24-08-2018-17\/'><img loading=\"lazy\" decoding=\"async\" width=\"1170\" height=\"780\" src=\"https:\/\/www.wallendorff.com\/belogue\/wp-content\/uploads\/2018\/08\/20180827-34-1170x780.jpg\" class=\"attachment-large size-large\" alt=\"\" aria-describedby=\"gallery-1-39723\" srcset=\"https:\/\/www.wallendorff.com\/belogue\/wp-content\/uploads\/2018\/08\/20180827-34.jpg 1170w, https:\/\/www.wallendorff.com\/belogue\/wp-content\/uploads\/2018\/08\/20180827-34-820x547.jpg 820w, https:\/\/www.wallendorff.com\/belogue\/wp-content\/uploads\/2018\/08\/20180827-34-200x133.jpg 200w, https:\/\/www.wallendorff.com\/belogue\/wp-content\/uploads\/2018\/08\/20180827-34-300x200.jpg 300w, https:\/\/www.wallendorff.com\/belogue\/wp-content\/uploads\/2018\/08\/20180827-34-1116x744.jpg 1116w, https:\/\/www.wallendorff.com\/belogue\/wp-content\/uploads\/2018\/08\/20180827-34-806x537.jpg 806w, https:\/\/www.wallendorff.com\/belogue\/wp-content\/uploads\/2018\/08\/20180827-34-558x372.jpg 558w, https:\/\/www.wallendorff.com\/belogue\/wp-content\/uploads\/2018\/08\/20180827-34-655x437.jpg 655w, https:\/\/www.wallendorff.com\/belogue\/wp-content\/uploads\/2018\/08\/20180827-34-600x400.jpg 600w\" sizes=\"(max-width: 1170px) 100vw, 1170px\" \/><\/a>\n\t\t\t<\/div>\n\t\t\t\t<figcaption class='wp-caption-text gallery-caption' id='gallery-1-39723'>\n\t\t\t\tLe Cabaret Vert, Charleville-M\u00e9zi\u00e8res, 24\/08\/2018\n\t\t\t\t<\/figcaption><\/figure><figure class='gallery-item'>\n\t\t\t<div class='gallery-icon portrait'>\n\t\t\t\t<a href='https:\/\/www.wallendorff.com\/belogue\/2018\/08\/27\/le-cabaret-vert-2018-jour-1\/le-cabaret-vert-charleville-mezieres-24-08-2018-18\/'><img loading=\"lazy\" decoding=\"async\" width=\"683\" height=\"1024\" src=\"https:\/\/www.wallendorff.com\/belogue\/wp-content\/uploads\/2018\/08\/20180827-35-683x1024.jpg\" class=\"attachment-large size-large\" alt=\"\" aria-describedby=\"gallery-1-39724\" srcset=\"https:\/\/www.wallendorff.com\/belogue\/wp-content\/uploads\/2018\/08\/20180827-35-683x1024.jpg 683w, https:\/\/www.wallendorff.com\/belogue\/wp-content\/uploads\/2018\/08\/20180827-35-133x200.jpg 133w, https:\/\/www.wallendorff.com\/belogue\/wp-content\/uploads\/2018\/08\/20180827-35-200x300.jpg 200w, https:\/\/www.wallendorff.com\/belogue\/wp-content\/uploads\/2018\/08\/20180827-35-558x837.jpg 558w, https:\/\/www.wallendorff.com\/belogue\/wp-content\/uploads\/2018\/08\/20180827-35-655x983.jpg 655w, https:\/\/www.wallendorff.com\/belogue\/wp-content\/uploads\/2018\/08\/20180827-35-600x900.jpg 600w, https:\/\/www.wallendorff.com\/belogue\/wp-content\/uploads\/2018\/08\/20180827-35.jpg 780w\" sizes=\"(max-width: 683px) 100vw, 683px\" \/><\/a>\n\t\t\t<\/div>\n\t\t\t\t<figcaption class='wp-caption-text gallery-caption' id='gallery-1-39724'>\n\t\t\t\tLe Cabaret Vert, Charleville-M\u00e9zi\u00e8res, 24\/08\/2018\n\t\t\t\t<\/figcaption><\/figure><figure class='gallery-item'>\n\t\t\t<div class='gallery-icon landscape'>\n\t\t\t\t<a href='https:\/\/www.wallendorff.com\/belogue\/2018\/08\/27\/le-cabaret-vert-2018-jour-1\/supreme-ntm-le-cabaret-vert-charleville-mezieres-24-08-2018\/'><img loading=\"lazy\" decoding=\"async\" width=\"1170\" height=\"780\" src=\"https:\/\/www.wallendorff.com\/belogue\/wp-content\/uploads\/2018\/08\/20180827-36-1170x780.jpg\" class=\"attachment-large size-large\" alt=\"\" aria-describedby=\"gallery-1-39725\" srcset=\"https:\/\/www.wallendorff.com\/belogue\/wp-content\/uploads\/2018\/08\/20180827-36.jpg 1170w, https:\/\/www.wallendorff.com\/belogue\/wp-content\/uploads\/2018\/08\/20180827-36-820x547.jpg 820w, https:\/\/www.wallendorff.com\/belogue\/wp-content\/uploads\/2018\/08\/20180827-36-200x133.jpg 200w, https:\/\/www.wallendorff.com\/belogue\/wp-content\/uploads\/2018\/08\/20180827-36-300x200.jpg 300w, https:\/\/www.wallendorff.com\/belogue\/wp-content\/uploads\/2018\/08\/20180827-36-1116x744.jpg 1116w, https:\/\/www.wallendorff.com\/belogue\/wp-content\/uploads\/2018\/08\/20180827-36-806x537.jpg 806w, https:\/\/www.wallendorff.com\/belogue\/wp-content\/uploads\/2018\/08\/20180827-36-558x372.jpg 558w, https:\/\/www.wallendorff.com\/belogue\/wp-content\/uploads\/2018\/08\/20180827-36-655x437.jpg 655w, https:\/\/www.wallendorff.com\/belogue\/wp-content\/uploads\/2018\/08\/20180827-36-600x400.jpg 600w\" sizes=\"(max-width: 1170px) 100vw, 1170px\" \/><\/a>\n\t\t\t<\/div>\n\t\t\t\t<figcaption class='wp-caption-text gallery-caption' id='gallery-1-39725'>\n\t\t\t\tSupr\u00eame NTM @ le Cabaret Vert, Charleville-M\u00e9zi\u00e8res, 24\/08\/2018\n\t\t\t\t<\/figcaption><\/figure><figure class='gallery-item'>\n\t\t\t<div class='gallery-icon landscape'>\n\t\t\t\t<a href='https:\/\/www.wallendorff.com\/belogue\/2018\/08\/27\/le-cabaret-vert-2018-jour-1\/le-cabaret-vert-charleville-mezieres-24-08-2018-19\/'><img loading=\"lazy\" decoding=\"async\" width=\"1170\" height=\"780\" src=\"https:\/\/www.wallendorff.com\/belogue\/wp-content\/uploads\/2018\/08\/20180827-37-1170x780.jpg\" class=\"attachment-large size-large\" alt=\"\" aria-describedby=\"gallery-1-39726\" srcset=\"https:\/\/www.wallendorff.com\/belogue\/wp-content\/uploads\/2018\/08\/20180827-37.jpg 1170w, https:\/\/www.wallendorff.com\/belogue\/wp-content\/uploads\/2018\/08\/20180827-37-820x547.jpg 820w, https:\/\/www.wallendorff.com\/belogue\/wp-content\/uploads\/2018\/08\/20180827-37-200x133.jpg 200w, https:\/\/www.wallendorff.com\/belogue\/wp-content\/uploads\/2018\/08\/20180827-37-300x200.jpg 300w, https:\/\/www.wallendorff.com\/belogue\/wp-content\/uploads\/2018\/08\/20180827-37-1116x744.jpg 1116w, https:\/\/www.wallendorff.com\/belogue\/wp-content\/uploads\/2018\/08\/20180827-37-806x537.jpg 806w, https:\/\/www.wallendorff.com\/belogue\/wp-content\/uploads\/2018\/08\/20180827-37-558x372.jpg 558w, https:\/\/www.wallendorff.com\/belogue\/wp-content\/uploads\/2018\/08\/20180827-37-655x437.jpg 655w, https:\/\/www.wallendorff.com\/belogue\/wp-content\/uploads\/2018\/08\/20180827-37-600x400.jpg 600w\" sizes=\"(max-width: 1170px) 100vw, 1170px\" \/><\/a>\n\t\t\t<\/div>\n\t\t\t\t<figcaption class='wp-caption-text gallery-caption' id='gallery-1-39726'>\n\t\t\t\tLe Cabaret Vert, Charleville-M\u00e9zi\u00e8res, 24\/08\/2018\n\t\t\t\t<\/figcaption><\/figure><figure class='gallery-item'>\n\t\t\t<div class='gallery-icon landscape'>\n\t\t\t\t<a href='https:\/\/www.wallendorff.com\/belogue\/2018\/08\/27\/le-cabaret-vert-2018-jour-1\/supreme-ntm-le-cabaret-vert-charleville-mezieres-24-08-2018-2\/'><img loading=\"lazy\" decoding=\"async\" width=\"1170\" height=\"780\" src=\"https:\/\/www.wallendorff.com\/belogue\/wp-content\/uploads\/2018\/08\/20180827-38-1170x780.jpg\" class=\"attachment-large size-large\" alt=\"\" aria-describedby=\"gallery-1-39727\" srcset=\"https:\/\/www.wallendorff.com\/belogue\/wp-content\/uploads\/2018\/08\/20180827-38.jpg 1170w, https:\/\/www.wallendorff.com\/belogue\/wp-content\/uploads\/2018\/08\/20180827-38-820x547.jpg 820w, https:\/\/www.wallendorff.com\/belogue\/wp-content\/uploads\/2018\/08\/20180827-38-200x133.jpg 200w, https:\/\/www.wallendorff.com\/belogue\/wp-content\/uploads\/2018\/08\/20180827-38-300x200.jpg 300w, https:\/\/www.wallendorff.com\/belogue\/wp-content\/uploads\/2018\/08\/20180827-38-1116x744.jpg 1116w, https:\/\/www.wallendorff.com\/belogue\/wp-content\/uploads\/2018\/08\/20180827-38-806x537.jpg 806w, https:\/\/www.wallendorff.com\/belogue\/wp-content\/uploads\/2018\/08\/20180827-38-558x372.jpg 558w, https:\/\/www.wallendorff.com\/belogue\/wp-content\/uploads\/2018\/08\/20180827-38-655x437.jpg 655w, https:\/\/www.wallendorff.com\/belogue\/wp-content\/uploads\/2018\/08\/20180827-38-600x400.jpg 600w\" sizes=\"(max-width: 1170px) 100vw, 1170px\" \/><\/a>\n\t\t\t<\/div>\n\t\t\t\t<figcaption class='wp-caption-text gallery-caption' id='gallery-1-39727'>\n\t\t\t\tSupr\u00eame NTM @ le Cabaret Vert, Charleville-M\u00e9zi\u00e8res, 24\/08\/2018\n\t\t\t\t<\/figcaption><\/figure><figure class='gallery-item'>\n\t\t\t<div class='gallery-icon landscape'>\n\t\t\t\t<a href='https:\/\/www.wallendorff.com\/belogue\/2018\/08\/27\/le-cabaret-vert-2018-jour-1\/le-cabaret-vert-charleville-mezieres-24-08-2018-20\/'><img loading=\"lazy\" decoding=\"async\" width=\"1170\" height=\"780\" src=\"https:\/\/www.wallendorff.com\/belogue\/wp-content\/uploads\/2018\/08\/20180827-39-1170x780.jpg\" class=\"attachment-large size-large\" alt=\"\" aria-describedby=\"gallery-1-39728\" srcset=\"https:\/\/www.wallendorff.com\/belogue\/wp-content\/uploads\/2018\/08\/20180827-39.jpg 1170w, https:\/\/www.wallendorff.com\/belogue\/wp-content\/uploads\/2018\/08\/20180827-39-820x547.jpg 820w, https:\/\/www.wallendorff.com\/belogue\/wp-content\/uploads\/2018\/08\/20180827-39-200x133.jpg 200w, https:\/\/www.wallendorff.com\/belogue\/wp-content\/uploads\/2018\/08\/20180827-39-300x200.jpg 300w, https:\/\/www.wallendorff.com\/belogue\/wp-content\/uploads\/2018\/08\/20180827-39-1116x744.jpg 1116w, https:\/\/www.wallendorff.com\/belogue\/wp-content\/uploads\/2018\/08\/20180827-39-806x537.jpg 806w, https:\/\/www.wallendorff.com\/belogue\/wp-content\/uploads\/2018\/08\/20180827-39-558x372.jpg 558w, https:\/\/www.wallendorff.com\/belogue\/wp-content\/uploads\/2018\/08\/20180827-39-655x437.jpg 655w, https:\/\/www.wallendorff.com\/belogue\/wp-content\/uploads\/2018\/08\/20180827-39-600x400.jpg 600w\" sizes=\"(max-width: 1170px) 100vw, 1170px\" \/><\/a>\n\t\t\t<\/div>\n\t\t\t\t<figcaption class='wp-caption-text gallery-caption' id='gallery-1-39728'>\n\t\t\t\tLe Cabaret Vert, Charleville-M\u00e9zi\u00e8res, 24\/08\/2018\n\t\t\t\t<\/figcaption><\/figure><figure class='gallery-item'>\n\t\t\t<div class='gallery-icon landscape'>\n\t\t\t\t<a href='https:\/\/www.wallendorff.com\/belogue\/2018\/08\/27\/le-cabaret-vert-2018-jour-1\/supreme-ntm-le-cabaret-vert-charleville-mezieres-24-08-2018-3\/'><img loading=\"lazy\" decoding=\"async\" width=\"1170\" height=\"780\" src=\"https:\/\/www.wallendorff.com\/belogue\/wp-content\/uploads\/2018\/08\/20180827-40-1170x780.jpg\" class=\"attachment-large size-large\" alt=\"\" aria-describedby=\"gallery-1-39729\" srcset=\"https:\/\/www.wallendorff.com\/belogue\/wp-content\/uploads\/2018\/08\/20180827-40.jpg 1170w, https:\/\/www.wallendorff.com\/belogue\/wp-content\/uploads\/2018\/08\/20180827-40-820x547.jpg 820w, https:\/\/www.wallendorff.com\/belogue\/wp-content\/uploads\/2018\/08\/20180827-40-200x133.jpg 200w, https:\/\/www.wallendorff.com\/belogue\/wp-content\/uploads\/2018\/08\/20180827-40-300x200.jpg 300w, https:\/\/www.wallendorff.com\/belogue\/wp-content\/uploads\/2018\/08\/20180827-40-1116x744.jpg 1116w, https:\/\/www.wallendorff.com\/belogue\/wp-content\/uploads\/2018\/08\/20180827-40-806x537.jpg 806w, https:\/\/www.wallendorff.com\/belogue\/wp-content\/uploads\/2018\/08\/20180827-40-558x372.jpg 558w, https:\/\/www.wallendorff.com\/belogue\/wp-content\/uploads\/2018\/08\/20180827-40-655x437.jpg 655w, https:\/\/www.wallendorff.com\/belogue\/wp-content\/uploads\/2018\/08\/20180827-40-600x400.jpg 600w\" sizes=\"(max-width: 1170px) 100vw, 1170px\" \/><\/a>\n\t\t\t<\/div>\n\t\t\t\t<figcaption class='wp-caption-text gallery-caption' id='gallery-1-39729'>\n\t\t\t\tSupr\u00eame NTM @ le Cabaret Vert, Charleville-M\u00e9zi\u00e8res, 24\/08\/2018\n\t\t\t\t<\/figcaption><\/figure><figure class='gallery-item'>\n\t\t\t<div class='gallery-icon landscape'>\n\t\t\t\t<a href='https:\/\/www.wallendorff.com\/belogue\/2018\/08\/27\/le-cabaret-vert-2018-jour-1\/supreme-ntm-le-cabaret-vert-charleville-mezieres-24-08-2018-4\/'><img loading=\"lazy\" decoding=\"async\" width=\"1170\" height=\"780\" src=\"https:\/\/www.wallendorff.com\/belogue\/wp-content\/uploads\/2018\/08\/20180827-41-1170x780.jpg\" class=\"attachment-large size-large\" alt=\"\" aria-describedby=\"gallery-1-39730\" srcset=\"https:\/\/www.wallendorff.com\/belogue\/wp-content\/uploads\/2018\/08\/20180827-41.jpg 1170w, https:\/\/www.wallendorff.com\/belogue\/wp-content\/uploads\/2018\/08\/20180827-41-820x547.jpg 820w, https:\/\/www.wallendorff.com\/belogue\/wp-content\/uploads\/2018\/08\/20180827-41-200x133.jpg 200w, https:\/\/www.wallendorff.com\/belogue\/wp-content\/uploads\/2018\/08\/20180827-41-300x200.jpg 300w, https:\/\/www.wallendorff.com\/belogue\/wp-content\/uploads\/2018\/08\/20180827-41-1116x744.jpg 1116w, https:\/\/www.wallendorff.com\/belogue\/wp-content\/uploads\/2018\/08\/20180827-41-806x537.jpg 806w, https:\/\/www.wallendorff.com\/belogue\/wp-content\/uploads\/2018\/08\/20180827-41-558x372.jpg 558w, https:\/\/www.wallendorff.com\/belogue\/wp-content\/uploads\/2018\/08\/20180827-41-655x437.jpg 655w, https:\/\/www.wallendorff.com\/belogue\/wp-content\/uploads\/2018\/08\/20180827-41-600x400.jpg 600w\" sizes=\"(max-width: 1170px) 100vw, 1170px\" \/><\/a>\n\t\t\t<\/div>\n\t\t\t\t<figcaption class='wp-caption-text gallery-caption' id='gallery-1-39730'>\n\t\t\t\tSupr\u00eame NTM @ le Cabaret Vert, Charleville-M\u00e9zi\u00e8res, 24\/08\/2018\n\t\t\t\t<\/figcaption><\/figure><figure class='gallery-item'>\n\t\t\t<div class='gallery-icon landscape'>\n\t\t\t\t<a href='https:\/\/www.wallendorff.com\/belogue\/2018\/08\/27\/le-cabaret-vert-2018-jour-1\/le-cabaret-vert-charleville-mezieres-24-08-2018-21\/'><img loading=\"lazy\" decoding=\"async\" width=\"1170\" height=\"780\" src=\"https:\/\/www.wallendorff.com\/belogue\/wp-content\/uploads\/2018\/08\/20180827-42-1170x780.jpg\" class=\"attachment-large size-large\" alt=\"\" aria-describedby=\"gallery-1-39731\" srcset=\"https:\/\/www.wallendorff.com\/belogue\/wp-content\/uploads\/2018\/08\/20180827-42.jpg 1170w, https:\/\/www.wallendorff.com\/belogue\/wp-content\/uploads\/2018\/08\/20180827-42-820x547.jpg 820w, https:\/\/www.wallendorff.com\/belogue\/wp-content\/uploads\/2018\/08\/20180827-42-200x133.jpg 200w, https:\/\/www.wallendorff.com\/belogue\/wp-content\/uploads\/2018\/08\/20180827-42-300x200.jpg 300w, https:\/\/www.wallendorff.com\/belogue\/wp-content\/uploads\/2018\/08\/20180827-42-1116x744.jpg 1116w, https:\/\/www.wallendorff.com\/belogue\/wp-content\/uploads\/2018\/08\/20180827-42-806x537.jpg 806w, https:\/\/www.wallendorff.com\/belogue\/wp-content\/uploads\/2018\/08\/20180827-42-558x372.jpg 558w, https:\/\/www.wallendorff.com\/belogue\/wp-content\/uploads\/2018\/08\/20180827-42-655x437.jpg 655w, https:\/\/www.wallendorff.com\/belogue\/wp-content\/uploads\/2018\/08\/20180827-42-600x400.jpg 600w\" sizes=\"(max-width: 1170px) 100vw, 1170px\" \/><\/a>\n\t\t\t<\/div>\n\t\t\t\t<figcaption class='wp-caption-text gallery-caption' id='gallery-1-39731'>\n\t\t\t\tLe Cabaret Vert, Charleville-M\u00e9zi\u00e8res, 24\/08\/2018\n\t\t\t\t<\/figcaption><\/figure><figure class='gallery-item'>\n\t\t\t<div class='gallery-icon landscape'>\n\t\t\t\t<a href='https:\/\/www.wallendorff.com\/belogue\/2018\/08\/27\/le-cabaret-vert-2018-jour-1\/supreme-ntm-le-cabaret-vert-charleville-mezieres-24-08-2018-5\/'><img loading=\"lazy\" decoding=\"async\" width=\"1170\" height=\"780\" src=\"https:\/\/www.wallendorff.com\/belogue\/wp-content\/uploads\/2018\/08\/20180827-43-1170x780.jpg\" class=\"attachment-large size-large\" alt=\"\" aria-describedby=\"gallery-1-39732\" srcset=\"https:\/\/www.wallendorff.com\/belogue\/wp-content\/uploads\/2018\/08\/20180827-43.jpg 1170w, https:\/\/www.wallendorff.com\/belogue\/wp-content\/uploads\/2018\/08\/20180827-43-820x547.jpg 820w, https:\/\/www.wallendorff.com\/belogue\/wp-content\/uploads\/2018\/08\/20180827-43-200x133.jpg 200w, https:\/\/www.wallendorff.com\/belogue\/wp-content\/uploads\/2018\/08\/20180827-43-300x200.jpg 300w, https:\/\/www.wallendorff.com\/belogue\/wp-content\/uploads\/2018\/08\/20180827-43-1116x744.jpg 1116w, https:\/\/www.wallendorff.com\/belogue\/wp-content\/uploads\/2018\/08\/20180827-43-806x537.jpg 806w, https:\/\/www.wallendorff.com\/belogue\/wp-content\/uploads\/2018\/08\/20180827-43-558x372.jpg 558w, https:\/\/www.wallendorff.com\/belogue\/wp-content\/uploads\/2018\/08\/20180827-43-655x437.jpg 655w, https:\/\/www.wallendorff.com\/belogue\/wp-content\/uploads\/2018\/08\/20180827-43-600x400.jpg 600w\" sizes=\"(max-width: 1170px) 100vw, 1170px\" \/><\/a>\n\t\t\t<\/div>\n\t\t\t\t<figcaption class='wp-caption-text gallery-caption' id='gallery-1-39732'>\n\t\t\t\tSupr\u00eame NTM @ le Cabaret Vert, Charleville-M\u00e9zi\u00e8res, 24\/08\/2018\n\t\t\t\t<\/figcaption><\/figure><figure class='gallery-item'>\n\t\t\t<div class='gallery-icon landscape'>\n\t\t\t\t<a href='https:\/\/www.wallendorff.com\/belogue\/2018\/08\/27\/le-cabaret-vert-2018-jour-1\/supreme-ntm-le-cabaret-vert-charleville-mezieres-24-08-2018-6\/'><img loading=\"lazy\" decoding=\"async\" width=\"1170\" height=\"780\" src=\"https:\/\/www.wallendorff.com\/belogue\/wp-content\/uploads\/2018\/08\/20180827-44-1170x780.jpg\" class=\"attachment-large size-large\" alt=\"\" aria-describedby=\"gallery-1-39733\" srcset=\"https:\/\/www.wallendorff.com\/belogue\/wp-content\/uploads\/2018\/08\/20180827-44.jpg 1170w, https:\/\/www.wallendorff.com\/belogue\/wp-content\/uploads\/2018\/08\/20180827-44-820x547.jpg 820w, https:\/\/www.wallendorff.com\/belogue\/wp-content\/uploads\/2018\/08\/20180827-44-200x133.jpg 200w, https:\/\/www.wallendorff.com\/belogue\/wp-content\/uploads\/2018\/08\/20180827-44-300x200.jpg 300w, https:\/\/www.wallendorff.com\/belogue\/wp-content\/uploads\/2018\/08\/20180827-44-1116x744.jpg 1116w, https:\/\/www.wallendorff.com\/belogue\/wp-content\/uploads\/2018\/08\/20180827-44-806x537.jpg 806w, https:\/\/www.wallendorff.com\/belogue\/wp-content\/uploads\/2018\/08\/20180827-44-558x372.jpg 558w, https:\/\/www.wallendorff.com\/belogue\/wp-content\/uploads\/2018\/08\/20180827-44-655x437.jpg 655w, https:\/\/www.wallendorff.com\/belogue\/wp-content\/uploads\/2018\/08\/20180827-44-600x400.jpg 600w\" sizes=\"(max-width: 1170px) 100vw, 1170px\" \/><\/a>\n\t\t\t<\/div>\n\t\t\t\t<figcaption class='wp-caption-text gallery-caption' id='gallery-1-39733'>\n\t\t\t\tSupr\u00eame NTM @ le Cabaret Vert, Charleville-M\u00e9zi\u00e8res, 24\/08\/2018\n\t\t\t\t<\/figcaption><\/figure><figure class='gallery-item'>\n\t\t\t<div class='gallery-icon landscape'>\n\t\t\t\t<a href='https:\/\/www.wallendorff.com\/belogue\/2018\/08\/27\/le-cabaret-vert-2018-jour-1\/le-cabaret-vert-charleville-mezieres-24-08-2018-22\/'><img loading=\"lazy\" decoding=\"async\" width=\"1170\" height=\"780\" src=\"https:\/\/www.wallendorff.com\/belogue\/wp-content\/uploads\/2018\/08\/20180827-45-1170x780.jpg\" class=\"attachment-large size-large\" alt=\"\" aria-describedby=\"gallery-1-39734\" srcset=\"https:\/\/www.wallendorff.com\/belogue\/wp-content\/uploads\/2018\/08\/20180827-45.jpg 1170w, https:\/\/www.wallendorff.com\/belogue\/wp-content\/uploads\/2018\/08\/20180827-45-820x547.jpg 820w, https:\/\/www.wallendorff.com\/belogue\/wp-content\/uploads\/2018\/08\/20180827-45-200x133.jpg 200w, https:\/\/www.wallendorff.com\/belogue\/wp-content\/uploads\/2018\/08\/20180827-45-300x200.jpg 300w, https:\/\/www.wallendorff.com\/belogue\/wp-content\/uploads\/2018\/08\/20180827-45-1116x744.jpg 1116w, https:\/\/www.wallendorff.com\/belogue\/wp-content\/uploads\/2018\/08\/20180827-45-806x537.jpg 806w, https:\/\/www.wallendorff.com\/belogue\/wp-content\/uploads\/2018\/08\/20180827-45-558x372.jpg 558w, https:\/\/www.wallendorff.com\/belogue\/wp-content\/uploads\/2018\/08\/20180827-45-655x437.jpg 655w, https:\/\/www.wallendorff.com\/belogue\/wp-content\/uploads\/2018\/08\/20180827-45-600x400.jpg 600w\" sizes=\"(max-width: 1170px) 100vw, 1170px\" \/><\/a>\n\t\t\t<\/div>\n\t\t\t\t<figcaption class='wp-caption-text gallery-caption' id='gallery-1-39734'>\n\t\t\t\tLe Cabaret Vert, Charleville-M\u00e9zi\u00e8res, 24\/08\/2018\n\t\t\t\t<\/figcaption><\/figure><figure class='gallery-item'>\n\t\t\t<div class='gallery-icon landscape'>\n\t\t\t\t<a href='https:\/\/www.wallendorff.com\/belogue\/2018\/08\/27\/le-cabaret-vert-2018-jour-1\/le-cabaret-vert-charleville-mezieres-24-08-2018-23\/'><img loading=\"lazy\" decoding=\"async\" width=\"1170\" height=\"780\" src=\"https:\/\/www.wallendorff.com\/belogue\/wp-content\/uploads\/2018\/08\/20180827-46-1170x780.jpg\" class=\"attachment-large size-large\" alt=\"\" aria-describedby=\"gallery-1-39735\" srcset=\"https:\/\/www.wallendorff.com\/belogue\/wp-content\/uploads\/2018\/08\/20180827-46.jpg 1170w, https:\/\/www.wallendorff.com\/belogue\/wp-content\/uploads\/2018\/08\/20180827-46-820x547.jpg 820w, https:\/\/www.wallendorff.com\/belogue\/wp-content\/uploads\/2018\/08\/20180827-46-200x133.jpg 200w, https:\/\/www.wallendorff.com\/belogue\/wp-content\/uploads\/2018\/08\/20180827-46-300x200.jpg 300w, https:\/\/www.wallendorff.com\/belogue\/wp-content\/uploads\/2018\/08\/20180827-46-1116x744.jpg 1116w, https:\/\/www.wallendorff.com\/belogue\/wp-content\/uploads\/2018\/08\/20180827-46-806x537.jpg 806w, https:\/\/www.wallendorff.com\/belogue\/wp-content\/uploads\/2018\/08\/20180827-46-558x372.jpg 558w, https:\/\/www.wallendorff.com\/belogue\/wp-content\/uploads\/2018\/08\/20180827-46-655x437.jpg 655w, https:\/\/www.wallendorff.com\/belogue\/wp-content\/uploads\/2018\/08\/20180827-46-600x400.jpg 600w\" sizes=\"(max-width: 1170px) 100vw, 1170px\" \/><\/a>\n\t\t\t<\/div>\n\t\t\t\t<figcaption class='wp-caption-text gallery-caption' id='gallery-1-39735'>\n\t\t\t\tLe Cabaret Vert, Charleville-M\u00e9zi\u00e8res, 24\/08\/2018\n\t\t\t\t<\/figcaption><\/figure><figure class='gallery-item'>\n\t\t\t<div class='gallery-icon landscape'>\n\t\t\t\t<a href='https:\/\/www.wallendorff.com\/belogue\/2018\/08\/27\/le-cabaret-vert-2018-jour-1\/supreme-ntm-le-cabaret-vert-charleville-mezieres-24-08-2018-7\/'><img loading=\"lazy\" decoding=\"async\" width=\"1170\" height=\"780\" src=\"https:\/\/www.wallendorff.com\/belogue\/wp-content\/uploads\/2018\/08\/20180827-47-1170x780.jpg\" class=\"attachment-large size-large\" alt=\"\" aria-describedby=\"gallery-1-39736\" srcset=\"https:\/\/www.wallendorff.com\/belogue\/wp-content\/uploads\/2018\/08\/20180827-47.jpg 1170w, https:\/\/www.wallendorff.com\/belogue\/wp-content\/uploads\/2018\/08\/20180827-47-820x547.jpg 820w, https:\/\/www.wallendorff.com\/belogue\/wp-content\/uploads\/2018\/08\/20180827-47-200x133.jpg 200w, https:\/\/www.wallendorff.com\/belogue\/wp-content\/uploads\/2018\/08\/20180827-47-300x200.jpg 300w, https:\/\/www.wallendorff.com\/belogue\/wp-content\/uploads\/2018\/08\/20180827-47-1116x744.jpg 1116w, https:\/\/www.wallendorff.com\/belogue\/wp-content\/uploads\/2018\/08\/20180827-47-806x537.jpg 806w, https:\/\/www.wallendorff.com\/belogue\/wp-content\/uploads\/2018\/08\/20180827-47-558x372.jpg 558w, https:\/\/www.wallendorff.com\/belogue\/wp-content\/uploads\/2018\/08\/20180827-47-655x437.jpg 655w, https:\/\/www.wallendorff.com\/belogue\/wp-content\/uploads\/2018\/08\/20180827-47-600x400.jpg 600w\" sizes=\"(max-width: 1170px) 100vw, 1170px\" \/><\/a>\n\t\t\t<\/div>\n\t\t\t\t<figcaption class='wp-caption-text gallery-caption' id='gallery-1-39736'>\n\t\t\t\tSupr\u00eame NTM @ le Cabaret Vert, Charleville-M\u00e9zi\u00e8res, 24\/08\/2018\n\t\t\t\t<\/figcaption><\/figure><figure class='gallery-item'>\n\t\t\t<div class='gallery-icon landscape'>\n\t\t\t\t<a href='https:\/\/www.wallendorff.com\/belogue\/2018\/08\/27\/le-cabaret-vert-2018-jour-1\/supreme-ntm-le-cabaret-vert-charleville-mezieres-24-08-2018-8\/'><img loading=\"lazy\" decoding=\"async\" width=\"1170\" height=\"780\" src=\"https:\/\/www.wallendorff.com\/belogue\/wp-content\/uploads\/2018\/08\/20180827-48-1170x780.jpg\" class=\"attachment-large size-large\" alt=\"\" aria-describedby=\"gallery-1-39737\" srcset=\"https:\/\/www.wallendorff.com\/belogue\/wp-content\/uploads\/2018\/08\/20180827-48.jpg 1170w, https:\/\/www.wallendorff.com\/belogue\/wp-content\/uploads\/2018\/08\/20180827-48-820x547.jpg 820w, https:\/\/www.wallendorff.com\/belogue\/wp-content\/uploads\/2018\/08\/20180827-48-200x133.jpg 200w, https:\/\/www.wallendorff.com\/belogue\/wp-content\/uploads\/2018\/08\/20180827-48-300x200.jpg 300w, https:\/\/www.wallendorff.com\/belogue\/wp-content\/uploads\/2018\/08\/20180827-48-1116x744.jpg 1116w, https:\/\/www.wallendorff.com\/belogue\/wp-content\/uploads\/2018\/08\/20180827-48-806x537.jpg 806w, https:\/\/www.wallendorff.com\/belogue\/wp-content\/uploads\/2018\/08\/20180827-48-558x372.jpg 558w, https:\/\/www.wallendorff.com\/belogue\/wp-content\/uploads\/2018\/08\/20180827-48-655x437.jpg 655w, https:\/\/www.wallendorff.com\/belogue\/wp-content\/uploads\/2018\/08\/20180827-48-600x400.jpg 600w\" sizes=\"(max-width: 1170px) 100vw, 1170px\" \/><\/a>\n\t\t\t<\/div>\n\t\t\t\t<figcaption class='wp-caption-text gallery-caption' id='gallery-1-39737'>\n\t\t\t\tSupr\u00eame NTM @ le Cabaret Vert, Charleville-M\u00e9zi\u00e8res, 24\/08\/2018\n\t\t\t\t<\/figcaption><\/figure><figure class='gallery-item'>\n\t\t\t<div class='gallery-icon landscape'>\n\t\t\t\t<a href='https:\/\/www.wallendorff.com\/belogue\/2018\/08\/27\/le-cabaret-vert-2018-jour-1\/le-cabaret-vert-charleville-mezieres-24-08-2018-24\/'><img loading=\"lazy\" decoding=\"async\" width=\"1170\" height=\"780\" src=\"https:\/\/www.wallendorff.com\/belogue\/wp-content\/uploads\/2018\/08\/20180827-49-1170x780.jpg\" class=\"attachment-large size-large\" alt=\"\" aria-describedby=\"gallery-1-39738\" srcset=\"https:\/\/www.wallendorff.com\/belogue\/wp-content\/uploads\/2018\/08\/20180827-49.jpg 1170w, https:\/\/www.wallendorff.com\/belogue\/wp-content\/uploads\/2018\/08\/20180827-49-820x547.jpg 820w, https:\/\/www.wallendorff.com\/belogue\/wp-content\/uploads\/2018\/08\/20180827-49-200x133.jpg 200w, https:\/\/www.wallendorff.com\/belogue\/wp-content\/uploads\/2018\/08\/20180827-49-300x200.jpg 300w, https:\/\/www.wallendorff.com\/belogue\/wp-content\/uploads\/2018\/08\/20180827-49-1116x744.jpg 1116w, https:\/\/www.wallendorff.com\/belogue\/wp-content\/uploads\/2018\/08\/20180827-49-806x537.jpg 806w, https:\/\/www.wallendorff.com\/belogue\/wp-content\/uploads\/2018\/08\/20180827-49-558x372.jpg 558w, https:\/\/www.wallendorff.com\/belogue\/wp-content\/uploads\/2018\/08\/20180827-49-655x437.jpg 655w, https:\/\/www.wallendorff.com\/belogue\/wp-content\/uploads\/2018\/08\/20180827-49-600x400.jpg 600w\" sizes=\"(max-width: 1170px) 100vw, 1170px\" \/><\/a>\n\t\t\t<\/div>\n\t\t\t\t<figcaption class='wp-caption-text gallery-caption' id='gallery-1-39738'>\n\t\t\t\tLe Cabaret Vert, Charleville-M\u00e9zi\u00e8res, 24\/08\/2018\n\t\t\t\t<\/figcaption><\/figure><figure class='gallery-item'>\n\t\t\t<div class='gallery-icon landscape'>\n\t\t\t\t<a href='https:\/\/www.wallendorff.com\/belogue\/2018\/08\/27\/le-cabaret-vert-2018-jour-1\/supreme-ntm-le-cabaret-vert-charleville-mezieres-24-08-2018-9\/'><img loading=\"lazy\" decoding=\"async\" width=\"1170\" height=\"780\" src=\"https:\/\/www.wallendorff.com\/belogue\/wp-content\/uploads\/2018\/08\/20180827-50-1170x780.jpg\" class=\"attachment-large size-large\" alt=\"\" aria-describedby=\"gallery-1-39739\" srcset=\"https:\/\/www.wallendorff.com\/belogue\/wp-content\/uploads\/2018\/08\/20180827-50.jpg 1170w, https:\/\/www.wallendorff.com\/belogue\/wp-content\/uploads\/2018\/08\/20180827-50-820x547.jpg 820w, https:\/\/www.wallendorff.com\/belogue\/wp-content\/uploads\/2018\/08\/20180827-50-200x133.jpg 200w, https:\/\/www.wallendorff.com\/belogue\/wp-content\/uploads\/2018\/08\/20180827-50-300x200.jpg 300w, https:\/\/www.wallendorff.com\/belogue\/wp-content\/uploads\/2018\/08\/20180827-50-1116x744.jpg 1116w, https:\/\/www.wallendorff.com\/belogue\/wp-content\/uploads\/2018\/08\/20180827-50-806x537.jpg 806w, https:\/\/www.wallendorff.com\/belogue\/wp-content\/uploads\/2018\/08\/20180827-50-558x372.jpg 558w, https:\/\/www.wallendorff.com\/belogue\/wp-content\/uploads\/2018\/08\/20180827-50-655x437.jpg 655w, https:\/\/www.wallendorff.com\/belogue\/wp-content\/uploads\/2018\/08\/20180827-50-600x400.jpg 600w\" sizes=\"(max-width: 1170px) 100vw, 1170px\" \/><\/a>\n\t\t\t<\/div>\n\t\t\t\t<figcaption class='wp-caption-text gallery-caption' id='gallery-1-39739'>\n\t\t\t\tSupr\u00eame NTM @ le Cabaret Vert, Charleville-M\u00e9zi\u00e8res, 24\/08\/2018\n\t\t\t\t<\/figcaption><\/figure><figure class='gallery-item'>\n\t\t\t<div class='gallery-icon landscape'>\n\t\t\t\t<a href='https:\/\/www.wallendorff.com\/belogue\/2018\/08\/27\/le-cabaret-vert-2018-jour-1\/the-black-angels-le-cabaret-vert-charleville-mezieres-24-08-2018\/'><img loading=\"lazy\" decoding=\"async\" width=\"1170\" height=\"780\" src=\"https:\/\/www.wallendorff.com\/belogue\/wp-content\/uploads\/2018\/08\/20180827-51-1170x780.jpg\" class=\"attachment-large size-large\" alt=\"\" aria-describedby=\"gallery-1-39740\" srcset=\"https:\/\/www.wallendorff.com\/belogue\/wp-content\/uploads\/2018\/08\/20180827-51.jpg 1170w, https:\/\/www.wallendorff.com\/belogue\/wp-content\/uploads\/2018\/08\/20180827-51-820x547.jpg 820w, https:\/\/www.wallendorff.com\/belogue\/wp-content\/uploads\/2018\/08\/20180827-51-200x133.jpg 200w, https:\/\/www.wallendorff.com\/belogue\/wp-content\/uploads\/2018\/08\/20180827-51-300x200.jpg 300w, https:\/\/www.wallendorff.com\/belogue\/wp-content\/uploads\/2018\/08\/20180827-51-1116x744.jpg 1116w, https:\/\/www.wallendorff.com\/belogue\/wp-content\/uploads\/2018\/08\/20180827-51-806x537.jpg 806w, https:\/\/www.wallendorff.com\/belogue\/wp-content\/uploads\/2018\/08\/20180827-51-558x372.jpg 558w, https:\/\/www.wallendorff.com\/belogue\/wp-content\/uploads\/2018\/08\/20180827-51-655x437.jpg 655w, https:\/\/www.wallendorff.com\/belogue\/wp-content\/uploads\/2018\/08\/20180827-51-600x400.jpg 600w\" sizes=\"(max-width: 1170px) 100vw, 1170px\" \/><\/a>\n\t\t\t<\/div>\n\t\t\t\t<figcaption class='wp-caption-text gallery-caption' id='gallery-1-39740'>\n\t\t\t\tThe Black Angels @ le Cabaret Vert, Charleville-M\u00e9zi\u00e8res, 24\/08\/2018\n\t\t\t\t<\/figcaption><\/figure><figure class='gallery-item'>\n\t\t\t<div class='gallery-icon landscape'>\n\t\t\t\t<a href='https:\/\/www.wallendorff.com\/belogue\/2018\/08\/27\/le-cabaret-vert-2018-jour-1\/le-cabaret-vert-charleville-mezieres-24-08-2018-25\/'><img loading=\"lazy\" decoding=\"async\" width=\"1170\" height=\"780\" src=\"https:\/\/www.wallendorff.com\/belogue\/wp-content\/uploads\/2018\/08\/20180827-52-1170x780.jpg\" class=\"attachment-large size-large\" alt=\"\" aria-describedby=\"gallery-1-39741\" srcset=\"https:\/\/www.wallendorff.com\/belogue\/wp-content\/uploads\/2018\/08\/20180827-52.jpg 1170w, https:\/\/www.wallendorff.com\/belogue\/wp-content\/uploads\/2018\/08\/20180827-52-820x547.jpg 820w, https:\/\/www.wallendorff.com\/belogue\/wp-content\/uploads\/2018\/08\/20180827-52-200x133.jpg 200w, https:\/\/www.wallendorff.com\/belogue\/wp-content\/uploads\/2018\/08\/20180827-52-300x200.jpg 300w, https:\/\/www.wallendorff.com\/belogue\/wp-content\/uploads\/2018\/08\/20180827-52-1116x744.jpg 1116w, https:\/\/www.wallendorff.com\/belogue\/wp-content\/uploads\/2018\/08\/20180827-52-806x537.jpg 806w, https:\/\/www.wallendorff.com\/belogue\/wp-content\/uploads\/2018\/08\/20180827-52-558x372.jpg 558w, https:\/\/www.wallendorff.com\/belogue\/wp-content\/uploads\/2018\/08\/20180827-52-655x437.jpg 655w, https:\/\/www.wallendorff.com\/belogue\/wp-content\/uploads\/2018\/08\/20180827-52-600x400.jpg 600w\" sizes=\"(max-width: 1170px) 100vw, 1170px\" \/><\/a>\n\t\t\t<\/div>\n\t\t\t\t<figcaption class='wp-caption-text gallery-caption' id='gallery-1-39741'>\n\t\t\t\tLe Cabaret Vert, Charleville-M\u00e9zi\u00e8res, 24\/08\/2018\n\t\t\t\t<\/figcaption><\/figure><figure class='gallery-item'>\n\t\t\t<div class='gallery-icon landscape'>\n\t\t\t\t<a href='https:\/\/www.wallendorff.com\/belogue\/2018\/08\/27\/le-cabaret-vert-2018-jour-1\/the-black-angels-le-cabaret-vert-charleville-mezieres-24-08-2018-2\/'><img loading=\"lazy\" decoding=\"async\" width=\"1170\" height=\"780\" src=\"https:\/\/www.wallendorff.com\/belogue\/wp-content\/uploads\/2018\/08\/20180827-53-1170x780.jpg\" class=\"attachment-large size-large\" alt=\"\" aria-describedby=\"gallery-1-39742\" srcset=\"https:\/\/www.wallendorff.com\/belogue\/wp-content\/uploads\/2018\/08\/20180827-53.jpg 1170w, https:\/\/www.wallendorff.com\/belogue\/wp-content\/uploads\/2018\/08\/20180827-53-820x547.jpg 820w, https:\/\/www.wallendorff.com\/belogue\/wp-content\/uploads\/2018\/08\/20180827-53-200x133.jpg 200w, https:\/\/www.wallendorff.com\/belogue\/wp-content\/uploads\/2018\/08\/20180827-53-300x200.jpg 300w, https:\/\/www.wallendorff.com\/belogue\/wp-content\/uploads\/2018\/08\/20180827-53-1116x744.jpg 1116w, https:\/\/www.wallendorff.com\/belogue\/wp-content\/uploads\/2018\/08\/20180827-53-806x537.jpg 806w, https:\/\/www.wallendorff.com\/belogue\/wp-content\/uploads\/2018\/08\/20180827-53-558x372.jpg 558w, https:\/\/www.wallendorff.com\/belogue\/wp-content\/uploads\/2018\/08\/20180827-53-655x437.jpg 655w, https:\/\/www.wallendorff.com\/belogue\/wp-content\/uploads\/2018\/08\/20180827-53-600x400.jpg 600w\" sizes=\"(max-width: 1170px) 100vw, 1170px\" \/><\/a>\n\t\t\t<\/div>\n\t\t\t\t<figcaption class='wp-caption-text gallery-caption' id='gallery-1-39742'>\n\t\t\t\tThe Black Angels @ le Cabaret Vert, Charleville-M\u00e9zi\u00e8res, 24\/08\/2018\n\t\t\t\t<\/figcaption><\/figure>\n\t\t<\/div>\n\n","protected":false},"excerpt":{"rendered":"<p>Les autres jours s(er)ont publi\u00e9s sur ce lien.<\/p>\n","protected":false},"author":1,"featured_media":39733,"comment_status":"open","ping_status":"open","sticky":false,"template":"","format":"standard","meta":{"_acf_changed":false,"ngg_post_thumbnail":0,"jetpack_post_was_ever_published":false,"_jetpack_newsletter_access":"","_jetpack_dont_email_post_to_subs":false,"_jetpack_newsletter_tier_id":0,"_jetpack_memberships_contains_paywalled_content":false,"_jetpack_memberships_contains_paid_content":false,"footnotes":"","jetpack_publicize_message":"","jetpack_publicize_feature_enabled":true,"jetpack_social_post_already_shared":true,"jetpack_social_options":{"image_generator_settings":{"template":"highway","default_image_id":0,"font":"","enabled":false},"version":2}},"categories":[7],"tags":[14460,10084,6103,10255,14151,8170,181,6766,8351,10254,10321,10136,10120,14271,14145,15037,10135,14274,12105,14147,14908,15038,10349],"class_list":["post-39689","post","type-post","status-publish","format-standard","has-post-thumbnail","hentry","category-alive","tag-14460","tag-alive","tag-ambiance-2","tag-ardenne","tag-bonaventure-dieumerci","tag-ef-24-70-mm-f2-8l-ii-usm","tag-ef-70-200-mm-f28l-usm","tag-eos-5d-mark-iii","tag-eos-6d","tag-champagne-ardenne","tag-charleville-mezieres","tag-festival","tag-france","tag-fujifilm-x-t2","tag-le-cabaret-vert","tag-le-cabaret-vert-2018","tag-public","tag-samyang-8-mm-f2-8-umc-fisheye-ii","tag-seasick-steve","tag-square-bayard","tag-supreme-ntm","tag-svinkels","tag-the-black-angels"],"acf":[],"geo":{"latitude":49.7627487,"longitude":4.715404,"description":"Charleville-M\u00e9zi\u00e8res, Grand-Est, 08000, FR"},"jetpack_publicize_connections":[],"jetpack_featured_media_url":"https:\/\/www.wallendorff.com\/belogue\/wp-content\/uploads\/2018\/08\/20180827-44.jpg","jetpack_shortlink":"https:\/\/wp.me\/p3b35P-ak9","jetpack_sharing_enabled":true,"jetpack-related-posts":[{"id":13190,"url":"https:\/\/www.wallendorff.com\/belogue\/2011\/08\/31\/the-wombats-le-cabaret-vert-charleville-mezieres-26-aout\/","url_meta":{"origin":39689,"position":0},"title":"The Wombats @ le Cabaret Vert, Charleville-M\u00e9zi\u00e8res, 26 ao\u00fbt.","author":"dpc","date":"31 ao\u00fbt 2011","format":false,"excerpt":"\u00a0The Wombats \u2013 1996 [youtube]http:\/\/www.youtube.com\/watch?v=m3ZwhfIG6cw[\/youtube]","rel":"","context":"Dans &quot;Alive&quot;","block_context":{"text":"Alive","link":"https:\/\/www.wallendorff.com\/belogue\/category\/alive\/"},"img":{"alt_text":"","src":"https:\/\/i0.wp.com\/www.wallendorff.com\/belogue\/wp-content\/uploads\/2015\/04\/201108311.jpg?resize=350%2C200&ssl=1","width":350,"height":200,"srcset":"https:\/\/i0.wp.com\/www.wallendorff.com\/belogue\/wp-content\/uploads\/2015\/04\/201108311.jpg?resize=350%2C200&ssl=1 1x, https:\/\/i0.wp.com\/www.wallendorff.com\/belogue\/wp-content\/uploads\/2015\/04\/201108311.jpg?resize=525%2C300&ssl=1 1.5x, https:\/\/i0.wp.com\/www.wallendorff.com\/belogue\/wp-content\/uploads\/2015\/04\/201108311.jpg?resize=700%2C400&ssl=1 2x"},"classes":[]},{"id":35561,"url":"https:\/\/www.wallendorff.com\/belogue\/2017\/08\/25\/le-cabaret-vert-2017-jour-1\/","url_meta":{"origin":39689,"position":1},"title":"Le Cabaret Vert 2017, jour 1.","author":"dpc","date":"25 ao\u00fbt 2017","format":false,"excerpt":"","rel":"","context":"Dans &quot;Alive&quot;","block_context":{"text":"Alive","link":"https:\/\/www.wallendorff.com\/belogue\/category\/alive\/"},"img":{"alt_text":"","src":"https:\/\/i0.wp.com\/www.wallendorff.com\/belogue\/wp-content\/uploads\/2017\/08\/20170825-39.jpg?resize=350%2C200&ssl=1","width":350,"height":200,"srcset":"https:\/\/i0.wp.com\/www.wallendorff.com\/belogue\/wp-content\/uploads\/2017\/08\/20170825-39.jpg?resize=350%2C200&ssl=1 1x, https:\/\/i0.wp.com\/www.wallendorff.com\/belogue\/wp-content\/uploads\/2017\/08\/20170825-39.jpg?resize=525%2C300&ssl=1 1.5x, https:\/\/i0.wp.com\/www.wallendorff.com\/belogue\/wp-content\/uploads\/2017\/08\/20170825-39.jpg?resize=700%2C400&ssl=1 2x"},"classes":[]},{"id":35698,"url":"https:\/\/www.wallendorff.com\/belogue\/2017\/08\/27\/le-cabaret-vert-2017-jour-3\/","url_meta":{"origin":39689,"position":2},"title":"Le Cabaret Vert 2017, jour 3.","author":"dpc","date":"27 ao\u00fbt 2017","format":false,"excerpt":"","rel":"","context":"Dans &quot;Alive&quot;","block_context":{"text":"Alive","link":"https:\/\/www.wallendorff.com\/belogue\/category\/alive\/"},"img":{"alt_text":"","src":"https:\/\/i0.wp.com\/www.wallendorff.com\/belogue\/wp-content\/uploads\/2017\/08\/20170827-28.jpg?resize=350%2C200&ssl=1","width":350,"height":200,"srcset":"https:\/\/i0.wp.com\/www.wallendorff.com\/belogue\/wp-content\/uploads\/2017\/08\/20170827-28.jpg?resize=350%2C200&ssl=1 1x, https:\/\/i0.wp.com\/www.wallendorff.com\/belogue\/wp-content\/uploads\/2017\/08\/20170827-28.jpg?resize=525%2C300&ssl=1 1.5x, https:\/\/i0.wp.com\/www.wallendorff.com\/belogue\/wp-content\/uploads\/2017\/08\/20170827-28.jpg?resize=700%2C400&ssl=1 2x"},"classes":[]},{"id":35752,"url":"https:\/\/www.wallendorff.com\/belogue\/2017\/08\/28\/le-cabaret-vert-2017-jour-4\/","url_meta":{"origin":39689,"position":3},"title":"Le Cabaret Vert 2017, jour 4.","author":"dpc","date":"28 ao\u00fbt 2017","format":false,"excerpt":"","rel":"","context":"Dans &quot;Alive&quot;","block_context":{"text":"Alive","link":"https:\/\/www.wallendorff.com\/belogue\/category\/alive\/"},"img":{"alt_text":"","src":"https:\/\/i0.wp.com\/www.wallendorff.com\/belogue\/wp-content\/uploads\/2017\/08\/20170828-06.jpg?resize=350%2C200&ssl=1","width":350,"height":200,"srcset":"https:\/\/i0.wp.com\/www.wallendorff.com\/belogue\/wp-content\/uploads\/2017\/08\/20170828-06.jpg?resize=350%2C200&ssl=1 1x, https:\/\/i0.wp.com\/www.wallendorff.com\/belogue\/wp-content\/uploads\/2017\/08\/20170828-06.jpg?resize=525%2C300&ssl=1 1.5x, https:\/\/i0.wp.com\/www.wallendorff.com\/belogue\/wp-content\/uploads\/2017\/08\/20170828-06.jpg?resize=700%2C400&ssl=1 2x"},"classes":[]},{"id":35620,"url":"https:\/\/www.wallendorff.com\/belogue\/2017\/08\/26\/le-cabaret-vert-2017-jour-2\/","url_meta":{"origin":39689,"position":4},"title":"Le Cabaret Vert 2017, jour 2.","author":"dpc","date":"26 ao\u00fbt 2017","format":false,"excerpt":"","rel":"","context":"Dans &quot;Alive&quot;","block_context":{"text":"Alive","link":"https:\/\/www.wallendorff.com\/belogue\/category\/alive\/"},"img":{"alt_text":"","src":"https:\/\/i0.wp.com\/www.wallendorff.com\/belogue\/wp-content\/uploads\/2017\/08\/20170826-10.jpg?resize=350%2C200&ssl=1","width":350,"height":200,"srcset":"https:\/\/i0.wp.com\/www.wallendorff.com\/belogue\/wp-content\/uploads\/2017\/08\/20170826-10.jpg?resize=350%2C200&ssl=1 1x, https:\/\/i0.wp.com\/www.wallendorff.com\/belogue\/wp-content\/uploads\/2017\/08\/20170826-10.jpg?resize=525%2C300&ssl=1 1.5x, https:\/\/i0.wp.com\/www.wallendorff.com\/belogue\/wp-content\/uploads\/2017\/08\/20170826-10.jpg?resize=700%2C400&ssl=1 2x"},"classes":[]},{"id":43562,"url":"https:\/\/www.wallendorff.com\/belogue\/2019\/08\/25\/le-cabaret-vert-2019-charleville-mezieres-jour-2\/","url_meta":{"origin":39689,"position":5},"title":"Le Cabaret Vert 2019, Charleville-M\u00e9zi\u00e8res, jour 2","author":"dpc","date":"25 ao\u00fbt 2019","format":false,"excerpt":"","rel":"","context":"Dans &quot;Alive&quot;","block_context":{"text":"Alive","link":"https:\/\/www.wallendorff.com\/belogue\/category\/alive\/"},"img":{"alt_text":"","src":"https:\/\/i0.wp.com\/www.wallendorff.com\/belogue\/wp-content\/uploads\/2019\/08\/20190825-84.jpg?resize=350%2C200&ssl=1","width":350,"height":200,"srcset":"https:\/\/i0.wp.com\/www.wallendorff.com\/belogue\/wp-content\/uploads\/2019\/08\/20190825-84.jpg?resize=350%2C200&ssl=1 1x, https:\/\/i0.wp.com\/www.wallendorff.com\/belogue\/wp-content\/uploads\/2019\/08\/20190825-84.jpg?resize=525%2C300&ssl=1 1.5x, https:\/\/i0.wp.com\/www.wallendorff.com\/belogue\/wp-content\/uploads\/2019\/08\/20190825-84.jpg?resize=700%2C400&ssl=1 2x, https:\/\/i0.wp.com\/www.wallendorff.com\/belogue\/wp-content\/uploads\/2019\/08\/20190825-84.jpg?resize=1050%2C600&ssl=1 3x"},"classes":[]}],"_links":{"self":[{"href":"https:\/\/www.wallendorff.com\/belogue\/wp-json\/wp\/v2\/posts\/39689","targetHints":{"allow":["GET"]}}],"collection":[{"href":"https:\/\/www.wallendorff.com\/belogue\/wp-json\/wp\/v2\/posts"}],"about":[{"href":"https:\/\/www.wallendorff.com\/belogue\/wp-json\/wp\/v2\/types\/post"}],"author":[{"embeddable":true,"href":"https:\/\/www.wallendorff.com\/belogue\/wp-json\/wp\/v2\/users\/1"}],"replies":[{"embeddable":true,"href":"https:\/\/www.wallendorff.com\/belogue\/wp-json\/wp\/v2\/comments?post=39689"}],"version-history":[{"count":3,"href":"https:\/\/www.wallendorff.com\/belogue\/wp-json\/wp\/v2\/posts\/39689\/revisions"}],"predecessor-version":[{"id":39746,"href":"https:\/\/www.wallendorff.com\/belogue\/wp-json\/wp\/v2\/posts\/39689\/revisions\/39746"}],"wp:featuredmedia":[{"embeddable":true,"href":"https:\/\/www.wallendorff.com\/belogue\/wp-json\/wp\/v2\/media\/39733"}],"wp:attachment":[{"href":"https:\/\/www.wallendorff.com\/belogue\/wp-json\/wp\/v2\/media?parent=39689"}],"wp:term":[{"taxonomy":"category","embeddable":true,"href":"https:\/\/www.wallendorff.com\/belogue\/wp-json\/wp\/v2\/categories?post=39689"},{"taxonomy":"post_tag","embeddable":true,"href":"https:\/\/www.wallendorff.com\/belogue\/wp-json\/wp\/v2\/tags?post=39689"}],"curies":[{"name":"wp","href":"https:\/\/api.w.org\/{rel}","templated":true}]}}