{"id":39675,"date":"2018-08-16T09:53:44","date_gmt":"2018-08-16T07:53:44","guid":{"rendered":"http:\/\/www.wallendorff.com\/belogue\/?p=39675"},"modified":"2018-08-16T09:53:44","modified_gmt":"2018-08-16T07:53:44","slug":"laiguille-dit-midi","status":"publish","type":"post","link":"https:\/\/www.wallendorff.com\/belogue\/2018\/08\/16\/laiguille-dit-midi\/","title":{"rendered":"L&rsquo;aiguille dit midi."},"content":{"rendered":"<div id=\"photo\">\n<p><img decoding=\"async\" src=\"https:\/\/www.wallendorff.com\/belogue\/wp-content\/uploads\/2018\/08\/20180816.jpg\"><br \/>\nAlexanderplatz, Berlin, 3 juin 2018.<\/p>\n<\/div>\n<div id=\"bandeson\">\n<p><img decoding=\"async\" src=\"https:\/\/www.wallendorff.com\/belogue\/photo\/pochettes\/u\/u2-achtung_baby.jpg\" align=\"left\"><em><a href=\"https:\/\/www.youtube.com\/watch?v=TUD4CQT33w4\">Ultraviolet (Light My Way)<\/a><\/em><br \/><a href=\"http:\/\/www.u2.com\">U2<\/a><\/p>\n<\/div>\n","protected":false},"excerpt":{"rendered":"<p>Alexanderplatz, Berlin, 3 juin 2018. Ultraviolet (Light My Way)U2<\/p>\n","protected":false},"author":1,"featured_media":39676,"comment_status":"open","ping_status":"open","sticky":false,"template":"","format":"standard","meta":{"_acf_changed":false,"ngg_post_thumbnail":0,"jetpack_post_was_ever_published":false,"_jetpack_newsletter_access":"","_jetpack_dont_email_post_to_subs":false,"_jetpack_newsletter_tier_id":0,"_jetpack_memberships_contains_paywalled_content":false,"_jetpack_memberships_contains_paid_content":false,"footnotes":"","jetpack_publicize_message":"","jetpack_publicize_feature_enabled":true,"jetpack_social_post_already_shared":true,"jetpack_social_options":{"image_generator_settings":{"template":"highway","default_image_id":0,"font":"","enabled":false},"version":2}},"categories":[3],"tags":[12163,10953,12146,10452,1243,10246,12162,14271,14272,11323,10851,309,15032],"class_list":["post-39675","post","type-post","status-publish","format-standard","has-post-thumbnail","hentry","category-dpc","tag-alexanderplatz","tag-allemagne","tag-arrondissement-de-mitte","tag-berlin","tag-carre","tag-contre-jour","tag-fernsehturm","tag-fujifilm-x-t2","tag-fujinon-xf-18-55-mm-f2-8-4-r-lm-ois","tag-panoramique","tag-tour","tag-u2","tag-ultraviolet-light-my-way"],"acf":[],"geo":{"latitude":52.5210571,"longitude":13.4129963,"description":"Berlin, Berlin, 10178, DE"},"jetpack_publicize_connections":[],"jetpack_featured_media_url":"https:\/\/www.wallendorff.com\/belogue\/wp-content\/uploads\/2018\/08\/20180816.jpg","jetpack_shortlink":"https:\/\/wp.me\/p3b35P-ajV","jetpack_sharing_enabled":true,"jetpack-related-posts":[{"id":23446,"url":"https:\/\/www.wallendorff.com\/belogue\/2014\/10\/16\/turm-me-on\/","url_meta":{"origin":39675,"position":0},"title":"Turm [me on].","author":"dpc","date":"16 octobre 2014","format":false,"excerpt":"Alexanderplatz, Berlin, 9 ao\u00fbt. Left Hand Free \u0394","rel":"","context":"Dans &quot;DPC&quot;","block_context":{"text":"DPC","link":"https:\/\/www.wallendorff.com\/belogue\/category\/dpc\/"},"img":{"alt_text":"","src":"https:\/\/i0.wp.com\/www.wallendorff.com\/belogue\/wp-content\/uploads\/2015\/04\/201410161.jpg?resize=350%2C200&ssl=1","width":350,"height":200,"srcset":"https:\/\/i0.wp.com\/www.wallendorff.com\/belogue\/wp-content\/uploads\/2015\/04\/201410161.jpg?resize=350%2C200&ssl=1 1x, https:\/\/i0.wp.com\/www.wallendorff.com\/belogue\/wp-content\/uploads\/2015\/04\/201410161.jpg?resize=525%2C300&ssl=1 1.5x, https:\/\/i0.wp.com\/www.wallendorff.com\/belogue\/wp-content\/uploads\/2015\/04\/201410161.jpg?resize=700%2C400&ssl=1 2x"},"classes":[]},{"id":51123,"url":"https:\/\/www.wallendorff.com\/belogue\/2022\/03\/29\/hallo-berlin\/","url_meta":{"origin":39675,"position":1},"title":"Hallo Berlin","author":"dpc","date":"29 mars 2022","format":false,"excerpt":"","rel":"","context":"Dans &quot;DPC&quot;","block_context":{"text":"DPC","link":"https:\/\/www.wallendorff.com\/belogue\/category\/dpc\/"},"img":{"alt_text":"","src":"https:\/\/i0.wp.com\/www.wallendorff.com\/belogue\/wp-content\/uploads\/2022\/03\/20220329-32.jpg?resize=350%2C200&ssl=1","width":350,"height":200,"srcset":"https:\/\/i0.wp.com\/www.wallendorff.com\/belogue\/wp-content\/uploads\/2022\/03\/20220329-32.jpg?resize=350%2C200&ssl=1 1x, https:\/\/i0.wp.com\/www.wallendorff.com\/belogue\/wp-content\/uploads\/2022\/03\/20220329-32.jpg?resize=525%2C300&ssl=1 1.5x, https:\/\/i0.wp.com\/www.wallendorff.com\/belogue\/wp-content\/uploads\/2022\/03\/20220329-32.jpg?resize=700%2C400&ssl=1 2x, https:\/\/i0.wp.com\/www.wallendorff.com\/belogue\/wp-content\/uploads\/2022\/03\/20220329-32.jpg?resize=1050%2C600&ssl=1 3x"},"classes":[]},{"id":23369,"url":"https:\/\/www.wallendorff.com\/belogue\/2014\/08\/31\/aout-2014\/","url_meta":{"origin":39675,"position":2},"title":"Ao\u00fbt 2014.","author":"dpc","date":"31 ao\u00fbt 2014","format":false,"excerpt":"Un test \u00e0 l'aveugle \u00e0 cornes, un avion, des bi\u00e8res et des saucisses au curry, un gros nours, des allers-retours en schnellbahn, un mur, des puces, un mus\u00e9e, David Hasselhoff, un avion, Montmartre \u00e0 l'aube, un b\u00e9b\u00e9, des mains, une autoroutes, des portraits de gens qui signent, des portraits de\u2026","rel":"","context":"Dans &quot;Blog-note&quot;","block_context":{"text":"Blog-note","link":"https:\/\/www.wallendorff.com\/belogue\/category\/blog-note\/"},"img":{"alt_text":"","src":"https:\/\/i0.wp.com\/www.wallendorff.com\/belogue\/wp-content\/uploads\/2015\/04\/20140919-261.jpg?resize=350%2C200&ssl=1","width":350,"height":200,"srcset":"https:\/\/i0.wp.com\/www.wallendorff.com\/belogue\/wp-content\/uploads\/2015\/04\/20140919-261.jpg?resize=350%2C200&ssl=1 1x, https:\/\/i0.wp.com\/www.wallendorff.com\/belogue\/wp-content\/uploads\/2015\/04\/20140919-261.jpg?resize=525%2C300&ssl=1 1.5x, https:\/\/i0.wp.com\/www.wallendorff.com\/belogue\/wp-content\/uploads\/2015\/04\/20140919-261.jpg?resize=700%2C400&ssl=1 2x"},"classes":[]},{"id":39310,"url":"https:\/\/www.wallendorff.com\/belogue\/2018\/06\/30\/juin-2018\/","url_meta":{"origin":39675,"position":3},"title":"Juin 2018.","author":"dpc","date":"30 juin 2018","format":false,"excerpt":"Un avion, un num\u00e9ro, un m\u00e9morial, un m\u00e9tro, un guitariste, une expo, un bar, une toilette, un beau plafond, des graffiti, une chaise, une fen\u00eatre, un feu rouge, un quai, une \u00e9glise, une gare, un bar, un m\u00e9tro, une porte, une \u00e9chope, un tas de photoapparate, un spectacle, un mur,\u2026","rel":"","context":"Dans &quot;Blog-note&quot;","block_context":{"text":"Blog-note","link":"https:\/\/www.wallendorff.com\/belogue\/category\/blog-note\/"},"img":{"alt_text":"","src":"https:\/\/i0.wp.com\/www.wallendorff.com\/belogue\/wp-content\/uploads\/2018\/07\/20180727-82.jpg?resize=350%2C200&ssl=1","width":350,"height":200,"srcset":"https:\/\/i0.wp.com\/www.wallendorff.com\/belogue\/wp-content\/uploads\/2018\/07\/20180727-82.jpg?resize=350%2C200&ssl=1 1x, https:\/\/i0.wp.com\/www.wallendorff.com\/belogue\/wp-content\/uploads\/2018\/07\/20180727-82.jpg?resize=525%2C300&ssl=1 1.5x, https:\/\/i0.wp.com\/www.wallendorff.com\/belogue\/wp-content\/uploads\/2018\/07\/20180727-82.jpg?resize=700%2C400&ssl=1 2x, https:\/\/i0.wp.com\/www.wallendorff.com\/belogue\/wp-content\/uploads\/2018\/07\/20180727-82.jpg?resize=1050%2C600&ssl=1 3x"},"classes":[]},{"id":14517,"url":"https:\/\/www.wallendorff.com\/belogue\/2011\/11\/21\/trente-trois-tours\/","url_meta":{"origin":39675,"position":4},"title":"Trente-trois tours.","author":"dpc","date":"21 novembre 2011","format":false,"excerpt":"Rue Championnet, Paris, 10 septembre. Je suis pas trop tout \u00e0 fait s\u00fbr de si on a encore le droit de mettre du U2 en bande-son en 2011 ou bien, mais je vais prendre le risque. U2 \u2013 Lady with the Spinning Head (extended dance mix) [youtube]http:\/\/www.youtube.com\/watch?v=lnWHu1B0DMY[\/youtube]","rel":"","context":"Dans &quot;DPC&quot;","block_context":{"text":"DPC","link":"https:\/\/www.wallendorff.com\/belogue\/category\/dpc\/"},"img":{"alt_text":"","src":"https:\/\/i0.wp.com\/www.wallendorff.com\/belogue\/wp-content\/uploads\/2015\/04\/201111211.jpg?resize=350%2C200&ssl=1","width":350,"height":200,"srcset":"https:\/\/i0.wp.com\/www.wallendorff.com\/belogue\/wp-content\/uploads\/2015\/04\/201111211.jpg?resize=350%2C200&ssl=1 1x, https:\/\/i0.wp.com\/www.wallendorff.com\/belogue\/wp-content\/uploads\/2015\/04\/201111211.jpg?resize=525%2C300&ssl=1 1.5x, https:\/\/i0.wp.com\/www.wallendorff.com\/belogue\/wp-content\/uploads\/2015\/04\/201111211.jpg?resize=700%2C400&ssl=1 2x"},"classes":[]},{"id":19087,"url":"https:\/\/www.wallendorff.com\/belogue\/2012\/09\/26\/tram-de-la-route\/","url_meta":{"origin":39675,"position":5},"title":"Tram, de la route.","author":"dpc","date":"26 septembre 2012","format":false,"excerpt":"Hiseta, Sarajevo, 29 juillet. Tout ceux qui ont r\u00e9pondu \u00ab\u00a0rh\u00f4 il n'oserait pas enfin.\u00a0\u00bb \u00e0 la question \u00ab\u00a0Il ne va pas nous mettre un U2 en bande-son sur les photos de Sarajevo, quand m\u00eame\u00a0?\u00a0\u00bb ont un gage. U2 \u2013 Even Better Than the Real Thing (V16 Exit Wound remix)","rel":"","context":"Dans &quot;DPC&quot;","block_context":{"text":"DPC","link":"https:\/\/www.wallendorff.com\/belogue\/category\/dpc\/"},"img":{"alt_text":"","src":"https:\/\/i0.wp.com\/www.wallendorff.com\/belogue\/wp-content\/uploads\/2015\/04\/201209261.jpg?resize=350%2C200&ssl=1","width":350,"height":200,"srcset":"https:\/\/i0.wp.com\/www.wallendorff.com\/belogue\/wp-content\/uploads\/2015\/04\/201209261.jpg?resize=350%2C200&ssl=1 1x, https:\/\/i0.wp.com\/www.wallendorff.com\/belogue\/wp-content\/uploads\/2015\/04\/201209261.jpg?resize=525%2C300&ssl=1 1.5x, https:\/\/i0.wp.com\/www.wallendorff.com\/belogue\/wp-content\/uploads\/2015\/04\/201209261.jpg?resize=700%2C400&ssl=1 2x"},"classes":[]}],"_links":{"self":[{"href":"https:\/\/www.wallendorff.com\/belogue\/wp-json\/wp\/v2\/posts\/39675","targetHints":{"allow":["GET"]}}],"collection":[{"href":"https:\/\/www.wallendorff.com\/belogue\/wp-json\/wp\/v2\/posts"}],"about":[{"href":"https:\/\/www.wallendorff.com\/belogue\/wp-json\/wp\/v2\/types\/post"}],"author":[{"embeddable":true,"href":"https:\/\/www.wallendorff.com\/belogue\/wp-json\/wp\/v2\/users\/1"}],"replies":[{"embeddable":true,"href":"https:\/\/www.wallendorff.com\/belogue\/wp-json\/wp\/v2\/comments?post=39675"}],"version-history":[{"count":2,"href":"https:\/\/www.wallendorff.com\/belogue\/wp-json\/wp\/v2\/posts\/39675\/revisions"}],"predecessor-version":[{"id":39678,"href":"https:\/\/www.wallendorff.com\/belogue\/wp-json\/wp\/v2\/posts\/39675\/revisions\/39678"}],"wp:featuredmedia":[{"embeddable":true,"href":"https:\/\/www.wallendorff.com\/belogue\/wp-json\/wp\/v2\/media\/39676"}],"wp:attachment":[{"href":"https:\/\/www.wallendorff.com\/belogue\/wp-json\/wp\/v2\/media?parent=39675"}],"wp:term":[{"taxonomy":"category","embeddable":true,"href":"https:\/\/www.wallendorff.com\/belogue\/wp-json\/wp\/v2\/categories?post=39675"},{"taxonomy":"post_tag","embeddable":true,"href":"https:\/\/www.wallendorff.com\/belogue\/wp-json\/wp\/v2\/tags?post=39675"}],"curies":[{"name":"wp","href":"https:\/\/api.w.org\/{rel}","templated":true}]}}