{"id":3963,"date":"2009-03-02T10:19:21","date_gmt":"2009-03-02T09:19:21","guid":{"rendered":"http:\/\/www.po-l.com\/belogue\/?p=3963"},"modified":"2012-02-10T11:25:15","modified_gmt":"2012-02-10T09:25:15","slug":"les-bouleau-ronds-dedans","status":"publish","type":"post","link":"https:\/\/www.wallendorff.com\/belogue\/2009\/03\/02\/les-bouleau-ronds-dedans\/","title":{"rendered":"Les bouleaux ronds dedans."},"content":{"rendered":"<div id=\"photo\">\n<p><img decoding=\"async\" src=\"https:\/\/www.wallendorff.com\/belogue\/photo\/2009\/03\/20090302.jpg\" \/><br \/>\nPanth&eacute;on, Paris, 18 janvier.<\/p>\n<\/div>\n<p>Apr&egrave;s un week-end riche en &eacute;v&eacute;nements musicaux au cours duquel on a pu voir BB Brunes obtenir la Victoire de la r&eacute;v&eacute;lation sc&egrave;ne afin d&rsquo;&eacute;viter une nouvelle gr&egrave;ve lyc&eacute;enne,  Saez d&eacute;guis&eacute; en Kurt Cobain nous faire un sp&eacute;cial reva&iuml;v&ocirc;le ann&eacute;es 90<sup>1<\/sup> avec ses gratteux d&eacute;guis&eacute;s en Slash et Johnny Greenwood, Ana&iuml;s faire du poney<sup>2<\/sup> ou Sefyu confirmer la r&egrave;gle myst&eacute;rieuse qui interdit aux rappeurs de sortir de chez eux sans &ecirc;tre suivis de l&rsquo;int&eacute;gralit&eacute; de leur classe de premi&egrave;re, mais aussi s&rsquo;extasier devant la taille des oreilles d&rsquo;Arthur H. au point de se demander si son p&egrave;re c&rsquo;est pas plut&ocirc;t Gainsbourg, le tout dans une soir&eacute;e consacrant Bashung avec un triste arri&egrave;re-go&ucirc;t de <em>vite vite profitons-en avant qu&rsquo;il n&rsquo;y en ait plus<\/em>, penchons-nous aujourd&rsquo;hui sur le concept commercial innovant du nouveau simple de Depeche Mode, <em>Wrong<\/em><sup>3<\/sup>, qui est livr&eacute; avec sa sonnerie SMS int&eacute;gr&eacute;e pr&ecirc;te &agrave; retentir au bon moment pour notifier &agrave; des milliards de fans lass&eacute;s de la sonnerie <em>Bienvenue chez les Ch&#8217;tis<\/em> qu&rsquo;ils viennent de recevoir la r&eacute;ponse du service &laquo;&nbsp;comment se nommera ton premier chihuahua&nbsp;&raquo; qu&rsquo;ils ont contact&eacute; au 82751 pour 3,69&nbsp;&euro;\/SMS (service en 22 SMS). D&rsquo;ailleurs, je trouve la formule tellement g&eacute;niale que la bande-son du jour s&rsquo;en tiendra &agrave; sa version n&eacute;cessaire et suffisante, tiens&nbsp;:<\/p>\n<div id=\"bandeson\">\n<p><img decoding=\"async\" src=\"https:\/\/www.wallendorff.com\/belogue\/photo\/pochettes\/d\/depeche_mode-sounds_of_the_universe.jpg\" align=\"left\" \/>&nbsp; <a href=\"http:\/\/www.depechemode.com\/\">Depeche Mode <\/a>&ndash; <em>Wrong<\/em> (DPC Text Message Mix)<\/p>\n<\/div>\n<p>_____<\/p>\n<div id=\"bas_note\">\n<p><sup>1<\/sup> Je me demande toujours, quand nous serons vieux, qui les promoteurs de spectacles bon enfant embaucheront-il pour leur tourn&eacute;e ann&eacute;es 90 sponsoris&eacute;es par Radio Nostalgie. L&acirc;&acirc;m, 2B3, Blur ou les trois ensemble&nbsp;?<\/p>\n<p><sup>2<\/sup> Ou un poney faire de l&rsquo;Ana&iuml;s, je suis pas trop s&ucirc;r.<\/p>\n<p><sup>3<\/sup> Tir&eacute; d&rsquo;un <em>Sounds of the Universe<\/em> &agrave; para&icirc;tre le 20 avril mais d&rsquo;ores et d&eacute;j&agrave; nomm&eacute; pour la prochaine <em>Victoire de la pochette r&eacute;alis&eacute;e sous Powerpoint 95  et rien d&rsquo;autre que Powerpoint 95<\/em>.<\/p>\n<\/div>\n","protected":false},"excerpt":{"rendered":"<p>Panth&eacute;on, Paris, 18 janvier. Apr&egrave;s un week-end riche en &eacute;v&eacute;nements musicaux au cours duquel on a pu voir BB Brunes obtenir la Victoire de la r&eacute;v&eacute;lation sc&egrave;ne afin d&rsquo;&eacute;viter une nouvelle gr&egrave;ve lyc&eacute;enne, Saez d&eacute;guis&eacute; en Kurt Cobain nous faire un sp&eacute;cial reva&iuml;v&ocirc;le ann&eacute;es 901 avec ses gratteux d&eacute;guis&eacute;s en Slash et Johnny Greenwood, Ana&iuml;s&hellip;<\/p>\n","protected":false},"author":1,"featured_media":25377,"comment_status":"open","ping_status":"open","sticky":false,"template":"","format":"standard","meta":{"_acf_changed":false,"ngg_post_thumbnail":0,"jetpack_post_was_ever_published":false,"_jetpack_newsletter_access":"","_jetpack_dont_email_post_to_subs":false,"_jetpack_newsletter_tier_id":0,"_jetpack_memberships_contains_paywalled_content":false,"_jetpack_memberships_contains_paid_content":false,"footnotes":"","jetpack_publicize_message":"","jetpack_publicize_feature_enabled":true,"jetpack_social_post_already_shared":false,"jetpack_social_options":{"image_generator_settings":{"template":"highway","default_image_id":0,"font":"","enabled":false},"version":2}},"categories":[3],"tags":[10239,2571,2615,10657,10126,10120,253,10121,1696,10098,2721],"class_list":["post-3963","post","type-post","status-publish","format-standard","has-post-thumbnail","hentry","category-dpc","tag-10239","tag-ef-16-35-mm-f28l-ii-usm","tag-eos-5d-mark-ii","tag-colonne","tag-depeche-mode","tag-france","tag-i-might-be-wrong","tag-ile-de-france","tag-pantheon","tag-paris","tag-victoires-de-la-musique"],"acf":[],"geo":{"latitude":48.8462296,"longitude":2.345278,"description":"21 Place du Panth\u00e9on, 75005 Paris, France"},"jetpack_publicize_connections":[],"jetpack_featured_media_url":"https:\/\/www.wallendorff.com\/belogue\/wp-content\/uploads\/2015\/04\/200903021.jpg","jetpack_shortlink":"https:\/\/wp.me\/p3b35P-11V","jetpack_sharing_enabled":true,"jetpack-related-posts":[{"id":41075,"url":"https:\/\/www.wallendorff.com\/belogue\/2019\/02\/01\/portrait-145\/","url_meta":{"origin":3963,"position":0},"title":"Portrait #146.","author":"dpc","date":"1 f\u00e9vrier 2019","format":false,"excerpt":"Place du Panth\u00e9on, Paris, 9 janvier 2019.","rel":"","context":"Dans &quot;Portraits&quot;","block_context":{"text":"Portraits","link":"https:\/\/www.wallendorff.com\/belogue\/category\/portraits\/"},"img":{"alt_text":"","src":"https:\/\/i0.wp.com\/www.wallendorff.com\/belogue\/wp-content\/uploads\/2019\/02\/20190201-03.jpg?resize=350%2C200&ssl=1","width":350,"height":200,"srcset":"https:\/\/i0.wp.com\/www.wallendorff.com\/belogue\/wp-content\/uploads\/2019\/02\/20190201-03.jpg?resize=350%2C200&ssl=1 1x, https:\/\/i0.wp.com\/www.wallendorff.com\/belogue\/wp-content\/uploads\/2019\/02\/20190201-03.jpg?resize=525%2C300&ssl=1 1.5x, https:\/\/i0.wp.com\/www.wallendorff.com\/belogue\/wp-content\/uploads\/2019\/02\/20190201-03.jpg?resize=700%2C400&ssl=1 2x, https:\/\/i0.wp.com\/www.wallendorff.com\/belogue\/wp-content\/uploads\/2019\/02\/20190201-03.jpg?resize=1050%2C600&ssl=1 3x"},"classes":[]},{"id":9835,"url":"https:\/\/www.wallendorff.com\/belogue\/2010\/11\/24\/the-national-lolympia-paris\/","url_meta":{"origin":3963,"position":1},"title":"The National @ l&rsquo;Olympia, Paris.","author":"dpc","date":"24 novembre 2010","format":false,"excerpt":"Et l\u00e0, la s\u00e9cu pas au courant des soucis qu'il y a eu \u00e0 l'entr\u00e9e te vire comme pr\u00e9vu au bout de trois titres, alors que vous n'avez pu arriver qu'\u00e0 2 titres et demi, et vous passez 15 minutes \u00e0 d\u00e9brouiller le quiproquo et n\u00e9gocier avec tout le monde\u2026","rel":"","context":"Dans &quot;Alive&quot;","block_context":{"text":"Alive","link":"https:\/\/www.wallendorff.com\/belogue\/category\/alive\/"},"img":{"alt_text":"","src":"https:\/\/i0.wp.com\/www.wallendorff.com\/belogue\/wp-content\/uploads\/2015\/04\/201011241.jpg?resize=350%2C200&ssl=1","width":350,"height":200,"srcset":"https:\/\/i0.wp.com\/www.wallendorff.com\/belogue\/wp-content\/uploads\/2015\/04\/201011241.jpg?resize=350%2C200&ssl=1 1x, https:\/\/i0.wp.com\/www.wallendorff.com\/belogue\/wp-content\/uploads\/2015\/04\/201011241.jpg?resize=525%2C300&ssl=1 1.5x, https:\/\/i0.wp.com\/www.wallendorff.com\/belogue\/wp-content\/uploads\/2015\/04\/201011241.jpg?resize=700%2C400&ssl=1 2x"},"classes":[]},{"id":549,"url":"https:\/\/www.wallendorff.com\/belogue\/2006\/07\/26\/pony-pony-pony-it-s-a-rich-man-s-world\/","url_meta":{"origin":3963,"position":2},"title":"Pony, pony, pony [It&rsquo;s a rich man&rsquo;s world.]","author":"dpc","date":"26 juillet 2006","format":false,"excerpt":"Place du Panth\u00e9on, Paris, 17 juin. Nom de Zeus. On est 8 ans plus tard, je ne pensais plus jamais les revoir1 et les revoil\u00e0 qui s'en viennent. Soul Asylum, The Silver Lining, dans les bacs depuis le 11 juillet. PS\u00a0: \u00c0 la base j'\u00e9tais parti pour une compile de\u2026","rel":"","context":"Dans &quot;DPC&quot;","block_context":{"text":"DPC","link":"https:\/\/www.wallendorff.com\/belogue\/category\/dpc\/"},"img":{"alt_text":"","src":"https:\/\/i0.wp.com\/www.wallendorff.com\/belogue\/wp-content\/uploads\/2015\/04\/200607261.jpg?resize=350%2C200&ssl=1","width":350,"height":200},"classes":[]},{"id":4671,"url":"https:\/\/www.wallendorff.com\/belogue\/2009\/09\/08\/coldplay-parc-des-princes-paris\/","url_meta":{"origin":3963,"position":3},"title":"Coldplay @ Parc des Princes, Paris.","author":"dpc","date":"8 septembre 2009","format":false,"excerpt":"\u00a0 Coldplay \u2013 Life in Technicolor II (histoire de vous mettre dans l'ambiance) Notes pour plus tard\u00a0: Quand point le pressentiment qu'y aller avec deux bo\u00eetiers, ce serait une bonne id\u00e9e\u00a0: y aller avec deux bo\u00eetiers. \u00c7a \u00e9vite les changements f\u00e9briles d'objectifs qui risquent de te faire louper l'avanc\u00e9e de\u2026","rel":"","context":"Dans &quot;Alive&quot;","block_context":{"text":"Alive","link":"https:\/\/www.wallendorff.com\/belogue\/category\/alive\/"},"img":{"alt_text":"","src":"https:\/\/i0.wp.com\/www.wallendorff.com\/belogue\/wp-content\/uploads\/2015\/04\/200909081.jpg?resize=350%2C200&ssl=1","width":350,"height":200,"srcset":"https:\/\/i0.wp.com\/www.wallendorff.com\/belogue\/wp-content\/uploads\/2015\/04\/200909081.jpg?resize=350%2C200&ssl=1 1x, https:\/\/i0.wp.com\/www.wallendorff.com\/belogue\/wp-content\/uploads\/2015\/04\/200909081.jpg?resize=525%2C300&ssl=1 1.5x, https:\/\/i0.wp.com\/www.wallendorff.com\/belogue\/wp-content\/uploads\/2015\/04\/200909081.jpg?resize=700%2C400&ssl=1 2x"},"classes":[]},{"id":5177,"url":"https:\/\/www.wallendorff.com\/belogue\/2009\/11\/27\/franz-ferdinand-the-cribs-john-and-jehn-le-zenith-paris\/","url_meta":{"origin":3963,"position":4},"title":"Franz Ferdinand + The Cribs + John and Jehn @ le Z\u00e9nith, Paris.","author":"dpc","date":"27 novembre 2009","format":false,"excerpt":"\u00a0Franz Ferdinand \u2013 Take Me Out (live Pal\u00e9o 2009) (pour rester dans l'ambiance) J'aurai donc vu Franz Ferdinand six fois. Trois fois au \u00c9tats-Unis, trois fois en France, quatre fois au complet, une fois avec un bassiste alimentairement intoxiqu\u00e9, une fois avec un guitariste \u00e9clop\u00e9, une fois avec un batteur\u2026","rel":"","context":"Dans &quot;Alive&quot;","block_context":{"text":"Alive","link":"https:\/\/www.wallendorff.com\/belogue\/category\/alive\/"},"img":{"alt_text":"","src":"https:\/\/i0.wp.com\/www.wallendorff.com\/belogue\/wp-content\/uploads\/2015\/04\/200911271.jpg?resize=350%2C200&ssl=1","width":350,"height":200,"srcset":"https:\/\/i0.wp.com\/www.wallendorff.com\/belogue\/wp-content\/uploads\/2015\/04\/200911271.jpg?resize=350%2C200&ssl=1 1x, https:\/\/i0.wp.com\/www.wallendorff.com\/belogue\/wp-content\/uploads\/2015\/04\/200911271.jpg?resize=525%2C300&ssl=1 1.5x, https:\/\/i0.wp.com\/www.wallendorff.com\/belogue\/wp-content\/uploads\/2015\/04\/200911271.jpg?resize=700%2C400&ssl=1 2x"},"classes":[]},{"id":9435,"url":"https:\/\/www.wallendorff.com\/belogue\/2010\/09\/22\/sad-day-for-puppets-the-yolks-la-boule-noire-paris\/","url_meta":{"origin":3963,"position":5},"title":"Sad Day for Puppets + The Yolks @ la Boule Noire, Paris.","author":"dpc","date":"22 septembre 2010","format":false,"excerpt":"Rarement vu passage \u00e0 l'acte plus d\u00e9cevant. Venu en esp\u00e9rant d\u00e9couvrir Sad Day for Puppets d\u00e9gag\u00e9 des nu\u00e9es d'\u00e9ther qui baignent leurs deux albums (Cf. bande-son), plus brut, plus direct, je suis tomb\u00e9 sur un groupe tout mou, pas aid\u00e9 du tout par un son d\u00e9plorable, tentant de sauver les\u2026","rel":"","context":"Dans &quot;Alive&quot;","block_context":{"text":"Alive","link":"https:\/\/www.wallendorff.com\/belogue\/category\/alive\/"},"img":{"alt_text":"","src":"https:\/\/i0.wp.com\/www.wallendorff.com\/belogue\/wp-content\/uploads\/2015\/04\/201009221.jpg?resize=350%2C200&ssl=1","width":350,"height":200,"srcset":"https:\/\/i0.wp.com\/www.wallendorff.com\/belogue\/wp-content\/uploads\/2015\/04\/201009221.jpg?resize=350%2C200&ssl=1 1x, https:\/\/i0.wp.com\/www.wallendorff.com\/belogue\/wp-content\/uploads\/2015\/04\/201009221.jpg?resize=525%2C300&ssl=1 1.5x, https:\/\/i0.wp.com\/www.wallendorff.com\/belogue\/wp-content\/uploads\/2015\/04\/201009221.jpg?resize=700%2C400&ssl=1 2x"},"classes":[]}],"_links":{"self":[{"href":"https:\/\/www.wallendorff.com\/belogue\/wp-json\/wp\/v2\/posts\/3963","targetHints":{"allow":["GET"]}}],"collection":[{"href":"https:\/\/www.wallendorff.com\/belogue\/wp-json\/wp\/v2\/posts"}],"about":[{"href":"https:\/\/www.wallendorff.com\/belogue\/wp-json\/wp\/v2\/types\/post"}],"author":[{"embeddable":true,"href":"https:\/\/www.wallendorff.com\/belogue\/wp-json\/wp\/v2\/users\/1"}],"replies":[{"embeddable":true,"href":"https:\/\/www.wallendorff.com\/belogue\/wp-json\/wp\/v2\/comments?post=3963"}],"version-history":[{"count":2,"href":"https:\/\/www.wallendorff.com\/belogue\/wp-json\/wp\/v2\/posts\/3963\/revisions"}],"predecessor-version":[{"id":15820,"href":"https:\/\/www.wallendorff.com\/belogue\/wp-json\/wp\/v2\/posts\/3963\/revisions\/15820"}],"wp:featuredmedia":[{"embeddable":true,"href":"https:\/\/www.wallendorff.com\/belogue\/wp-json\/wp\/v2\/media\/25377"}],"wp:attachment":[{"href":"https:\/\/www.wallendorff.com\/belogue\/wp-json\/wp\/v2\/media?parent=3963"}],"wp:term":[{"taxonomy":"category","embeddable":true,"href":"https:\/\/www.wallendorff.com\/belogue\/wp-json\/wp\/v2\/categories?post=3963"},{"taxonomy":"post_tag","embeddable":true,"href":"https:\/\/www.wallendorff.com\/belogue\/wp-json\/wp\/v2\/tags?post=3963"}],"curies":[{"name":"wp","href":"https:\/\/api.w.org\/{rel}","templated":true}]}}