{"id":39573,"date":"2018-08-12T11:08:45","date_gmt":"2018-08-12T09:08:45","guid":{"rendered":"http:\/\/www.wallendorff.com\/belogue\/?p=39573"},"modified":"2018-08-12T11:08:45","modified_gmt":"2018-08-12T09:08:45","slug":"contre-plongee-no-1-912","status":"publish","type":"post","link":"https:\/\/www.wallendorff.com\/belogue\/2018\/08\/12\/contre-plongee-no-1-912\/","title":{"rendered":"Contre-plong\u00e9e n<sup>o<\/sup> 1&nbsp;912."},"content":{"rendered":"<div id=\"photo\">\n<p><img decoding=\"async\" src=\"https:\/\/www.wallendorff.com\/belogue\/wp-content\/uploads\/2018\/08\/20180808.jpg\"><br \/>\nRosenthaler Stra&szlig;e, Berlin, 2 juin 2018.<\/p>\n<\/div>\n<div id=\"bandeson\">\n<p><img decoding=\"async\" src=\"https:\/\/www.wallendorff.com\/belogue\/photo\/pochettes\/g\/garbage-garbage.jpg\" align=\"left\"><em><a href=\"https:\/\/www.youtube.com\/watch?v=VTFG6wtMWJM\">Stupid Girl<\/a><\/em><br \/><a href=\"http:\/\/www.garbage.com\">Garbage<\/a><\/p>\n<\/div>\n","protected":false},"excerpt":{"rendered":"<p>Rosenthaler Stra&szlig;e, Berlin, 2 juin 2018. Stupid GirlGarbage<\/p>\n","protected":false},"author":1,"featured_media":39574,"comment_status":"open","ping_status":"open","sticky":false,"template":"","format":"standard","meta":{"_acf_changed":false,"ngg_post_thumbnail":0,"jetpack_post_was_ever_published":false,"_jetpack_newsletter_access":"","_jetpack_dont_email_post_to_subs":false,"_jetpack_newsletter_tier_id":0,"_jetpack_memberships_contains_paywalled_content":false,"_jetpack_memberships_contains_paid_content":false,"footnotes":"","jetpack_publicize_message":"","jetpack_publicize_feature_enabled":true,"jetpack_social_post_already_shared":true,"jetpack_social_options":{"image_generator_settings":{"template":"highway","default_image_id":0,"font":"","enabled":false},"version":2}},"categories":[3],"tags":[10953,10452,10500,10620,14271,10213,10147,14969,14274,14992],"class_list":["post-39573","post","type-post","status-publish","format-standard","has-post-thumbnail","hentry","category-dpc","tag-allemagne","tag-berlin","tag-contre-plongee","tag-cour","tag-fujifilm-x-t2","tag-garbage","tag-nuit","tag-rosenthaler-strase","tag-samyang-8-mm-f2-8-umc-fisheye-ii","tag-stupid-girl"],"acf":[],"geo":{"latitude":52.5241432,"longitude":13.4021263,"description":"Berlin, Berlin, 10178, DE"},"jetpack_publicize_connections":[],"jetpack_featured_media_url":"https:\/\/www.wallendorff.com\/belogue\/wp-content\/uploads\/2018\/08\/20180812.jpg","jetpack_shortlink":"https:\/\/wp.me\/p3b35P-aih","jetpack_sharing_enabled":true,"jetpack-related-posts":[{"id":39310,"url":"https:\/\/www.wallendorff.com\/belogue\/2018\/06\/30\/juin-2018\/","url_meta":{"origin":39573,"position":0},"title":"Juin 2018.","author":"dpc","date":"30 juin 2018","format":false,"excerpt":"Un avion, un num\u00e9ro, un m\u00e9morial, un m\u00e9tro, un guitariste, une expo, un bar, une toilette, un beau plafond, des graffiti, une chaise, une fen\u00eatre, un feu rouge, un quai, une \u00e9glise, une gare, un bar, un m\u00e9tro, une porte, une \u00e9chope, un tas de photoapparate, un spectacle, un mur,\u2026","rel":"","context":"Dans &quot;Blog-note&quot;","block_context":{"text":"Blog-note","link":"https:\/\/www.wallendorff.com\/belogue\/category\/blog-note\/"},"img":{"alt_text":"","src":"https:\/\/i0.wp.com\/www.wallendorff.com\/belogue\/wp-content\/uploads\/2018\/07\/20180727-82.jpg?resize=350%2C200&ssl=1","width":350,"height":200,"srcset":"https:\/\/i0.wp.com\/www.wallendorff.com\/belogue\/wp-content\/uploads\/2018\/07\/20180727-82.jpg?resize=350%2C200&ssl=1 1x, https:\/\/i0.wp.com\/www.wallendorff.com\/belogue\/wp-content\/uploads\/2018\/07\/20180727-82.jpg?resize=525%2C300&ssl=1 1.5x, https:\/\/i0.wp.com\/www.wallendorff.com\/belogue\/wp-content\/uploads\/2018\/07\/20180727-82.jpg?resize=700%2C400&ssl=1 2x, https:\/\/i0.wp.com\/www.wallendorff.com\/belogue\/wp-content\/uploads\/2018\/07\/20180727-82.jpg?resize=1050%2C600&ssl=1 3x"},"classes":[]},{"id":47405,"url":"https:\/\/www.wallendorff.com\/belogue\/2020\/12\/19\/servus-wien-3\/","url_meta":{"origin":39573,"position":1},"title":"Servus Wien.","author":"dpc","date":"19 d\u00e9cembre 2020","format":false,"excerpt":"Vienne, 31 ao\u00fbt \u2013 3 septembre 2020.","rel":"","context":"Dans &quot;DPC&quot;","block_context":{"text":"DPC","link":"https:\/\/www.wallendorff.com\/belogue\/category\/dpc\/"},"img":{"alt_text":"","src":"https:\/\/i0.wp.com\/www.wallendorff.com\/belogue\/wp-content\/uploads\/2020\/12\/20201219-23.jpg?resize=350%2C200&ssl=1","width":350,"height":200,"srcset":"https:\/\/i0.wp.com\/www.wallendorff.com\/belogue\/wp-content\/uploads\/2020\/12\/20201219-23.jpg?resize=350%2C200&ssl=1 1x, https:\/\/i0.wp.com\/www.wallendorff.com\/belogue\/wp-content\/uploads\/2020\/12\/20201219-23.jpg?resize=525%2C300&ssl=1 1.5x, https:\/\/i0.wp.com\/www.wallendorff.com\/belogue\/wp-content\/uploads\/2020\/12\/20201219-23.jpg?resize=700%2C400&ssl=1 2x, https:\/\/i0.wp.com\/www.wallendorff.com\/belogue\/wp-content\/uploads\/2020\/12\/20201219-23.jpg?resize=1050%2C600&ssl=1 3x"},"classes":[]},{"id":35243,"url":"https:\/\/www.wallendorff.com\/belogue\/2017\/07\/31\/hauts-de-cologne\/","url_meta":{"origin":39573,"position":2},"title":"Hauts de Cologne.","author":"dpc","date":"31 juillet 2017","format":false,"excerpt":"K\u00f6lnTriangle, Cologne, 13 mai. Creature Comfort Arcade Fire","rel":"","context":"Dans &quot;DPC&quot;","block_context":{"text":"DPC","link":"https:\/\/www.wallendorff.com\/belogue\/category\/dpc\/"},"img":{"alt_text":"","src":"https:\/\/i0.wp.com\/www.wallendorff.com\/belogue\/wp-content\/uploads\/2017\/07\/20170731.jpg?resize=350%2C200&ssl=1","width":350,"height":200,"srcset":"https:\/\/i0.wp.com\/www.wallendorff.com\/belogue\/wp-content\/uploads\/2017\/07\/20170731.jpg?resize=350%2C200&ssl=1 1x, https:\/\/i0.wp.com\/www.wallendorff.com\/belogue\/wp-content\/uploads\/2017\/07\/20170731.jpg?resize=525%2C300&ssl=1 1.5x"},"classes":[]},{"id":63880,"url":"https:\/\/www.wallendorff.com\/belogue\/2023\/02\/04\/frohe-weihnachten-wien-i\/","url_meta":{"origin":39573,"position":3},"title":"Frohe Weihnachten Wien [I].","author":"dpc","date":"4 f\u00e9vrier 2023","format":false,"excerpt":"","rel":"","context":"Dans &quot;DPC&quot;","block_context":{"text":"DPC","link":"https:\/\/www.wallendorff.com\/belogue\/category\/dpc\/"},"img":{"alt_text":"","src":"https:\/\/i0.wp.com\/www.wallendorff.com\/belogue\/wp-content\/uploads\/2023\/02\/20230204-20.jpg?resize=350%2C200&ssl=1","width":350,"height":200,"srcset":"https:\/\/i0.wp.com\/www.wallendorff.com\/belogue\/wp-content\/uploads\/2023\/02\/20230204-20.jpg?resize=350%2C200&ssl=1 1x, https:\/\/i0.wp.com\/www.wallendorff.com\/belogue\/wp-content\/uploads\/2023\/02\/20230204-20.jpg?resize=525%2C300&ssl=1 1.5x, https:\/\/i0.wp.com\/www.wallendorff.com\/belogue\/wp-content\/uploads\/2023\/02\/20230204-20.jpg?resize=700%2C400&ssl=1 2x, https:\/\/i0.wp.com\/www.wallendorff.com\/belogue\/wp-content\/uploads\/2023\/02\/20230204-20.jpg?resize=1050%2C600&ssl=1 3x"},"classes":[]},{"id":23421,"url":"https:\/\/www.wallendorff.com\/belogue\/2014\/10\/07\/des-dalles\/","url_meta":{"origin":39573,"position":4},"title":"Des dalles.","author":"dpc","date":"7 octobre 2014","format":false,"excerpt":"M\u00e9morial aux Juifs assassin\u00e9s d'Europe, Berlin, 9 ao\u00fbt. Truth Begins Fink","rel":"","context":"Dans &quot;DPC&quot;","block_context":{"text":"DPC","link":"https:\/\/www.wallendorff.com\/belogue\/category\/dpc\/"},"img":{"alt_text":"","src":"https:\/\/i0.wp.com\/www.wallendorff.com\/belogue\/wp-content\/uploads\/2015\/04\/201410071.jpg?resize=350%2C200&ssl=1","width":350,"height":200,"srcset":"https:\/\/i0.wp.com\/www.wallendorff.com\/belogue\/wp-content\/uploads\/2015\/04\/201410071.jpg?resize=350%2C200&ssl=1 1x, https:\/\/i0.wp.com\/www.wallendorff.com\/belogue\/wp-content\/uploads\/2015\/04\/201410071.jpg?resize=525%2C300&ssl=1 1.5x, https:\/\/i0.wp.com\/www.wallendorff.com\/belogue\/wp-content\/uploads\/2015\/04\/201410071.jpg?resize=700%2C400&ssl=1 2x"},"classes":[]},{"id":51613,"url":"https:\/\/www.wallendorff.com\/belogue\/2022\/06\/10\/servus-wien-5\/","url_meta":{"origin":39573,"position":5},"title":"Servus Wien","author":"dpc","date":"10 juin 2022","format":false,"excerpt":"","rel":"","context":"Dans &quot;DPC&quot;","block_context":{"text":"DPC","link":"https:\/\/www.wallendorff.com\/belogue\/category\/dpc\/"},"img":{"alt_text":"","src":"https:\/\/i0.wp.com\/www.wallendorff.com\/belogue\/wp-content\/uploads\/2022\/06\/20220610-22.jpg?resize=350%2C200&ssl=1","width":350,"height":200,"srcset":"https:\/\/i0.wp.com\/www.wallendorff.com\/belogue\/wp-content\/uploads\/2022\/06\/20220610-22.jpg?resize=350%2C200&ssl=1 1x, https:\/\/i0.wp.com\/www.wallendorff.com\/belogue\/wp-content\/uploads\/2022\/06\/20220610-22.jpg?resize=525%2C300&ssl=1 1.5x, https:\/\/i0.wp.com\/www.wallendorff.com\/belogue\/wp-content\/uploads\/2022\/06\/20220610-22.jpg?resize=700%2C400&ssl=1 2x, https:\/\/i0.wp.com\/www.wallendorff.com\/belogue\/wp-content\/uploads\/2022\/06\/20220610-22.jpg?resize=1050%2C600&ssl=1 3x"},"classes":[]}],"_links":{"self":[{"href":"https:\/\/www.wallendorff.com\/belogue\/wp-json\/wp\/v2\/posts\/39573","targetHints":{"allow":["GET"]}}],"collection":[{"href":"https:\/\/www.wallendorff.com\/belogue\/wp-json\/wp\/v2\/posts"}],"about":[{"href":"https:\/\/www.wallendorff.com\/belogue\/wp-json\/wp\/v2\/types\/post"}],"author":[{"embeddable":true,"href":"https:\/\/www.wallendorff.com\/belogue\/wp-json\/wp\/v2\/users\/1"}],"replies":[{"embeddable":true,"href":"https:\/\/www.wallendorff.com\/belogue\/wp-json\/wp\/v2\/comments?post=39573"}],"version-history":[{"count":2,"href":"https:\/\/www.wallendorff.com\/belogue\/wp-json\/wp\/v2\/posts\/39573\/revisions"}],"predecessor-version":[{"id":39576,"href":"https:\/\/www.wallendorff.com\/belogue\/wp-json\/wp\/v2\/posts\/39573\/revisions\/39576"}],"wp:featuredmedia":[{"embeddable":true,"href":"https:\/\/www.wallendorff.com\/belogue\/wp-json\/wp\/v2\/media\/39574"}],"wp:attachment":[{"href":"https:\/\/www.wallendorff.com\/belogue\/wp-json\/wp\/v2\/media?parent=39573"}],"wp:term":[{"taxonomy":"category","embeddable":true,"href":"https:\/\/www.wallendorff.com\/belogue\/wp-json\/wp\/v2\/categories?post=39573"},{"taxonomy":"post_tag","embeddable":true,"href":"https:\/\/www.wallendorff.com\/belogue\/wp-json\/wp\/v2\/tags?post=39573"}],"curies":[{"name":"wp","href":"https:\/\/api.w.org\/{rel}","templated":true}]}}