{"id":39562,"date":"2018-08-07T11:38:06","date_gmt":"2018-08-07T09:38:06","guid":{"rendered":"http:\/\/www.wallendorff.com\/belogue\/?p=39562"},"modified":"2018-08-07T11:38:06","modified_gmt":"2018-08-07T09:38:06","slug":"into-the-wide-152","status":"publish","type":"post","link":"https:\/\/www.wallendorff.com\/belogue\/2018\/08\/07\/into-the-wide-152\/","title":{"rendered":"Into the wide #152."},"content":{"rendered":"<div id=\"photo\">\n<p><img decoding=\"async\" src=\"https:\/\/www.wallendorff.com\/belogue\/wp-content\/uploads\/2018\/08\/20180807.jpg\"><br \/>\nGare Centrale, Helsinki, 12 mai 2018.<\/p>\n<\/div>\n<div id=\"bandeson\">\n<p><img decoding=\"async\" src=\"https:\/\/www.wallendorff.com\/belogue\/photo\/pochettes\/f\/florence_and_the_machine-high_as_hope.jpg\" align=\"left\" \/><a style=\"font-weight:normal\" id=\"lienmp3\" href=\"http:\/\/www.youtube.com\/watch?v=AexrAvyJjJY\"><em>No Choir<\/em><\/a><br \/>\n<a href=\"https:\/\/www.florenceandthemachine.net\">Florence and the Machine<\/a><\/p>\n<\/div>\n","protected":false},"excerpt":{"rendered":"<p>Gare Centrale, Helsinki, 12 mai 2018. No Choir Florence and the Machine<\/p>\n","protected":false},"author":1,"featured_media":39564,"comment_status":"open","ping_status":"open","sticky":false,"template":"","format":"standard","meta":{"_acf_changed":false,"ngg_post_thumbnail":0,"jetpack_post_was_ever_published":false,"_jetpack_newsletter_access":"","_jetpack_dont_email_post_to_subs":false,"_jetpack_newsletter_tier_id":0,"_jetpack_memberships_contains_paywalled_content":false,"_jetpack_memberships_contains_paid_content":false,"footnotes":"","jetpack_publicize_message":"","jetpack_publicize_feature_enabled":true,"jetpack_social_post_already_shared":true,"jetpack_social_options":{"image_generator_settings":{"template":"highway","default_image_id":0,"font":"","enabled":false},"version":2}},"categories":[7356],"tags":[14785,10664,14271,14272,10247,14786,10970,14790,14985,14986,11323,10592,12300,14835],"class_list":["post-39562","post","type-post","status-publish","format-standard","has-post-thumbnail","hentry","category-into-the-wide","tag-finlande","tag-florence-and-the-machine","tag-fujifilm-x-t2","tag-fujinon-xf-18-55-mm-f2-8-4-r-lm-ois","tag-gare","tag-gare-centrale-dhelsinki","tag-hall","tag-helsinki","tag-kaivokato","tag-no-choir","tag-panoramique","tag-pose-longue","tag-salle-des-pas-perdus","tag-uusimaa"],"acf":[],"geo":{"latitude":60.1710548,"longitude":24.9416027,"description":"Helsinki                      , Uusimaa, 00100, FI"},"jetpack_publicize_connections":[],"jetpack_featured_media_url":"https:\/\/www.wallendorff.com\/belogue\/wp-content\/uploads\/2018\/08\/20180807.jpg","jetpack_shortlink":"https:\/\/wp.me\/p3b35P-ai6","jetpack_sharing_enabled":true,"jetpack-related-posts":[{"id":878,"url":"https:\/\/www.wallendorff.com\/belogue\/2007\/01\/20\/s-engriller-gare\/","url_meta":{"origin":39562,"position":0},"title":"S&rsquo;engriller gare.","author":"dpc","date":"20 janvier 2007","format":false,"excerpt":"Gare Centrale, Strasbourg, 19 d\u00e9cembre 2006. And now I wasn't alone. \u00a0Ben Kweller \u2013 Thirteen","rel":"","context":"Dans &quot;DPC&quot;","block_context":{"text":"DPC","link":"https:\/\/www.wallendorff.com\/belogue\/category\/dpc\/"},"img":{"alt_text":"","src":"https:\/\/i0.wp.com\/www.wallendorff.com\/belogue\/wp-content\/uploads\/2015\/04\/200701201.jpg?resize=350%2C200&ssl=1","width":350,"height":200},"classes":[]},{"id":47443,"url":"https:\/\/www.wallendorff.com\/belogue\/2020\/12\/21\/vienne-berne-3-4-septembre-2020\/","url_meta":{"origin":39562,"position":1},"title":"Vienne \u2013 Berne, 3 \u2013 4 septembre 2020.","author":"dpc","date":"21 d\u00e9cembre 2020","format":false,"excerpt":"","rel":"","context":"Dans &quot;DPC&quot;","block_context":{"text":"DPC","link":"https:\/\/www.wallendorff.com\/belogue\/category\/dpc\/"},"img":{"alt_text":"","src":"https:\/\/i0.wp.com\/www.wallendorff.com\/belogue\/wp-content\/uploads\/2020\/12\/20201221-07.jpg?resize=350%2C200&ssl=1","width":350,"height":200,"srcset":"https:\/\/i0.wp.com\/www.wallendorff.com\/belogue\/wp-content\/uploads\/2020\/12\/20201221-07.jpg?resize=350%2C200&ssl=1 1x, https:\/\/i0.wp.com\/www.wallendorff.com\/belogue\/wp-content\/uploads\/2020\/12\/20201221-07.jpg?resize=525%2C300&ssl=1 1.5x, https:\/\/i0.wp.com\/www.wallendorff.com\/belogue\/wp-content\/uploads\/2020\/12\/20201221-07.jpg?resize=700%2C400&ssl=1 2x, https:\/\/i0.wp.com\/www.wallendorff.com\/belogue\/wp-content\/uploads\/2020\/12\/20201221-07.jpg?resize=1050%2C600&ssl=1 3x"},"classes":[]},{"id":37153,"url":"https:\/\/www.wallendorff.com\/belogue\/2018\/02\/02\/a-lart-anvers\/","url_meta":{"origin":39562,"position":2},"title":"[\u00c0 l&rsquo;art] Anvers.","author":"dpc","date":"2 f\u00e9vrier 2018","format":false,"excerpt":"Gare centrale d'Anvers, 22 novembre 2017. Fort KnoxNoel Gallagher's High Flying Birds","rel":"","context":"Dans &quot;DPC&quot;","block_context":{"text":"DPC","link":"https:\/\/www.wallendorff.com\/belogue\/category\/dpc\/"},"img":{"alt_text":"","src":"https:\/\/i0.wp.com\/www.wallendorff.com\/belogue\/wp-content\/uploads\/2018\/02\/20180202.jpg?resize=350%2C200&ssl=1","width":350,"height":200,"srcset":"https:\/\/i0.wp.com\/www.wallendorff.com\/belogue\/wp-content\/uploads\/2018\/02\/20180202.jpg?resize=350%2C200&ssl=1 1x, https:\/\/i0.wp.com\/www.wallendorff.com\/belogue\/wp-content\/uploads\/2018\/02\/20180202.jpg?resize=525%2C300&ssl=1 1.5x, https:\/\/i0.wp.com\/www.wallendorff.com\/belogue\/wp-content\/uploads\/2018\/02\/20180202.jpg?resize=700%2C400&ssl=1 2x, https:\/\/i0.wp.com\/www.wallendorff.com\/belogue\/wp-content\/uploads\/2018\/02\/20180202.jpg?resize=1050%2C600&ssl=1 3x"},"classes":[]},{"id":29220,"url":"https:\/\/www.wallendorff.com\/belogue\/2015\/09\/08\/odejsc-wrocic\/","url_meta":{"origin":39562,"position":3},"title":"Odej\u015b\u0107, wr\u00f3ci\u0107.","author":"dpc","date":"8 septembre 2015","format":false,"excerpt":"Gare centrale de Cracovie, 12 mai. Mountain at My Gates Foals","rel":"","context":"Dans &quot;DPC&quot;","block_context":{"text":"DPC","link":"https:\/\/www.wallendorff.com\/belogue\/category\/dpc\/"},"img":{"alt_text":"","src":"https:\/\/i0.wp.com\/www.wallendorff.com\/belogue\/wp-content\/uploads\/2015\/09\/20150908.jpg?resize=350%2C200&ssl=1","width":350,"height":200,"srcset":"https:\/\/i0.wp.com\/www.wallendorff.com\/belogue\/wp-content\/uploads\/2015\/09\/20150908.jpg?resize=350%2C200&ssl=1 1x, https:\/\/i0.wp.com\/www.wallendorff.com\/belogue\/wp-content\/uploads\/2015\/09\/20150908.jpg?resize=525%2C300&ssl=1 1.5x, https:\/\/i0.wp.com\/www.wallendorff.com\/belogue\/wp-content\/uploads\/2015\/09\/20150908.jpg?resize=700%2C400&ssl=1 2x"},"classes":[]},{"id":53474,"url":"https:\/\/www.wallendorff.com\/belogue\/2022\/11\/09\/tcho-bruxelles\/","url_meta":{"origin":39562,"position":4},"title":"Tch\u00f4 Bruxelles.","author":"dpc","date":"9 novembre 2022","format":false,"excerpt":"","rel":"","context":"Dans &quot;DPC&quot;","block_context":{"text":"DPC","link":"https:\/\/www.wallendorff.com\/belogue\/category\/dpc\/"},"img":{"alt_text":"","src":"https:\/\/i0.wp.com\/www.wallendorff.com\/belogue\/wp-content\/uploads\/2022\/11\/20221109-05.jpg?resize=350%2C200&ssl=1","width":350,"height":200,"srcset":"https:\/\/i0.wp.com\/www.wallendorff.com\/belogue\/wp-content\/uploads\/2022\/11\/20221109-05.jpg?resize=350%2C200&ssl=1 1x, https:\/\/i0.wp.com\/www.wallendorff.com\/belogue\/wp-content\/uploads\/2022\/11\/20221109-05.jpg?resize=525%2C300&ssl=1 1.5x, https:\/\/i0.wp.com\/www.wallendorff.com\/belogue\/wp-content\/uploads\/2022\/11\/20221109-05.jpg?resize=700%2C400&ssl=1 2x, https:\/\/i0.wp.com\/www.wallendorff.com\/belogue\/wp-content\/uploads\/2022\/11\/20221109-05.jpg?resize=1050%2C600&ssl=1 3x"},"classes":[]},{"id":133958,"url":"https:\/\/www.wallendorff.com\/belogue\/2025\/09\/30\/septembre-2025\/","url_meta":{"origin":39562,"position":5},"title":"Septembre 2025.","author":"dpc","date":"30 septembre 2025","format":false,"excerpt":"Un m\u00e9tro, un coucher de soleil, une tour en bois, une grosse boule, une tour en fer, un coup de balai, un parapluie, une sieste, un bi(f)tek, une ruine de jour, un ch\u00e2teau, un coucher de soleil, une page de bouquin, une \u00e9clipse de lune, un CNPE, une enseigne, une\u2026","rel":"","context":"Dans &quot;Blog-note&quot;","block_context":{"text":"Blog-note","link":"https:\/\/www.wallendorff.com\/belogue\/category\/blog-note\/"},"img":{"alt_text":"","src":"https:\/\/i0.wp.com\/www.wallendorff.com\/belogue\/wp-content\/uploads\/2025\/10\/20251013-15.jpg?resize=350%2C200&ssl=1","width":350,"height":200,"srcset":"https:\/\/i0.wp.com\/www.wallendorff.com\/belogue\/wp-content\/uploads\/2025\/10\/20251013-15.jpg?resize=350%2C200&ssl=1 1x, https:\/\/i0.wp.com\/www.wallendorff.com\/belogue\/wp-content\/uploads\/2025\/10\/20251013-15.jpg?resize=525%2C300&ssl=1 1.5x, https:\/\/i0.wp.com\/www.wallendorff.com\/belogue\/wp-content\/uploads\/2025\/10\/20251013-15.jpg?resize=700%2C400&ssl=1 2x, https:\/\/i0.wp.com\/www.wallendorff.com\/belogue\/wp-content\/uploads\/2025\/10\/20251013-15.jpg?resize=1050%2C600&ssl=1 3x"},"classes":[]}],"_links":{"self":[{"href":"https:\/\/www.wallendorff.com\/belogue\/wp-json\/wp\/v2\/posts\/39562","targetHints":{"allow":["GET"]}}],"collection":[{"href":"https:\/\/www.wallendorff.com\/belogue\/wp-json\/wp\/v2\/posts"}],"about":[{"href":"https:\/\/www.wallendorff.com\/belogue\/wp-json\/wp\/v2\/types\/post"}],"author":[{"embeddable":true,"href":"https:\/\/www.wallendorff.com\/belogue\/wp-json\/wp\/v2\/users\/1"}],"replies":[{"embeddable":true,"href":"https:\/\/www.wallendorff.com\/belogue\/wp-json\/wp\/v2\/comments?post=39562"}],"version-history":[{"count":2,"href":"https:\/\/www.wallendorff.com\/belogue\/wp-json\/wp\/v2\/posts\/39562\/revisions"}],"predecessor-version":[{"id":39565,"href":"https:\/\/www.wallendorff.com\/belogue\/wp-json\/wp\/v2\/posts\/39562\/revisions\/39565"}],"wp:featuredmedia":[{"embeddable":true,"href":"https:\/\/www.wallendorff.com\/belogue\/wp-json\/wp\/v2\/media\/39564"}],"wp:attachment":[{"href":"https:\/\/www.wallendorff.com\/belogue\/wp-json\/wp\/v2\/media?parent=39562"}],"wp:term":[{"taxonomy":"category","embeddable":true,"href":"https:\/\/www.wallendorff.com\/belogue\/wp-json\/wp\/v2\/categories?post=39562"},{"taxonomy":"post_tag","embeddable":true,"href":"https:\/\/www.wallendorff.com\/belogue\/wp-json\/wp\/v2\/tags?post=39562"}],"curies":[{"name":"wp","href":"https:\/\/api.w.org\/{rel}","templated":true}]}}